{"id":1015,"date":"2011-05-11T17:42:03","date_gmt":"2011-05-11T20:42:03","guid":{"rendered":"http:\/\/www.encontrasantana.com.br\/blog\/?p=1015"},"modified":"2019-04-15T10:03:51","modified_gmt":"2019-04-15T13:03:51","slug":"santana-tera-zona-de-protecao-ao-pedestre-ate-o-final-deste-semestre","status":"publish","type":"post","link":"https:\/\/www.encontrasantana.com.br\/sobre\/santana-tera-zona-de-protecao-ao-pedestre-ate-o-final-deste-semestre\/","title":{"rendered":"Santana ter\u00e1 zona de prote\u00e7\u00e3o ao pedestre at\u00e9 o final deste semestre"},"content":{"rendered":"<div class=\"1acf8468e559fd3cbeec5aee3a269a52\" data-index=\"1\" style=\"float: none; margin:0px;\">\n<!-- Anuncio display - global -->\r\n<ins class=\"adsbygoogle\"\r\n     style=\"display:block\"\r\n     data-ad-client=\"ca-pub-8585364105181520\"\r\n     data-ad-slot=\"8789329856\"\r\n     data-ad-format=\"auto\"\r\n     data-full-width-responsive=\"true\"><\/ins>\r\n<script>\r\n     (adsbygoogle = window.adsbygoogle || []).push({});\r\n<\/script>\n<\/div>\n<p>O secret\u00e1rio municipal de Transportes, Marcelo Cardinale Branco, afirmou, na manh\u00e3 desta quarta-feira (11), que oito ZMPPs (Zonas de M\u00e1xima Prote\u00e7\u00e3o ao Pedestre) ser\u00e3o implantadas na capital paulista at\u00e9 o final do primeiro semestre deste ano.<\/p>\n<p>Al\u00e9m de sinaliza\u00e7\u00e3o espec\u00edfica, as zonas ter\u00e3o refor\u00e7o de agentes de tr\u00e2nsito para garantir que motos e carros n\u00e3o invadam as faixas de pedestre durante a travessia das pessoas.<\/p>\n<p>A primeira das ZMPPs foi inaugurada nesta manh\u00e3 e corresponde a uma \u00e1rea de 14 km\u00b2, que vai da regi\u00e3o central at\u00e9 a avenida Paulista.<\/p>\n<p>Nela, 77 orientadores auxiliar\u00e3o os pedestres na travessia das ruas\u00a0mais movimentadas, durante o per\u00edodo das 9h \u00e0s 17h.\u00a0Nesta \u00e1rea, mais de cem agentes da CET (Companhia de Engenharia de Transportes) atuar\u00e3o em cruzamentos com e sem sem\u00e1foros.<\/p>\n<p>Os cruzamentos\u00a0da\u00a0avenida Paulista com a Brigadeiro Luis Ant\u00f4nio, no\u00a0bairro da Bela Vista (l\u00edder em atropelamentos na capital) e da avenida S\u00e3o Luiz com as ruas Xavier de Toledo,\u00a0Rua da Consola\u00e7\u00e3o e Rua Martins Fontes, no\u00a0guia do bairro Consola\u00e7\u00e3o, est\u00e3o entre os pontos monitorados.<\/p>\n<p>&#8211; Vamos avaliar o programa, mas a ideia \u00e9 que fa\u00e7amos a primeira [ZMPP] e depois ampliamos as outras sete simultaneamente.<\/p>\n<p>A cria\u00e7\u00e3o das ZMPPs faz parte do Programa de Prote\u00e7\u00e3o ao Pedestre da Prefeitura de S\u00e3o Paulo. Outras sete zonas ser\u00e3o criadas nos bairros\u00a0Santana,\u00a0bairro Br\u00e1s, S\u00e9,\u00a0Penha,\u00a0Lapa,\u00a0Santo Amaro,\u00a0Pinheiros e\u00a0Centro de S\u00e3o Paulo.<\/p>\n<p>Com esse novo plano para pedestres,\u00a0a prefeitura\u00a0diz que pretende reduzir\u00a0de 40% a 50% os atropelamentos e as mortes de pedestres at\u00e9 2012. No ano passado, a cidade teve 7.007 atropelamentos que resultaram na morte de 630 pessoas. O n\u00famero corresponde a 46,4% das 1.357 mortes em acidentes de tr\u00e2nsito na cidade.<\/p>\n<p>As oitos zonas juntas correspondem\u00a0\u00e0 \u00e1rea que concentra 11% dos atropelamentos na cidade e 1% da \u00e1rea total da capital.<\/p>\n<p><strong>Ombudsman<br \/>\n<\/strong><br \/>\nO secret\u00e1rio disse tamb\u00e9m que a prefeitura ir\u00e1 contratar um especialista para avaliar o andamento do programa. O papel do ombudsman, segundo Branco, ser\u00e1 o de receber sugest\u00f5es da sociedade.\u00a0Um convite j\u00e1 foi feito ao especialista em engenharia urbana,\u00a0Luiz C\u00e9lio Bottura, que n\u00e3o respondeu a proposta.<\/p>\n<p>&#8211; Essa pessoa deve ter um alto grau de conhecimento t\u00e9cnico destas quest\u00f5es de atropelamento de pedestres e redu\u00e7\u00e3o de acidentes para que\u00a0ela\u00a0possa criticar a prefeitura no sentido de que amanh\u00e3 a gente fa\u00e7a um trabalho melhor do que faz hoje.<\/p>\n<p><em>Fonte: R7<\/em><\/p>\n\n<div style=\"font-size: 0px; height: 0px; line-height: 0px; margin: 0; padding: 0; clear: both;\"><\/div>","protected":false},"excerpt":{"rendered":"<p>O secret\u00e1rio municipal de Transportes, Marcelo Cardinale Branco, afirmou, na manh\u00e3 desta quarta-feira (11), que oito ZMPPs (Zonas de M\u00e1xima Prote\u00e7\u00e3o ao Pedestre) ser\u00e3o implantadas na capital paulista at\u00e9 o final do primeiro semestre deste ano. Al\u00e9m de sinaliza\u00e7\u00e3o espec\u00edfica, as zonas ter\u00e3o refor\u00e7o de agentes de tr\u00e2nsito para garantir que motos e carros n\u00e3o invadam as faixas de pedestre durante a travessia das pessoas. A primeira das ZMPPs foi inaugurada nesta manh\u00e3 e corresponde a uma \u00e1rea de 14 km\u00b2, que vai da regi\u00e3o central at\u00e9 a avenida Paulista. Nela, 77 orientadores auxiliar\u00e3o os pedestres na travessia das ruas\u00a0mais <\/p>\n","protected":false},"author":1,"featured_media":0,"comment_status":"open","ping_status":"closed","sticky":false,"template":"","format":"standard","meta":{"footnotes":""},"categories":[3],"tags":[10],"class_list":["post-1015","post","type-post","status-publish","format-standard","hentry","category-noticias-em-santana","tag-santana"],"aioseo_notices":[],"aioseo_head":"\n\t\t<!-- All in One SEO 5.0.0.1 - aioseo.com -->\n\t<meta name=\"description\" content=\"O secret\u00e1rio municipal de Transportes, Marcelo Cardinale Branco, afirmou, na manh\u00e3 desta quarta-feira (11), que oito ZMPPs (Zonas de M\u00e1xima Prote\u00e7\u00e3o ao Pedestre) ser\u00e3o implantadas na capital paulista at\u00e9 o final do primeiro semestre deste ano. Al\u00e9m de sinaliza\u00e7\u00e3o espec\u00edfica, as zonas ter\u00e3o refor\u00e7o de agentes de tr\u00e2nsito para garantir que motos e carros n\u00e3o\" \/>\n\t<meta name=\"robots\" content=\"max-image-preview:large\" \/>\n\t<meta name=\"author\" content=\"Encontra Santana\"\/>\n\t<link rel=\"canonical\" href=\"https:\/\/www.encontrasantana.com.br\/sobre\/santana-tera-zona-de-protecao-ao-pedestre-ate-o-final-deste-semestre\/\" \/>\n\t<meta name=\"generator\" content=\"All in One SEO (AIOSEO) 5.0.0.1\" \/>\n\t\t<meta property=\"og:locale\" content=\"pt_BR\" \/>\n\t\t<meta property=\"og:site_name\" content=\"Encontra Santana | Not\u00edcias, eventos, informa\u00e7\u00f5es e dicas no bairro de Santana e regi\u00e3o.\" \/>\n\t\t<meta property=\"og:type\" content=\"article\" \/>\n\t\t<meta property=\"og:title\" content=\"Santana ter\u00e1 zona de prote\u00e7\u00e3o ao pedestre at\u00e9 o final deste semestre \u00bb Encontra Santana\" \/>\n\t\t<meta property=\"og:description\" content=\"O secret\u00e1rio municipal de Transportes, Marcelo Cardinale Branco, afirmou, na manh\u00e3 desta quarta-feira (11), que oito ZMPPs (Zonas de M\u00e1xima Prote\u00e7\u00e3o ao Pedestre) ser\u00e3o implantadas na capital paulista at\u00e9 o final do primeiro semestre deste ano. Al\u00e9m de sinaliza\u00e7\u00e3o espec\u00edfica, as zonas ter\u00e3o refor\u00e7o de agentes de tr\u00e2nsito para garantir que motos e carros n\u00e3o\" \/>\n\t\t<meta property=\"og:url\" content=\"https:\/\/www.encontrasantana.com.br\/sobre\/santana-tera-zona-de-protecao-ao-pedestre-ate-o-final-deste-semestre\/\" \/>\n\t\t<meta property=\"article:published_time\" content=\"2011-05-11T20:42:03+00:00\" \/>\n\t\t<meta property=\"article:modified_time\" content=\"2019-04-15T13:03:51+00:00\" \/>\n\t\t<meta name=\"twitter:card\" content=\"summary\" \/>\n\t\t<meta name=\"twitter:title\" content=\"Santana ter\u00e1 zona de prote\u00e7\u00e3o ao pedestre at\u00e9 o final deste semestre \u00bb Encontra Santana\" \/>\n\t\t<meta name=\"twitter:description\" content=\"O secret\u00e1rio municipal de Transportes, Marcelo Cardinale Branco, afirmou, na manh\u00e3 desta quarta-feira (11), que oito ZMPPs (Zonas de M\u00e1xima Prote\u00e7\u00e3o ao Pedestre) ser\u00e3o implantadas na capital paulista at\u00e9 o final do primeiro semestre deste ano. Al\u00e9m de sinaliza\u00e7\u00e3o espec\u00edfica, as zonas ter\u00e3o refor\u00e7o de agentes de tr\u00e2nsito para garantir que motos e carros n\u00e3o\" \/>\n\t\t<script type=\"application\/ld+json\" class=\"aioseo-schema\">\n\t\t\t{\"@context\":\"https:\\\/\\\/schema.org\",\"@graph\":[{\"@type\":\"Article\",\"@id\":\"https:\\\/\\\/www.encontrasantana.com.br\\\/sobre\\\/santana-tera-zona-de-protecao-ao-pedestre-ate-o-final-deste-semestre\\\/#article\",\"name\":\"Santana ter\\u00e1 zona de prote\\u00e7\\u00e3o ao pedestre at\\u00e9 o final deste semestre \\u00bb Encontra Santana\",\"headline\":\"Santana ter\\u00e1 zona de prote\\u00e7\\u00e3o ao pedestre at\\u00e9 o final deste semestre\",\"author\":{\"@id\":\"https:\\\/\\\/www.encontrasantana.com.br\\\/sobre\\\/author\\\/esantana\\\/#author\"},\"publisher\":{\"@id\":\"https:\\\/\\\/www.encontrasantana.com.br\\\/sobre\\\/#organization\"},\"datePublished\":\"2011-05-11T17:42:03-03:00\",\"dateModified\":\"2019-04-15T10:03:51-03:00\",\"inLanguage\":\"pt-BR\",\"mainEntityOfPage\":{\"@id\":\"https:\\\/\\\/www.encontrasantana.com.br\\\/sobre\\\/santana-tera-zona-de-protecao-ao-pedestre-ate-o-final-deste-semestre\\\/#webpage\"},\"isPartOf\":{\"@id\":\"https:\\\/\\\/www.encontrasantana.com.br\\\/sobre\\\/santana-tera-zona-de-protecao-ao-pedestre-ate-o-final-deste-semestre\\\/#webpage\"},\"articleSection\":\"Not\\u00edcias Santana, Santana\"},{\"@type\":\"BreadcrumbList\",\"@id\":\"https:\\\/\\\/www.encontrasantana.com.br\\\/sobre\\\/santana-tera-zona-de-protecao-ao-pedestre-ate-o-final-deste-semestre\\\/#breadcrumblist\",\"itemListElement\":[{\"@type\":\"ListItem\",\"@id\":\"https:\\\/\\\/www.encontrasantana.com.br\\\/sobre#listItem\",\"position\":1,\"name\":\"In\\u00edcio\",\"item\":\"https:\\\/\\\/www.encontrasantana.com.br\\\/sobre\",\"nextItem\":{\"@type\":\"ListItem\",\"@id\":\"https:\\\/\\\/www.encontrasantana.com.br\\\/sobre\\\/noticias-em-santana\\\/#listItem\",\"name\":\"Not\\u00edcias Santana\"}},{\"@type\":\"ListItem\",\"@id\":\"https:\\\/\\\/www.encontrasantana.com.br\\\/sobre\\\/noticias-em-santana\\\/#listItem\",\"position\":2,\"name\":\"Not\\u00edcias Santana\",\"item\":\"https:\\\/\\\/www.encontrasantana.com.br\\\/sobre\\\/noticias-em-santana\\\/\",\"nextItem\":{\"@type\":\"ListItem\",\"@id\":\"https:\\\/\\\/www.encontrasantana.com.br\\\/sobre\\\/santana-tera-zona-de-protecao-ao-pedestre-ate-o-final-deste-semestre\\\/#listItem\",\"name\":\"Santana ter\\u00e1 zona de prote\\u00e7\\u00e3o ao pedestre at\\u00e9 o final deste semestre\"},\"previousItem\":{\"@type\":\"ListItem\",\"@id\":\"https:\\\/\\\/www.encontrasantana.com.br\\\/sobre#listItem\",\"name\":\"In\\u00edcio\"}},{\"@type\":\"ListItem\",\"@id\":\"https:\\\/\\\/www.encontrasantana.com.br\\\/sobre\\\/santana-tera-zona-de-protecao-ao-pedestre-ate-o-final-deste-semestre\\\/#listItem\",\"position\":3,\"name\":\"Santana ter\\u00e1 zona de prote\\u00e7\\u00e3o ao pedestre at\\u00e9 o final deste semestre\",\"previousItem\":{\"@type\":\"ListItem\",\"@id\":\"https:\\\/\\\/www.encontrasantana.com.br\\\/sobre\\\/noticias-em-santana\\\/#listItem\",\"name\":\"Not\\u00edcias Santana\"}}]},{\"@type\":\"Organization\",\"@id\":\"https:\\\/\\\/www.encontrasantana.com.br\\\/sobre\\\/#organization\",\"name\":\"Encontra Santana\",\"description\":\"Not\\u00edcias, eventos, informa\\u00e7\\u00f5es e dicas no bairro de Santana e regi\\u00e3o.\",\"url\":\"https:\\\/\\\/www.encontrasantana.com.br\\\/sobre\\\/\"},{\"@type\":\"Person\",\"@id\":\"https:\\\/\\\/www.encontrasantana.com.br\\\/sobre\\\/author\\\/esantana\\\/#author\",\"url\":\"https:\\\/\\\/www.encontrasantana.com.br\\\/sobre\\\/author\\\/esantana\\\/\",\"name\":\"Encontra Santana\",\"image\":{\"@type\":\"ImageObject\",\"@id\":\"https:\\\/\\\/www.encontrasantana.com.br\\\/sobre\\\/santana-tera-zona-de-protecao-ao-pedestre-ate-o-final-deste-semestre\\\/#authorImage\",\"url\":\"https:\\\/\\\/secure.gravatar.com\\\/avatar\\\/0fbed662e37531ae23e68f85f9517b2454e50c1dfebf80eb9b721449ac95e0b9?s=96&d=mm&r=g\",\"width\":96,\"height\":96,\"caption\":\"Encontra Santana\"}},{\"@type\":\"WebPage\",\"@id\":\"https:\\\/\\\/www.encontrasantana.com.br\\\/sobre\\\/santana-tera-zona-de-protecao-ao-pedestre-ate-o-final-deste-semestre\\\/#webpage\",\"url\":\"https:\\\/\\\/www.encontrasantana.com.br\\\/sobre\\\/santana-tera-zona-de-protecao-ao-pedestre-ate-o-final-deste-semestre\\\/\",\"name\":\"Santana ter\\u00e1 zona de prote\\u00e7\\u00e3o ao pedestre at\\u00e9 o final deste semestre \\u00bb Encontra Santana\",\"description\":\"O secret\\u00e1rio municipal de Transportes, Marcelo Cardinale Branco, afirmou, na manh\\u00e3 desta quarta-feira (11), que oito ZMPPs (Zonas de M\\u00e1xima Prote\\u00e7\\u00e3o ao Pedestre) ser\\u00e3o implantadas na capital paulista at\\u00e9 o final do primeiro semestre deste ano. Al\\u00e9m de sinaliza\\u00e7\\u00e3o espec\\u00edfica, as zonas ter\\u00e3o refor\\u00e7o de agentes de tr\\u00e2nsito para garantir que motos e carros n\\u00e3o\",\"inLanguage\":\"pt-BR\",\"isPartOf\":{\"@id\":\"https:\\\/\\\/www.encontrasantana.com.br\\\/sobre\\\/#website\"},\"breadcrumb\":{\"@id\":\"https:\\\/\\\/www.encontrasantana.com.br\\\/sobre\\\/santana-tera-zona-de-protecao-ao-pedestre-ate-o-final-deste-semestre\\\/#breadcrumblist\"},\"author\":{\"@id\":\"https:\\\/\\\/www.encontrasantana.com.br\\\/sobre\\\/author\\\/esantana\\\/#author\"},\"creator\":{\"@id\":\"https:\\\/\\\/www.encontrasantana.com.br\\\/sobre\\\/author\\\/esantana\\\/#author\"},\"datePublished\":\"2011-05-11T17:42:03-03:00\",\"dateModified\":\"2019-04-15T10:03:51-03:00\"},{\"@type\":\"WebSite\",\"@id\":\"https:\\\/\\\/www.encontrasantana.com.br\\\/sobre\\\/#website\",\"url\":\"https:\\\/\\\/www.encontrasantana.com.br\\\/sobre\\\/\",\"name\":\"Encontra Santana\",\"description\":\"Not\\u00edcias, eventos, informa\\u00e7\\u00f5es e dicas no bairro de Santana e regi\\u00e3o.\",\"inLanguage\":\"pt-BR\",\"publisher\":{\"@id\":\"https:\\\/\\\/www.encontrasantana.com.br\\\/sobre\\\/#organization\"}}]}\n\t\t<\/script>\n\t\t<!-- All in One SEO -->\n\n","aioseo_head_json":{"title":"Santana ter\u00e1 zona de prote\u00e7\u00e3o ao pedestre at\u00e9 o final deste semestre \u00bb Encontra Santana","description":"O secret\u00e1rio municipal de Transportes, Marcelo Cardinale Branco, afirmou, na manh\u00e3 desta quarta-feira (11), que oito ZMPPs (Zonas de M\u00e1xima Prote\u00e7\u00e3o ao Pedestre) ser\u00e3o implantadas na capital paulista at\u00e9 o final do primeiro semestre deste ano. Al\u00e9m de sinaliza\u00e7\u00e3o espec\u00edfica, as zonas ter\u00e3o refor\u00e7o de agentes de tr\u00e2nsito para garantir que motos e carros n\u00e3o","canonical_url":"https:\/\/www.encontrasantana.com.br\/sobre\/santana-tera-zona-de-protecao-ao-pedestre-ate-o-final-deste-semestre\/","robots":"max-image-preview:large","keywords":"","webmasterTools":{"miscellaneous":""},"schema":{"@context":"https:\/\/schema.org","@graph":[{"@type":"Article","@id":"https:\/\/www.encontrasantana.com.br\/sobre\/santana-tera-zona-de-protecao-ao-pedestre-ate-o-final-deste-semestre\/#article","name":"Santana ter\u00e1 zona de prote\u00e7\u00e3o ao pedestre at\u00e9 o final deste semestre \u00bb Encontra Santana","headline":"Santana ter\u00e1 zona de prote\u00e7\u00e3o ao pedestre at\u00e9 o final deste semestre","author":{"@id":"https:\/\/www.encontrasantana.com.br\/sobre\/author\/esantana\/#author"},"publisher":{"@id":"https:\/\/www.encontrasantana.com.br\/sobre\/#organization"},"datePublished":"2011-05-11T17:42:03-03:00","dateModified":"2019-04-15T10:03:51-03:00","inLanguage":"pt-BR","mainEntityOfPage":{"@id":"https:\/\/www.encontrasantana.com.br\/sobre\/santana-tera-zona-de-protecao-ao-pedestre-ate-o-final-deste-semestre\/#webpage"},"isPartOf":{"@id":"https:\/\/www.encontrasantana.com.br\/sobre\/santana-tera-zona-de-protecao-ao-pedestre-ate-o-final-deste-semestre\/#webpage"},"articleSection":"Not\u00edcias Santana, Santana"},{"@type":"BreadcrumbList","@id":"https:\/\/www.encontrasantana.com.br\/sobre\/santana-tera-zona-de-protecao-ao-pedestre-ate-o-final-deste-semestre\/#breadcrumblist","itemListElement":[{"@type":"ListItem","@id":"https:\/\/www.encontrasantana.com.br\/sobre#listItem","position":1,"name":"In\u00edcio","item":"https:\/\/www.encontrasantana.com.br\/sobre","nextItem":{"@type":"ListItem","@id":"https:\/\/www.encontrasantana.com.br\/sobre\/noticias-em-santana\/#listItem","name":"Not\u00edcias Santana"}},{"@type":"ListItem","@id":"https:\/\/www.encontrasantana.com.br\/sobre\/noticias-em-santana\/#listItem","position":2,"name":"Not\u00edcias Santana","item":"https:\/\/www.encontrasantana.com.br\/sobre\/noticias-em-santana\/","nextItem":{"@type":"ListItem","@id":"https:\/\/www.encontrasantana.com.br\/sobre\/santana-tera-zona-de-protecao-ao-pedestre-ate-o-final-deste-semestre\/#listItem","name":"Santana ter\u00e1 zona de prote\u00e7\u00e3o ao pedestre at\u00e9 o final deste semestre"},"previousItem":{"@type":"ListItem","@id":"https:\/\/www.encontrasantana.com.br\/sobre#listItem","name":"In\u00edcio"}},{"@type":"ListItem","@id":"https:\/\/www.encontrasantana.com.br\/sobre\/santana-tera-zona-de-protecao-ao-pedestre-ate-o-final-deste-semestre\/#listItem","position":3,"name":"Santana ter\u00e1 zona de prote\u00e7\u00e3o ao pedestre at\u00e9 o final deste semestre","previousItem":{"@type":"ListItem","@id":"https:\/\/www.encontrasantana.com.br\/sobre\/noticias-em-santana\/#listItem","name":"Not\u00edcias Santana"}}]},{"@type":"Organization","@id":"https:\/\/www.encontrasantana.com.br\/sobre\/#organization","name":"Encontra Santana","description":"Not\u00edcias, eventos, informa\u00e7\u00f5es e dicas no bairro de Santana e regi\u00e3o.","url":"https:\/\/www.encontrasantana.com.br\/sobre\/"},{"@type":"Person","@id":"https:\/\/www.encontrasantana.com.br\/sobre\/author\/esantana\/#author","url":"https:\/\/www.encontrasantana.com.br\/sobre\/author\/esantana\/","name":"Encontra Santana","image":{"@type":"ImageObject","@id":"https:\/\/www.encontrasantana.com.br\/sobre\/santana-tera-zona-de-protecao-ao-pedestre-ate-o-final-deste-semestre\/#authorImage","url":"https:\/\/secure.gravatar.com\/avatar\/0fbed662e37531ae23e68f85f9517b2454e50c1dfebf80eb9b721449ac95e0b9?s=96&d=mm&r=g","width":96,"height":96,"caption":"Encontra Santana"}},{"@type":"WebPage","@id":"https:\/\/www.encontrasantana.com.br\/sobre\/santana-tera-zona-de-protecao-ao-pedestre-ate-o-final-deste-semestre\/#webpage","url":"https:\/\/www.encontrasantana.com.br\/sobre\/santana-tera-zona-de-protecao-ao-pedestre-ate-o-final-deste-semestre\/","name":"Santana ter\u00e1 zona de prote\u00e7\u00e3o ao pedestre at\u00e9 o final deste semestre \u00bb Encontra Santana","description":"O secret\u00e1rio municipal de Transportes, Marcelo Cardinale Branco, afirmou, na manh\u00e3 desta quarta-feira (11), que oito ZMPPs (Zonas de M\u00e1xima Prote\u00e7\u00e3o ao Pedestre) ser\u00e3o implantadas na capital paulista at\u00e9 o final do primeiro semestre deste ano. Al\u00e9m de sinaliza\u00e7\u00e3o espec\u00edfica, as zonas ter\u00e3o refor\u00e7o de agentes de tr\u00e2nsito para garantir que motos e carros n\u00e3o","inLanguage":"pt-BR","isPartOf":{"@id":"https:\/\/www.encontrasantana.com.br\/sobre\/#website"},"breadcrumb":{"@id":"https:\/\/www.encontrasantana.com.br\/sobre\/santana-tera-zona-de-protecao-ao-pedestre-ate-o-final-deste-semestre\/#breadcrumblist"},"author":{"@id":"https:\/\/www.encontrasantana.com.br\/sobre\/author\/esantana\/#author"},"creator":{"@id":"https:\/\/www.encontrasantana.com.br\/sobre\/author\/esantana\/#author"},"datePublished":"2011-05-11T17:42:03-03:00","dateModified":"2019-04-15T10:03:51-03:00"},{"@type":"WebSite","@id":"https:\/\/www.encontrasantana.com.br\/sobre\/#website","url":"https:\/\/www.encontrasantana.com.br\/sobre\/","name":"Encontra Santana","description":"Not\u00edcias, eventos, informa\u00e7\u00f5es e dicas no bairro de Santana e regi\u00e3o.","inLanguage":"pt-BR","publisher":{"@id":"https:\/\/www.encontrasantana.com.br\/sobre\/#organization"}}]},"og:locale":"pt_BR","og:site_name":"Encontra Santana | Not\u00edcias, eventos, informa\u00e7\u00f5es e dicas no bairro de Santana e regi\u00e3o.","og:type":"article","og:title":"Santana ter\u00e1 zona de prote\u00e7\u00e3o ao pedestre at\u00e9 o final deste semestre \u00bb Encontra Santana","og:description":"O secret\u00e1rio municipal de Transportes, Marcelo Cardinale Branco, afirmou, na manh\u00e3 desta quarta-feira (11), que oito ZMPPs (Zonas de M\u00e1xima Prote\u00e7\u00e3o ao Pedestre) ser\u00e3o implantadas na capital paulista at\u00e9 o final do primeiro semestre deste ano. Al\u00e9m de sinaliza\u00e7\u00e3o espec\u00edfica, as zonas ter\u00e3o refor\u00e7o de agentes de tr\u00e2nsito para garantir que motos e carros n\u00e3o","og:url":"https:\/\/www.encontrasantana.com.br\/sobre\/santana-tera-zona-de-protecao-ao-pedestre-ate-o-final-deste-semestre\/","article:published_time":"2011-05-11T20:42:03+00:00","article:modified_time":"2019-04-15T13:03:51+00:00","twitter:card":"summary","twitter:title":"Santana ter\u00e1 zona de prote\u00e7\u00e3o ao pedestre at\u00e9 o final deste semestre \u00bb Encontra Santana","twitter:description":"O secret\u00e1rio municipal de Transportes, Marcelo Cardinale Branco, afirmou, na manh\u00e3 desta quarta-feira (11), que oito ZMPPs (Zonas de M\u00e1xima Prote\u00e7\u00e3o ao Pedestre) ser\u00e3o implantadas na capital paulista at\u00e9 o final do primeiro semestre deste ano. Al\u00e9m de sinaliza\u00e7\u00e3o espec\u00edfica, as zonas ter\u00e3o refor\u00e7o de agentes de tr\u00e2nsito para garantir que motos e carros n\u00e3o"},"aioseo_meta_data":{"post_id":"1015","title":null,"description":null,"keywords":null,"keyphrases":null,"primary_term":null,"canonical_url":null,"og_title":null,"og_description":null,"og_object_type":"default","og_image_type":"default","og_image_url":null,"og_image_width":null,"og_image_height":null,"og_image_custom_url":null,"og_image_custom_fields":null,"og_video":null,"og_custom_url":null,"og_article_section":null,"og_article_tags":null,"twitter_use_og":false,"twitter_card":"default","twitter_image_type":"default","twitter_image_url":null,"twitter_image_custom_url":null,"twitter_image_custom_fields":null,"twitter_title":null,"twitter_description":null,"schema":{"blockGraphs":[],"customGraphs":[],"default":{"data":{"Article":[],"Course":[],"Dataset":[],"FAQPage":[],"Movie":[],"Person":[],"Product":[],"ProductReview":[],"Car":[],"Recipe":[],"Service":[],"SoftwareApplication":[],"WebPage":[]},"graphName":"Article","isEnabled":true},"graphs":[]},"schema_type":null,"schema_type_options":null,"pillar_content":false,"robots_default":true,"robots_noindex":false,"robots_noarchive":false,"robots_nosnippet":false,"robots_nofollow":false,"robots_noimageindex":false,"robots_noodp":false,"robots_notranslate":false,"robots_max_snippet":null,"robots_max_videopreview":null,"robots_max_imagepreview":"large","priority":null,"frequency":null,"local_seo":null,"limit_modified_date":false,"created":"2021-04-20 22:03:27","updated":"2026-08-06 07:37:03","focus_keyword":null,"additional_keywords":null,"truseo_locale":null,"ai":null,"breadcrumb_settings":null,"seo_analyzer_scan_date":null},"aioseo_breadcrumb":"<div class=\"aioseo-breadcrumbs\"><span class=\"aioseo-breadcrumb\">\n\t\t\t<a href=\"https:\/\/www.encontrasantana.com.br\/sobre\" title=\"In\u00edcio\">In\u00edcio<\/a>\n\t\t<\/span><span class=\"aioseo-breadcrumb-separator\">&raquo;<\/span><span class=\"aioseo-breadcrumb\">\n\t\t\t<a href=\"https:\/\/www.encontrasantana.com.br\/sobre\/noticias-em-santana\/\" title=\"Not\u00edcias Santana\">Not\u00edcias Santana<\/a>\n\t\t<\/span><span class=\"aioseo-breadcrumb-separator\">&raquo;<\/span><span class=\"aioseo-breadcrumb\">\n\t\t\tSantana ter\u00e1 zona de prote\u00e7\u00e3o ao pedestre at\u00e9 o final deste semestre\n\t\t<\/span><\/div>","aioseo_breadcrumb_json":[{"label":"In\u00edcio","link":"https:\/\/www.encontrasantana.com.br\/sobre"},{"label":"Not\u00edcias Santana","link":"https:\/\/www.encontrasantana.com.br\/sobre\/noticias-em-santana\/"},{"label":"Santana ter\u00e1 zona de prote\u00e7\u00e3o ao pedestre at\u00e9 o final deste semestre","link":"https:\/\/www.encontrasantana.com.br\/sobre\/santana-tera-zona-de-protecao-ao-pedestre-ate-o-final-deste-semestre\/"}],"_links":{"self":[{"href":"https:\/\/www.encontrasantana.com.br\/sobre\/wp-json\/wp\/v2\/posts\/1015","targetHints":{"allow":["GET"]}}],"collection":[{"href":"https:\/\/www.encontrasantana.com.br\/sobre\/wp-json\/wp\/v2\/posts"}],"about":[{"href":"https:\/\/www.encontrasantana.com.br\/sobre\/wp-json\/wp\/v2\/types\/post"}],"author":[{"embeddable":true,"href":"https:\/\/www.encontrasantana.com.br\/sobre\/wp-json\/wp\/v2\/users\/1"}],"replies":[{"embeddable":true,"href":"https:\/\/www.encontrasantana.com.br\/sobre\/wp-json\/wp\/v2\/comments?post=1015"}],"version-history":[{"count":0,"href":"https:\/\/www.encontrasantana.com.br\/sobre\/wp-json\/wp\/v2\/posts\/1015\/revisions"}],"wp:attachment":[{"href":"https:\/\/www.encontrasantana.com.br\/sobre\/wp-json\/wp\/v2\/media?parent=1015"}],"wp:term":[{"taxonomy":"category","embeddable":true,"href":"https:\/\/www.encontrasantana.com.br\/sobre\/wp-json\/wp\/v2\/categories?post=1015"},{"taxonomy":"post_tag","embeddable":true,"href":"https:\/\/www.encontrasantana.com.br\/sobre\/wp-json\/wp\/v2\/tags?post=1015"}],"curies":[{"name":"wp","href":"https:\/\/api.w.org\/{rel}","templated":true}]}}