{"id":1019,"date":"2011-05-11T17:45:43","date_gmt":"2011-05-11T20:45:43","guid":{"rendered":"http:\/\/www.encontrasantana.com.br\/blog\/?p=1019"},"modified":"2019-04-15T10:03:51","modified_gmt":"2019-04-15T13:03:51","slug":"reforma-de-teatro-em-santana-deve-ser-concluida-ate-dezembro","status":"publish","type":"post","link":"https:\/\/www.encontrasantana.com.br\/sobre\/reforma-de-teatro-em-santana-deve-ser-concluida-ate-dezembro\/","title":{"rendered":"Reforma de teatro em Santana deve ser conclu\u00edda at\u00e9 dezembro"},"content":{"rendered":"<div class=\"1acf8468e559fd3cbeec5aee3a269a52\" data-index=\"1\" style=\"float: none; margin:0px;\">\n<!-- Anuncio display - global -->\r\n<ins class=\"adsbygoogle\"\r\n     style=\"display:block\"\r\n     data-ad-client=\"ca-pub-8585364105181520\"\r\n     data-ad-slot=\"8789329856\"\r\n     data-ad-format=\"auto\"\r\n     data-full-width-responsive=\"true\"><\/ins>\r\n<script>\r\n     (adsbygoogle = window.adsbygoogle || []).push({});\r\n<\/script>\n<\/div>\n<p>O programa de recupera\u00e7\u00e3o e amplia\u00e7\u00e3o dos edif\u00edcios da \u00e1rea cultura da cidade est\u00e1 concluindo as obras de transforma\u00e7\u00e3o do Teatro Alfredo Mesquita localizado no bairro Santana, na zona Norte de SP. At\u00e9 o final do ano, quando dever\u00e1 ser entregue \u00e0 popula\u00e7\u00e3o, a unidade ter\u00e1 quase o triplo de \u00e1rea constru\u00edda. Ser\u00e3o 198 assentos, sendo 190 comuns, dois para pessoas com mobilidade reduzida, dois para pessoas obesas e mais quatro lugares para cadeirantes.<\/p>\n<p>\u201cOs espectadores ter\u00e3o mais conforto e melhor acesso, e aqueles que ir\u00e3o contracenar v\u00e3o ter melhor condi\u00e7\u00e3o de trabalho\u201d, disse o prefeito Gilberto Kassab ao fazer uma vistoria nas obras nesta ter\u00e7a-feira (10).<\/p>\n<p>Com um custo de cerca de R$ 4,4 milh\u00f5es, as reformas no Teatro Alfredo Mesquita seguem os mesmos moldes das que foram realizadas no Teatro Cacilda Becker, na Lapa, zona Oeste. Realizado pela Secretaria Municipal de Infra-Estrutura Urbana e Obras (SIURB), por interm\u00e9dio do Departamento de Edifica\u00e7\u00f5es (EDIF), o projeto prev\u00ea altera\u00e7\u00f5es tanto sob o aspecto arquitet\u00f4nico quanto das suas instala\u00e7\u00f5es, com o objetivo de aprimorar a qualidade final.<\/p>\n<p>No local, est\u00e3o sendo executados os seguintes servi\u00e7os: estrutura met\u00e1lica da cobertura e dos mezaninos; revestimento de massas nas paredes externas e internas; reforma do piso da plat\u00e9ia; rede de drenagem para capta\u00e7\u00e3o de \u00e1guas de chuva; instala\u00e7\u00f5es el\u00e9tricas e hidr\u00e1ulicas em geral; dutos do ar condicionado; coloca\u00e7\u00e3o dos batentes das portas; e fabrica\u00e7\u00e3o das telhas e fechamentos laterais do palco, com isolamento ac\u00fastico.<\/p>\n<p>O prefeito tamb\u00e9m lembrou que todos os teatros da Cidade passam por um processo de reforma semelhante ao do Alfredo Mesquita, sendo o mais expressivo no Teatro Municipal. Segundo ele, a inten\u00e7\u00e3o \u00e9 concluir, at\u00e9 o fim da gest\u00e3o, todos os reparos. Kassab tamb\u00e9m citou como exemplo bem-sucedido o trabalho realizado nas bibliotecas municipais. Segundo ele, a cidade vai ganhar n\u00e3o s\u00f3 os teatros reformados, mas tamb\u00e9m as bibliotecas. Na manuten\u00e7\u00e3o dos teatros, a refer\u00eancia \u00e9 o Teatro Municipal, enquanto em rela\u00e7\u00e3o \u00e0s bibliotecas, destaca-se a reforma na Biblioteca Municipal M\u00e1rio de Andrade.<\/p>\n\n<div style=\"font-size: 0px; height: 0px; line-height: 0px; margin: 0; padding: 0; clear: both;\"><\/div>","protected":false},"excerpt":{"rendered":"<p>O programa de recupera\u00e7\u00e3o e amplia\u00e7\u00e3o dos edif\u00edcios da \u00e1rea cultura da cidade est\u00e1 concluindo as obras de transforma\u00e7\u00e3o do Teatro Alfredo Mesquita localizado no bairro Santana, na zona Norte de SP. At\u00e9 o final do ano, quando dever\u00e1 ser entregue \u00e0 popula\u00e7\u00e3o, a unidade ter\u00e1 quase o triplo de \u00e1rea constru\u00edda. Ser\u00e3o 198 assentos, sendo 190 comuns, dois para pessoas com mobilidade reduzida, dois para pessoas obesas e mais quatro lugares para cadeirantes. \u201cOs espectadores ter\u00e3o mais conforto e melhor acesso, e aqueles que ir\u00e3o contracenar v\u00e3o ter melhor condi\u00e7\u00e3o de trabalho\u201d, disse o prefeito Gilberto Kassab ao fazer <\/p>\n","protected":false},"author":1,"featured_media":0,"comment_status":"open","ping_status":"closed","sticky":false,"template":"","format":"standard","meta":{"footnotes":""},"categories":[3],"tags":[10],"class_list":["post-1019","post","type-post","status-publish","format-standard","hentry","category-noticias-em-santana","tag-santana"],"aioseo_notices":[],"aioseo_head":"\n\t\t<!-- All in One SEO 5.0.0.1 - aioseo.com -->\n\t<meta name=\"description\" content=\"O programa de recupera\u00e7\u00e3o e amplia\u00e7\u00e3o dos edif\u00edcios da \u00e1rea cultura da cidade est\u00e1 concluindo as obras de transforma\u00e7\u00e3o do Teatro Alfredo Mesquita localizado no bairro Santana, na zona Norte de SP. At\u00e9 o final do ano, quando dever\u00e1 ser entregue \u00e0 popula\u00e7\u00e3o, a unidade ter\u00e1 quase o triplo de \u00e1rea constru\u00edda. Ser\u00e3o 198 assentos,\" \/>\n\t<meta name=\"robots\" content=\"max-image-preview:large\" \/>\n\t<meta name=\"author\" content=\"Encontra Santana\"\/>\n\t<link rel=\"canonical\" href=\"https:\/\/www.encontrasantana.com.br\/sobre\/reforma-de-teatro-em-santana-deve-ser-concluida-ate-dezembro\/\" \/>\n\t<meta name=\"generator\" content=\"All in One SEO (AIOSEO) 5.0.0.1\" \/>\n\t\t<meta property=\"og:locale\" content=\"pt_BR\" \/>\n\t\t<meta property=\"og:site_name\" content=\"Encontra Santana | Not\u00edcias, eventos, informa\u00e7\u00f5es e dicas no bairro de Santana e regi\u00e3o.\" \/>\n\t\t<meta property=\"og:type\" content=\"article\" \/>\n\t\t<meta property=\"og:title\" content=\"Reforma de teatro em Santana deve ser conclu\u00edda at\u00e9 dezembro \u00bb Encontra Santana\" \/>\n\t\t<meta property=\"og:description\" content=\"O programa de recupera\u00e7\u00e3o e amplia\u00e7\u00e3o dos edif\u00edcios da \u00e1rea cultura da cidade est\u00e1 concluindo as obras de transforma\u00e7\u00e3o do Teatro Alfredo Mesquita localizado no bairro Santana, na zona Norte de SP. At\u00e9 o final do ano, quando dever\u00e1 ser entregue \u00e0 popula\u00e7\u00e3o, a unidade ter\u00e1 quase o triplo de \u00e1rea constru\u00edda. Ser\u00e3o 198 assentos,\" \/>\n\t\t<meta property=\"og:url\" content=\"https:\/\/www.encontrasantana.com.br\/sobre\/reforma-de-teatro-em-santana-deve-ser-concluida-ate-dezembro\/\" \/>\n\t\t<meta property=\"article:published_time\" content=\"2011-05-11T20:45:43+00:00\" \/>\n\t\t<meta property=\"article:modified_time\" content=\"2019-04-15T13:03:51+00:00\" \/>\n\t\t<meta name=\"twitter:card\" content=\"summary\" \/>\n\t\t<meta name=\"twitter:title\" content=\"Reforma de teatro em Santana deve ser conclu\u00edda at\u00e9 dezembro \u00bb Encontra Santana\" \/>\n\t\t<meta name=\"twitter:description\" content=\"O programa de recupera\u00e7\u00e3o e amplia\u00e7\u00e3o dos edif\u00edcios da \u00e1rea cultura da cidade est\u00e1 concluindo as obras de transforma\u00e7\u00e3o do Teatro Alfredo Mesquita localizado no bairro Santana, na zona Norte de SP. At\u00e9 o final do ano, quando dever\u00e1 ser entregue \u00e0 popula\u00e7\u00e3o, a unidade ter\u00e1 quase o triplo de \u00e1rea constru\u00edda. Ser\u00e3o 198 assentos,\" \/>\n\t\t<script type=\"application\/ld+json\" class=\"aioseo-schema\">\n\t\t\t{\"@context\":\"https:\\\/\\\/schema.org\",\"@graph\":[{\"@type\":\"Article\",\"@id\":\"https:\\\/\\\/www.encontrasantana.com.br\\\/sobre\\\/reforma-de-teatro-em-santana-deve-ser-concluida-ate-dezembro\\\/#article\",\"name\":\"Reforma de teatro em Santana deve ser conclu\\u00edda at\\u00e9 dezembro \\u00bb Encontra Santana\",\"headline\":\"Reforma de teatro em Santana deve ser conclu\\u00edda at\\u00e9 dezembro\",\"author\":{\"@id\":\"https:\\\/\\\/www.encontrasantana.com.br\\\/sobre\\\/author\\\/esantana\\\/#author\"},\"publisher\":{\"@id\":\"https:\\\/\\\/www.encontrasantana.com.br\\\/sobre\\\/#organization\"},\"datePublished\":\"2011-05-11T17:45:43-03:00\",\"dateModified\":\"2019-04-15T10:03:51-03:00\",\"inLanguage\":\"pt-BR\",\"mainEntityOfPage\":{\"@id\":\"https:\\\/\\\/www.encontrasantana.com.br\\\/sobre\\\/reforma-de-teatro-em-santana-deve-ser-concluida-ate-dezembro\\\/#webpage\"},\"isPartOf\":{\"@id\":\"https:\\\/\\\/www.encontrasantana.com.br\\\/sobre\\\/reforma-de-teatro-em-santana-deve-ser-concluida-ate-dezembro\\\/#webpage\"},\"articleSection\":\"Not\\u00edcias Santana, Santana\"},{\"@type\":\"BreadcrumbList\",\"@id\":\"https:\\\/\\\/www.encontrasantana.com.br\\\/sobre\\\/reforma-de-teatro-em-santana-deve-ser-concluida-ate-dezembro\\\/#breadcrumblist\",\"itemListElement\":[{\"@type\":\"ListItem\",\"@id\":\"https:\\\/\\\/www.encontrasantana.com.br\\\/sobre#listItem\",\"position\":1,\"name\":\"In\\u00edcio\",\"item\":\"https:\\\/\\\/www.encontrasantana.com.br\\\/sobre\",\"nextItem\":{\"@type\":\"ListItem\",\"@id\":\"https:\\\/\\\/www.encontrasantana.com.br\\\/sobre\\\/noticias-em-santana\\\/#listItem\",\"name\":\"Not\\u00edcias Santana\"}},{\"@type\":\"ListItem\",\"@id\":\"https:\\\/\\\/www.encontrasantana.com.br\\\/sobre\\\/noticias-em-santana\\\/#listItem\",\"position\":2,\"name\":\"Not\\u00edcias Santana\",\"item\":\"https:\\\/\\\/www.encontrasantana.com.br\\\/sobre\\\/noticias-em-santana\\\/\",\"nextItem\":{\"@type\":\"ListItem\",\"@id\":\"https:\\\/\\\/www.encontrasantana.com.br\\\/sobre\\\/reforma-de-teatro-em-santana-deve-ser-concluida-ate-dezembro\\\/#listItem\",\"name\":\"Reforma de teatro em Santana deve ser conclu\\u00edda at\\u00e9 dezembro\"},\"previousItem\":{\"@type\":\"ListItem\",\"@id\":\"https:\\\/\\\/www.encontrasantana.com.br\\\/sobre#listItem\",\"name\":\"In\\u00edcio\"}},{\"@type\":\"ListItem\",\"@id\":\"https:\\\/\\\/www.encontrasantana.com.br\\\/sobre\\\/reforma-de-teatro-em-santana-deve-ser-concluida-ate-dezembro\\\/#listItem\",\"position\":3,\"name\":\"Reforma de teatro em Santana deve ser conclu\\u00edda at\\u00e9 dezembro\",\"previousItem\":{\"@type\":\"ListItem\",\"@id\":\"https:\\\/\\\/www.encontrasantana.com.br\\\/sobre\\\/noticias-em-santana\\\/#listItem\",\"name\":\"Not\\u00edcias Santana\"}}]},{\"@type\":\"Organization\",\"@id\":\"https:\\\/\\\/www.encontrasantana.com.br\\\/sobre\\\/#organization\",\"name\":\"Encontra Santana\",\"description\":\"Not\\u00edcias, eventos, informa\\u00e7\\u00f5es e dicas no bairro de Santana e regi\\u00e3o.\",\"url\":\"https:\\\/\\\/www.encontrasantana.com.br\\\/sobre\\\/\"},{\"@type\":\"Person\",\"@id\":\"https:\\\/\\\/www.encontrasantana.com.br\\\/sobre\\\/author\\\/esantana\\\/#author\",\"url\":\"https:\\\/\\\/www.encontrasantana.com.br\\\/sobre\\\/author\\\/esantana\\\/\",\"name\":\"Encontra Santana\",\"image\":{\"@type\":\"ImageObject\",\"@id\":\"https:\\\/\\\/www.encontrasantana.com.br\\\/sobre\\\/reforma-de-teatro-em-santana-deve-ser-concluida-ate-dezembro\\\/#authorImage\",\"url\":\"https:\\\/\\\/secure.gravatar.com\\\/avatar\\\/0fbed662e37531ae23e68f85f9517b2454e50c1dfebf80eb9b721449ac95e0b9?s=96&d=mm&r=g\",\"width\":96,\"height\":96,\"caption\":\"Encontra Santana\"}},{\"@type\":\"WebPage\",\"@id\":\"https:\\\/\\\/www.encontrasantana.com.br\\\/sobre\\\/reforma-de-teatro-em-santana-deve-ser-concluida-ate-dezembro\\\/#webpage\",\"url\":\"https:\\\/\\\/www.encontrasantana.com.br\\\/sobre\\\/reforma-de-teatro-em-santana-deve-ser-concluida-ate-dezembro\\\/\",\"name\":\"Reforma de teatro em Santana deve ser conclu\\u00edda at\\u00e9 dezembro \\u00bb Encontra Santana\",\"description\":\"O programa de recupera\\u00e7\\u00e3o e amplia\\u00e7\\u00e3o dos edif\\u00edcios da \\u00e1rea cultura da cidade est\\u00e1 concluindo as obras de transforma\\u00e7\\u00e3o do Teatro Alfredo Mesquita localizado no bairro Santana, na zona Norte de SP. At\\u00e9 o final do ano, quando dever\\u00e1 ser entregue \\u00e0 popula\\u00e7\\u00e3o, a unidade ter\\u00e1 quase o triplo de \\u00e1rea constru\\u00edda. Ser\\u00e3o 198 assentos,\",\"inLanguage\":\"pt-BR\",\"isPartOf\":{\"@id\":\"https:\\\/\\\/www.encontrasantana.com.br\\\/sobre\\\/#website\"},\"breadcrumb\":{\"@id\":\"https:\\\/\\\/www.encontrasantana.com.br\\\/sobre\\\/reforma-de-teatro-em-santana-deve-ser-concluida-ate-dezembro\\\/#breadcrumblist\"},\"author\":{\"@id\":\"https:\\\/\\\/www.encontrasantana.com.br\\\/sobre\\\/author\\\/esantana\\\/#author\"},\"creator\":{\"@id\":\"https:\\\/\\\/www.encontrasantana.com.br\\\/sobre\\\/author\\\/esantana\\\/#author\"},\"datePublished\":\"2011-05-11T17:45:43-03:00\",\"dateModified\":\"2019-04-15T10:03:51-03:00\"},{\"@type\":\"WebSite\",\"@id\":\"https:\\\/\\\/www.encontrasantana.com.br\\\/sobre\\\/#website\",\"url\":\"https:\\\/\\\/www.encontrasantana.com.br\\\/sobre\\\/\",\"name\":\"Encontra Santana\",\"description\":\"Not\\u00edcias, eventos, informa\\u00e7\\u00f5es e dicas no bairro de Santana e regi\\u00e3o.\",\"inLanguage\":\"pt-BR\",\"publisher\":{\"@id\":\"https:\\\/\\\/www.encontrasantana.com.br\\\/sobre\\\/#organization\"}}]}\n\t\t<\/script>\n\t\t<!-- All in One SEO -->\n\n","aioseo_head_json":{"title":"Reforma de teatro em Santana deve ser conclu\u00edda at\u00e9 dezembro \u00bb Encontra Santana","description":"O programa de recupera\u00e7\u00e3o e amplia\u00e7\u00e3o dos edif\u00edcios da \u00e1rea cultura da cidade est\u00e1 concluindo as obras de transforma\u00e7\u00e3o do Teatro Alfredo Mesquita localizado no bairro Santana, na zona Norte de SP. At\u00e9 o final do ano, quando dever\u00e1 ser entregue \u00e0 popula\u00e7\u00e3o, a unidade ter\u00e1 quase o triplo de \u00e1rea constru\u00edda. Ser\u00e3o 198 assentos,","canonical_url":"https:\/\/www.encontrasantana.com.br\/sobre\/reforma-de-teatro-em-santana-deve-ser-concluida-ate-dezembro\/","robots":"max-image-preview:large","keywords":"","webmasterTools":{"miscellaneous":""},"schema":{"@context":"https:\/\/schema.org","@graph":[{"@type":"Article","@id":"https:\/\/www.encontrasantana.com.br\/sobre\/reforma-de-teatro-em-santana-deve-ser-concluida-ate-dezembro\/#article","name":"Reforma de teatro em Santana deve ser conclu\u00edda at\u00e9 dezembro \u00bb Encontra Santana","headline":"Reforma de teatro em Santana deve ser conclu\u00edda at\u00e9 dezembro","author":{"@id":"https:\/\/www.encontrasantana.com.br\/sobre\/author\/esantana\/#author"},"publisher":{"@id":"https:\/\/www.encontrasantana.com.br\/sobre\/#organization"},"datePublished":"2011-05-11T17:45:43-03:00","dateModified":"2019-04-15T10:03:51-03:00","inLanguage":"pt-BR","mainEntityOfPage":{"@id":"https:\/\/www.encontrasantana.com.br\/sobre\/reforma-de-teatro-em-santana-deve-ser-concluida-ate-dezembro\/#webpage"},"isPartOf":{"@id":"https:\/\/www.encontrasantana.com.br\/sobre\/reforma-de-teatro-em-santana-deve-ser-concluida-ate-dezembro\/#webpage"},"articleSection":"Not\u00edcias Santana, Santana"},{"@type":"BreadcrumbList","@id":"https:\/\/www.encontrasantana.com.br\/sobre\/reforma-de-teatro-em-santana-deve-ser-concluida-ate-dezembro\/#breadcrumblist","itemListElement":[{"@type":"ListItem","@id":"https:\/\/www.encontrasantana.com.br\/sobre#listItem","position":1,"name":"In\u00edcio","item":"https:\/\/www.encontrasantana.com.br\/sobre","nextItem":{"@type":"ListItem","@id":"https:\/\/www.encontrasantana.com.br\/sobre\/noticias-em-santana\/#listItem","name":"Not\u00edcias Santana"}},{"@type":"ListItem","@id":"https:\/\/www.encontrasantana.com.br\/sobre\/noticias-em-santana\/#listItem","position":2,"name":"Not\u00edcias Santana","item":"https:\/\/www.encontrasantana.com.br\/sobre\/noticias-em-santana\/","nextItem":{"@type":"ListItem","@id":"https:\/\/www.encontrasantana.com.br\/sobre\/reforma-de-teatro-em-santana-deve-ser-concluida-ate-dezembro\/#listItem","name":"Reforma de teatro em Santana deve ser conclu\u00edda at\u00e9 dezembro"},"previousItem":{"@type":"ListItem","@id":"https:\/\/www.encontrasantana.com.br\/sobre#listItem","name":"In\u00edcio"}},{"@type":"ListItem","@id":"https:\/\/www.encontrasantana.com.br\/sobre\/reforma-de-teatro-em-santana-deve-ser-concluida-ate-dezembro\/#listItem","position":3,"name":"Reforma de teatro em Santana deve ser conclu\u00edda at\u00e9 dezembro","previousItem":{"@type":"ListItem","@id":"https:\/\/www.encontrasantana.com.br\/sobre\/noticias-em-santana\/#listItem","name":"Not\u00edcias Santana"}}]},{"@type":"Organization","@id":"https:\/\/www.encontrasantana.com.br\/sobre\/#organization","name":"Encontra Santana","description":"Not\u00edcias, eventos, informa\u00e7\u00f5es e dicas no bairro de Santana e regi\u00e3o.","url":"https:\/\/www.encontrasantana.com.br\/sobre\/"},{"@type":"Person","@id":"https:\/\/www.encontrasantana.com.br\/sobre\/author\/esantana\/#author","url":"https:\/\/www.encontrasantana.com.br\/sobre\/author\/esantana\/","name":"Encontra Santana","image":{"@type":"ImageObject","@id":"https:\/\/www.encontrasantana.com.br\/sobre\/reforma-de-teatro-em-santana-deve-ser-concluida-ate-dezembro\/#authorImage","url":"https:\/\/secure.gravatar.com\/avatar\/0fbed662e37531ae23e68f85f9517b2454e50c1dfebf80eb9b721449ac95e0b9?s=96&d=mm&r=g","width":96,"height":96,"caption":"Encontra Santana"}},{"@type":"WebPage","@id":"https:\/\/www.encontrasantana.com.br\/sobre\/reforma-de-teatro-em-santana-deve-ser-concluida-ate-dezembro\/#webpage","url":"https:\/\/www.encontrasantana.com.br\/sobre\/reforma-de-teatro-em-santana-deve-ser-concluida-ate-dezembro\/","name":"Reforma de teatro em Santana deve ser conclu\u00edda at\u00e9 dezembro \u00bb Encontra Santana","description":"O programa de recupera\u00e7\u00e3o e amplia\u00e7\u00e3o dos edif\u00edcios da \u00e1rea cultura da cidade est\u00e1 concluindo as obras de transforma\u00e7\u00e3o do Teatro Alfredo Mesquita localizado no bairro Santana, na zona Norte de SP. At\u00e9 o final do ano, quando dever\u00e1 ser entregue \u00e0 popula\u00e7\u00e3o, a unidade ter\u00e1 quase o triplo de \u00e1rea constru\u00edda. Ser\u00e3o 198 assentos,","inLanguage":"pt-BR","isPartOf":{"@id":"https:\/\/www.encontrasantana.com.br\/sobre\/#website"},"breadcrumb":{"@id":"https:\/\/www.encontrasantana.com.br\/sobre\/reforma-de-teatro-em-santana-deve-ser-concluida-ate-dezembro\/#breadcrumblist"},"author":{"@id":"https:\/\/www.encontrasantana.com.br\/sobre\/author\/esantana\/#author"},"creator":{"@id":"https:\/\/www.encontrasantana.com.br\/sobre\/author\/esantana\/#author"},"datePublished":"2011-05-11T17:45:43-03:00","dateModified":"2019-04-15T10:03:51-03:00"},{"@type":"WebSite","@id":"https:\/\/www.encontrasantana.com.br\/sobre\/#website","url":"https:\/\/www.encontrasantana.com.br\/sobre\/","name":"Encontra Santana","description":"Not\u00edcias, eventos, informa\u00e7\u00f5es e dicas no bairro de Santana e regi\u00e3o.","inLanguage":"pt-BR","publisher":{"@id":"https:\/\/www.encontrasantana.com.br\/sobre\/#organization"}}]},"og:locale":"pt_BR","og:site_name":"Encontra Santana | Not\u00edcias, eventos, informa\u00e7\u00f5es e dicas no bairro de Santana e regi\u00e3o.","og:type":"article","og:title":"Reforma de teatro em Santana deve ser conclu\u00edda at\u00e9 dezembro \u00bb Encontra Santana","og:description":"O programa de recupera\u00e7\u00e3o e amplia\u00e7\u00e3o dos edif\u00edcios da \u00e1rea cultura da cidade est\u00e1 concluindo as obras de transforma\u00e7\u00e3o do Teatro Alfredo Mesquita localizado no bairro Santana, na zona Norte de SP. At\u00e9 o final do ano, quando dever\u00e1 ser entregue \u00e0 popula\u00e7\u00e3o, a unidade ter\u00e1 quase o triplo de \u00e1rea constru\u00edda. Ser\u00e3o 198 assentos,","og:url":"https:\/\/www.encontrasantana.com.br\/sobre\/reforma-de-teatro-em-santana-deve-ser-concluida-ate-dezembro\/","article:published_time":"2011-05-11T20:45:43+00:00","article:modified_time":"2019-04-15T13:03:51+00:00","twitter:card":"summary","twitter:title":"Reforma de teatro em Santana deve ser conclu\u00edda at\u00e9 dezembro \u00bb Encontra Santana","twitter:description":"O programa de recupera\u00e7\u00e3o e amplia\u00e7\u00e3o dos edif\u00edcios da \u00e1rea cultura da cidade est\u00e1 concluindo as obras de transforma\u00e7\u00e3o do Teatro Alfredo Mesquita localizado no bairro Santana, na zona Norte de SP. At\u00e9 o final do ano, quando dever\u00e1 ser entregue \u00e0 popula\u00e7\u00e3o, a unidade ter\u00e1 quase o triplo de \u00e1rea constru\u00edda. Ser\u00e3o 198 assentos,"},"aioseo_meta_data":{"post_id":"1019","title":null,"description":null,"keywords":null,"keyphrases":null,"primary_term":null,"canonical_url":null,"og_title":null,"og_description":null,"og_object_type":"default","og_image_type":"default","og_image_url":null,"og_image_width":null,"og_image_height":null,"og_image_custom_url":null,"og_image_custom_fields":null,"og_video":null,"og_custom_url":null,"og_article_section":null,"og_article_tags":null,"twitter_use_og":false,"twitter_card":"default","twitter_image_type":"default","twitter_image_url":null,"twitter_image_custom_url":null,"twitter_image_custom_fields":null,"twitter_title":null,"twitter_description":null,"schema":{"blockGraphs":[],"customGraphs":[],"default":{"data":{"Article":[],"Course":[],"Dataset":[],"FAQPage":[],"Movie":[],"Person":[],"Product":[],"ProductReview":[],"Car":[],"Recipe":[],"Service":[],"SoftwareApplication":[],"WebPage":[]},"graphName":"Article","isEnabled":true},"graphs":[]},"schema_type":null,"schema_type_options":null,"pillar_content":false,"robots_default":true,"robots_noindex":false,"robots_noarchive":false,"robots_nosnippet":false,"robots_nofollow":false,"robots_noimageindex":false,"robots_noodp":false,"robots_notranslate":false,"robots_max_snippet":null,"robots_max_videopreview":null,"robots_max_imagepreview":"large","priority":null,"frequency":null,"local_seo":null,"limit_modified_date":false,"created":"2021-04-20 22:03:27","updated":"2026-08-06 07:37:03","focus_keyword":null,"additional_keywords":null,"truseo_locale":null,"ai":null,"breadcrumb_settings":null,"seo_analyzer_scan_date":null},"aioseo_breadcrumb":"<div class=\"aioseo-breadcrumbs\"><span class=\"aioseo-breadcrumb\">\n\t\t\t<a href=\"https:\/\/www.encontrasantana.com.br\/sobre\" title=\"In\u00edcio\">In\u00edcio<\/a>\n\t\t<\/span><span class=\"aioseo-breadcrumb-separator\">&raquo;<\/span><span class=\"aioseo-breadcrumb\">\n\t\t\t<a href=\"https:\/\/www.encontrasantana.com.br\/sobre\/noticias-em-santana\/\" title=\"Not\u00edcias Santana\">Not\u00edcias Santana<\/a>\n\t\t<\/span><span class=\"aioseo-breadcrumb-separator\">&raquo;<\/span><span class=\"aioseo-breadcrumb\">\n\t\t\tReforma de teatro em Santana deve ser conclu\u00edda at\u00e9 dezembro\n\t\t<\/span><\/div>","aioseo_breadcrumb_json":[{"label":"In\u00edcio","link":"https:\/\/www.encontrasantana.com.br\/sobre"},{"label":"Not\u00edcias Santana","link":"https:\/\/www.encontrasantana.com.br\/sobre\/noticias-em-santana\/"},{"label":"Reforma de teatro em Santana deve ser conclu\u00edda at\u00e9 dezembro","link":"https:\/\/www.encontrasantana.com.br\/sobre\/reforma-de-teatro-em-santana-deve-ser-concluida-ate-dezembro\/"}],"_links":{"self":[{"href":"https:\/\/www.encontrasantana.com.br\/sobre\/wp-json\/wp\/v2\/posts\/1019","targetHints":{"allow":["GET"]}}],"collection":[{"href":"https:\/\/www.encontrasantana.com.br\/sobre\/wp-json\/wp\/v2\/posts"}],"about":[{"href":"https:\/\/www.encontrasantana.com.br\/sobre\/wp-json\/wp\/v2\/types\/post"}],"author":[{"embeddable":true,"href":"https:\/\/www.encontrasantana.com.br\/sobre\/wp-json\/wp\/v2\/users\/1"}],"replies":[{"embeddable":true,"href":"https:\/\/www.encontrasantana.com.br\/sobre\/wp-json\/wp\/v2\/comments?post=1019"}],"version-history":[{"count":0,"href":"https:\/\/www.encontrasantana.com.br\/sobre\/wp-json\/wp\/v2\/posts\/1019\/revisions"}],"wp:attachment":[{"href":"https:\/\/www.encontrasantana.com.br\/sobre\/wp-json\/wp\/v2\/media?parent=1019"}],"wp:term":[{"taxonomy":"category","embeddable":true,"href":"https:\/\/www.encontrasantana.com.br\/sobre\/wp-json\/wp\/v2\/categories?post=1019"},{"taxonomy":"post_tag","embeddable":true,"href":"https:\/\/www.encontrasantana.com.br\/sobre\/wp-json\/wp\/v2\/tags?post=1019"}],"curies":[{"name":"wp","href":"https:\/\/api.w.org\/{rel}","templated":true}]}}