{"id":1028,"date":"2011-05-13T16:47:54","date_gmt":"2011-05-13T19:47:54","guid":{"rendered":"http:\/\/www.encontrasantana.com.br\/blog\/?p=1028"},"modified":"2019-04-15T10:03:50","modified_gmt":"2019-04-15T13:03:50","slug":"santana-justica-proibe-acesso-de-menores-ao-carnafacul","status":"publish","type":"post","link":"https:\/\/www.encontrasantana.com.br\/sobre\/santana-justica-proibe-acesso-de-menores-ao-carnafacul\/","title":{"rendered":"Santana: Justi\u00e7a pro\u00edbe acesso de menores ao Carnafacul"},"content":{"rendered":"<div class=\"1acf8468e559fd3cbeec5aee3a269a52\" data-index=\"1\" style=\"float: none; margin:0px;\">\n<!-- Anuncio display - global -->\r\n<ins class=\"adsbygoogle\"\r\n     style=\"display:block\"\r\n     data-ad-client=\"ca-pub-8585364105181520\"\r\n     data-ad-slot=\"8789329856\"\r\n     data-ad-format=\"auto\"\r\n     data-full-width-responsive=\"true\"><\/ins>\r\n<script>\r\n     (adsbygoogle = window.adsbygoogle || []).push({});\r\n<\/script>\n<\/div>\n<p>O juiz Raul Jos\u00e9 De Felice, da Vara da Inf\u00e2ncia e Juventude do Foro Regional &#8211; Guia do Bairro Santana, proibiu o acesso de menores de 18 anos de idade, acompanhados ou n\u00e3o, ao evento Carnafacul S\u00e3o Paulo, programado para acontecer no pr\u00f3ximo dia 21, no <a href=\"http:\/\/www.encontrasantana.com.br\/santana\/anhembi-em-santana.shtml\" target=\"_blank\">Anhembi<\/a>. O pedido foi feito pelo promotor de Justi\u00e7a Francismar Lamenza, da Inf\u00e2ncia e Juventude.<\/p>\n<p>Na decis\u00e3o, o juiz fixa multa de R$ 500 para cada crian\u00e7a ou adolescente encontrado no evento. Tamb\u00e9m a pedido do MP, o juiz determinou que a empresa promotora divulgue, pelos mesmos meios utilizados para promo\u00e7\u00e3o do evento, a proibi\u00e7\u00e3o da presen\u00e7a de menores de idade, sob pena de multa de R$ 30 mil.<\/p>\n<p>&#8211; Embora o evento Carnafacul S\u00e3o Paulo, em anos anteriores tenha contado com alvar\u00e1s das Varas de Inf\u00e2ncia e da Juventude do local onde se realizaram, trouxe o Minist\u00e9rio P\u00fablico elementos que ministram razo\u00e1veis ind\u00edcios de que n\u00e3o houve controle do consumo de bebidas alco\u00f3licas por menores de idade, a que estavam expostos na \u00e1rea interna do evento &#8211; disse o juiz na decis\u00e3o.<\/p>\n<p>&#8211; Afora o descontrole da venda de \u00e1lcool na \u00e1rea externa do Anhembi (constante do relat\u00f3rio da CPI da C\u00e2mara Municipal de S\u00e3o Paulo) h\u00e1 not\u00edcias de que os menores de idade tiveram acesso a bebidas alco\u00f3licas na \u00e1rea interna do evento, repassadas por maiores &#8211; complementa.<\/p>\n<p>Ainda de acordo com o juiz, &#8220;a moldura para o descontrole adv\u00e9m ainda do patroc\u00ednio do espet\u00e1culo carnavalesco por empresa cervejeira, expondo os jovens ao est\u00edmulo do consumo de \u00e1lcool&#8221;.<\/p>\n<p>A decis\u00e3o lembra que, no pedido de alvar\u00e1, a empresa promotora afirma que o evento acontecer\u00e1 das 10h do dia 21 at\u00e9 as 2h do dia 22 e adverte que o prolongamento da festa at\u00e9 a madrugada recomenda maior cuidado na preserva\u00e7\u00e3o dos jovens.<\/p>\n<p><em>Fonte: O Globo<\/em><\/p>\n\n<div style=\"font-size: 0px; height: 0px; line-height: 0px; margin: 0; padding: 0; clear: both;\"><\/div>","protected":false},"excerpt":{"rendered":"<p>O juiz Raul Jos\u00e9 De Felice, da Vara da Inf\u00e2ncia e Juventude do Foro Regional &#8211; Guia do Bairro Santana, proibiu o acesso de menores de 18 anos de idade, acompanhados ou n\u00e3o, ao evento Carnafacul S\u00e3o Paulo, programado para acontecer no pr\u00f3ximo dia 21, no Anhembi. O pedido foi feito pelo promotor de Justi\u00e7a Francismar Lamenza, da Inf\u00e2ncia e Juventude. Na decis\u00e3o, o juiz fixa multa de R$ 500 para cada crian\u00e7a ou adolescente encontrado no evento. Tamb\u00e9m a pedido do MP, o juiz determinou que a empresa promotora divulgue, pelos mesmos meios utilizados para promo\u00e7\u00e3o do evento, a <\/p>\n","protected":false},"author":1,"featured_media":0,"comment_status":"open","ping_status":"closed","sticky":false,"template":"","format":"standard","meta":{"footnotes":""},"categories":[3],"tags":[10],"class_list":["post-1028","post","type-post","status-publish","format-standard","hentry","category-noticias-em-santana","tag-santana"],"aioseo_notices":[],"_links":{"self":[{"href":"https:\/\/www.encontrasantana.com.br\/sobre\/wp-json\/wp\/v2\/posts\/1028"}],"collection":[{"href":"https:\/\/www.encontrasantana.com.br\/sobre\/wp-json\/wp\/v2\/posts"}],"about":[{"href":"https:\/\/www.encontrasantana.com.br\/sobre\/wp-json\/wp\/v2\/types\/post"}],"author":[{"embeddable":true,"href":"https:\/\/www.encontrasantana.com.br\/sobre\/wp-json\/wp\/v2\/users\/1"}],"replies":[{"embeddable":true,"href":"https:\/\/www.encontrasantana.com.br\/sobre\/wp-json\/wp\/v2\/comments?post=1028"}],"version-history":[{"count":0,"href":"https:\/\/www.encontrasantana.com.br\/sobre\/wp-json\/wp\/v2\/posts\/1028\/revisions"}],"wp:attachment":[{"href":"https:\/\/www.encontrasantana.com.br\/sobre\/wp-json\/wp\/v2\/media?parent=1028"}],"wp:term":[{"taxonomy":"category","embeddable":true,"href":"https:\/\/www.encontrasantana.com.br\/sobre\/wp-json\/wp\/v2\/categories?post=1028"},{"taxonomy":"post_tag","embeddable":true,"href":"https:\/\/www.encontrasantana.com.br\/sobre\/wp-json\/wp\/v2\/tags?post=1028"}],"curies":[{"name":"wp","href":"https:\/\/api.w.org\/{rel}","templated":true}]}}