{"id":1043,"date":"2011-05-18T18:12:19","date_gmt":"2011-05-18T21:12:19","guid":{"rendered":"http:\/\/www.encontrasantana.com.br\/blog\/?p=1043"},"modified":"2019-04-15T10:03:22","modified_gmt":"2019-04-15T13:03:22","slug":"metro-santana-oferece-aluguel-de-bicicletas","status":"publish","type":"post","link":"https:\/\/www.encontrasantana.com.br\/sobre\/metro-santana-oferece-aluguel-de-bicicletas\/","title":{"rendered":"Metr\u00f4 Santana oferece aluguel de bicicletas"},"content":{"rendered":"<div class=\"1acf8468e559fd3cbeec5aee3a269a52\" data-index=\"1\" style=\"float: none; margin:0px;\">\n<!-- Anuncio display - global -->\r\n<ins class=\"adsbygoogle\"\r\n     style=\"display:block\"\r\n     data-ad-client=\"ca-pub-8585364105181520\"\r\n     data-ad-slot=\"8789329856\"\r\n     data-ad-format=\"auto\"\r\n     data-full-width-responsive=\"true\"><\/ins>\r\n<script>\r\n     (adsbygoogle = window.adsbygoogle || []).push({});\r\n<\/script>\n<\/div>\n<p>1. Quais s\u00e3o as esta\u00e7\u00f5es que oferecem esse servi\u00e7o?<\/p>\n<p>Liberdade,\u00a0Santana e Arm\u00eania;\u00a0Vila Madalena,\u00a0Vila Mariana e\u00a0Para\u00edso;\u00a0Br\u00e1s, Palmeiras-Barra Funda,\u00a0\u00a0Santa Cec\u00edlia,\u00a0S\u00e9,\u00a0Carr\u00e3o, Corinthians-Itaquera, Guilhermina-Esperan\u00e7a, Anhangaba\u00fa e Marechal Deodoro.<\/p>\n<p>2. Como fa\u00e7o para alugar?<\/p>\n<p>\u00c9 preciso ter um cart\u00e3o de cr\u00e9dito das bandeiras Master, Visa ou Amex com um limite dispon\u00edvel de, pelo menos, R$ 350 para pr\u00e9-autoriza\u00e7\u00e3o.<\/p>\n<p>O valor n\u00e3o ser\u00e1 debitado. Outra forma \u00e9 ir ao Instituto Parada Vital, na Rua Barra Funda, 827, (11) 3661-0332, das 8h30 \u00e0s 17h30, com RG, CPF, comprovante de resid\u00eancia (original e uma c\u00f3pia) e duas fotos 3\u00d74 para fazer a carteirinha do UseBike. Ap\u00f3s an\u00e1lise em at\u00e9 tr\u00eas dias \u00fateis, o instituto emite boleto de R$ 25 de taxa e outros R$ 25 para cr\u00e9dito, que ser\u00e3o descontados conforme o tempo de uso da bicicleta.<\/p>\n<p>O valor da recarga \u00e9 de R$ 50 e vale por um ano. Para efetuar outra recarga, basta pedir novo boleto pelo paradavital@paradavital.org.br.<\/p>\n<p>3. Quanto custa o servi\u00e7o?<\/p>\n<p>A primeira hora \u00e9 gratuita. Depois, s\u00e3o cobrados R$ 2 por hora.<\/p>\n<p>4. Qual \u00e9 o hor\u00e1rio de funcionamento?<\/p>\n<p>Das 6 \u00e0s 22 horas, exceto o Biciclet\u00e1rio Para\u00edso, que funciona das 6 \u00e0s 20 horas, de segunda a sexta-feira , e das 6 \u00e0s 22 horas, nos fins de semana.<\/p>\n<p><em>Fonte: Site do Metr\u00f4<\/em><\/p>\n\n<div style=\"font-size: 0px; height: 0px; line-height: 0px; margin: 0; padding: 0; clear: both;\"><\/div>","protected":false},"excerpt":{"rendered":"<p>1. Quais s\u00e3o as esta\u00e7\u00f5es que oferecem esse servi\u00e7o? Liberdade,\u00a0Santana e Arm\u00eania;\u00a0Vila Madalena,\u00a0Vila Mariana e\u00a0Para\u00edso;\u00a0Br\u00e1s, Palmeiras-Barra Funda,\u00a0\u00a0Santa Cec\u00edlia,\u00a0S\u00e9,\u00a0Carr\u00e3o, Corinthians-Itaquera, Guilhermina-Esperan\u00e7a, Anhangaba\u00fa e Marechal Deodoro. 2. Como fa\u00e7o para alugar? \u00c9 preciso ter um cart\u00e3o de cr\u00e9dito das bandeiras Master, Visa ou Amex com um limite dispon\u00edvel de, pelo menos, R$ 350 para pr\u00e9-autoriza\u00e7\u00e3o. O valor n\u00e3o ser\u00e1 debitado. Outra forma \u00e9 ir ao Instituto Parada Vital, na Rua Barra Funda, 827, (11) 3661-0332, das 8h30 \u00e0s 17h30, com RG, CPF, comprovante de resid\u00eancia (original e uma c\u00f3pia) e duas fotos 3\u00d74 para fazer a carteirinha do UseBike. Ap\u00f3s an\u00e1lise em <\/p>\n","protected":false},"author":1,"featured_media":0,"comment_status":"open","ping_status":"closed","sticky":false,"template":"","format":"standard","meta":{"footnotes":""},"categories":[3],"tags":[10],"class_list":["post-1043","post","type-post","status-publish","format-standard","hentry","category-noticias-em-santana","tag-santana"],"aioseo_notices":[],"_links":{"self":[{"href":"https:\/\/www.encontrasantana.com.br\/sobre\/wp-json\/wp\/v2\/posts\/1043"}],"collection":[{"href":"https:\/\/www.encontrasantana.com.br\/sobre\/wp-json\/wp\/v2\/posts"}],"about":[{"href":"https:\/\/www.encontrasantana.com.br\/sobre\/wp-json\/wp\/v2\/types\/post"}],"author":[{"embeddable":true,"href":"https:\/\/www.encontrasantana.com.br\/sobre\/wp-json\/wp\/v2\/users\/1"}],"replies":[{"embeddable":true,"href":"https:\/\/www.encontrasantana.com.br\/sobre\/wp-json\/wp\/v2\/comments?post=1043"}],"version-history":[{"count":0,"href":"https:\/\/www.encontrasantana.com.br\/sobre\/wp-json\/wp\/v2\/posts\/1043\/revisions"}],"wp:attachment":[{"href":"https:\/\/www.encontrasantana.com.br\/sobre\/wp-json\/wp\/v2\/media?parent=1043"}],"wp:term":[{"taxonomy":"category","embeddable":true,"href":"https:\/\/www.encontrasantana.com.br\/sobre\/wp-json\/wp\/v2\/categories?post=1043"},{"taxonomy":"post_tag","embeddable":true,"href":"https:\/\/www.encontrasantana.com.br\/sobre\/wp-json\/wp\/v2\/tags?post=1043"}],"curies":[{"name":"wp","href":"https:\/\/api.w.org\/{rel}","templated":true}]}}