{"id":1052,"date":"2011-05-20T16:47:30","date_gmt":"2011-05-20T19:47:30","guid":{"rendered":"http:\/\/www.encontrasantana.com.br\/blog\/?p=1052"},"modified":"2019-04-15T10:03:21","modified_gmt":"2019-04-15T13:03:21","slug":"resultados-positivos-da-operacao-delegada-em-santana-sao-referencia-para-toda-a-capital","status":"publish","type":"post","link":"https:\/\/www.encontrasantana.com.br\/sobre\/resultados-positivos-da-operacao-delegada-em-santana-sao-referencia-para-toda-a-capital\/","title":{"rendered":"Resultados positivos da Opera\u00e7\u00e3o Delegada em Santana s\u00e3o refer\u00eancia para toda a capital"},"content":{"rendered":"<div class=\"1acf8468e559fd3cbeec5aee3a269a52\" data-index=\"1\" style=\"float: none; margin:0px;\">\n<!-- Anuncio display - global -->\r\n<ins class=\"adsbygoogle\"\r\n     style=\"display:block\"\r\n     data-ad-client=\"ca-pub-8585364105181520\"\r\n     data-ad-slot=\"8789329856\"\r\n     data-ad-format=\"auto\"\r\n     data-full-width-responsive=\"true\"><\/ins>\r\n<script>\r\n     (adsbygoogle = window.adsbygoogle || []).push({});\r\n<\/script>\n<\/div>\n<p>As a\u00e7\u00f5es da Opera\u00e7\u00e3o Delegada na regi\u00e3o da Subprefeitura de Santana\/Tucuruvi, Zona Norte da cidade de S\u00e3o Paulo, completam um ano no pr\u00f3ximo dia 30. Nesse anivers\u00e1rio, os comerciantes e residentes da \u00e1rea t\u00eam muito a comemorar. As mudan\u00e7as proporcionadas pelo projeto conjunto da Prefeitura e da Pol\u00edcia Militar revitalizaram o centro comercial que compreende a regi\u00e3o da rua Volunt\u00e1rios da P\u00e1tria. Na manh\u00e3 desta quarta-feira (18\/5), o prefeito de S\u00e3o Paulo disse que as medidas tomadas pela opera\u00e7\u00e3o serviram como exemplo a ser seguido por toda a Capital.<\/p>\n<p>\u201cFoi nesta regi\u00e3o onde come\u00e7amos a Opera\u00e7\u00e3o Delegada na Zona Norte. O resultado foi t\u00e3o positivo que usamos o modelo aqui implantado como refer\u00eancia para toda a cidade de S\u00e3o Paulo. Felizmente estamos sendo muito bem-sucedidos com a Opera\u00e7\u00e3o, com o trabalho dos subprefeitos e das secretarias no combate ao com\u00e9rcio ilegal de mercadorias. Isso nos enche de entusiasmo e alegria. Essa \u00e9 a raz\u00e3o de estarmos aqui cumprimentando os envolvidos no projeto, que completa um ano\u201d, destacou o chefe do Executivo Municipal.<\/p>\n<p>O programa da Prefeitura, implantado nas 31 Subprefeituras da Cidade, tem por objetivo combater o com\u00e9rcio ilegal de mercadorias em pra\u00e7as, ruas e cal\u00e7ad\u00f5es, devolvendo os logradouros p\u00fablicos aos pedestres. Acompanhado pelo secret\u00e1rio municipal de Coordena\u00e7\u00e3o das Subprefeituras o prefeito visitou a rua Volunt\u00e1rios da P\u00e1tria, onde confirmou a inexist\u00eancia de com\u00e9rcio ambulante pelas cal\u00e7adas.<\/p>\n<p>Segundo o secret\u00e1rio, o esfor\u00e7o para retirar essa pr\u00e1tica das cal\u00e7adas de Santana demandou um n\u00famero maior de fiscais. \u201cT\u00ednhamos, antes de maio de 2010, aproximadamente 1.000 ambulantes, sendo quase 800 deles ilegais &#8211; grande parte deles vendia produtos roubados e falsificados. Isso nos levou a fazer uma opera\u00e7\u00e3o maior, estendendo essa fiscaliza\u00e7\u00e3o a uma \u00e1rea at\u00e9 a esta\u00e7\u00e3o do metr\u00f4 (Santana). Retomamos o controle de todo o espa\u00e7o urbano, sem camel\u00f4s\u201d.<\/p>\n<p>A Secretaria de Coordena\u00e7\u00e3o das Subprefeituras conta agora com um grupo espec\u00edfico para atuar na fiscaliza\u00e7\u00e3o do com\u00e9rcio ambulante que ir\u00e1 atuar em toda a cidade, organizando opera\u00e7\u00f5es e complementando o trabalho das Subprefeituras. O grupo ser\u00e1 composto por servidores municipais que ir\u00e3o fiscalizar novas formas utilizadas para burlar legisla\u00e7\u00e3o, combater o com\u00e9rcio ilegal de mercadorias e identificar novos pontos a serem fiscalizados. Al\u00e9m disso, atuar\u00e1 como grupo gestor, junto \u00e0 Pol\u00edcia Militar, no planejamento e operacionaliza\u00e7\u00e3o da Opera\u00e7\u00e3o Delegada.<\/p>\n<p>O secret\u00e1rio destacou que os ambulantes ilegais foram encaminhados para os projetos de outras pastas da Prefeitura, a fim de qualificar seus servi\u00e7os. \u201cEles podem se adequar aos programas das Secretarias Municipais de Desenvolvimento Econ\u00f4mico e Trabalho e do Microempreendedor Individual, como a possibilidade de financiamento junto ao Banco do Povo. A Prefeitura quer tamb\u00e9m ajudar esses pequenos comerciantes a se tornarem estabelecidos dentro desse prop\u00f3sito\u201d.<\/p>\n<p>Mais fiscaliza\u00e7\u00e3o e seguran\u00e7a<\/p>\n<p>Gra\u00e7as a essa miss\u00e3o realizada em Santana, a Prefeitura p\u00f4de planejar junto \u00e0 Pol\u00edcia Militar a expans\u00e3o da Opera\u00e7\u00e3o Delegada. Atualmente, as 31 subprefeituras da Capital contam com as a\u00e7\u00f5es do programa. Al\u00e9m disso, houve um aumento do efetivo do projeto. De acordo com o secret\u00e1rio municipal de Coordena\u00e7\u00e3o de Subprefeituras, 3.200 homens atuam hoje na Opera\u00e7\u00e3o. E esse n\u00famero deve crescer no pr\u00f3ximo m\u00eas para 3.800.<\/p>\n<p>O secret\u00e1rio tamb\u00e9m apontou uma expressiva melhora na seguran\u00e7a da regi\u00e3o de Santana ap\u00f3s um ano em que a Opera\u00e7\u00e3o Delegada entrou em a\u00e7\u00e3o. \u201cComparando com o per\u00edodo at\u00e9 maio do ano passado, os furtos de carros ca\u00edram em 30%, furtos e roubos de pequenos objetos foram reduzidos em 15%, al\u00e9m de zerar o \u00edndice de homic\u00eddios na \u00e1rea\u201d, revelou.<\/p>\n<p>Por tudo isso, o secret\u00e1rio avaliou a Opera\u00e7\u00e3o Delegada como fundamental no combate a irregularidades no com\u00e9rcio e no oferecimento de melhores condi\u00e7\u00f5es ao paulistano de circular pelas vias p\u00fablicas. \u201cEsse conjunto de a\u00e7\u00f5es \u00e9 elogiado n\u00e3o s\u00f3 pelos comerciantes, mas pelos moradores do bairro. O retorno do controle do espa\u00e7o urbano e a seguran\u00e7a dos pedestres, al\u00e9m da legaliza\u00e7\u00e3o do com\u00e9rcio, sem produtos falsos, s\u00f3 agregaram \u00e0 popula\u00e7\u00e3o\u201d, concluiu o secret\u00e1rio.<\/p>\n<p><em>Fonte: Prefeitura de S\u00e3o Paulo<\/em><\/p>\n\n<div style=\"font-size: 0px; height: 0px; line-height: 0px; margin: 0; padding: 0; clear: both;\"><\/div>","protected":false},"excerpt":{"rendered":"<p>As a\u00e7\u00f5es da Opera\u00e7\u00e3o Delegada na regi\u00e3o da Subprefeitura de Santana\/Tucuruvi, Zona Norte da cidade de S\u00e3o Paulo, completam um ano no pr\u00f3ximo dia 30. Nesse anivers\u00e1rio, os comerciantes e residentes da \u00e1rea t\u00eam muito a comemorar. As mudan\u00e7as proporcionadas pelo projeto conjunto da Prefeitura e da Pol\u00edcia Militar revitalizaram o centro comercial que compreende a regi\u00e3o da rua Volunt\u00e1rios da P\u00e1tria. Na manh\u00e3 desta quarta-feira (18\/5), o prefeito de S\u00e3o Paulo disse que as medidas tomadas pela opera\u00e7\u00e3o serviram como exemplo a ser seguido por toda a Capital. \u201cFoi nesta regi\u00e3o onde come\u00e7amos a Opera\u00e7\u00e3o Delegada na Zona Norte. <\/p>\n","protected":false},"author":1,"featured_media":0,"comment_status":"open","ping_status":"closed","sticky":false,"template":"","format":"standard","meta":{"footnotes":""},"categories":[3],"tags":[10],"class_list":["post-1052","post","type-post","status-publish","format-standard","hentry","category-noticias-em-santana","tag-santana"],"aioseo_notices":[],"aioseo_head":"\n\t\t<!-- All in One SEO 5.0.0.1 - aioseo.com -->\n\t<meta name=\"description\" content=\"As a\u00e7\u00f5es da Opera\u00e7\u00e3o Delegada na regi\u00e3o da Subprefeitura de Santana\/Tucuruvi, Zona Norte da cidade de S\u00e3o Paulo, completam um ano no pr\u00f3ximo dia 30. Nesse anivers\u00e1rio, os comerciantes e residentes da \u00e1rea t\u00eam muito a comemorar. As mudan\u00e7as proporcionadas pelo projeto conjunto da Prefeitura e da Pol\u00edcia Militar revitalizaram o centro comercial que compreende\" \/>\n\t<meta name=\"robots\" content=\"max-image-preview:large\" \/>\n\t<meta name=\"author\" content=\"Encontra Santana\"\/>\n\t<link rel=\"canonical\" href=\"https:\/\/www.encontrasantana.com.br\/sobre\/resultados-positivos-da-operacao-delegada-em-santana-sao-referencia-para-toda-a-capital\/\" \/>\n\t<meta name=\"generator\" content=\"All in One SEO (AIOSEO) 5.0.0.1\" \/>\n\t\t<meta property=\"og:locale\" content=\"pt_BR\" \/>\n\t\t<meta property=\"og:site_name\" content=\"Encontra Santana | Not\u00edcias, eventos, informa\u00e7\u00f5es e dicas no bairro de Santana e regi\u00e3o.\" \/>\n\t\t<meta property=\"og:type\" content=\"article\" \/>\n\t\t<meta property=\"og:title\" content=\"Resultados positivos da Opera\u00e7\u00e3o Delegada em Santana s\u00e3o refer\u00eancia para toda a capital \u00bb Encontra Santana\" \/>\n\t\t<meta property=\"og:description\" content=\"As a\u00e7\u00f5es da Opera\u00e7\u00e3o Delegada na regi\u00e3o da Subprefeitura de Santana\/Tucuruvi, Zona Norte da cidade de S\u00e3o Paulo, completam um ano no pr\u00f3ximo dia 30. Nesse anivers\u00e1rio, os comerciantes e residentes da \u00e1rea t\u00eam muito a comemorar. As mudan\u00e7as proporcionadas pelo projeto conjunto da Prefeitura e da Pol\u00edcia Militar revitalizaram o centro comercial que compreende\" \/>\n\t\t<meta property=\"og:url\" content=\"https:\/\/www.encontrasantana.com.br\/sobre\/resultados-positivos-da-operacao-delegada-em-santana-sao-referencia-para-toda-a-capital\/\" \/>\n\t\t<meta property=\"article:published_time\" content=\"2011-05-20T19:47:30+00:00\" \/>\n\t\t<meta property=\"article:modified_time\" content=\"2019-04-15T13:03:21+00:00\" \/>\n\t\t<meta name=\"twitter:card\" content=\"summary\" \/>\n\t\t<meta name=\"twitter:title\" content=\"Resultados positivos da Opera\u00e7\u00e3o Delegada em Santana s\u00e3o refer\u00eancia para toda a capital \u00bb Encontra Santana\" \/>\n\t\t<meta name=\"twitter:description\" content=\"As a\u00e7\u00f5es da Opera\u00e7\u00e3o Delegada na regi\u00e3o da Subprefeitura de Santana\/Tucuruvi, Zona Norte da cidade de S\u00e3o Paulo, completam um ano no pr\u00f3ximo dia 30. Nesse anivers\u00e1rio, os comerciantes e residentes da \u00e1rea t\u00eam muito a comemorar. As mudan\u00e7as proporcionadas pelo projeto conjunto da Prefeitura e da Pol\u00edcia Militar revitalizaram o centro comercial que compreende\" \/>\n\t\t<script type=\"application\/ld+json\" class=\"aioseo-schema\">\n\t\t\t{\"@context\":\"https:\\\/\\\/schema.org\",\"@graph\":[{\"@type\":\"Article\",\"@id\":\"https:\\\/\\\/www.encontrasantana.com.br\\\/sobre\\\/resultados-positivos-da-operacao-delegada-em-santana-sao-referencia-para-toda-a-capital\\\/#article\",\"name\":\"Resultados positivos da Opera\\u00e7\\u00e3o Delegada em Santana s\\u00e3o refer\\u00eancia para toda a capital \\u00bb Encontra Santana\",\"headline\":\"Resultados positivos da Opera\\u00e7\\u00e3o Delegada em Santana s\\u00e3o refer\\u00eancia para toda a capital\",\"author\":{\"@id\":\"https:\\\/\\\/www.encontrasantana.com.br\\\/sobre\\\/author\\\/esantana\\\/#author\"},\"publisher\":{\"@id\":\"https:\\\/\\\/www.encontrasantana.com.br\\\/sobre\\\/#organization\"},\"datePublished\":\"2011-05-20T16:47:30-03:00\",\"dateModified\":\"2019-04-15T10:03:21-03:00\",\"inLanguage\":\"pt-BR\",\"mainEntityOfPage\":{\"@id\":\"https:\\\/\\\/www.encontrasantana.com.br\\\/sobre\\\/resultados-positivos-da-operacao-delegada-em-santana-sao-referencia-para-toda-a-capital\\\/#webpage\"},\"isPartOf\":{\"@id\":\"https:\\\/\\\/www.encontrasantana.com.br\\\/sobre\\\/resultados-positivos-da-operacao-delegada-em-santana-sao-referencia-para-toda-a-capital\\\/#webpage\"},\"articleSection\":\"Not\\u00edcias Santana, Santana\"},{\"@type\":\"BreadcrumbList\",\"@id\":\"https:\\\/\\\/www.encontrasantana.com.br\\\/sobre\\\/resultados-positivos-da-operacao-delegada-em-santana-sao-referencia-para-toda-a-capital\\\/#breadcrumblist\",\"itemListElement\":[{\"@type\":\"ListItem\",\"@id\":\"https:\\\/\\\/www.encontrasantana.com.br\\\/sobre#listItem\",\"position\":1,\"name\":\"In\\u00edcio\",\"item\":\"https:\\\/\\\/www.encontrasantana.com.br\\\/sobre\",\"nextItem\":{\"@type\":\"ListItem\",\"@id\":\"https:\\\/\\\/www.encontrasantana.com.br\\\/sobre\\\/noticias-em-santana\\\/#listItem\",\"name\":\"Not\\u00edcias Santana\"}},{\"@type\":\"ListItem\",\"@id\":\"https:\\\/\\\/www.encontrasantana.com.br\\\/sobre\\\/noticias-em-santana\\\/#listItem\",\"position\":2,\"name\":\"Not\\u00edcias Santana\",\"item\":\"https:\\\/\\\/www.encontrasantana.com.br\\\/sobre\\\/noticias-em-santana\\\/\",\"nextItem\":{\"@type\":\"ListItem\",\"@id\":\"https:\\\/\\\/www.encontrasantana.com.br\\\/sobre\\\/resultados-positivos-da-operacao-delegada-em-santana-sao-referencia-para-toda-a-capital\\\/#listItem\",\"name\":\"Resultados positivos da Opera\\u00e7\\u00e3o Delegada em Santana s\\u00e3o refer\\u00eancia para toda a capital\"},\"previousItem\":{\"@type\":\"ListItem\",\"@id\":\"https:\\\/\\\/www.encontrasantana.com.br\\\/sobre#listItem\",\"name\":\"In\\u00edcio\"}},{\"@type\":\"ListItem\",\"@id\":\"https:\\\/\\\/www.encontrasantana.com.br\\\/sobre\\\/resultados-positivos-da-operacao-delegada-em-santana-sao-referencia-para-toda-a-capital\\\/#listItem\",\"position\":3,\"name\":\"Resultados positivos da Opera\\u00e7\\u00e3o Delegada em Santana s\\u00e3o refer\\u00eancia para toda a capital\",\"previousItem\":{\"@type\":\"ListItem\",\"@id\":\"https:\\\/\\\/www.encontrasantana.com.br\\\/sobre\\\/noticias-em-santana\\\/#listItem\",\"name\":\"Not\\u00edcias Santana\"}}]},{\"@type\":\"Organization\",\"@id\":\"https:\\\/\\\/www.encontrasantana.com.br\\\/sobre\\\/#organization\",\"name\":\"Encontra Santana\",\"description\":\"Not\\u00edcias, eventos, informa\\u00e7\\u00f5es e dicas no bairro de Santana e regi\\u00e3o.\",\"url\":\"https:\\\/\\\/www.encontrasantana.com.br\\\/sobre\\\/\"},{\"@type\":\"Person\",\"@id\":\"https:\\\/\\\/www.encontrasantana.com.br\\\/sobre\\\/author\\\/esantana\\\/#author\",\"url\":\"https:\\\/\\\/www.encontrasantana.com.br\\\/sobre\\\/author\\\/esantana\\\/\",\"name\":\"Encontra Santana\",\"image\":{\"@type\":\"ImageObject\",\"@id\":\"https:\\\/\\\/www.encontrasantana.com.br\\\/sobre\\\/resultados-positivos-da-operacao-delegada-em-santana-sao-referencia-para-toda-a-capital\\\/#authorImage\",\"url\":\"https:\\\/\\\/secure.gravatar.com\\\/avatar\\\/0fbed662e37531ae23e68f85f9517b2454e50c1dfebf80eb9b721449ac95e0b9?s=96&d=mm&r=g\",\"width\":96,\"height\":96,\"caption\":\"Encontra Santana\"}},{\"@type\":\"WebPage\",\"@id\":\"https:\\\/\\\/www.encontrasantana.com.br\\\/sobre\\\/resultados-positivos-da-operacao-delegada-em-santana-sao-referencia-para-toda-a-capital\\\/#webpage\",\"url\":\"https:\\\/\\\/www.encontrasantana.com.br\\\/sobre\\\/resultados-positivos-da-operacao-delegada-em-santana-sao-referencia-para-toda-a-capital\\\/\",\"name\":\"Resultados positivos da Opera\\u00e7\\u00e3o Delegada em Santana s\\u00e3o refer\\u00eancia para toda a capital \\u00bb Encontra Santana\",\"description\":\"As a\\u00e7\\u00f5es da Opera\\u00e7\\u00e3o Delegada na regi\\u00e3o da Subprefeitura de Santana\\\/Tucuruvi, Zona Norte da cidade de S\\u00e3o Paulo, completam um ano no pr\\u00f3ximo dia 30. Nesse anivers\\u00e1rio, os comerciantes e residentes da \\u00e1rea t\\u00eam muito a comemorar. As mudan\\u00e7as proporcionadas pelo projeto conjunto da Prefeitura e da Pol\\u00edcia Militar revitalizaram o centro comercial que compreende\",\"inLanguage\":\"pt-BR\",\"isPartOf\":{\"@id\":\"https:\\\/\\\/www.encontrasantana.com.br\\\/sobre\\\/#website\"},\"breadcrumb\":{\"@id\":\"https:\\\/\\\/www.encontrasantana.com.br\\\/sobre\\\/resultados-positivos-da-operacao-delegada-em-santana-sao-referencia-para-toda-a-capital\\\/#breadcrumblist\"},\"author\":{\"@id\":\"https:\\\/\\\/www.encontrasantana.com.br\\\/sobre\\\/author\\\/esantana\\\/#author\"},\"creator\":{\"@id\":\"https:\\\/\\\/www.encontrasantana.com.br\\\/sobre\\\/author\\\/esantana\\\/#author\"},\"datePublished\":\"2011-05-20T16:47:30-03:00\",\"dateModified\":\"2019-04-15T10:03:21-03:00\"},{\"@type\":\"WebSite\",\"@id\":\"https:\\\/\\\/www.encontrasantana.com.br\\\/sobre\\\/#website\",\"url\":\"https:\\\/\\\/www.encontrasantana.com.br\\\/sobre\\\/\",\"name\":\"Encontra Santana\",\"description\":\"Not\\u00edcias, eventos, informa\\u00e7\\u00f5es e dicas no bairro de Santana e regi\\u00e3o.\",\"inLanguage\":\"pt-BR\",\"publisher\":{\"@id\":\"https:\\\/\\\/www.encontrasantana.com.br\\\/sobre\\\/#organization\"}}]}\n\t\t<\/script>\n\t\t<!-- All in One SEO -->\n\n","aioseo_head_json":{"title":"Resultados positivos da Opera\u00e7\u00e3o Delegada em Santana s\u00e3o refer\u00eancia para toda a capital \u00bb Encontra Santana","description":"As a\u00e7\u00f5es da Opera\u00e7\u00e3o Delegada na regi\u00e3o da Subprefeitura de Santana\/Tucuruvi, Zona Norte da cidade de S\u00e3o Paulo, completam um ano no pr\u00f3ximo dia 30. Nesse anivers\u00e1rio, os comerciantes e residentes da \u00e1rea t\u00eam muito a comemorar. As mudan\u00e7as proporcionadas pelo projeto conjunto da Prefeitura e da Pol\u00edcia Militar revitalizaram o centro comercial que compreende","canonical_url":"https:\/\/www.encontrasantana.com.br\/sobre\/resultados-positivos-da-operacao-delegada-em-santana-sao-referencia-para-toda-a-capital\/","robots":"max-image-preview:large","keywords":"","webmasterTools":{"miscellaneous":""},"schema":{"@context":"https:\/\/schema.org","@graph":[{"@type":"Article","@id":"https:\/\/www.encontrasantana.com.br\/sobre\/resultados-positivos-da-operacao-delegada-em-santana-sao-referencia-para-toda-a-capital\/#article","name":"Resultados positivos da Opera\u00e7\u00e3o Delegada em Santana s\u00e3o refer\u00eancia para toda a capital \u00bb Encontra Santana","headline":"Resultados positivos da Opera\u00e7\u00e3o Delegada em Santana s\u00e3o refer\u00eancia para toda a capital","author":{"@id":"https:\/\/www.encontrasantana.com.br\/sobre\/author\/esantana\/#author"},"publisher":{"@id":"https:\/\/www.encontrasantana.com.br\/sobre\/#organization"},"datePublished":"2011-05-20T16:47:30-03:00","dateModified":"2019-04-15T10:03:21-03:00","inLanguage":"pt-BR","mainEntityOfPage":{"@id":"https:\/\/www.encontrasantana.com.br\/sobre\/resultados-positivos-da-operacao-delegada-em-santana-sao-referencia-para-toda-a-capital\/#webpage"},"isPartOf":{"@id":"https:\/\/www.encontrasantana.com.br\/sobre\/resultados-positivos-da-operacao-delegada-em-santana-sao-referencia-para-toda-a-capital\/#webpage"},"articleSection":"Not\u00edcias Santana, Santana"},{"@type":"BreadcrumbList","@id":"https:\/\/www.encontrasantana.com.br\/sobre\/resultados-positivos-da-operacao-delegada-em-santana-sao-referencia-para-toda-a-capital\/#breadcrumblist","itemListElement":[{"@type":"ListItem","@id":"https:\/\/www.encontrasantana.com.br\/sobre#listItem","position":1,"name":"In\u00edcio","item":"https:\/\/www.encontrasantana.com.br\/sobre","nextItem":{"@type":"ListItem","@id":"https:\/\/www.encontrasantana.com.br\/sobre\/noticias-em-santana\/#listItem","name":"Not\u00edcias Santana"}},{"@type":"ListItem","@id":"https:\/\/www.encontrasantana.com.br\/sobre\/noticias-em-santana\/#listItem","position":2,"name":"Not\u00edcias Santana","item":"https:\/\/www.encontrasantana.com.br\/sobre\/noticias-em-santana\/","nextItem":{"@type":"ListItem","@id":"https:\/\/www.encontrasantana.com.br\/sobre\/resultados-positivos-da-operacao-delegada-em-santana-sao-referencia-para-toda-a-capital\/#listItem","name":"Resultados positivos da Opera\u00e7\u00e3o Delegada em Santana s\u00e3o refer\u00eancia para toda a capital"},"previousItem":{"@type":"ListItem","@id":"https:\/\/www.encontrasantana.com.br\/sobre#listItem","name":"In\u00edcio"}},{"@type":"ListItem","@id":"https:\/\/www.encontrasantana.com.br\/sobre\/resultados-positivos-da-operacao-delegada-em-santana-sao-referencia-para-toda-a-capital\/#listItem","position":3,"name":"Resultados positivos da Opera\u00e7\u00e3o Delegada em Santana s\u00e3o refer\u00eancia para toda a capital","previousItem":{"@type":"ListItem","@id":"https:\/\/www.encontrasantana.com.br\/sobre\/noticias-em-santana\/#listItem","name":"Not\u00edcias Santana"}}]},{"@type":"Organization","@id":"https:\/\/www.encontrasantana.com.br\/sobre\/#organization","name":"Encontra Santana","description":"Not\u00edcias, eventos, informa\u00e7\u00f5es e dicas no bairro de Santana e regi\u00e3o.","url":"https:\/\/www.encontrasantana.com.br\/sobre\/"},{"@type":"Person","@id":"https:\/\/www.encontrasantana.com.br\/sobre\/author\/esantana\/#author","url":"https:\/\/www.encontrasantana.com.br\/sobre\/author\/esantana\/","name":"Encontra Santana","image":{"@type":"ImageObject","@id":"https:\/\/www.encontrasantana.com.br\/sobre\/resultados-positivos-da-operacao-delegada-em-santana-sao-referencia-para-toda-a-capital\/#authorImage","url":"https:\/\/secure.gravatar.com\/avatar\/0fbed662e37531ae23e68f85f9517b2454e50c1dfebf80eb9b721449ac95e0b9?s=96&d=mm&r=g","width":96,"height":96,"caption":"Encontra Santana"}},{"@type":"WebPage","@id":"https:\/\/www.encontrasantana.com.br\/sobre\/resultados-positivos-da-operacao-delegada-em-santana-sao-referencia-para-toda-a-capital\/#webpage","url":"https:\/\/www.encontrasantana.com.br\/sobre\/resultados-positivos-da-operacao-delegada-em-santana-sao-referencia-para-toda-a-capital\/","name":"Resultados positivos da Opera\u00e7\u00e3o Delegada em Santana s\u00e3o refer\u00eancia para toda a capital \u00bb Encontra Santana","description":"As a\u00e7\u00f5es da Opera\u00e7\u00e3o Delegada na regi\u00e3o da Subprefeitura de Santana\/Tucuruvi, Zona Norte da cidade de S\u00e3o Paulo, completam um ano no pr\u00f3ximo dia 30. Nesse anivers\u00e1rio, os comerciantes e residentes da \u00e1rea t\u00eam muito a comemorar. As mudan\u00e7as proporcionadas pelo projeto conjunto da Prefeitura e da Pol\u00edcia Militar revitalizaram o centro comercial que compreende","inLanguage":"pt-BR","isPartOf":{"@id":"https:\/\/www.encontrasantana.com.br\/sobre\/#website"},"breadcrumb":{"@id":"https:\/\/www.encontrasantana.com.br\/sobre\/resultados-positivos-da-operacao-delegada-em-santana-sao-referencia-para-toda-a-capital\/#breadcrumblist"},"author":{"@id":"https:\/\/www.encontrasantana.com.br\/sobre\/author\/esantana\/#author"},"creator":{"@id":"https:\/\/www.encontrasantana.com.br\/sobre\/author\/esantana\/#author"},"datePublished":"2011-05-20T16:47:30-03:00","dateModified":"2019-04-15T10:03:21-03:00"},{"@type":"WebSite","@id":"https:\/\/www.encontrasantana.com.br\/sobre\/#website","url":"https:\/\/www.encontrasantana.com.br\/sobre\/","name":"Encontra Santana","description":"Not\u00edcias, eventos, informa\u00e7\u00f5es e dicas no bairro de Santana e regi\u00e3o.","inLanguage":"pt-BR","publisher":{"@id":"https:\/\/www.encontrasantana.com.br\/sobre\/#organization"}}]},"og:locale":"pt_BR","og:site_name":"Encontra Santana | Not\u00edcias, eventos, informa\u00e7\u00f5es e dicas no bairro de Santana e regi\u00e3o.","og:type":"article","og:title":"Resultados positivos da Opera\u00e7\u00e3o Delegada em Santana s\u00e3o refer\u00eancia para toda a capital \u00bb Encontra Santana","og:description":"As a\u00e7\u00f5es da Opera\u00e7\u00e3o Delegada na regi\u00e3o da Subprefeitura de Santana\/Tucuruvi, Zona Norte da cidade de S\u00e3o Paulo, completam um ano no pr\u00f3ximo dia 30. Nesse anivers\u00e1rio, os comerciantes e residentes da \u00e1rea t\u00eam muito a comemorar. As mudan\u00e7as proporcionadas pelo projeto conjunto da Prefeitura e da Pol\u00edcia Militar revitalizaram o centro comercial que compreende","og:url":"https:\/\/www.encontrasantana.com.br\/sobre\/resultados-positivos-da-operacao-delegada-em-santana-sao-referencia-para-toda-a-capital\/","article:published_time":"2011-05-20T19:47:30+00:00","article:modified_time":"2019-04-15T13:03:21+00:00","twitter:card":"summary","twitter:title":"Resultados positivos da Opera\u00e7\u00e3o Delegada em Santana s\u00e3o refer\u00eancia para toda a capital \u00bb Encontra Santana","twitter:description":"As a\u00e7\u00f5es da Opera\u00e7\u00e3o Delegada na regi\u00e3o da Subprefeitura de Santana\/Tucuruvi, Zona Norte da cidade de S\u00e3o Paulo, completam um ano no pr\u00f3ximo dia 30. Nesse anivers\u00e1rio, os comerciantes e residentes da \u00e1rea t\u00eam muito a comemorar. As mudan\u00e7as proporcionadas pelo projeto conjunto da Prefeitura e da Pol\u00edcia Militar revitalizaram o centro comercial que compreende"},"aioseo_meta_data":{"post_id":"1052","title":null,"description":null,"keywords":null,"keyphrases":null,"primary_term":null,"canonical_url":null,"og_title":null,"og_description":null,"og_object_type":"default","og_image_type":"default","og_image_url":null,"og_image_width":null,"og_image_height":null,"og_image_custom_url":null,"og_image_custom_fields":null,"og_video":null,"og_custom_url":null,"og_article_section":null,"og_article_tags":null,"twitter_use_og":false,"twitter_card":"default","twitter_image_type":"default","twitter_image_url":null,"twitter_image_custom_url":null,"twitter_image_custom_fields":null,"twitter_title":null,"twitter_description":null,"schema":{"blockGraphs":[],"customGraphs":[],"default":{"data":{"Article":[],"Course":[],"Dataset":[],"FAQPage":[],"Movie":[],"Person":[],"Product":[],"ProductReview":[],"Car":[],"Recipe":[],"Service":[],"SoftwareApplication":[],"WebPage":[]},"graphName":"Article","isEnabled":true},"graphs":[]},"schema_type":null,"schema_type_options":null,"pillar_content":false,"robots_default":true,"robots_noindex":false,"robots_noarchive":false,"robots_nosnippet":false,"robots_nofollow":false,"robots_noimageindex":false,"robots_noodp":false,"robots_notranslate":false,"robots_max_snippet":null,"robots_max_videopreview":null,"robots_max_imagepreview":"large","priority":null,"frequency":null,"local_seo":null,"limit_modified_date":false,"created":"2021-04-20 22:03:27","updated":"2026-08-06 07:37:03","focus_keyword":null,"additional_keywords":null,"truseo_locale":null,"ai":null,"breadcrumb_settings":null,"seo_analyzer_scan_date":null},"aioseo_breadcrumb":"<div class=\"aioseo-breadcrumbs\"><span class=\"aioseo-breadcrumb\">\n\t\t\t<a href=\"https:\/\/www.encontrasantana.com.br\/sobre\" title=\"In\u00edcio\">In\u00edcio<\/a>\n\t\t<\/span><span class=\"aioseo-breadcrumb-separator\">&raquo;<\/span><span class=\"aioseo-breadcrumb\">\n\t\t\t<a href=\"https:\/\/www.encontrasantana.com.br\/sobre\/noticias-em-santana\/\" title=\"Not\u00edcias Santana\">Not\u00edcias Santana<\/a>\n\t\t<\/span><span class=\"aioseo-breadcrumb-separator\">&raquo;<\/span><span class=\"aioseo-breadcrumb\">\n\t\t\tResultados positivos da Opera\u00e7\u00e3o Delegada em Santana s\u00e3o refer\u00eancia para toda a capital\n\t\t<\/span><\/div>","aioseo_breadcrumb_json":[{"label":"In\u00edcio","link":"https:\/\/www.encontrasantana.com.br\/sobre"},{"label":"Not\u00edcias Santana","link":"https:\/\/www.encontrasantana.com.br\/sobre\/noticias-em-santana\/"},{"label":"Resultados positivos da Opera\u00e7\u00e3o Delegada em Santana s\u00e3o refer\u00eancia para toda a capital","link":"https:\/\/www.encontrasantana.com.br\/sobre\/resultados-positivos-da-operacao-delegada-em-santana-sao-referencia-para-toda-a-capital\/"}],"_links":{"self":[{"href":"https:\/\/www.encontrasantana.com.br\/sobre\/wp-json\/wp\/v2\/posts\/1052","targetHints":{"allow":["GET"]}}],"collection":[{"href":"https:\/\/www.encontrasantana.com.br\/sobre\/wp-json\/wp\/v2\/posts"}],"about":[{"href":"https:\/\/www.encontrasantana.com.br\/sobre\/wp-json\/wp\/v2\/types\/post"}],"author":[{"embeddable":true,"href":"https:\/\/www.encontrasantana.com.br\/sobre\/wp-json\/wp\/v2\/users\/1"}],"replies":[{"embeddable":true,"href":"https:\/\/www.encontrasantana.com.br\/sobre\/wp-json\/wp\/v2\/comments?post=1052"}],"version-history":[{"count":0,"href":"https:\/\/www.encontrasantana.com.br\/sobre\/wp-json\/wp\/v2\/posts\/1052\/revisions"}],"wp:attachment":[{"href":"https:\/\/www.encontrasantana.com.br\/sobre\/wp-json\/wp\/v2\/media?parent=1052"}],"wp:term":[{"taxonomy":"category","embeddable":true,"href":"https:\/\/www.encontrasantana.com.br\/sobre\/wp-json\/wp\/v2\/categories?post=1052"},{"taxonomy":"post_tag","embeddable":true,"href":"https:\/\/www.encontrasantana.com.br\/sobre\/wp-json\/wp\/v2\/tags?post=1052"}],"curies":[{"name":"wp","href":"https:\/\/api.w.org\/{rel}","templated":true}]}}