{"id":1066,"date":"2011-05-23T20:10:08","date_gmt":"2011-05-23T23:10:08","guid":{"rendered":"http:\/\/www.encontrasantana.com.br\/blog\/?p=1066"},"modified":"2019-04-15T10:03:20","modified_gmt":"2019-04-15T13:03:20","slug":"idosos-tem-orientacao-gratuita-contra-doencas-oculares-em-santana","status":"publish","type":"post","link":"https:\/\/www.encontrasantana.com.br\/sobre\/idosos-tem-orientacao-gratuita-contra-doencas-oculares-em-santana\/","title":{"rendered":"Idosos t\u00eam orienta\u00e7\u00e3o gratuita contra doen\u00e7as oculares em Santana"},"content":{"rendered":"<div class=\"1acf8468e559fd3cbeec5aee3a269a52\" data-index=\"1\" style=\"float: none; margin:0px;\">\n<!-- Anuncio display - global -->\r\n<ins class=\"adsbygoogle\"\r\n     style=\"display:block\"\r\n     data-ad-client=\"ca-pub-8585364105181520\"\r\n     data-ad-slot=\"8789329856\"\r\n     data-ad-format=\"auto\"\r\n     data-full-width-responsive=\"true\"><\/ins>\r\n<script>\r\n     (adsbygoogle = window.adsbygoogle || []).push({});\r\n<\/script>\n<\/div>\n<p>A Secretaria de Estado da Sa\u00fade de S\u00e3o Paulo promove nesta ter\u00e7a-feira, 24, uma palestra para orientar idosos sobre problemas oculares, no Centro de Refer\u00eancia do Idoso da Zona Norte, em S\u00e3o Paulo. O evento come\u00e7a as 11 horas e a entrada gratuita.<\/p>\n<p>O evento ser\u00e1 aberto ao p\u00fablico e tem como objetivo alertar os idosos da import\u00e2ncia dos cuidados com problemas oftalmol\u00f3gicos comuns \u00e0 idade. A palestra ser\u00e1 ministrada por especialistas na \u00e1rea de oftalmologia, que ir\u00e3o tirar d\u00favidas do p\u00fablico presente sobre o assunto.<\/p>\n<p><strong>Palestra &#8220;De olho nos olhos &#8211; enfermidades e cuidados&#8221;<\/strong><\/p>\n<p>Hor\u00e1rio: 11h<\/p>\n<p>Local: CRI Norte &#8211; Audit\u00f3rio Luiz Roberto Barradas Barata<\/p>\n<p>Endere\u00e7o: Rua Augusto Tolle, 978, Encontra Santana<\/p>\n<p>Telefone para informa\u00e7\u00f5es: (11) 2972-9236<\/p>\n<p><em>Fonte: Ag\u00eancia Estado<\/em><\/p>\n\n<div style=\"font-size: 0px; height: 0px; line-height: 0px; margin: 0; padding: 0; clear: both;\"><\/div>","protected":false},"excerpt":{"rendered":"<p>A Secretaria de Estado da Sa\u00fade de S\u00e3o Paulo promove nesta ter\u00e7a-feira, 24, uma palestra para orientar idosos sobre problemas oculares, no Centro de Refer\u00eancia do Idoso da Zona Norte, em S\u00e3o Paulo. O evento come\u00e7a as 11 horas e a entrada gratuita. O evento ser\u00e1 aberto ao p\u00fablico e tem como objetivo alertar os idosos da import\u00e2ncia dos cuidados com problemas oftalmol\u00f3gicos comuns \u00e0 idade. A palestra ser\u00e1 ministrada por especialistas na \u00e1rea de oftalmologia, que ir\u00e3o tirar d\u00favidas do p\u00fablico presente sobre o assunto. Palestra &#8220;De olho nos olhos &#8211; enfermidades e cuidados&#8221; Hor\u00e1rio: 11h Local: CRI Norte <\/p>\n","protected":false},"author":1,"featured_media":0,"comment_status":"open","ping_status":"closed","sticky":false,"template":"","format":"standard","meta":{"footnotes":""},"categories":[15],"tags":[10],"class_list":["post-1066","post","type-post","status-publish","format-standard","hentry","category-servicos-em-santana","tag-santana"],"aioseo_notices":[],"aioseo_head":"\n\t\t<!-- All in One SEO 5.0.0.1 - aioseo.com -->\n\t<meta name=\"description\" content=\"A Secretaria de Estado da Sa\u00fade de S\u00e3o Paulo promove nesta ter\u00e7a-feira, 24, uma palestra para orientar idosos sobre problemas oculares, no Centro de Refer\u00eancia do Idoso da Zona Norte, em S\u00e3o Paulo. O evento come\u00e7a as 11 horas e a entrada gratuita. O evento ser\u00e1 aberto ao p\u00fablico e tem como objetivo alertar os\" \/>\n\t<meta name=\"robots\" content=\"max-image-preview:large\" \/>\n\t<meta name=\"author\" content=\"Encontra Santana\"\/>\n\t<link rel=\"canonical\" href=\"https:\/\/www.encontrasantana.com.br\/sobre\/idosos-tem-orientacao-gratuita-contra-doencas-oculares-em-santana\/\" \/>\n\t<meta name=\"generator\" content=\"All in One SEO (AIOSEO) 5.0.0.1\" \/>\n\t\t<meta property=\"og:locale\" content=\"pt_BR\" \/>\n\t\t<meta property=\"og:site_name\" content=\"Encontra Santana | Not\u00edcias, eventos, informa\u00e7\u00f5es e dicas no bairro de Santana e regi\u00e3o.\" \/>\n\t\t<meta property=\"og:type\" content=\"article\" \/>\n\t\t<meta property=\"og:title\" content=\"Idosos t\u00eam orienta\u00e7\u00e3o gratuita contra doen\u00e7as oculares em Santana \u00bb Encontra Santana\" \/>\n\t\t<meta property=\"og:description\" content=\"A Secretaria de Estado da Sa\u00fade de S\u00e3o Paulo promove nesta ter\u00e7a-feira, 24, uma palestra para orientar idosos sobre problemas oculares, no Centro de Refer\u00eancia do Idoso da Zona Norte, em S\u00e3o Paulo. O evento come\u00e7a as 11 horas e a entrada gratuita. O evento ser\u00e1 aberto ao p\u00fablico e tem como objetivo alertar os\" \/>\n\t\t<meta property=\"og:url\" content=\"https:\/\/www.encontrasantana.com.br\/sobre\/idosos-tem-orientacao-gratuita-contra-doencas-oculares-em-santana\/\" \/>\n\t\t<meta property=\"article:published_time\" content=\"2011-05-23T23:10:08+00:00\" \/>\n\t\t<meta property=\"article:modified_time\" content=\"2019-04-15T13:03:20+00:00\" \/>\n\t\t<meta name=\"twitter:card\" content=\"summary\" \/>\n\t\t<meta name=\"twitter:title\" content=\"Idosos t\u00eam orienta\u00e7\u00e3o gratuita contra doen\u00e7as oculares em Santana \u00bb Encontra Santana\" \/>\n\t\t<meta name=\"twitter:description\" content=\"A Secretaria de Estado da Sa\u00fade de S\u00e3o Paulo promove nesta ter\u00e7a-feira, 24, uma palestra para orientar idosos sobre problemas oculares, no Centro de Refer\u00eancia do Idoso da Zona Norte, em S\u00e3o Paulo. O evento come\u00e7a as 11 horas e a entrada gratuita. O evento ser\u00e1 aberto ao p\u00fablico e tem como objetivo alertar os\" \/>\n\t\t<script type=\"application\/ld+json\" class=\"aioseo-schema\">\n\t\t\t{\"@context\":\"https:\\\/\\\/schema.org\",\"@graph\":[{\"@type\":\"Article\",\"@id\":\"https:\\\/\\\/www.encontrasantana.com.br\\\/sobre\\\/idosos-tem-orientacao-gratuita-contra-doencas-oculares-em-santana\\\/#article\",\"name\":\"Idosos t\\u00eam orienta\\u00e7\\u00e3o gratuita contra doen\\u00e7as oculares em Santana \\u00bb Encontra Santana\",\"headline\":\"Idosos t\\u00eam orienta\\u00e7\\u00e3o gratuita contra doen\\u00e7as oculares em Santana\",\"author\":{\"@id\":\"https:\\\/\\\/www.encontrasantana.com.br\\\/sobre\\\/author\\\/esantana\\\/#author\"},\"publisher\":{\"@id\":\"https:\\\/\\\/www.encontrasantana.com.br\\\/sobre\\\/#organization\"},\"datePublished\":\"2011-05-23T20:10:08-03:00\",\"dateModified\":\"2019-04-15T10:03:20-03:00\",\"inLanguage\":\"pt-BR\",\"mainEntityOfPage\":{\"@id\":\"https:\\\/\\\/www.encontrasantana.com.br\\\/sobre\\\/idosos-tem-orientacao-gratuita-contra-doencas-oculares-em-santana\\\/#webpage\"},\"isPartOf\":{\"@id\":\"https:\\\/\\\/www.encontrasantana.com.br\\\/sobre\\\/idosos-tem-orientacao-gratuita-contra-doencas-oculares-em-santana\\\/#webpage\"},\"articleSection\":\"Servi\\u00e7os Santana, Santana\"},{\"@type\":\"BreadcrumbList\",\"@id\":\"https:\\\/\\\/www.encontrasantana.com.br\\\/sobre\\\/idosos-tem-orientacao-gratuita-contra-doencas-oculares-em-santana\\\/#breadcrumblist\",\"itemListElement\":[{\"@type\":\"ListItem\",\"@id\":\"https:\\\/\\\/www.encontrasantana.com.br\\\/sobre#listItem\",\"position\":1,\"name\":\"In\\u00edcio\",\"item\":\"https:\\\/\\\/www.encontrasantana.com.br\\\/sobre\",\"nextItem\":{\"@type\":\"ListItem\",\"@id\":\"https:\\\/\\\/www.encontrasantana.com.br\\\/sobre\\\/servicos-em-santana\\\/#listItem\",\"name\":\"Servi\\u00e7os Santana\"}},{\"@type\":\"ListItem\",\"@id\":\"https:\\\/\\\/www.encontrasantana.com.br\\\/sobre\\\/servicos-em-santana\\\/#listItem\",\"position\":2,\"name\":\"Servi\\u00e7os Santana\",\"item\":\"https:\\\/\\\/www.encontrasantana.com.br\\\/sobre\\\/servicos-em-santana\\\/\",\"nextItem\":{\"@type\":\"ListItem\",\"@id\":\"https:\\\/\\\/www.encontrasantana.com.br\\\/sobre\\\/idosos-tem-orientacao-gratuita-contra-doencas-oculares-em-santana\\\/#listItem\",\"name\":\"Idosos t\\u00eam orienta\\u00e7\\u00e3o gratuita contra doen\\u00e7as oculares em Santana\"},\"previousItem\":{\"@type\":\"ListItem\",\"@id\":\"https:\\\/\\\/www.encontrasantana.com.br\\\/sobre#listItem\",\"name\":\"In\\u00edcio\"}},{\"@type\":\"ListItem\",\"@id\":\"https:\\\/\\\/www.encontrasantana.com.br\\\/sobre\\\/idosos-tem-orientacao-gratuita-contra-doencas-oculares-em-santana\\\/#listItem\",\"position\":3,\"name\":\"Idosos t\\u00eam orienta\\u00e7\\u00e3o gratuita contra doen\\u00e7as oculares em Santana\",\"previousItem\":{\"@type\":\"ListItem\",\"@id\":\"https:\\\/\\\/www.encontrasantana.com.br\\\/sobre\\\/servicos-em-santana\\\/#listItem\",\"name\":\"Servi\\u00e7os Santana\"}}]},{\"@type\":\"Organization\",\"@id\":\"https:\\\/\\\/www.encontrasantana.com.br\\\/sobre\\\/#organization\",\"name\":\"Encontra Santana\",\"description\":\"Not\\u00edcias, eventos, informa\\u00e7\\u00f5es e dicas no bairro de Santana e regi\\u00e3o.\",\"url\":\"https:\\\/\\\/www.encontrasantana.com.br\\\/sobre\\\/\"},{\"@type\":\"Person\",\"@id\":\"https:\\\/\\\/www.encontrasantana.com.br\\\/sobre\\\/author\\\/esantana\\\/#author\",\"url\":\"https:\\\/\\\/www.encontrasantana.com.br\\\/sobre\\\/author\\\/esantana\\\/\",\"name\":\"Encontra Santana\",\"image\":{\"@type\":\"ImageObject\",\"@id\":\"https:\\\/\\\/www.encontrasantana.com.br\\\/sobre\\\/idosos-tem-orientacao-gratuita-contra-doencas-oculares-em-santana\\\/#authorImage\",\"url\":\"https:\\\/\\\/secure.gravatar.com\\\/avatar\\\/0fbed662e37531ae23e68f85f9517b2454e50c1dfebf80eb9b721449ac95e0b9?s=96&d=mm&r=g\",\"width\":96,\"height\":96,\"caption\":\"Encontra Santana\"}},{\"@type\":\"WebPage\",\"@id\":\"https:\\\/\\\/www.encontrasantana.com.br\\\/sobre\\\/idosos-tem-orientacao-gratuita-contra-doencas-oculares-em-santana\\\/#webpage\",\"url\":\"https:\\\/\\\/www.encontrasantana.com.br\\\/sobre\\\/idosos-tem-orientacao-gratuita-contra-doencas-oculares-em-santana\\\/\",\"name\":\"Idosos t\\u00eam orienta\\u00e7\\u00e3o gratuita contra doen\\u00e7as oculares em Santana \\u00bb Encontra Santana\",\"description\":\"A Secretaria de Estado da Sa\\u00fade de S\\u00e3o Paulo promove nesta ter\\u00e7a-feira, 24, uma palestra para orientar idosos sobre problemas oculares, no Centro de Refer\\u00eancia do Idoso da Zona Norte, em S\\u00e3o Paulo. O evento come\\u00e7a as 11 horas e a entrada gratuita. O evento ser\\u00e1 aberto ao p\\u00fablico e tem como objetivo alertar os\",\"inLanguage\":\"pt-BR\",\"isPartOf\":{\"@id\":\"https:\\\/\\\/www.encontrasantana.com.br\\\/sobre\\\/#website\"},\"breadcrumb\":{\"@id\":\"https:\\\/\\\/www.encontrasantana.com.br\\\/sobre\\\/idosos-tem-orientacao-gratuita-contra-doencas-oculares-em-santana\\\/#breadcrumblist\"},\"author\":{\"@id\":\"https:\\\/\\\/www.encontrasantana.com.br\\\/sobre\\\/author\\\/esantana\\\/#author\"},\"creator\":{\"@id\":\"https:\\\/\\\/www.encontrasantana.com.br\\\/sobre\\\/author\\\/esantana\\\/#author\"},\"datePublished\":\"2011-05-23T20:10:08-03:00\",\"dateModified\":\"2019-04-15T10:03:20-03:00\"},{\"@type\":\"WebSite\",\"@id\":\"https:\\\/\\\/www.encontrasantana.com.br\\\/sobre\\\/#website\",\"url\":\"https:\\\/\\\/www.encontrasantana.com.br\\\/sobre\\\/\",\"name\":\"Encontra Santana\",\"description\":\"Not\\u00edcias, eventos, informa\\u00e7\\u00f5es e dicas no bairro de Santana e regi\\u00e3o.\",\"inLanguage\":\"pt-BR\",\"publisher\":{\"@id\":\"https:\\\/\\\/www.encontrasantana.com.br\\\/sobre\\\/#organization\"}}]}\n\t\t<\/script>\n\t\t<!-- All in One SEO -->\n\n","aioseo_head_json":{"title":"Idosos t\u00eam orienta\u00e7\u00e3o gratuita contra doen\u00e7as oculares em Santana \u00bb Encontra Santana","description":"A Secretaria de Estado da Sa\u00fade de S\u00e3o Paulo promove nesta ter\u00e7a-feira, 24, uma palestra para orientar idosos sobre problemas oculares, no Centro de Refer\u00eancia do Idoso da Zona Norte, em S\u00e3o Paulo. O evento come\u00e7a as 11 horas e a entrada gratuita. O evento ser\u00e1 aberto ao p\u00fablico e tem como objetivo alertar os","canonical_url":"https:\/\/www.encontrasantana.com.br\/sobre\/idosos-tem-orientacao-gratuita-contra-doencas-oculares-em-santana\/","robots":"max-image-preview:large","keywords":"","webmasterTools":{"miscellaneous":""},"schema":{"@context":"https:\/\/schema.org","@graph":[{"@type":"Article","@id":"https:\/\/www.encontrasantana.com.br\/sobre\/idosos-tem-orientacao-gratuita-contra-doencas-oculares-em-santana\/#article","name":"Idosos t\u00eam orienta\u00e7\u00e3o gratuita contra doen\u00e7as oculares em Santana \u00bb Encontra Santana","headline":"Idosos t\u00eam orienta\u00e7\u00e3o gratuita contra doen\u00e7as oculares em Santana","author":{"@id":"https:\/\/www.encontrasantana.com.br\/sobre\/author\/esantana\/#author"},"publisher":{"@id":"https:\/\/www.encontrasantana.com.br\/sobre\/#organization"},"datePublished":"2011-05-23T20:10:08-03:00","dateModified":"2019-04-15T10:03:20-03:00","inLanguage":"pt-BR","mainEntityOfPage":{"@id":"https:\/\/www.encontrasantana.com.br\/sobre\/idosos-tem-orientacao-gratuita-contra-doencas-oculares-em-santana\/#webpage"},"isPartOf":{"@id":"https:\/\/www.encontrasantana.com.br\/sobre\/idosos-tem-orientacao-gratuita-contra-doencas-oculares-em-santana\/#webpage"},"articleSection":"Servi\u00e7os Santana, Santana"},{"@type":"BreadcrumbList","@id":"https:\/\/www.encontrasantana.com.br\/sobre\/idosos-tem-orientacao-gratuita-contra-doencas-oculares-em-santana\/#breadcrumblist","itemListElement":[{"@type":"ListItem","@id":"https:\/\/www.encontrasantana.com.br\/sobre#listItem","position":1,"name":"In\u00edcio","item":"https:\/\/www.encontrasantana.com.br\/sobre","nextItem":{"@type":"ListItem","@id":"https:\/\/www.encontrasantana.com.br\/sobre\/servicos-em-santana\/#listItem","name":"Servi\u00e7os Santana"}},{"@type":"ListItem","@id":"https:\/\/www.encontrasantana.com.br\/sobre\/servicos-em-santana\/#listItem","position":2,"name":"Servi\u00e7os Santana","item":"https:\/\/www.encontrasantana.com.br\/sobre\/servicos-em-santana\/","nextItem":{"@type":"ListItem","@id":"https:\/\/www.encontrasantana.com.br\/sobre\/idosos-tem-orientacao-gratuita-contra-doencas-oculares-em-santana\/#listItem","name":"Idosos t\u00eam orienta\u00e7\u00e3o gratuita contra doen\u00e7as oculares em Santana"},"previousItem":{"@type":"ListItem","@id":"https:\/\/www.encontrasantana.com.br\/sobre#listItem","name":"In\u00edcio"}},{"@type":"ListItem","@id":"https:\/\/www.encontrasantana.com.br\/sobre\/idosos-tem-orientacao-gratuita-contra-doencas-oculares-em-santana\/#listItem","position":3,"name":"Idosos t\u00eam orienta\u00e7\u00e3o gratuita contra doen\u00e7as oculares em Santana","previousItem":{"@type":"ListItem","@id":"https:\/\/www.encontrasantana.com.br\/sobre\/servicos-em-santana\/#listItem","name":"Servi\u00e7os Santana"}}]},{"@type":"Organization","@id":"https:\/\/www.encontrasantana.com.br\/sobre\/#organization","name":"Encontra Santana","description":"Not\u00edcias, eventos, informa\u00e7\u00f5es e dicas no bairro de Santana e regi\u00e3o.","url":"https:\/\/www.encontrasantana.com.br\/sobre\/"},{"@type":"Person","@id":"https:\/\/www.encontrasantana.com.br\/sobre\/author\/esantana\/#author","url":"https:\/\/www.encontrasantana.com.br\/sobre\/author\/esantana\/","name":"Encontra Santana","image":{"@type":"ImageObject","@id":"https:\/\/www.encontrasantana.com.br\/sobre\/idosos-tem-orientacao-gratuita-contra-doencas-oculares-em-santana\/#authorImage","url":"https:\/\/secure.gravatar.com\/avatar\/0fbed662e37531ae23e68f85f9517b2454e50c1dfebf80eb9b721449ac95e0b9?s=96&d=mm&r=g","width":96,"height":96,"caption":"Encontra Santana"}},{"@type":"WebPage","@id":"https:\/\/www.encontrasantana.com.br\/sobre\/idosos-tem-orientacao-gratuita-contra-doencas-oculares-em-santana\/#webpage","url":"https:\/\/www.encontrasantana.com.br\/sobre\/idosos-tem-orientacao-gratuita-contra-doencas-oculares-em-santana\/","name":"Idosos t\u00eam orienta\u00e7\u00e3o gratuita contra doen\u00e7as oculares em Santana \u00bb Encontra Santana","description":"A Secretaria de Estado da Sa\u00fade de S\u00e3o Paulo promove nesta ter\u00e7a-feira, 24, uma palestra para orientar idosos sobre problemas oculares, no Centro de Refer\u00eancia do Idoso da Zona Norte, em S\u00e3o Paulo. O evento come\u00e7a as 11 horas e a entrada gratuita. O evento ser\u00e1 aberto ao p\u00fablico e tem como objetivo alertar os","inLanguage":"pt-BR","isPartOf":{"@id":"https:\/\/www.encontrasantana.com.br\/sobre\/#website"},"breadcrumb":{"@id":"https:\/\/www.encontrasantana.com.br\/sobre\/idosos-tem-orientacao-gratuita-contra-doencas-oculares-em-santana\/#breadcrumblist"},"author":{"@id":"https:\/\/www.encontrasantana.com.br\/sobre\/author\/esantana\/#author"},"creator":{"@id":"https:\/\/www.encontrasantana.com.br\/sobre\/author\/esantana\/#author"},"datePublished":"2011-05-23T20:10:08-03:00","dateModified":"2019-04-15T10:03:20-03:00"},{"@type":"WebSite","@id":"https:\/\/www.encontrasantana.com.br\/sobre\/#website","url":"https:\/\/www.encontrasantana.com.br\/sobre\/","name":"Encontra Santana","description":"Not\u00edcias, eventos, informa\u00e7\u00f5es e dicas no bairro de Santana e regi\u00e3o.","inLanguage":"pt-BR","publisher":{"@id":"https:\/\/www.encontrasantana.com.br\/sobre\/#organization"}}]},"og:locale":"pt_BR","og:site_name":"Encontra Santana | Not\u00edcias, eventos, informa\u00e7\u00f5es e dicas no bairro de Santana e regi\u00e3o.","og:type":"article","og:title":"Idosos t\u00eam orienta\u00e7\u00e3o gratuita contra doen\u00e7as oculares em Santana \u00bb Encontra Santana","og:description":"A Secretaria de Estado da Sa\u00fade de S\u00e3o Paulo promove nesta ter\u00e7a-feira, 24, uma palestra para orientar idosos sobre problemas oculares, no Centro de Refer\u00eancia do Idoso da Zona Norte, em S\u00e3o Paulo. O evento come\u00e7a as 11 horas e a entrada gratuita. O evento ser\u00e1 aberto ao p\u00fablico e tem como objetivo alertar os","og:url":"https:\/\/www.encontrasantana.com.br\/sobre\/idosos-tem-orientacao-gratuita-contra-doencas-oculares-em-santana\/","article:published_time":"2011-05-23T23:10:08+00:00","article:modified_time":"2019-04-15T13:03:20+00:00","twitter:card":"summary","twitter:title":"Idosos t\u00eam orienta\u00e7\u00e3o gratuita contra doen\u00e7as oculares em Santana \u00bb Encontra Santana","twitter:description":"A Secretaria de Estado da Sa\u00fade de S\u00e3o Paulo promove nesta ter\u00e7a-feira, 24, uma palestra para orientar idosos sobre problemas oculares, no Centro de Refer\u00eancia do Idoso da Zona Norte, em S\u00e3o Paulo. O evento come\u00e7a as 11 horas e a entrada gratuita. O evento ser\u00e1 aberto ao p\u00fablico e tem como objetivo alertar os"},"aioseo_meta_data":{"post_id":"1066","title":null,"description":null,"keywords":null,"keyphrases":null,"primary_term":null,"canonical_url":null,"og_title":null,"og_description":null,"og_object_type":"default","og_image_type":"default","og_image_url":null,"og_image_width":null,"og_image_height":null,"og_image_custom_url":null,"og_image_custom_fields":null,"og_video":null,"og_custom_url":null,"og_article_section":null,"og_article_tags":null,"twitter_use_og":false,"twitter_card":"default","twitter_image_type":"default","twitter_image_url":null,"twitter_image_custom_url":null,"twitter_image_custom_fields":null,"twitter_title":null,"twitter_description":null,"schema":{"blockGraphs":[],"customGraphs":[],"default":{"data":{"Article":[],"Course":[],"Dataset":[],"FAQPage":[],"Movie":[],"Person":[],"Product":[],"ProductReview":[],"Car":[],"Recipe":[],"Service":[],"SoftwareApplication":[],"WebPage":[]},"graphName":"Article","isEnabled":true},"graphs":[]},"schema_type":null,"schema_type_options":null,"pillar_content":false,"robots_default":true,"robots_noindex":false,"robots_noarchive":false,"robots_nosnippet":false,"robots_nofollow":false,"robots_noimageindex":false,"robots_noodp":false,"robots_notranslate":false,"robots_max_snippet":null,"robots_max_videopreview":null,"robots_max_imagepreview":"large","priority":null,"frequency":null,"local_seo":null,"limit_modified_date":false,"created":"2021-04-20 22:12:54","updated":"2026-08-06 07:46:11","focus_keyword":null,"additional_keywords":null,"truseo_locale":null,"ai":null,"breadcrumb_settings":null,"seo_analyzer_scan_date":null},"aioseo_breadcrumb":"<div class=\"aioseo-breadcrumbs\"><span class=\"aioseo-breadcrumb\">\n\t\t\t<a href=\"https:\/\/www.encontrasantana.com.br\/sobre\" title=\"In\u00edcio\">In\u00edcio<\/a>\n\t\t<\/span><span class=\"aioseo-breadcrumb-separator\">&raquo;<\/span><span class=\"aioseo-breadcrumb\">\n\t\t\t<a href=\"https:\/\/www.encontrasantana.com.br\/sobre\/servicos-em-santana\/\" title=\"Servi\u00e7os Santana\">Servi\u00e7os Santana<\/a>\n\t\t<\/span><span class=\"aioseo-breadcrumb-separator\">&raquo;<\/span><span class=\"aioseo-breadcrumb\">\n\t\t\tIdosos t\u00eam orienta\u00e7\u00e3o gratuita contra doen\u00e7as oculares em Santana\n\t\t<\/span><\/div>","aioseo_breadcrumb_json":[{"label":"In\u00edcio","link":"https:\/\/www.encontrasantana.com.br\/sobre"},{"label":"Servi\u00e7os Santana","link":"https:\/\/www.encontrasantana.com.br\/sobre\/servicos-em-santana\/"},{"label":"Idosos t\u00eam orienta\u00e7\u00e3o gratuita contra doen\u00e7as oculares em Santana","link":"https:\/\/www.encontrasantana.com.br\/sobre\/idosos-tem-orientacao-gratuita-contra-doencas-oculares-em-santana\/"}],"_links":{"self":[{"href":"https:\/\/www.encontrasantana.com.br\/sobre\/wp-json\/wp\/v2\/posts\/1066","targetHints":{"allow":["GET"]}}],"collection":[{"href":"https:\/\/www.encontrasantana.com.br\/sobre\/wp-json\/wp\/v2\/posts"}],"about":[{"href":"https:\/\/www.encontrasantana.com.br\/sobre\/wp-json\/wp\/v2\/types\/post"}],"author":[{"embeddable":true,"href":"https:\/\/www.encontrasantana.com.br\/sobre\/wp-json\/wp\/v2\/users\/1"}],"replies":[{"embeddable":true,"href":"https:\/\/www.encontrasantana.com.br\/sobre\/wp-json\/wp\/v2\/comments?post=1066"}],"version-history":[{"count":0,"href":"https:\/\/www.encontrasantana.com.br\/sobre\/wp-json\/wp\/v2\/posts\/1066\/revisions"}],"wp:attachment":[{"href":"https:\/\/www.encontrasantana.com.br\/sobre\/wp-json\/wp\/v2\/media?parent=1066"}],"wp:term":[{"taxonomy":"category","embeddable":true,"href":"https:\/\/www.encontrasantana.com.br\/sobre\/wp-json\/wp\/v2\/categories?post=1066"},{"taxonomy":"post_tag","embeddable":true,"href":"https:\/\/www.encontrasantana.com.br\/sobre\/wp-json\/wp\/v2\/tags?post=1066"}],"curies":[{"name":"wp","href":"https:\/\/api.w.org\/{rel}","templated":true}]}}