{"id":1079,"date":"2011-05-27T18:21:37","date_gmt":"2011-05-27T21:21:37","guid":{"rendered":"http:\/\/www.encontrasantana.com.br\/blog\/?p=1079"},"modified":"2019-04-15T10:03:20","modified_gmt":"2019-04-15T13:03:20","slug":"subprefeitura-de-santana-comemora-o-dia-mundial-do-meio-ambiente","status":"publish","type":"post","link":"https:\/\/www.encontrasantana.com.br\/sobre\/subprefeitura-de-santana-comemora-o-dia-mundial-do-meio-ambiente\/","title":{"rendered":"Subprefeitura de Santana comemora o Dia Mundial do Meio Ambiente"},"content":{"rendered":"<div class=\"1acf8468e559fd3cbeec5aee3a269a52\" data-index=\"1\" style=\"float: none; margin:0px;\">\n<!-- Anuncio display - global -->\r\n<ins class=\"adsbygoogle\"\r\n     style=\"display:block\"\r\n     data-ad-client=\"ca-pub-8585364105181520\"\r\n     data-ad-slot=\"8789329856\"\r\n     data-ad-format=\"auto\"\r\n     data-full-width-responsive=\"true\"><\/ins>\r\n<script>\r\n     (adsbygoogle = window.adsbygoogle || []).push({});\r\n<\/script>\n<\/div>\n<p>A Subprefeitura de Santana\/Tucuruvi, por meio do Conselho Regional do Meio Ambiente, Desenvolvimento Sustent\u00e1vel e Cultura de Paz (Cades-ST), promover\u00e1 nos dias 3, 4 e 5 junho diversas atividades culturias e de lazer para comemorar o Dia Mundial do Meio Ambiente, celebrado em 5 de junho. As atividades er\u00e3o realizadas na Unisantanna, Parque da Juventude, esta\u00e7\u00f5es do Metr\u00f4, Parque Anhembi e Horto Florestal.<\/p>\n<p>A programa\u00e7\u00e3o conta com palestras, exposi\u00e7\u00f5es, oficinas e a\u00e7\u00f5es de conscientiza\u00e7\u00e3o, com o recolhimento de res\u00edduos s\u00f3lidos para reciclagem. As escolas da rede municipal e estadual na regi\u00e3o da Subprefeitura de Santana\/Tucuruvi, por meio do Cades, foram convidadas para inscrever seus alunos num concurso sobre\u00a0Melhores Pr\u00e1ticas de Preserva\u00e7\u00e3o do Meio Ambiente.<\/p>\n<p>O objetivo do tema \u00e9 estimular a ado\u00e7\u00e3o de h\u00e1bitos saud\u00e1veis, enfatizando a import\u00e2ncia da preserva\u00e7\u00e3o do Meio Ambiente como um todo, ou seja, em casa, escola, comunidade, na vida e no pr\u00f3prio planeta. Os trabalhos foram submetidos a uma comiss\u00e3o julgadora criada pelo Cades-ST.<\/p>\n<p>Os tr\u00eas melhores ser\u00e3o conhecidos e premiados no dia do evento. O primeiro lugar receber\u00e1 um computador, o segundo ser\u00e1 premiado com uma filmadora e o terceiro colocado receber\u00e1 uma m\u00e1quina fotogr\u00e1fica digital.<\/p>\n<p>Confira a programa\u00e7\u00e3o completa<\/p>\n<p><strong>3 de junho<\/strong><\/p>\n<p><strong><a href=\"http:\/\/www.encontrasantana.com.br\/santana\/uni-santanna-em-santana.shtml\" target=\"_blank\">Unisantanna <\/a><\/strong><br \/>\nRua Volunt\u00e1rios da P\u00e1tria, 421, Bloco I, 6\u00ba andar \u2013 Audit\u00f3rio 1<\/p>\n<p>9h &#8211; Palestras<\/p>\n<p>&#8211; Sustentabilidade<\/p>\n<p>&#8211; O Uso Respons\u00e1vel da \u00c1gua<\/p>\n<p>&#8211; Saneamento B\u00e1sico<\/p>\n<p>14h &#8211; Palestras<\/p>\n<p>&#8211; Pol\u00edtica nacional de educa\u00e7\u00e3o Ambiental<\/p>\n<p>&#8211; Floresta Urbana<\/p>\n<p>&#8211; Res\u00edduos S\u00f3lidos<\/p>\n<p>&#8211; Bi\u00f3leo<\/p>\n<p>&#8211; Premia\u00e7\u00e3o das escolas municipais e estaduais<\/p>\n<p><strong>4 de junho<\/strong><\/p>\n<p><strong><a href=\"http:\/\/www.encontrasantana.com.br\/santana\/metro-santana.shtml\" target=\"_blank\">Esta\u00e7\u00e3o do Metr\u00f4 de Santana<\/a>, Esta\u00e7\u00e3o Tucuruvi e <a href=\"http:\/\/www.encontrasantana.com.br\/santana\/metro-portuguesa-tiete.shtml\">Esta\u00e7\u00e3o Tiet\u00ea<\/a>, <a href=\"http:\/\/www.encontrasantana.com.br\/santana\/horto-florestal-em-santana.shtml\" target=\"_blank\">Horto Florestal<\/a>, <a href=\"http:\/\/www.encontrasantana.com.br\/santana\/anhembi-em-santana.shtml\" target=\"_blank\">Parque Anhembi<\/a> e <a href=\"http:\/\/www.encontrasantana.com.br\/santana\/parque-da-juventude-em-santana.shtml\" target=\"_blank\">Parque da Juventude<\/a><\/strong><\/p>\n<p>9h \u00e0s 12h- Recolhimento de res\u00edduos s\u00f3lidos para reciclagem<\/p>\n<p><strong>5 de junho<\/strong><\/p>\n<p><strong><a href=\"http:\/\/www.encontrasantana.com.br\/santana\/parque-da-juventude-em-santana.shtml\" target=\"_blank\">Parque da Juventude<\/a><\/strong><br \/>\nAv. Cruzeiro do Sul, 2630, Carandiru<\/p>\n<p>9h \u00e0s 17h<\/p>\n<p>&#8211; Oficinas de trabalhos<\/p>\n<p>&#8211; shows musicais, teatro e espet\u00e1culo de dan\u00e7a<\/p>\n<p>&#8211; exibi\u00e7\u00e3o de filmes na Biblioteca<\/p>\n<p><em>Fonte: Prefeitura de S\u00e3o Paulo<\/em><\/p>\n\n<div style=\"font-size: 0px; height: 0px; line-height: 0px; margin: 0; padding: 0; clear: both;\"><\/div>","protected":false},"excerpt":{"rendered":"<p>A Subprefeitura de Santana\/Tucuruvi, por meio do Conselho Regional do Meio Ambiente, Desenvolvimento Sustent\u00e1vel e Cultura de Paz (Cades-ST), promover\u00e1 nos dias 3, 4 e 5 junho diversas atividades culturias e de lazer para comemorar o Dia Mundial do Meio Ambiente, celebrado em 5 de junho. As atividades er\u00e3o realizadas na Unisantanna, Parque da Juventude, esta\u00e7\u00f5es do Metr\u00f4, Parque Anhembi e Horto Florestal. A programa\u00e7\u00e3o conta com palestras, exposi\u00e7\u00f5es, oficinas e a\u00e7\u00f5es de conscientiza\u00e7\u00e3o, com o recolhimento de res\u00edduos s\u00f3lidos para reciclagem. As escolas da rede municipal e estadual na regi\u00e3o da Subprefeitura de Santana\/Tucuruvi, por meio do Cades, foram <\/p>\n","protected":false},"author":1,"featured_media":0,"comment_status":"open","ping_status":"closed","sticky":false,"template":"","format":"standard","meta":{"footnotes":""},"categories":[3],"tags":[10],"class_list":["post-1079","post","type-post","status-publish","format-standard","hentry","category-noticias-em-santana","tag-santana"],"aioseo_notices":[],"aioseo_head":"\n\t\t<!-- All in One SEO 5.0.0.1 - aioseo.com -->\n\t<meta name=\"description\" content=\"A Subprefeitura de Santana\/Tucuruvi, por meio do Conselho Regional do Meio Ambiente, Desenvolvimento Sustent\u00e1vel e Cultura de Paz (Cades-ST), promover\u00e1 nos dias 3, 4 e 5 junho diversas atividades culturias e de lazer para comemorar o Dia Mundial do Meio Ambiente, celebrado em 5 de junho. As atividades er\u00e3o realizadas na Unisantanna, Parque da Juventude,\" \/>\n\t<meta name=\"robots\" content=\"max-image-preview:large\" \/>\n\t<meta name=\"author\" content=\"Encontra Santana\"\/>\n\t<link rel=\"canonical\" href=\"https:\/\/www.encontrasantana.com.br\/sobre\/subprefeitura-de-santana-comemora-o-dia-mundial-do-meio-ambiente\/\" \/>\n\t<meta name=\"generator\" content=\"All in One SEO (AIOSEO) 5.0.0.1\" \/>\n\t\t<meta property=\"og:locale\" content=\"pt_BR\" \/>\n\t\t<meta property=\"og:site_name\" content=\"Encontra Santana | Not\u00edcias, eventos, informa\u00e7\u00f5es e dicas no bairro de Santana e regi\u00e3o.\" \/>\n\t\t<meta property=\"og:type\" content=\"article\" \/>\n\t\t<meta property=\"og:title\" content=\"Subprefeitura de Santana comemora o Dia Mundial do Meio Ambiente \u00bb Encontra Santana\" \/>\n\t\t<meta property=\"og:description\" content=\"A Subprefeitura de Santana\/Tucuruvi, por meio do Conselho Regional do Meio Ambiente, Desenvolvimento Sustent\u00e1vel e Cultura de Paz (Cades-ST), promover\u00e1 nos dias 3, 4 e 5 junho diversas atividades culturias e de lazer para comemorar o Dia Mundial do Meio Ambiente, celebrado em 5 de junho. As atividades er\u00e3o realizadas na Unisantanna, Parque da Juventude,\" \/>\n\t\t<meta property=\"og:url\" content=\"https:\/\/www.encontrasantana.com.br\/sobre\/subprefeitura-de-santana-comemora-o-dia-mundial-do-meio-ambiente\/\" \/>\n\t\t<meta property=\"article:published_time\" content=\"2011-05-27T21:21:37+00:00\" \/>\n\t\t<meta property=\"article:modified_time\" content=\"2019-04-15T13:03:20+00:00\" \/>\n\t\t<meta name=\"twitter:card\" content=\"summary\" \/>\n\t\t<meta name=\"twitter:title\" content=\"Subprefeitura de Santana comemora o Dia Mundial do Meio Ambiente \u00bb Encontra Santana\" \/>\n\t\t<meta name=\"twitter:description\" content=\"A Subprefeitura de Santana\/Tucuruvi, por meio do Conselho Regional do Meio Ambiente, Desenvolvimento Sustent\u00e1vel e Cultura de Paz (Cades-ST), promover\u00e1 nos dias 3, 4 e 5 junho diversas atividades culturias e de lazer para comemorar o Dia Mundial do Meio Ambiente, celebrado em 5 de junho. As atividades er\u00e3o realizadas na Unisantanna, Parque da Juventude,\" \/>\n\t\t<script type=\"application\/ld+json\" class=\"aioseo-schema\">\n\t\t\t{\"@context\":\"https:\\\/\\\/schema.org\",\"@graph\":[{\"@type\":\"Article\",\"@id\":\"https:\\\/\\\/www.encontrasantana.com.br\\\/sobre\\\/subprefeitura-de-santana-comemora-o-dia-mundial-do-meio-ambiente\\\/#article\",\"name\":\"Subprefeitura de Santana comemora o Dia Mundial do Meio Ambiente \\u00bb Encontra Santana\",\"headline\":\"Subprefeitura de Santana comemora o Dia Mundial do Meio Ambiente\",\"author\":{\"@id\":\"https:\\\/\\\/www.encontrasantana.com.br\\\/sobre\\\/author\\\/esantana\\\/#author\"},\"publisher\":{\"@id\":\"https:\\\/\\\/www.encontrasantana.com.br\\\/sobre\\\/#organization\"},\"datePublished\":\"2011-05-27T18:21:37-03:00\",\"dateModified\":\"2019-04-15T10:03:20-03:00\",\"inLanguage\":\"pt-BR\",\"mainEntityOfPage\":{\"@id\":\"https:\\\/\\\/www.encontrasantana.com.br\\\/sobre\\\/subprefeitura-de-santana-comemora-o-dia-mundial-do-meio-ambiente\\\/#webpage\"},\"isPartOf\":{\"@id\":\"https:\\\/\\\/www.encontrasantana.com.br\\\/sobre\\\/subprefeitura-de-santana-comemora-o-dia-mundial-do-meio-ambiente\\\/#webpage\"},\"articleSection\":\"Not\\u00edcias Santana, Santana\"},{\"@type\":\"BreadcrumbList\",\"@id\":\"https:\\\/\\\/www.encontrasantana.com.br\\\/sobre\\\/subprefeitura-de-santana-comemora-o-dia-mundial-do-meio-ambiente\\\/#breadcrumblist\",\"itemListElement\":[{\"@type\":\"ListItem\",\"@id\":\"https:\\\/\\\/www.encontrasantana.com.br\\\/sobre#listItem\",\"position\":1,\"name\":\"In\\u00edcio\",\"item\":\"https:\\\/\\\/www.encontrasantana.com.br\\\/sobre\",\"nextItem\":{\"@type\":\"ListItem\",\"@id\":\"https:\\\/\\\/www.encontrasantana.com.br\\\/sobre\\\/noticias-em-santana\\\/#listItem\",\"name\":\"Not\\u00edcias Santana\"}},{\"@type\":\"ListItem\",\"@id\":\"https:\\\/\\\/www.encontrasantana.com.br\\\/sobre\\\/noticias-em-santana\\\/#listItem\",\"position\":2,\"name\":\"Not\\u00edcias Santana\",\"item\":\"https:\\\/\\\/www.encontrasantana.com.br\\\/sobre\\\/noticias-em-santana\\\/\",\"nextItem\":{\"@type\":\"ListItem\",\"@id\":\"https:\\\/\\\/www.encontrasantana.com.br\\\/sobre\\\/subprefeitura-de-santana-comemora-o-dia-mundial-do-meio-ambiente\\\/#listItem\",\"name\":\"Subprefeitura de Santana comemora o Dia Mundial do Meio Ambiente\"},\"previousItem\":{\"@type\":\"ListItem\",\"@id\":\"https:\\\/\\\/www.encontrasantana.com.br\\\/sobre#listItem\",\"name\":\"In\\u00edcio\"}},{\"@type\":\"ListItem\",\"@id\":\"https:\\\/\\\/www.encontrasantana.com.br\\\/sobre\\\/subprefeitura-de-santana-comemora-o-dia-mundial-do-meio-ambiente\\\/#listItem\",\"position\":3,\"name\":\"Subprefeitura de Santana comemora o Dia Mundial do Meio Ambiente\",\"previousItem\":{\"@type\":\"ListItem\",\"@id\":\"https:\\\/\\\/www.encontrasantana.com.br\\\/sobre\\\/noticias-em-santana\\\/#listItem\",\"name\":\"Not\\u00edcias Santana\"}}]},{\"@type\":\"Organization\",\"@id\":\"https:\\\/\\\/www.encontrasantana.com.br\\\/sobre\\\/#organization\",\"name\":\"Encontra Santana\",\"description\":\"Not\\u00edcias, eventos, informa\\u00e7\\u00f5es e dicas no bairro de Santana e regi\\u00e3o.\",\"url\":\"https:\\\/\\\/www.encontrasantana.com.br\\\/sobre\\\/\"},{\"@type\":\"Person\",\"@id\":\"https:\\\/\\\/www.encontrasantana.com.br\\\/sobre\\\/author\\\/esantana\\\/#author\",\"url\":\"https:\\\/\\\/www.encontrasantana.com.br\\\/sobre\\\/author\\\/esantana\\\/\",\"name\":\"Encontra Santana\",\"image\":{\"@type\":\"ImageObject\",\"@id\":\"https:\\\/\\\/www.encontrasantana.com.br\\\/sobre\\\/subprefeitura-de-santana-comemora-o-dia-mundial-do-meio-ambiente\\\/#authorImage\",\"url\":\"https:\\\/\\\/secure.gravatar.com\\\/avatar\\\/0fbed662e37531ae23e68f85f9517b2454e50c1dfebf80eb9b721449ac95e0b9?s=96&d=mm&r=g\",\"width\":96,\"height\":96,\"caption\":\"Encontra Santana\"}},{\"@type\":\"WebPage\",\"@id\":\"https:\\\/\\\/www.encontrasantana.com.br\\\/sobre\\\/subprefeitura-de-santana-comemora-o-dia-mundial-do-meio-ambiente\\\/#webpage\",\"url\":\"https:\\\/\\\/www.encontrasantana.com.br\\\/sobre\\\/subprefeitura-de-santana-comemora-o-dia-mundial-do-meio-ambiente\\\/\",\"name\":\"Subprefeitura de Santana comemora o Dia Mundial do Meio Ambiente \\u00bb Encontra Santana\",\"description\":\"A Subprefeitura de Santana\\\/Tucuruvi, por meio do Conselho Regional do Meio Ambiente, Desenvolvimento Sustent\\u00e1vel e Cultura de Paz (Cades-ST), promover\\u00e1 nos dias 3, 4 e 5 junho diversas atividades culturias e de lazer para comemorar o Dia Mundial do Meio Ambiente, celebrado em 5 de junho. As atividades er\\u00e3o realizadas na Unisantanna, Parque da Juventude,\",\"inLanguage\":\"pt-BR\",\"isPartOf\":{\"@id\":\"https:\\\/\\\/www.encontrasantana.com.br\\\/sobre\\\/#website\"},\"breadcrumb\":{\"@id\":\"https:\\\/\\\/www.encontrasantana.com.br\\\/sobre\\\/subprefeitura-de-santana-comemora-o-dia-mundial-do-meio-ambiente\\\/#breadcrumblist\"},\"author\":{\"@id\":\"https:\\\/\\\/www.encontrasantana.com.br\\\/sobre\\\/author\\\/esantana\\\/#author\"},\"creator\":{\"@id\":\"https:\\\/\\\/www.encontrasantana.com.br\\\/sobre\\\/author\\\/esantana\\\/#author\"},\"datePublished\":\"2011-05-27T18:21:37-03:00\",\"dateModified\":\"2019-04-15T10:03:20-03:00\"},{\"@type\":\"WebSite\",\"@id\":\"https:\\\/\\\/www.encontrasantana.com.br\\\/sobre\\\/#website\",\"url\":\"https:\\\/\\\/www.encontrasantana.com.br\\\/sobre\\\/\",\"name\":\"Encontra Santana\",\"description\":\"Not\\u00edcias, eventos, informa\\u00e7\\u00f5es e dicas no bairro de Santana e regi\\u00e3o.\",\"inLanguage\":\"pt-BR\",\"publisher\":{\"@id\":\"https:\\\/\\\/www.encontrasantana.com.br\\\/sobre\\\/#organization\"}}]}\n\t\t<\/script>\n\t\t<!-- All in One SEO -->\n\n","aioseo_head_json":{"title":"Subprefeitura de Santana comemora o Dia Mundial do Meio Ambiente \u00bb Encontra Santana","description":"A Subprefeitura de Santana\/Tucuruvi, por meio do Conselho Regional do Meio Ambiente, Desenvolvimento Sustent\u00e1vel e Cultura de Paz (Cades-ST), promover\u00e1 nos dias 3, 4 e 5 junho diversas atividades culturias e de lazer para comemorar o Dia Mundial do Meio Ambiente, celebrado em 5 de junho. As atividades er\u00e3o realizadas na Unisantanna, Parque da Juventude,","canonical_url":"https:\/\/www.encontrasantana.com.br\/sobre\/subprefeitura-de-santana-comemora-o-dia-mundial-do-meio-ambiente\/","robots":"max-image-preview:large","keywords":"","webmasterTools":{"miscellaneous":""},"schema":{"@context":"https:\/\/schema.org","@graph":[{"@type":"Article","@id":"https:\/\/www.encontrasantana.com.br\/sobre\/subprefeitura-de-santana-comemora-o-dia-mundial-do-meio-ambiente\/#article","name":"Subprefeitura de Santana comemora o Dia Mundial do Meio Ambiente \u00bb Encontra Santana","headline":"Subprefeitura de Santana comemora o Dia Mundial do Meio Ambiente","author":{"@id":"https:\/\/www.encontrasantana.com.br\/sobre\/author\/esantana\/#author"},"publisher":{"@id":"https:\/\/www.encontrasantana.com.br\/sobre\/#organization"},"datePublished":"2011-05-27T18:21:37-03:00","dateModified":"2019-04-15T10:03:20-03:00","inLanguage":"pt-BR","mainEntityOfPage":{"@id":"https:\/\/www.encontrasantana.com.br\/sobre\/subprefeitura-de-santana-comemora-o-dia-mundial-do-meio-ambiente\/#webpage"},"isPartOf":{"@id":"https:\/\/www.encontrasantana.com.br\/sobre\/subprefeitura-de-santana-comemora-o-dia-mundial-do-meio-ambiente\/#webpage"},"articleSection":"Not\u00edcias Santana, Santana"},{"@type":"BreadcrumbList","@id":"https:\/\/www.encontrasantana.com.br\/sobre\/subprefeitura-de-santana-comemora-o-dia-mundial-do-meio-ambiente\/#breadcrumblist","itemListElement":[{"@type":"ListItem","@id":"https:\/\/www.encontrasantana.com.br\/sobre#listItem","position":1,"name":"In\u00edcio","item":"https:\/\/www.encontrasantana.com.br\/sobre","nextItem":{"@type":"ListItem","@id":"https:\/\/www.encontrasantana.com.br\/sobre\/noticias-em-santana\/#listItem","name":"Not\u00edcias Santana"}},{"@type":"ListItem","@id":"https:\/\/www.encontrasantana.com.br\/sobre\/noticias-em-santana\/#listItem","position":2,"name":"Not\u00edcias Santana","item":"https:\/\/www.encontrasantana.com.br\/sobre\/noticias-em-santana\/","nextItem":{"@type":"ListItem","@id":"https:\/\/www.encontrasantana.com.br\/sobre\/subprefeitura-de-santana-comemora-o-dia-mundial-do-meio-ambiente\/#listItem","name":"Subprefeitura de Santana comemora o Dia Mundial do Meio Ambiente"},"previousItem":{"@type":"ListItem","@id":"https:\/\/www.encontrasantana.com.br\/sobre#listItem","name":"In\u00edcio"}},{"@type":"ListItem","@id":"https:\/\/www.encontrasantana.com.br\/sobre\/subprefeitura-de-santana-comemora-o-dia-mundial-do-meio-ambiente\/#listItem","position":3,"name":"Subprefeitura de Santana comemora o Dia Mundial do Meio Ambiente","previousItem":{"@type":"ListItem","@id":"https:\/\/www.encontrasantana.com.br\/sobre\/noticias-em-santana\/#listItem","name":"Not\u00edcias Santana"}}]},{"@type":"Organization","@id":"https:\/\/www.encontrasantana.com.br\/sobre\/#organization","name":"Encontra Santana","description":"Not\u00edcias, eventos, informa\u00e7\u00f5es e dicas no bairro de Santana e regi\u00e3o.","url":"https:\/\/www.encontrasantana.com.br\/sobre\/"},{"@type":"Person","@id":"https:\/\/www.encontrasantana.com.br\/sobre\/author\/esantana\/#author","url":"https:\/\/www.encontrasantana.com.br\/sobre\/author\/esantana\/","name":"Encontra Santana","image":{"@type":"ImageObject","@id":"https:\/\/www.encontrasantana.com.br\/sobre\/subprefeitura-de-santana-comemora-o-dia-mundial-do-meio-ambiente\/#authorImage","url":"https:\/\/secure.gravatar.com\/avatar\/0fbed662e37531ae23e68f85f9517b2454e50c1dfebf80eb9b721449ac95e0b9?s=96&d=mm&r=g","width":96,"height":96,"caption":"Encontra Santana"}},{"@type":"WebPage","@id":"https:\/\/www.encontrasantana.com.br\/sobre\/subprefeitura-de-santana-comemora-o-dia-mundial-do-meio-ambiente\/#webpage","url":"https:\/\/www.encontrasantana.com.br\/sobre\/subprefeitura-de-santana-comemora-o-dia-mundial-do-meio-ambiente\/","name":"Subprefeitura de Santana comemora o Dia Mundial do Meio Ambiente \u00bb Encontra Santana","description":"A Subprefeitura de Santana\/Tucuruvi, por meio do Conselho Regional do Meio Ambiente, Desenvolvimento Sustent\u00e1vel e Cultura de Paz (Cades-ST), promover\u00e1 nos dias 3, 4 e 5 junho diversas atividades culturias e de lazer para comemorar o Dia Mundial do Meio Ambiente, celebrado em 5 de junho. As atividades er\u00e3o realizadas na Unisantanna, Parque da Juventude,","inLanguage":"pt-BR","isPartOf":{"@id":"https:\/\/www.encontrasantana.com.br\/sobre\/#website"},"breadcrumb":{"@id":"https:\/\/www.encontrasantana.com.br\/sobre\/subprefeitura-de-santana-comemora-o-dia-mundial-do-meio-ambiente\/#breadcrumblist"},"author":{"@id":"https:\/\/www.encontrasantana.com.br\/sobre\/author\/esantana\/#author"},"creator":{"@id":"https:\/\/www.encontrasantana.com.br\/sobre\/author\/esantana\/#author"},"datePublished":"2011-05-27T18:21:37-03:00","dateModified":"2019-04-15T10:03:20-03:00"},{"@type":"WebSite","@id":"https:\/\/www.encontrasantana.com.br\/sobre\/#website","url":"https:\/\/www.encontrasantana.com.br\/sobre\/","name":"Encontra Santana","description":"Not\u00edcias, eventos, informa\u00e7\u00f5es e dicas no bairro de Santana e regi\u00e3o.","inLanguage":"pt-BR","publisher":{"@id":"https:\/\/www.encontrasantana.com.br\/sobre\/#organization"}}]},"og:locale":"pt_BR","og:site_name":"Encontra Santana | Not\u00edcias, eventos, informa\u00e7\u00f5es e dicas no bairro de Santana e regi\u00e3o.","og:type":"article","og:title":"Subprefeitura de Santana comemora o Dia Mundial do Meio Ambiente \u00bb Encontra Santana","og:description":"A Subprefeitura de Santana\/Tucuruvi, por meio do Conselho Regional do Meio Ambiente, Desenvolvimento Sustent\u00e1vel e Cultura de Paz (Cades-ST), promover\u00e1 nos dias 3, 4 e 5 junho diversas atividades culturias e de lazer para comemorar o Dia Mundial do Meio Ambiente, celebrado em 5 de junho. As atividades er\u00e3o realizadas na Unisantanna, Parque da Juventude,","og:url":"https:\/\/www.encontrasantana.com.br\/sobre\/subprefeitura-de-santana-comemora-o-dia-mundial-do-meio-ambiente\/","article:published_time":"2011-05-27T21:21:37+00:00","article:modified_time":"2019-04-15T13:03:20+00:00","twitter:card":"summary","twitter:title":"Subprefeitura de Santana comemora o Dia Mundial do Meio Ambiente \u00bb Encontra Santana","twitter:description":"A Subprefeitura de Santana\/Tucuruvi, por meio do Conselho Regional do Meio Ambiente, Desenvolvimento Sustent\u00e1vel e Cultura de Paz (Cades-ST), promover\u00e1 nos dias 3, 4 e 5 junho diversas atividades culturias e de lazer para comemorar o Dia Mundial do Meio Ambiente, celebrado em 5 de junho. As atividades er\u00e3o realizadas na Unisantanna, Parque da Juventude,"},"aioseo_meta_data":{"post_id":"1079","title":null,"description":null,"keywords":null,"keyphrases":null,"primary_term":null,"canonical_url":null,"og_title":null,"og_description":null,"og_object_type":"default","og_image_type":"default","og_image_url":null,"og_image_width":null,"og_image_height":null,"og_image_custom_url":null,"og_image_custom_fields":null,"og_video":null,"og_custom_url":null,"og_article_section":null,"og_article_tags":null,"twitter_use_og":false,"twitter_card":"default","twitter_image_type":"default","twitter_image_url":null,"twitter_image_custom_url":null,"twitter_image_custom_fields":null,"twitter_title":null,"twitter_description":null,"schema":{"blockGraphs":[],"customGraphs":[],"default":{"data":{"Article":[],"Course":[],"Dataset":[],"FAQPage":[],"Movie":[],"Person":[],"Product":[],"ProductReview":[],"Car":[],"Recipe":[],"Service":[],"SoftwareApplication":[],"WebPage":[]},"graphName":"Article","isEnabled":true},"graphs":[]},"schema_type":null,"schema_type_options":null,"pillar_content":false,"robots_default":true,"robots_noindex":false,"robots_noarchive":false,"robots_nosnippet":false,"robots_nofollow":false,"robots_noimageindex":false,"robots_noodp":false,"robots_notranslate":false,"robots_max_snippet":null,"robots_max_videopreview":null,"robots_max_imagepreview":"large","priority":null,"frequency":null,"local_seo":null,"limit_modified_date":false,"created":"2021-04-20 22:12:54","updated":"2026-08-06 07:51:26","focus_keyword":null,"additional_keywords":null,"truseo_locale":null,"ai":null,"breadcrumb_settings":null,"seo_analyzer_scan_date":null},"aioseo_breadcrumb":"<div class=\"aioseo-breadcrumbs\"><span class=\"aioseo-breadcrumb\">\n\t\t\t<a href=\"https:\/\/www.encontrasantana.com.br\/sobre\" title=\"In\u00edcio\">In\u00edcio<\/a>\n\t\t<\/span><span class=\"aioseo-breadcrumb-separator\">&raquo;<\/span><span class=\"aioseo-breadcrumb\">\n\t\t\t<a href=\"https:\/\/www.encontrasantana.com.br\/sobre\/noticias-em-santana\/\" title=\"Not\u00edcias Santana\">Not\u00edcias Santana<\/a>\n\t\t<\/span><span class=\"aioseo-breadcrumb-separator\">&raquo;<\/span><span class=\"aioseo-breadcrumb\">\n\t\t\tSubprefeitura de Santana comemora o Dia Mundial do Meio Ambiente\n\t\t<\/span><\/div>","aioseo_breadcrumb_json":[{"label":"In\u00edcio","link":"https:\/\/www.encontrasantana.com.br\/sobre"},{"label":"Not\u00edcias Santana","link":"https:\/\/www.encontrasantana.com.br\/sobre\/noticias-em-santana\/"},{"label":"Subprefeitura de Santana comemora o Dia Mundial do Meio Ambiente","link":"https:\/\/www.encontrasantana.com.br\/sobre\/subprefeitura-de-santana-comemora-o-dia-mundial-do-meio-ambiente\/"}],"_links":{"self":[{"href":"https:\/\/www.encontrasantana.com.br\/sobre\/wp-json\/wp\/v2\/posts\/1079","targetHints":{"allow":["GET"]}}],"collection":[{"href":"https:\/\/www.encontrasantana.com.br\/sobre\/wp-json\/wp\/v2\/posts"}],"about":[{"href":"https:\/\/www.encontrasantana.com.br\/sobre\/wp-json\/wp\/v2\/types\/post"}],"author":[{"embeddable":true,"href":"https:\/\/www.encontrasantana.com.br\/sobre\/wp-json\/wp\/v2\/users\/1"}],"replies":[{"embeddable":true,"href":"https:\/\/www.encontrasantana.com.br\/sobre\/wp-json\/wp\/v2\/comments?post=1079"}],"version-history":[{"count":0,"href":"https:\/\/www.encontrasantana.com.br\/sobre\/wp-json\/wp\/v2\/posts\/1079\/revisions"}],"wp:attachment":[{"href":"https:\/\/www.encontrasantana.com.br\/sobre\/wp-json\/wp\/v2\/media?parent=1079"}],"wp:term":[{"taxonomy":"category","embeddable":true,"href":"https:\/\/www.encontrasantana.com.br\/sobre\/wp-json\/wp\/v2\/categories?post=1079"},{"taxonomy":"post_tag","embeddable":true,"href":"https:\/\/www.encontrasantana.com.br\/sobre\/wp-json\/wp\/v2\/tags?post=1079"}],"curies":[{"name":"wp","href":"https:\/\/api.w.org\/{rel}","templated":true}]}}