{"id":1083,"date":"2011-05-27T18:24:02","date_gmt":"2011-05-27T21:24:02","guid":{"rendered":"http:\/\/www.encontrasantana.com.br\/blog\/?p=1083"},"modified":"2019-04-15T10:03:20","modified_gmt":"2019-04-15T13:03:20","slug":"sem-revelar-motivo-cee-lo-green-cancela-show-em-santana","status":"publish","type":"post","link":"https:\/\/www.encontrasantana.com.br\/sobre\/sem-revelar-motivo-cee-lo-green-cancela-show-em-santana\/","title":{"rendered":"Sem revelar motivo, Cee Lo Green  cancela show em Santana"},"content":{"rendered":"<div class=\"1acf8468e559fd3cbeec5aee3a269a52\" data-index=\"1\" style=\"float: none; margin:0px;\">\n<!-- Anuncio display - global -->\r\n<ins class=\"adsbygoogle\"\r\n     style=\"display:block\"\r\n     data-ad-client=\"ca-pub-8585364105181520\"\r\n     data-ad-slot=\"8789329856\"\r\n     data-ad-format=\"auto\"\r\n     data-full-width-responsive=\"true\"><\/ins>\r\n<script>\r\n     (adsbygoogle = window.adsbygoogle || []).push({});\r\n<\/script>\n<\/div>\n<p>A produtora do Urban Music Festival, que acontece neste domingo (29) em S\u00e3o Paulo, anunciou o cancelamento do show do cantor Cee Lo Green, programado para as 20h.<\/p>\n<p>Em comunicado, a Coliseu Eventos informa ter sido &#8220;surpreendida com o cancelamento da apresenta\u00e7\u00e3o&#8221;.<\/p>\n<p>O texto diz ainda que, at\u00e9 o momento, a produtora n\u00e3o recebeu &#8220;nenhum tipo de pronunciamento oficial por parte do artista sobre o cancelamento e justificativas para tal&#8221;.<\/p>\n<p>Segundo a produtora, o cantor descumpriu obriga\u00e7\u00f5es assumidas contratualmente &#8220;e desistiu de comparecer ao show no Brasil&#8221;.<\/p>\n<p>A Coliseu Eventos informa ainda que est\u00e1 tomando medidas legais com rela\u00e7\u00e3o ao caso.<\/p>\n<p>&#8211; Inclusive, com a contrata\u00e7\u00e3o de advogado no Estado de Nova York, EUA, para que sejam tomadas todas as provid\u00eancias cab\u00edveis com o intuito de resguardar os direitos da nossa produtora.<\/p>\n<p>Quem j\u00e1 havia comprado ingresso e n\u00e3o quiser mais ir ao evento poder\u00e1 ser reembolsado.<\/p>\n<p>A produtora promete disponibilizar em seu site as datas e os locais para a restitui\u00e7\u00e3o do valor do ingresso.<\/p>\n<p>O restante da programa\u00e7\u00e3o est\u00e1 confirmado. Ainda n\u00e3o foi informada nenhum mudan\u00e7a de hor\u00e1rio nos shows.<\/p>\n<p><strong>Urban Day<\/strong><\/p>\n<p>12h &#8211; Anjo dos Becos \u2013 palco Street<br \/>\n13h &#8211; DJ Kaka Mendes \u2013 palco Urban<br \/>\n14h &#8211; Live Delu \u2013 palco Street<br \/>\n15h &#8211; Roots Rock Revoltion \u2013 palco Urban<br \/>\n16h &#8211; Copacabana Club \u2013 palco Street<br \/>\n17h Technotronic \u2013 palco Urban<\/p>\n<p><strong>Urban Night<\/strong><\/p>\n<p>18h &#8211; DJ King \u2013 palco Street<br \/>\n19h &#8211; Ja Rule \u2013 palco Street<br \/>\n21h &#8211; Emicida \u2013 palco Street<br \/>\n22h30 John Legend &amp; The Roots \u2013 palco Urban<br \/>\n23h30 DJ Mau mau \u2013 \u00c1rea Vip Premium<\/p>\n<p>Os ingressos est\u00e3o \u00e0 venda pelo site ingressorapido.com.br e custam de R$ 120 a R$ 650.<\/p>\n<p><strong>Urban Music Festival<\/strong><\/p>\n<p><strong>Quando:<\/strong> domingo (29)<br \/>\n<strong>Onde:<\/strong> <a href=\"http:\/\/www.encontrasantana.com.br\/santana\/anhembi-em-santana.shtml\" target=\"_blank\">Arena Anhembi<\/a> &#8211; av. Olavo Fontoura, 1.209, bairro de Santana<br \/>\n<strong>Informa\u00e7\u00f5es:<\/strong> urbanmusicfestival.com.br<\/p>\n<p><em>Fonte: R7<\/em><\/p>\n\n<div style=\"font-size: 0px; height: 0px; line-height: 0px; margin: 0; padding: 0; clear: both;\"><\/div>","protected":false},"excerpt":{"rendered":"<p>A produtora do Urban Music Festival, que acontece neste domingo (29) em S\u00e3o Paulo, anunciou o cancelamento do show do cantor Cee Lo Green, programado para as 20h. Em comunicado, a Coliseu Eventos informa ter sido &#8220;surpreendida com o cancelamento da apresenta\u00e7\u00e3o&#8221;. O texto diz ainda que, at\u00e9 o momento, a produtora n\u00e3o recebeu &#8220;nenhum tipo de pronunciamento oficial por parte do artista sobre o cancelamento e justificativas para tal&#8221;. Segundo a produtora, o cantor descumpriu obriga\u00e7\u00f5es assumidas contratualmente &#8220;e desistiu de comparecer ao show no Brasil&#8221;. A Coliseu Eventos informa ainda que est\u00e1 tomando medidas legais com rela\u00e7\u00e3o ao <\/p>\n","protected":false},"author":1,"featured_media":0,"comment_status":"open","ping_status":"closed","sticky":false,"template":"","format":"standard","meta":{"footnotes":""},"categories":[8],"tags":[10],"class_list":["post-1083","post","type-post","status-publish","format-standard","hentry","category-shows-em-santana","tag-santana"],"aioseo_notices":[],"aioseo_head":"\n\t\t<!-- All in One SEO 5.0.0.1 - aioseo.com -->\n\t<meta name=\"description\" content=\"A produtora do Urban Music Festival, que acontece neste domingo (29) em S\u00e3o Paulo, anunciou o cancelamento do show do cantor Cee Lo Green, programado para as 20h. Em comunicado, a Coliseu Eventos informa ter sido &quot;surpreendida com o cancelamento da apresenta\u00e7\u00e3o&quot;. O texto diz ainda que, at\u00e9 o momento, a produtora n\u00e3o recebeu &quot;nenhum\" \/>\n\t<meta name=\"robots\" content=\"max-image-preview:large\" \/>\n\t<meta name=\"author\" content=\"Encontra Santana\"\/>\n\t<link rel=\"canonical\" href=\"https:\/\/www.encontrasantana.com.br\/sobre\/sem-revelar-motivo-cee-lo-green-cancela-show-em-santana\/\" \/>\n\t<meta name=\"generator\" content=\"All in One SEO (AIOSEO) 5.0.0.1\" \/>\n\t\t<meta property=\"og:locale\" content=\"pt_BR\" \/>\n\t\t<meta property=\"og:site_name\" content=\"Encontra Santana | Not\u00edcias, eventos, informa\u00e7\u00f5es e dicas no bairro de Santana e regi\u00e3o.\" \/>\n\t\t<meta property=\"og:type\" content=\"article\" \/>\n\t\t<meta property=\"og:title\" content=\"Sem revelar motivo, Cee Lo Green cancela show em Santana \u00bb Encontra Santana\" \/>\n\t\t<meta property=\"og:description\" content=\"A produtora do Urban Music Festival, que acontece neste domingo (29) em S\u00e3o Paulo, anunciou o cancelamento do show do cantor Cee Lo Green, programado para as 20h. Em comunicado, a Coliseu Eventos informa ter sido &quot;surpreendida com o cancelamento da apresenta\u00e7\u00e3o&quot;. O texto diz ainda que, at\u00e9 o momento, a produtora n\u00e3o recebeu &quot;nenhum\" \/>\n\t\t<meta property=\"og:url\" content=\"https:\/\/www.encontrasantana.com.br\/sobre\/sem-revelar-motivo-cee-lo-green-cancela-show-em-santana\/\" \/>\n\t\t<meta property=\"article:published_time\" content=\"2011-05-27T21:24:02+00:00\" \/>\n\t\t<meta property=\"article:modified_time\" content=\"2019-04-15T13:03:20+00:00\" \/>\n\t\t<meta name=\"twitter:card\" content=\"summary\" \/>\n\t\t<meta name=\"twitter:title\" content=\"Sem revelar motivo, Cee Lo Green cancela show em Santana \u00bb Encontra Santana\" \/>\n\t\t<meta name=\"twitter:description\" content=\"A produtora do Urban Music Festival, que acontece neste domingo (29) em S\u00e3o Paulo, anunciou o cancelamento do show do cantor Cee Lo Green, programado para as 20h. Em comunicado, a Coliseu Eventos informa ter sido &quot;surpreendida com o cancelamento da apresenta\u00e7\u00e3o&quot;. O texto diz ainda que, at\u00e9 o momento, a produtora n\u00e3o recebeu &quot;nenhum\" \/>\n\t\t<script type=\"application\/ld+json\" class=\"aioseo-schema\">\n\t\t\t{\"@context\":\"https:\\\/\\\/schema.org\",\"@graph\":[{\"@type\":\"Article\",\"@id\":\"https:\\\/\\\/www.encontrasantana.com.br\\\/sobre\\\/sem-revelar-motivo-cee-lo-green-cancela-show-em-santana\\\/#article\",\"name\":\"Sem revelar motivo, Cee Lo Green cancela show em Santana \\u00bb Encontra Santana\",\"headline\":\"Sem revelar motivo, Cee Lo Green  cancela show em Santana\",\"author\":{\"@id\":\"https:\\\/\\\/www.encontrasantana.com.br\\\/sobre\\\/author\\\/esantana\\\/#author\"},\"publisher\":{\"@id\":\"https:\\\/\\\/www.encontrasantana.com.br\\\/sobre\\\/#organization\"},\"datePublished\":\"2011-05-27T18:24:02-03:00\",\"dateModified\":\"2019-04-15T10:03:20-03:00\",\"inLanguage\":\"pt-BR\",\"mainEntityOfPage\":{\"@id\":\"https:\\\/\\\/www.encontrasantana.com.br\\\/sobre\\\/sem-revelar-motivo-cee-lo-green-cancela-show-em-santana\\\/#webpage\"},\"isPartOf\":{\"@id\":\"https:\\\/\\\/www.encontrasantana.com.br\\\/sobre\\\/sem-revelar-motivo-cee-lo-green-cancela-show-em-santana\\\/#webpage\"},\"articleSection\":\"Show Santana, Santana\"},{\"@type\":\"BreadcrumbList\",\"@id\":\"https:\\\/\\\/www.encontrasantana.com.br\\\/sobre\\\/sem-revelar-motivo-cee-lo-green-cancela-show-em-santana\\\/#breadcrumblist\",\"itemListElement\":[{\"@type\":\"ListItem\",\"@id\":\"https:\\\/\\\/www.encontrasantana.com.br\\\/sobre#listItem\",\"position\":1,\"name\":\"In\\u00edcio\",\"item\":\"https:\\\/\\\/www.encontrasantana.com.br\\\/sobre\",\"nextItem\":{\"@type\":\"ListItem\",\"@id\":\"https:\\\/\\\/www.encontrasantana.com.br\\\/sobre\\\/shows-em-santana\\\/#listItem\",\"name\":\"Show Santana\"}},{\"@type\":\"ListItem\",\"@id\":\"https:\\\/\\\/www.encontrasantana.com.br\\\/sobre\\\/shows-em-santana\\\/#listItem\",\"position\":2,\"name\":\"Show Santana\",\"item\":\"https:\\\/\\\/www.encontrasantana.com.br\\\/sobre\\\/shows-em-santana\\\/\",\"nextItem\":{\"@type\":\"ListItem\",\"@id\":\"https:\\\/\\\/www.encontrasantana.com.br\\\/sobre\\\/sem-revelar-motivo-cee-lo-green-cancela-show-em-santana\\\/#listItem\",\"name\":\"Sem revelar motivo, Cee Lo Green  cancela show em Santana\"},\"previousItem\":{\"@type\":\"ListItem\",\"@id\":\"https:\\\/\\\/www.encontrasantana.com.br\\\/sobre#listItem\",\"name\":\"In\\u00edcio\"}},{\"@type\":\"ListItem\",\"@id\":\"https:\\\/\\\/www.encontrasantana.com.br\\\/sobre\\\/sem-revelar-motivo-cee-lo-green-cancela-show-em-santana\\\/#listItem\",\"position\":3,\"name\":\"Sem revelar motivo, Cee Lo Green  cancela show em Santana\",\"previousItem\":{\"@type\":\"ListItem\",\"@id\":\"https:\\\/\\\/www.encontrasantana.com.br\\\/sobre\\\/shows-em-santana\\\/#listItem\",\"name\":\"Show Santana\"}}]},{\"@type\":\"Organization\",\"@id\":\"https:\\\/\\\/www.encontrasantana.com.br\\\/sobre\\\/#organization\",\"name\":\"Encontra Santana\",\"description\":\"Not\\u00edcias, eventos, informa\\u00e7\\u00f5es e dicas no bairro de Santana e regi\\u00e3o.\",\"url\":\"https:\\\/\\\/www.encontrasantana.com.br\\\/sobre\\\/\"},{\"@type\":\"Person\",\"@id\":\"https:\\\/\\\/www.encontrasantana.com.br\\\/sobre\\\/author\\\/esantana\\\/#author\",\"url\":\"https:\\\/\\\/www.encontrasantana.com.br\\\/sobre\\\/author\\\/esantana\\\/\",\"name\":\"Encontra Santana\",\"image\":{\"@type\":\"ImageObject\",\"@id\":\"https:\\\/\\\/www.encontrasantana.com.br\\\/sobre\\\/sem-revelar-motivo-cee-lo-green-cancela-show-em-santana\\\/#authorImage\",\"url\":\"https:\\\/\\\/secure.gravatar.com\\\/avatar\\\/0fbed662e37531ae23e68f85f9517b2454e50c1dfebf80eb9b721449ac95e0b9?s=96&d=mm&r=g\",\"width\":96,\"height\":96,\"caption\":\"Encontra Santana\"}},{\"@type\":\"WebPage\",\"@id\":\"https:\\\/\\\/www.encontrasantana.com.br\\\/sobre\\\/sem-revelar-motivo-cee-lo-green-cancela-show-em-santana\\\/#webpage\",\"url\":\"https:\\\/\\\/www.encontrasantana.com.br\\\/sobre\\\/sem-revelar-motivo-cee-lo-green-cancela-show-em-santana\\\/\",\"name\":\"Sem revelar motivo, Cee Lo Green cancela show em Santana \\u00bb Encontra Santana\",\"description\":\"A produtora do Urban Music Festival, que acontece neste domingo (29) em S\\u00e3o Paulo, anunciou o cancelamento do show do cantor Cee Lo Green, programado para as 20h. Em comunicado, a Coliseu Eventos informa ter sido \\\"surpreendida com o cancelamento da apresenta\\u00e7\\u00e3o\\\". O texto diz ainda que, at\\u00e9 o momento, a produtora n\\u00e3o recebeu \\\"nenhum\",\"inLanguage\":\"pt-BR\",\"isPartOf\":{\"@id\":\"https:\\\/\\\/www.encontrasantana.com.br\\\/sobre\\\/#website\"},\"breadcrumb\":{\"@id\":\"https:\\\/\\\/www.encontrasantana.com.br\\\/sobre\\\/sem-revelar-motivo-cee-lo-green-cancela-show-em-santana\\\/#breadcrumblist\"},\"author\":{\"@id\":\"https:\\\/\\\/www.encontrasantana.com.br\\\/sobre\\\/author\\\/esantana\\\/#author\"},\"creator\":{\"@id\":\"https:\\\/\\\/www.encontrasantana.com.br\\\/sobre\\\/author\\\/esantana\\\/#author\"},\"datePublished\":\"2011-05-27T18:24:02-03:00\",\"dateModified\":\"2019-04-15T10:03:20-03:00\"},{\"@type\":\"WebSite\",\"@id\":\"https:\\\/\\\/www.encontrasantana.com.br\\\/sobre\\\/#website\",\"url\":\"https:\\\/\\\/www.encontrasantana.com.br\\\/sobre\\\/\",\"name\":\"Encontra Santana\",\"description\":\"Not\\u00edcias, eventos, informa\\u00e7\\u00f5es e dicas no bairro de Santana e regi\\u00e3o.\",\"inLanguage\":\"pt-BR\",\"publisher\":{\"@id\":\"https:\\\/\\\/www.encontrasantana.com.br\\\/sobre\\\/#organization\"}}]}\n\t\t<\/script>\n\t\t<!-- All in One SEO -->\n\n","aioseo_head_json":{"title":"Sem revelar motivo, Cee Lo Green cancela show em Santana \u00bb Encontra Santana","description":"A produtora do Urban Music Festival, que acontece neste domingo (29) em S\u00e3o Paulo, anunciou o cancelamento do show do cantor Cee Lo Green, programado para as 20h. Em comunicado, a Coliseu Eventos informa ter sido \"surpreendida com o cancelamento da apresenta\u00e7\u00e3o\". O texto diz ainda que, at\u00e9 o momento, a produtora n\u00e3o recebeu \"nenhum","canonical_url":"https:\/\/www.encontrasantana.com.br\/sobre\/sem-revelar-motivo-cee-lo-green-cancela-show-em-santana\/","robots":"max-image-preview:large","keywords":"","webmasterTools":{"miscellaneous":""},"schema":{"@context":"https:\/\/schema.org","@graph":[{"@type":"Article","@id":"https:\/\/www.encontrasantana.com.br\/sobre\/sem-revelar-motivo-cee-lo-green-cancela-show-em-santana\/#article","name":"Sem revelar motivo, Cee Lo Green cancela show em Santana \u00bb Encontra Santana","headline":"Sem revelar motivo, Cee Lo Green  cancela show em Santana","author":{"@id":"https:\/\/www.encontrasantana.com.br\/sobre\/author\/esantana\/#author"},"publisher":{"@id":"https:\/\/www.encontrasantana.com.br\/sobre\/#organization"},"datePublished":"2011-05-27T18:24:02-03:00","dateModified":"2019-04-15T10:03:20-03:00","inLanguage":"pt-BR","mainEntityOfPage":{"@id":"https:\/\/www.encontrasantana.com.br\/sobre\/sem-revelar-motivo-cee-lo-green-cancela-show-em-santana\/#webpage"},"isPartOf":{"@id":"https:\/\/www.encontrasantana.com.br\/sobre\/sem-revelar-motivo-cee-lo-green-cancela-show-em-santana\/#webpage"},"articleSection":"Show Santana, Santana"},{"@type":"BreadcrumbList","@id":"https:\/\/www.encontrasantana.com.br\/sobre\/sem-revelar-motivo-cee-lo-green-cancela-show-em-santana\/#breadcrumblist","itemListElement":[{"@type":"ListItem","@id":"https:\/\/www.encontrasantana.com.br\/sobre#listItem","position":1,"name":"In\u00edcio","item":"https:\/\/www.encontrasantana.com.br\/sobre","nextItem":{"@type":"ListItem","@id":"https:\/\/www.encontrasantana.com.br\/sobre\/shows-em-santana\/#listItem","name":"Show Santana"}},{"@type":"ListItem","@id":"https:\/\/www.encontrasantana.com.br\/sobre\/shows-em-santana\/#listItem","position":2,"name":"Show Santana","item":"https:\/\/www.encontrasantana.com.br\/sobre\/shows-em-santana\/","nextItem":{"@type":"ListItem","@id":"https:\/\/www.encontrasantana.com.br\/sobre\/sem-revelar-motivo-cee-lo-green-cancela-show-em-santana\/#listItem","name":"Sem revelar motivo, Cee Lo Green  cancela show em Santana"},"previousItem":{"@type":"ListItem","@id":"https:\/\/www.encontrasantana.com.br\/sobre#listItem","name":"In\u00edcio"}},{"@type":"ListItem","@id":"https:\/\/www.encontrasantana.com.br\/sobre\/sem-revelar-motivo-cee-lo-green-cancela-show-em-santana\/#listItem","position":3,"name":"Sem revelar motivo, Cee Lo Green  cancela show em Santana","previousItem":{"@type":"ListItem","@id":"https:\/\/www.encontrasantana.com.br\/sobre\/shows-em-santana\/#listItem","name":"Show Santana"}}]},{"@type":"Organization","@id":"https:\/\/www.encontrasantana.com.br\/sobre\/#organization","name":"Encontra Santana","description":"Not\u00edcias, eventos, informa\u00e7\u00f5es e dicas no bairro de Santana e regi\u00e3o.","url":"https:\/\/www.encontrasantana.com.br\/sobre\/"},{"@type":"Person","@id":"https:\/\/www.encontrasantana.com.br\/sobre\/author\/esantana\/#author","url":"https:\/\/www.encontrasantana.com.br\/sobre\/author\/esantana\/","name":"Encontra Santana","image":{"@type":"ImageObject","@id":"https:\/\/www.encontrasantana.com.br\/sobre\/sem-revelar-motivo-cee-lo-green-cancela-show-em-santana\/#authorImage","url":"https:\/\/secure.gravatar.com\/avatar\/0fbed662e37531ae23e68f85f9517b2454e50c1dfebf80eb9b721449ac95e0b9?s=96&d=mm&r=g","width":96,"height":96,"caption":"Encontra Santana"}},{"@type":"WebPage","@id":"https:\/\/www.encontrasantana.com.br\/sobre\/sem-revelar-motivo-cee-lo-green-cancela-show-em-santana\/#webpage","url":"https:\/\/www.encontrasantana.com.br\/sobre\/sem-revelar-motivo-cee-lo-green-cancela-show-em-santana\/","name":"Sem revelar motivo, Cee Lo Green cancela show em Santana \u00bb Encontra Santana","description":"A produtora do Urban Music Festival, que acontece neste domingo (29) em S\u00e3o Paulo, anunciou o cancelamento do show do cantor Cee Lo Green, programado para as 20h. Em comunicado, a Coliseu Eventos informa ter sido \"surpreendida com o cancelamento da apresenta\u00e7\u00e3o\". O texto diz ainda que, at\u00e9 o momento, a produtora n\u00e3o recebeu \"nenhum","inLanguage":"pt-BR","isPartOf":{"@id":"https:\/\/www.encontrasantana.com.br\/sobre\/#website"},"breadcrumb":{"@id":"https:\/\/www.encontrasantana.com.br\/sobre\/sem-revelar-motivo-cee-lo-green-cancela-show-em-santana\/#breadcrumblist"},"author":{"@id":"https:\/\/www.encontrasantana.com.br\/sobre\/author\/esantana\/#author"},"creator":{"@id":"https:\/\/www.encontrasantana.com.br\/sobre\/author\/esantana\/#author"},"datePublished":"2011-05-27T18:24:02-03:00","dateModified":"2019-04-15T10:03:20-03:00"},{"@type":"WebSite","@id":"https:\/\/www.encontrasantana.com.br\/sobre\/#website","url":"https:\/\/www.encontrasantana.com.br\/sobre\/","name":"Encontra Santana","description":"Not\u00edcias, eventos, informa\u00e7\u00f5es e dicas no bairro de Santana e regi\u00e3o.","inLanguage":"pt-BR","publisher":{"@id":"https:\/\/www.encontrasantana.com.br\/sobre\/#organization"}}]},"og:locale":"pt_BR","og:site_name":"Encontra Santana | Not\u00edcias, eventos, informa\u00e7\u00f5es e dicas no bairro de Santana e regi\u00e3o.","og:type":"article","og:title":"Sem revelar motivo, Cee Lo Green cancela show em Santana \u00bb Encontra Santana","og:description":"A produtora do Urban Music Festival, que acontece neste domingo (29) em S\u00e3o Paulo, anunciou o cancelamento do show do cantor Cee Lo Green, programado para as 20h. Em comunicado, a Coliseu Eventos informa ter sido &quot;surpreendida com o cancelamento da apresenta\u00e7\u00e3o&quot;. O texto diz ainda que, at\u00e9 o momento, a produtora n\u00e3o recebeu &quot;nenhum","og:url":"https:\/\/www.encontrasantana.com.br\/sobre\/sem-revelar-motivo-cee-lo-green-cancela-show-em-santana\/","article:published_time":"2011-05-27T21:24:02+00:00","article:modified_time":"2019-04-15T13:03:20+00:00","twitter:card":"summary","twitter:title":"Sem revelar motivo, Cee Lo Green cancela show em Santana \u00bb Encontra Santana","twitter:description":"A produtora do Urban Music Festival, que acontece neste domingo (29) em S\u00e3o Paulo, anunciou o cancelamento do show do cantor Cee Lo Green, programado para as 20h. Em comunicado, a Coliseu Eventos informa ter sido &quot;surpreendida com o cancelamento da apresenta\u00e7\u00e3o&quot;. O texto diz ainda que, at\u00e9 o momento, a produtora n\u00e3o recebeu &quot;nenhum"},"aioseo_meta_data":{"post_id":"1083","title":null,"description":null,"keywords":null,"keyphrases":null,"primary_term":null,"canonical_url":null,"og_title":null,"og_description":null,"og_object_type":"default","og_image_type":"default","og_image_url":null,"og_image_width":null,"og_image_height":null,"og_image_custom_url":null,"og_image_custom_fields":null,"og_video":null,"og_custom_url":null,"og_article_section":null,"og_article_tags":null,"twitter_use_og":false,"twitter_card":"default","twitter_image_type":"default","twitter_image_url":null,"twitter_image_custom_url":null,"twitter_image_custom_fields":null,"twitter_title":null,"twitter_description":null,"schema":{"blockGraphs":[],"customGraphs":[],"default":{"data":{"Article":[],"Course":[],"Dataset":[],"FAQPage":[],"Movie":[],"Person":[],"Product":[],"ProductReview":[],"Car":[],"Recipe":[],"Service":[],"SoftwareApplication":[],"WebPage":[]},"graphName":"Article","isEnabled":true},"graphs":[]},"schema_type":null,"schema_type_options":null,"pillar_content":false,"robots_default":true,"robots_noindex":false,"robots_noarchive":false,"robots_nosnippet":false,"robots_nofollow":false,"robots_noimageindex":false,"robots_noodp":false,"robots_notranslate":false,"robots_max_snippet":null,"robots_max_videopreview":null,"robots_max_imagepreview":"large","priority":null,"frequency":null,"local_seo":null,"limit_modified_date":false,"created":"2021-04-20 22:14:40","updated":"2026-08-06 07:51:26","focus_keyword":null,"additional_keywords":null,"truseo_locale":null,"ai":null,"breadcrumb_settings":null,"seo_analyzer_scan_date":null},"aioseo_breadcrumb":"<div class=\"aioseo-breadcrumbs\"><span class=\"aioseo-breadcrumb\">\n\t\t\t<a href=\"https:\/\/www.encontrasantana.com.br\/sobre\" title=\"In\u00edcio\">In\u00edcio<\/a>\n\t\t<\/span><span class=\"aioseo-breadcrumb-separator\">&raquo;<\/span><span class=\"aioseo-breadcrumb\">\n\t\t\t<a href=\"https:\/\/www.encontrasantana.com.br\/sobre\/shows-em-santana\/\" title=\"Show Santana\">Show Santana<\/a>\n\t\t<\/span><span class=\"aioseo-breadcrumb-separator\">&raquo;<\/span><span class=\"aioseo-breadcrumb\">\n\t\t\tSem revelar motivo, Cee Lo Green  cancela show em Santana\n\t\t<\/span><\/div>","aioseo_breadcrumb_json":[{"label":"In\u00edcio","link":"https:\/\/www.encontrasantana.com.br\/sobre"},{"label":"Show Santana","link":"https:\/\/www.encontrasantana.com.br\/sobre\/shows-em-santana\/"},{"label":"Sem revelar motivo, Cee Lo Green  cancela show em Santana","link":"https:\/\/www.encontrasantana.com.br\/sobre\/sem-revelar-motivo-cee-lo-green-cancela-show-em-santana\/"}],"_links":{"self":[{"href":"https:\/\/www.encontrasantana.com.br\/sobre\/wp-json\/wp\/v2\/posts\/1083","targetHints":{"allow":["GET"]}}],"collection":[{"href":"https:\/\/www.encontrasantana.com.br\/sobre\/wp-json\/wp\/v2\/posts"}],"about":[{"href":"https:\/\/www.encontrasantana.com.br\/sobre\/wp-json\/wp\/v2\/types\/post"}],"author":[{"embeddable":true,"href":"https:\/\/www.encontrasantana.com.br\/sobre\/wp-json\/wp\/v2\/users\/1"}],"replies":[{"embeddable":true,"href":"https:\/\/www.encontrasantana.com.br\/sobre\/wp-json\/wp\/v2\/comments?post=1083"}],"version-history":[{"count":0,"href":"https:\/\/www.encontrasantana.com.br\/sobre\/wp-json\/wp\/v2\/posts\/1083\/revisions"}],"wp:attachment":[{"href":"https:\/\/www.encontrasantana.com.br\/sobre\/wp-json\/wp\/v2\/media?parent=1083"}],"wp:term":[{"taxonomy":"category","embeddable":true,"href":"https:\/\/www.encontrasantana.com.br\/sobre\/wp-json\/wp\/v2\/categories?post=1083"},{"taxonomy":"post_tag","embeddable":true,"href":"https:\/\/www.encontrasantana.com.br\/sobre\/wp-json\/wp\/v2\/tags?post=1083"}],"curies":[{"name":"wp","href":"https:\/\/api.w.org\/{rel}","templated":true}]}}