{"id":1086,"date":"2011-05-27T18:26:33","date_gmt":"2011-05-27T21:26:33","guid":{"rendered":"http:\/\/www.encontrasantana.com.br\/blog\/?p=1086"},"modified":"2019-04-15T10:03:20","modified_gmt":"2019-04-15T13:03:20","slug":"redes-de-supermercados-selecionam-profissionais-por-intermedio-do-cat-santana","status":"publish","type":"post","link":"https:\/\/www.encontrasantana.com.br\/sobre\/redes-de-supermercados-selecionam-profissionais-por-intermedio-do-cat-santana\/","title":{"rendered":"Redes de supermercados selecionam profissionais por interm\u00e9dio do CAT Santana"},"content":{"rendered":"<div class=\"1acf8468e559fd3cbeec5aee3a269a52\" data-index=\"1\" style=\"float: none; margin:0px;\">\n<!-- Anuncio display - global -->\r\n<ins class=\"adsbygoogle\"\r\n     style=\"display:block\"\r\n     data-ad-client=\"ca-pub-8585364105181520\"\r\n     data-ad-slot=\"8789329856\"\r\n     data-ad-format=\"auto\"\r\n     data-full-width-responsive=\"true\"><\/ins>\r\n<script>\r\n     (adsbygoogle = window.adsbygoogle || []).push({});\r\n<\/script>\n<\/div>\n<p>Na pr\u00f3xima semana, entre os dias 30 de maio e 1\u00ba de junho, as unidades do Centro de Apoio ao Trabalho (CAT), da Secretaria Municipal de Desenvolvimento Econ\u00f4mico e do Trabalho, selecionam profissionais para o preenchimento de 382 vagas em diversas redes de supermercados espalhadas pela cidade. Os sal\u00e1rios oferecidos variam de R$ 640 a R$ 1.033, conforme a empresa contratante e a fun\u00e7\u00e3o.<\/p>\n<p>H\u00e1 100 vagas para operador de supermercado, 98 fiscal de loja, 72 repositor, 33 a\u00e7ougueiro, 25 confeiteiro, 21 balconistas de padaria, 18 auxiliar de estoque, 10 gerente de supermercado e 5 faxineiro. Cerca de 70% das ofertas s\u00e3o para quem concluiu o ensino m\u00e9dio, por\u00e9m tamb\u00e9m h\u00e1 vagas para pessoas com o ensino fundamental. Para todas as ofertas \u00e9 necess\u00e1ria experi\u00eancia m\u00ednima de seis meses. J\u00e1 para as fun\u00e7\u00f5es de gerente e fiscal de loja s\u00e3o exigidas no\u00e7\u00f5es b\u00e1sicas de inform\u00e1tica.<\/p>\n<p>Os interessados devem comparecer a uma das unidades do CAT portando Carteira de Trabalho, RG e CPF.<\/p>\n<p>Endere\u00e7os:<\/p>\n<p>CAT Luz<br \/>\nAv. Prestes Maia, 913 \/ 919<br \/>\nSegunda a sexta-feira: 7h \u00e0s 18h<br \/>\nS\u00e1bado: 7h \u00e0s 13h<\/p>\n<p>CAT Itaquera<br \/>\nRua Greg\u00f3rio Ramalho, 12<br \/>\nSegunda a sexta-feira: 7h \u00e0s 18h<br \/>\nS\u00e1bado: 7h \u00e0s 13h<\/p>\n<p>CAT\u00a0Penha<br \/>\nRua Candapu\u00ed, 492 (dentro da Subprefeitura da Penha)<br \/>\nSegunda a sexta-feira: 8h \u00e0s 17h<br \/>\nS\u00e1bado: 7h \u00e0s 13h<\/p>\n<p>CAT Itaim Paulista<br \/>\nAv. Marechal Tito, 3.012<br \/>\nSegunda a sexta-feira: 8h \u00e0s 17h<br \/>\nS\u00e1bado: 7h \u00e0s 13h<\/p>\n<p>CAT S\u00e3o Mateus I<br \/>\nAv. Mateo Bei, 1.641<br \/>\nSegunda a sexta-feira: 7h \u00e0s 18h<br \/>\nS\u00e1bado: 7h \u00e0s 13h<\/p>\n<p>CAT S\u00e3o Mateus II<br \/>\nRagueb Chohfi, 1.400<br \/>\nSegunda a sexta-feira: 8h \u00e0s 17h<br \/>\nS\u00e1bado: 7h \u00e0s 13h<\/p>\n<p><a href=\"http:\/\/www.encontrasantana.com.br\/santana\/cat-em-santana.shtml\" target=\"_blank\"><strong>CAT Santana<\/strong><\/a><br \/>\nRua Volunt\u00e1rios da P\u00e1tria, 1.553<br \/>\nSegunda a sexta-feira: 7h \u00e1s 18h<br \/>\nS\u00e1bado: 7h \u00e0s 13h<\/p>\n<p>CAT Casa Verde<br \/>\nAv. Ordem e Progresso, 1.001<br \/>\nSegunda a sexta-feira: 8h \u00e0s 17h<br \/>\nS\u00e1bado: 7h \u00e0s 13h<\/p>\n<p>CAT\u00a0Perus<br \/>\nRua Yl\u00eddio Figueiredo, 349<br \/>\nSegunda a sexta-feira: 8h \u00e0s 17h<br \/>\nS\u00e1bado: 7h \u00e0s 13h<\/p>\n<p>CAT Lapa<br \/>\nRua Monteiro de Melo, 342<br \/>\nSegunda a sexta-feira: 7h \u00e0s 18h<br \/>\nS\u00e1bado: 7h \u00e0s 13h<\/p>\n<p>CAT Interlagos<br \/>\nAv. Interlagos, 6.122<br \/>\nSegunda a sexta-feira: 7h \u00e0s 18h<br \/>\nS\u00e1bado: 7h \u00e0s 13h<\/p>\n<p>CAT Jabaquara<br \/>\nAv. Eng. Armando de Arruda Pereira, 2.314<br \/>\nSegunda a sexta-feira: 8h \u00e0s 17h<br \/>\nS\u00e1bado: 7h \u00e0s 13h<\/p>\n<p>CAT Cidade Ademar<br \/>\nAv. Yervant Kissajikian, 416<br \/>\nSegunda a sexta-feira: 8h \u00e0s 17h<br \/>\nS\u00e1bado: 7h \u00e0s 13h<\/p>\n<p>CAT Parelheiros<br \/>\nAv. Sadamu Inoue, 5.252<br \/>\nSegunda a sexta-feira: 8h \u00e0s 17h<br \/>\nS\u00e1bado: 7h \u00e0s 13h<\/p>\n<p><em>Fonte: Prefeitura de S. Paulo<\/em><\/p>\n\n<div style=\"font-size: 0px; height: 0px; line-height: 0px; margin: 0; padding: 0; clear: both;\"><\/div>","protected":false},"excerpt":{"rendered":"<p>Na pr\u00f3xima semana, entre os dias 30 de maio e 1\u00ba de junho, as unidades do Centro de Apoio ao Trabalho (CAT), da Secretaria Municipal de Desenvolvimento Econ\u00f4mico e do Trabalho, selecionam profissionais para o preenchimento de 382 vagas em diversas redes de supermercados espalhadas pela cidade. Os sal\u00e1rios oferecidos variam de R$ 640 a R$ 1.033, conforme a empresa contratante e a fun\u00e7\u00e3o. H\u00e1 100 vagas para operador de supermercado, 98 fiscal de loja, 72 repositor, 33 a\u00e7ougueiro, 25 confeiteiro, 21 balconistas de padaria, 18 auxiliar de estoque, 10 gerente de supermercado e 5 faxineiro. Cerca de 70% das <\/p>\n","protected":false},"author":1,"featured_media":0,"comment_status":"open","ping_status":"closed","sticky":false,"template":"","format":"standard","meta":{"footnotes":""},"categories":[7],"tags":[10],"class_list":["post-1086","post","type-post","status-publish","format-standard","hentry","category-empregos-em-santana","tag-santana"],"aioseo_notices":[],"aioseo_head":"\n\t\t<!-- All in One SEO 5.0.0.1 - aioseo.com -->\n\t<meta name=\"description\" content=\"Na pr\u00f3xima semana, entre os dias 30 de maio e 1\u00ba de junho, as unidades do Centro de Apoio ao Trabalho (CAT), da Secretaria Municipal de Desenvolvimento Econ\u00f4mico e do Trabalho, selecionam profissionais para o preenchimento de 382 vagas em diversas redes de supermercados espalhadas pela cidade. Os sal\u00e1rios oferecidos variam de R$ 640 a\" \/>\n\t<meta name=\"robots\" content=\"max-image-preview:large\" \/>\n\t<meta name=\"author\" content=\"Encontra Santana\"\/>\n\t<link rel=\"canonical\" href=\"https:\/\/www.encontrasantana.com.br\/sobre\/redes-de-supermercados-selecionam-profissionais-por-intermedio-do-cat-santana\/\" \/>\n\t<meta name=\"generator\" content=\"All in One SEO (AIOSEO) 5.0.0.1\" \/>\n\t\t<meta property=\"og:locale\" content=\"pt_BR\" \/>\n\t\t<meta property=\"og:site_name\" content=\"Encontra Santana | Not\u00edcias, eventos, informa\u00e7\u00f5es e dicas no bairro de Santana e regi\u00e3o.\" \/>\n\t\t<meta property=\"og:type\" content=\"article\" \/>\n\t\t<meta property=\"og:title\" content=\"Redes de supermercados selecionam profissionais por interm\u00e9dio do CAT Santana \u00bb Encontra Santana\" \/>\n\t\t<meta property=\"og:description\" content=\"Na pr\u00f3xima semana, entre os dias 30 de maio e 1\u00ba de junho, as unidades do Centro de Apoio ao Trabalho (CAT), da Secretaria Municipal de Desenvolvimento Econ\u00f4mico e do Trabalho, selecionam profissionais para o preenchimento de 382 vagas em diversas redes de supermercados espalhadas pela cidade. Os sal\u00e1rios oferecidos variam de R$ 640 a\" \/>\n\t\t<meta property=\"og:url\" content=\"https:\/\/www.encontrasantana.com.br\/sobre\/redes-de-supermercados-selecionam-profissionais-por-intermedio-do-cat-santana\/\" \/>\n\t\t<meta property=\"article:published_time\" content=\"2011-05-27T21:26:33+00:00\" \/>\n\t\t<meta property=\"article:modified_time\" content=\"2019-04-15T13:03:20+00:00\" \/>\n\t\t<meta name=\"twitter:card\" content=\"summary\" \/>\n\t\t<meta name=\"twitter:title\" content=\"Redes de supermercados selecionam profissionais por interm\u00e9dio do CAT Santana \u00bb Encontra Santana\" \/>\n\t\t<meta name=\"twitter:description\" content=\"Na pr\u00f3xima semana, entre os dias 30 de maio e 1\u00ba de junho, as unidades do Centro de Apoio ao Trabalho (CAT), da Secretaria Municipal de Desenvolvimento Econ\u00f4mico e do Trabalho, selecionam profissionais para o preenchimento de 382 vagas em diversas redes de supermercados espalhadas pela cidade. Os sal\u00e1rios oferecidos variam de R$ 640 a\" \/>\n\t\t<script type=\"application\/ld+json\" class=\"aioseo-schema\">\n\t\t\t{\"@context\":\"https:\\\/\\\/schema.org\",\"@graph\":[{\"@type\":\"Article\",\"@id\":\"https:\\\/\\\/www.encontrasantana.com.br\\\/sobre\\\/redes-de-supermercados-selecionam-profissionais-por-intermedio-do-cat-santana\\\/#article\",\"name\":\"Redes de supermercados selecionam profissionais por interm\\u00e9dio do CAT Santana \\u00bb Encontra Santana\",\"headline\":\"Redes de supermercados selecionam profissionais por interm\\u00e9dio do CAT Santana\",\"author\":{\"@id\":\"https:\\\/\\\/www.encontrasantana.com.br\\\/sobre\\\/author\\\/esantana\\\/#author\"},\"publisher\":{\"@id\":\"https:\\\/\\\/www.encontrasantana.com.br\\\/sobre\\\/#organization\"},\"datePublished\":\"2011-05-27T18:26:33-03:00\",\"dateModified\":\"2019-04-15T10:03:20-03:00\",\"inLanguage\":\"pt-BR\",\"mainEntityOfPage\":{\"@id\":\"https:\\\/\\\/www.encontrasantana.com.br\\\/sobre\\\/redes-de-supermercados-selecionam-profissionais-por-intermedio-do-cat-santana\\\/#webpage\"},\"isPartOf\":{\"@id\":\"https:\\\/\\\/www.encontrasantana.com.br\\\/sobre\\\/redes-de-supermercados-selecionam-profissionais-por-intermedio-do-cat-santana\\\/#webpage\"},\"articleSection\":\"Empregos Santana, Santana\"},{\"@type\":\"BreadcrumbList\",\"@id\":\"https:\\\/\\\/www.encontrasantana.com.br\\\/sobre\\\/redes-de-supermercados-selecionam-profissionais-por-intermedio-do-cat-santana\\\/#breadcrumblist\",\"itemListElement\":[{\"@type\":\"ListItem\",\"@id\":\"https:\\\/\\\/www.encontrasantana.com.br\\\/sobre#listItem\",\"position\":1,\"name\":\"In\\u00edcio\",\"item\":\"https:\\\/\\\/www.encontrasantana.com.br\\\/sobre\",\"nextItem\":{\"@type\":\"ListItem\",\"@id\":\"https:\\\/\\\/www.encontrasantana.com.br\\\/sobre\\\/empregos-em-santana\\\/#listItem\",\"name\":\"Empregos Santana\"}},{\"@type\":\"ListItem\",\"@id\":\"https:\\\/\\\/www.encontrasantana.com.br\\\/sobre\\\/empregos-em-santana\\\/#listItem\",\"position\":2,\"name\":\"Empregos Santana\",\"item\":\"https:\\\/\\\/www.encontrasantana.com.br\\\/sobre\\\/empregos-em-santana\\\/\",\"nextItem\":{\"@type\":\"ListItem\",\"@id\":\"https:\\\/\\\/www.encontrasantana.com.br\\\/sobre\\\/redes-de-supermercados-selecionam-profissionais-por-intermedio-do-cat-santana\\\/#listItem\",\"name\":\"Redes de supermercados selecionam profissionais por interm\\u00e9dio do CAT Santana\"},\"previousItem\":{\"@type\":\"ListItem\",\"@id\":\"https:\\\/\\\/www.encontrasantana.com.br\\\/sobre#listItem\",\"name\":\"In\\u00edcio\"}},{\"@type\":\"ListItem\",\"@id\":\"https:\\\/\\\/www.encontrasantana.com.br\\\/sobre\\\/redes-de-supermercados-selecionam-profissionais-por-intermedio-do-cat-santana\\\/#listItem\",\"position\":3,\"name\":\"Redes de supermercados selecionam profissionais por interm\\u00e9dio do CAT Santana\",\"previousItem\":{\"@type\":\"ListItem\",\"@id\":\"https:\\\/\\\/www.encontrasantana.com.br\\\/sobre\\\/empregos-em-santana\\\/#listItem\",\"name\":\"Empregos Santana\"}}]},{\"@type\":\"Organization\",\"@id\":\"https:\\\/\\\/www.encontrasantana.com.br\\\/sobre\\\/#organization\",\"name\":\"Encontra Santana\",\"description\":\"Not\\u00edcias, eventos, informa\\u00e7\\u00f5es e dicas no bairro de Santana e regi\\u00e3o.\",\"url\":\"https:\\\/\\\/www.encontrasantana.com.br\\\/sobre\\\/\"},{\"@type\":\"Person\",\"@id\":\"https:\\\/\\\/www.encontrasantana.com.br\\\/sobre\\\/author\\\/esantana\\\/#author\",\"url\":\"https:\\\/\\\/www.encontrasantana.com.br\\\/sobre\\\/author\\\/esantana\\\/\",\"name\":\"Encontra Santana\",\"image\":{\"@type\":\"ImageObject\",\"@id\":\"https:\\\/\\\/www.encontrasantana.com.br\\\/sobre\\\/redes-de-supermercados-selecionam-profissionais-por-intermedio-do-cat-santana\\\/#authorImage\",\"url\":\"https:\\\/\\\/secure.gravatar.com\\\/avatar\\\/0fbed662e37531ae23e68f85f9517b2454e50c1dfebf80eb9b721449ac95e0b9?s=96&d=mm&r=g\",\"width\":96,\"height\":96,\"caption\":\"Encontra Santana\"}},{\"@type\":\"WebPage\",\"@id\":\"https:\\\/\\\/www.encontrasantana.com.br\\\/sobre\\\/redes-de-supermercados-selecionam-profissionais-por-intermedio-do-cat-santana\\\/#webpage\",\"url\":\"https:\\\/\\\/www.encontrasantana.com.br\\\/sobre\\\/redes-de-supermercados-selecionam-profissionais-por-intermedio-do-cat-santana\\\/\",\"name\":\"Redes de supermercados selecionam profissionais por interm\\u00e9dio do CAT Santana \\u00bb Encontra Santana\",\"description\":\"Na pr\\u00f3xima semana, entre os dias 30 de maio e 1\\u00ba de junho, as unidades do Centro de Apoio ao Trabalho (CAT), da Secretaria Municipal de Desenvolvimento Econ\\u00f4mico e do Trabalho, selecionam profissionais para o preenchimento de 382 vagas em diversas redes de supermercados espalhadas pela cidade. Os sal\\u00e1rios oferecidos variam de R$ 640 a\",\"inLanguage\":\"pt-BR\",\"isPartOf\":{\"@id\":\"https:\\\/\\\/www.encontrasantana.com.br\\\/sobre\\\/#website\"},\"breadcrumb\":{\"@id\":\"https:\\\/\\\/www.encontrasantana.com.br\\\/sobre\\\/redes-de-supermercados-selecionam-profissionais-por-intermedio-do-cat-santana\\\/#breadcrumblist\"},\"author\":{\"@id\":\"https:\\\/\\\/www.encontrasantana.com.br\\\/sobre\\\/author\\\/esantana\\\/#author\"},\"creator\":{\"@id\":\"https:\\\/\\\/www.encontrasantana.com.br\\\/sobre\\\/author\\\/esantana\\\/#author\"},\"datePublished\":\"2011-05-27T18:26:33-03:00\",\"dateModified\":\"2019-04-15T10:03:20-03:00\"},{\"@type\":\"WebSite\",\"@id\":\"https:\\\/\\\/www.encontrasantana.com.br\\\/sobre\\\/#website\",\"url\":\"https:\\\/\\\/www.encontrasantana.com.br\\\/sobre\\\/\",\"name\":\"Encontra Santana\",\"description\":\"Not\\u00edcias, eventos, informa\\u00e7\\u00f5es e dicas no bairro de Santana e regi\\u00e3o.\",\"inLanguage\":\"pt-BR\",\"publisher\":{\"@id\":\"https:\\\/\\\/www.encontrasantana.com.br\\\/sobre\\\/#organization\"}}]}\n\t\t<\/script>\n\t\t<!-- All in One SEO -->\n\n","aioseo_head_json":{"title":"Redes de supermercados selecionam profissionais por interm\u00e9dio do CAT Santana \u00bb Encontra Santana","description":"Na pr\u00f3xima semana, entre os dias 30 de maio e 1\u00ba de junho, as unidades do Centro de Apoio ao Trabalho (CAT), da Secretaria Municipal de Desenvolvimento Econ\u00f4mico e do Trabalho, selecionam profissionais para o preenchimento de 382 vagas em diversas redes de supermercados espalhadas pela cidade. Os sal\u00e1rios oferecidos variam de R$ 640 a","canonical_url":"https:\/\/www.encontrasantana.com.br\/sobre\/redes-de-supermercados-selecionam-profissionais-por-intermedio-do-cat-santana\/","robots":"max-image-preview:large","keywords":"","webmasterTools":{"miscellaneous":""},"schema":{"@context":"https:\/\/schema.org","@graph":[{"@type":"Article","@id":"https:\/\/www.encontrasantana.com.br\/sobre\/redes-de-supermercados-selecionam-profissionais-por-intermedio-do-cat-santana\/#article","name":"Redes de supermercados selecionam profissionais por interm\u00e9dio do CAT Santana \u00bb Encontra Santana","headline":"Redes de supermercados selecionam profissionais por interm\u00e9dio do CAT Santana","author":{"@id":"https:\/\/www.encontrasantana.com.br\/sobre\/author\/esantana\/#author"},"publisher":{"@id":"https:\/\/www.encontrasantana.com.br\/sobre\/#organization"},"datePublished":"2011-05-27T18:26:33-03:00","dateModified":"2019-04-15T10:03:20-03:00","inLanguage":"pt-BR","mainEntityOfPage":{"@id":"https:\/\/www.encontrasantana.com.br\/sobre\/redes-de-supermercados-selecionam-profissionais-por-intermedio-do-cat-santana\/#webpage"},"isPartOf":{"@id":"https:\/\/www.encontrasantana.com.br\/sobre\/redes-de-supermercados-selecionam-profissionais-por-intermedio-do-cat-santana\/#webpage"},"articleSection":"Empregos Santana, Santana"},{"@type":"BreadcrumbList","@id":"https:\/\/www.encontrasantana.com.br\/sobre\/redes-de-supermercados-selecionam-profissionais-por-intermedio-do-cat-santana\/#breadcrumblist","itemListElement":[{"@type":"ListItem","@id":"https:\/\/www.encontrasantana.com.br\/sobre#listItem","position":1,"name":"In\u00edcio","item":"https:\/\/www.encontrasantana.com.br\/sobre","nextItem":{"@type":"ListItem","@id":"https:\/\/www.encontrasantana.com.br\/sobre\/empregos-em-santana\/#listItem","name":"Empregos Santana"}},{"@type":"ListItem","@id":"https:\/\/www.encontrasantana.com.br\/sobre\/empregos-em-santana\/#listItem","position":2,"name":"Empregos Santana","item":"https:\/\/www.encontrasantana.com.br\/sobre\/empregos-em-santana\/","nextItem":{"@type":"ListItem","@id":"https:\/\/www.encontrasantana.com.br\/sobre\/redes-de-supermercados-selecionam-profissionais-por-intermedio-do-cat-santana\/#listItem","name":"Redes de supermercados selecionam profissionais por interm\u00e9dio do CAT Santana"},"previousItem":{"@type":"ListItem","@id":"https:\/\/www.encontrasantana.com.br\/sobre#listItem","name":"In\u00edcio"}},{"@type":"ListItem","@id":"https:\/\/www.encontrasantana.com.br\/sobre\/redes-de-supermercados-selecionam-profissionais-por-intermedio-do-cat-santana\/#listItem","position":3,"name":"Redes de supermercados selecionam profissionais por interm\u00e9dio do CAT Santana","previousItem":{"@type":"ListItem","@id":"https:\/\/www.encontrasantana.com.br\/sobre\/empregos-em-santana\/#listItem","name":"Empregos Santana"}}]},{"@type":"Organization","@id":"https:\/\/www.encontrasantana.com.br\/sobre\/#organization","name":"Encontra Santana","description":"Not\u00edcias, eventos, informa\u00e7\u00f5es e dicas no bairro de Santana e regi\u00e3o.","url":"https:\/\/www.encontrasantana.com.br\/sobre\/"},{"@type":"Person","@id":"https:\/\/www.encontrasantana.com.br\/sobre\/author\/esantana\/#author","url":"https:\/\/www.encontrasantana.com.br\/sobre\/author\/esantana\/","name":"Encontra Santana","image":{"@type":"ImageObject","@id":"https:\/\/www.encontrasantana.com.br\/sobre\/redes-de-supermercados-selecionam-profissionais-por-intermedio-do-cat-santana\/#authorImage","url":"https:\/\/secure.gravatar.com\/avatar\/0fbed662e37531ae23e68f85f9517b2454e50c1dfebf80eb9b721449ac95e0b9?s=96&d=mm&r=g","width":96,"height":96,"caption":"Encontra Santana"}},{"@type":"WebPage","@id":"https:\/\/www.encontrasantana.com.br\/sobre\/redes-de-supermercados-selecionam-profissionais-por-intermedio-do-cat-santana\/#webpage","url":"https:\/\/www.encontrasantana.com.br\/sobre\/redes-de-supermercados-selecionam-profissionais-por-intermedio-do-cat-santana\/","name":"Redes de supermercados selecionam profissionais por interm\u00e9dio do CAT Santana \u00bb Encontra Santana","description":"Na pr\u00f3xima semana, entre os dias 30 de maio e 1\u00ba de junho, as unidades do Centro de Apoio ao Trabalho (CAT), da Secretaria Municipal de Desenvolvimento Econ\u00f4mico e do Trabalho, selecionam profissionais para o preenchimento de 382 vagas em diversas redes de supermercados espalhadas pela cidade. Os sal\u00e1rios oferecidos variam de R$ 640 a","inLanguage":"pt-BR","isPartOf":{"@id":"https:\/\/www.encontrasantana.com.br\/sobre\/#website"},"breadcrumb":{"@id":"https:\/\/www.encontrasantana.com.br\/sobre\/redes-de-supermercados-selecionam-profissionais-por-intermedio-do-cat-santana\/#breadcrumblist"},"author":{"@id":"https:\/\/www.encontrasantana.com.br\/sobre\/author\/esantana\/#author"},"creator":{"@id":"https:\/\/www.encontrasantana.com.br\/sobre\/author\/esantana\/#author"},"datePublished":"2011-05-27T18:26:33-03:00","dateModified":"2019-04-15T10:03:20-03:00"},{"@type":"WebSite","@id":"https:\/\/www.encontrasantana.com.br\/sobre\/#website","url":"https:\/\/www.encontrasantana.com.br\/sobre\/","name":"Encontra Santana","description":"Not\u00edcias, eventos, informa\u00e7\u00f5es e dicas no bairro de Santana e regi\u00e3o.","inLanguage":"pt-BR","publisher":{"@id":"https:\/\/www.encontrasantana.com.br\/sobre\/#organization"}}]},"og:locale":"pt_BR","og:site_name":"Encontra Santana | Not\u00edcias, eventos, informa\u00e7\u00f5es e dicas no bairro de Santana e regi\u00e3o.","og:type":"article","og:title":"Redes de supermercados selecionam profissionais por interm\u00e9dio do CAT Santana \u00bb Encontra Santana","og:description":"Na pr\u00f3xima semana, entre os dias 30 de maio e 1\u00ba de junho, as unidades do Centro de Apoio ao Trabalho (CAT), da Secretaria Municipal de Desenvolvimento Econ\u00f4mico e do Trabalho, selecionam profissionais para o preenchimento de 382 vagas em diversas redes de supermercados espalhadas pela cidade. Os sal\u00e1rios oferecidos variam de R$ 640 a","og:url":"https:\/\/www.encontrasantana.com.br\/sobre\/redes-de-supermercados-selecionam-profissionais-por-intermedio-do-cat-santana\/","article:published_time":"2011-05-27T21:26:33+00:00","article:modified_time":"2019-04-15T13:03:20+00:00","twitter:card":"summary","twitter:title":"Redes de supermercados selecionam profissionais por interm\u00e9dio do CAT Santana \u00bb Encontra Santana","twitter:description":"Na pr\u00f3xima semana, entre os dias 30 de maio e 1\u00ba de junho, as unidades do Centro de Apoio ao Trabalho (CAT), da Secretaria Municipal de Desenvolvimento Econ\u00f4mico e do Trabalho, selecionam profissionais para o preenchimento de 382 vagas em diversas redes de supermercados espalhadas pela cidade. Os sal\u00e1rios oferecidos variam de R$ 640 a"},"aioseo_meta_data":{"post_id":"1086","title":null,"description":null,"keywords":null,"keyphrases":null,"primary_term":null,"canonical_url":null,"og_title":null,"og_description":null,"og_object_type":"default","og_image_type":"default","og_image_url":null,"og_image_width":null,"og_image_height":null,"og_image_custom_url":null,"og_image_custom_fields":null,"og_video":null,"og_custom_url":null,"og_article_section":null,"og_article_tags":null,"twitter_use_og":false,"twitter_card":"default","twitter_image_type":"default","twitter_image_url":null,"twitter_image_custom_url":null,"twitter_image_custom_fields":null,"twitter_title":null,"twitter_description":null,"schema":{"blockGraphs":[],"customGraphs":[],"default":{"data":{"Article":[],"Course":[],"Dataset":[],"FAQPage":[],"Movie":[],"Person":[],"Product":[],"ProductReview":[],"Car":[],"Recipe":[],"Service":[],"SoftwareApplication":[],"WebPage":[]},"graphName":"Article","isEnabled":true},"graphs":[]},"schema_type":null,"schema_type_options":null,"pillar_content":false,"robots_default":true,"robots_noindex":false,"robots_noarchive":false,"robots_nosnippet":false,"robots_nofollow":false,"robots_noimageindex":false,"robots_noodp":false,"robots_notranslate":false,"robots_max_snippet":null,"robots_max_videopreview":null,"robots_max_imagepreview":"large","priority":null,"frequency":null,"local_seo":null,"limit_modified_date":false,"created":"2021-04-20 22:14:40","updated":"2026-08-06 07:51:26","focus_keyword":null,"additional_keywords":null,"truseo_locale":null,"ai":null,"breadcrumb_settings":null,"seo_analyzer_scan_date":null},"aioseo_breadcrumb":"<div class=\"aioseo-breadcrumbs\"><span class=\"aioseo-breadcrumb\">\n\t\t\t<a href=\"https:\/\/www.encontrasantana.com.br\/sobre\" title=\"In\u00edcio\">In\u00edcio<\/a>\n\t\t<\/span><span class=\"aioseo-breadcrumb-separator\">&raquo;<\/span><span class=\"aioseo-breadcrumb\">\n\t\t\t<a href=\"https:\/\/www.encontrasantana.com.br\/sobre\/empregos-em-santana\/\" title=\"Empregos Santana\">Empregos Santana<\/a>\n\t\t<\/span><span class=\"aioseo-breadcrumb-separator\">&raquo;<\/span><span class=\"aioseo-breadcrumb\">\n\t\t\tRedes de supermercados selecionam profissionais por interm\u00e9dio do CAT Santana\n\t\t<\/span><\/div>","aioseo_breadcrumb_json":[{"label":"In\u00edcio","link":"https:\/\/www.encontrasantana.com.br\/sobre"},{"label":"Empregos Santana","link":"https:\/\/www.encontrasantana.com.br\/sobre\/empregos-em-santana\/"},{"label":"Redes de supermercados selecionam profissionais por interm\u00e9dio do CAT Santana","link":"https:\/\/www.encontrasantana.com.br\/sobre\/redes-de-supermercados-selecionam-profissionais-por-intermedio-do-cat-santana\/"}],"_links":{"self":[{"href":"https:\/\/www.encontrasantana.com.br\/sobre\/wp-json\/wp\/v2\/posts\/1086","targetHints":{"allow":["GET"]}}],"collection":[{"href":"https:\/\/www.encontrasantana.com.br\/sobre\/wp-json\/wp\/v2\/posts"}],"about":[{"href":"https:\/\/www.encontrasantana.com.br\/sobre\/wp-json\/wp\/v2\/types\/post"}],"author":[{"embeddable":true,"href":"https:\/\/www.encontrasantana.com.br\/sobre\/wp-json\/wp\/v2\/users\/1"}],"replies":[{"embeddable":true,"href":"https:\/\/www.encontrasantana.com.br\/sobre\/wp-json\/wp\/v2\/comments?post=1086"}],"version-history":[{"count":0,"href":"https:\/\/www.encontrasantana.com.br\/sobre\/wp-json\/wp\/v2\/posts\/1086\/revisions"}],"wp:attachment":[{"href":"https:\/\/www.encontrasantana.com.br\/sobre\/wp-json\/wp\/v2\/media?parent=1086"}],"wp:term":[{"taxonomy":"category","embeddable":true,"href":"https:\/\/www.encontrasantana.com.br\/sobre\/wp-json\/wp\/v2\/categories?post=1086"},{"taxonomy":"post_tag","embeddable":true,"href":"https:\/\/www.encontrasantana.com.br\/sobre\/wp-json\/wp\/v2\/tags?post=1086"}],"curies":[{"name":"wp","href":"https:\/\/api.w.org\/{rel}","templated":true}]}}