{"id":1103,"date":"2011-06-03T19:44:24","date_gmt":"2011-06-03T22:44:24","guid":{"rendered":"http:\/\/www.encontrasantana.com.br\/blog\/?p=1103"},"modified":"2019-04-15T10:03:18","modified_gmt":"2019-04-15T13:03:18","slug":"cat-santana-oferece-dicas-de-orientacao-para-o-trabalho","status":"publish","type":"post","link":"https:\/\/www.encontrasantana.com.br\/sobre\/cat-santana-oferece-dicas-de-orientacao-para-o-trabalho\/","title":{"rendered":"CAT Santana oferece dicas de orienta\u00e7\u00e3o para o trabalho"},"content":{"rendered":"<div class=\"1acf8468e559fd3cbeec5aee3a269a52\" data-index=\"1\" style=\"float: none; margin:0px;\">\n<!-- Anuncio display - global -->\r\n<ins class=\"adsbygoogle\"\r\n     style=\"display:block\"\r\n     data-ad-client=\"ca-pub-8585364105181520\"\r\n     data-ad-slot=\"8789329856\"\r\n     data-ad-format=\"auto\"\r\n     data-full-width-responsive=\"true\"><\/ins>\r\n<script>\r\n     (adsbygoogle = window.adsbygoogle || []).push({});\r\n<\/script>\n<\/div>\n<p>Nesta quarta-feira (8\/6) o Centro de Apoio ao Trabalho (CAT), da Secretaria Municipal de Desenvolvimento Econ\u00f4mico e do Trabalho (Semdet), oferecer\u00e1 mais uma oficina do programa Orienta\u00e7\u00e3o para o Trabalho. O objetivo da a\u00e7\u00e3o \u00e9 apresentar ao trabalhador dicas para a sua autopromo\u00e7\u00e3o, seja durante uma din\u00e2mica de grupo ou uma entrevista de emprego. O projeto que acontece desde abril de 2009, orienta o trabalhador que est\u00e1 em busca de nova oportunidade no mercado, ou at\u00e9 mesmo est\u00e1 \u00e0 procura do primeiro emprego.<\/p>\n<p>Na oficina da pr\u00f3xima semana, o participante aprender\u00e1 o que deve enfatizar e ressaltar durante um processo de sele\u00e7\u00e3o, como suas habilidades e suas compet\u00eancias. Al\u00e9m disso, o trabalhador receber\u00e1 orienta\u00e7\u00f5es sobre comportamento, apar\u00eancia (vestu\u00e1rio e higiene), curr\u00edculo, entre outros.<\/p>\n<p>A oficina \u00e9 gratuita e n\u00e3o \u00e9 necess\u00e1ria a inscri\u00e7\u00e3o, apenas o comparecimento dos interessados no hor\u00e1rio da atividade, que come\u00e7a \u00e0s 9h. Confra as unidades que receber\u00e3o a oficina<\/p>\n<p><strong>Endere\u00e7os<\/strong><\/p>\n<p>CAT Luz<br \/>\nAv. Prestes Maia, 913\/919<\/p>\n<p>CAT Itaquera<br \/>\nRua Greg\u00f3rio Ramalho, 12<\/p>\n<p>CAT\u00a0Penha<br \/>\nRua Candapu\u00ed, 492 (dentro da Subprefeitura da Penha)<\/p>\n<p>CAT Itaim Paulista<br \/>\nAv. Marechal Tito, 3.012<\/p>\n<p>CAT S\u00e3o Mateus I<br \/>\nAv. Mateo Bei, 1.641<\/p>\n<p><a href=\"http:\/\/www.encontrasantana.com.br\/santana\/cat-em-santana.shtml\" target=\"_blank\"><strong>CAT Santana<\/strong><\/a><br \/>\nRua Volunt\u00e1rios da P\u00e1tria, 1.553<\/p>\n<p>CAT\u00a0Perus<br \/>\nRua Yl\u00eddio Figueiredo, 349<\/p>\n<p>CAT Lapa I<br \/>\nRua Monteiro de Melo, 342<\/p>\n<p>CAT Interlagos<br \/>\nAv. Interlagos, 6.122<\/p>\n<p>CAT Jabaquara<br \/>\nAv. Eng. Armando de Arruda Pereira, 2.314<\/p>\n<p>CAT Parelheiros<br \/>\nSadamu Inoue, 5.252<\/p>\n<p>CAT Itinerante \u2013 Tenda do Trabalhador<br \/>\nVale do Anhangaba\u00fa (em frente ao pr\u00e9dio dos Correios)<\/p>\n<p><em>Fonte: Prefeitura de S\u00e3o Paulo<\/em><\/p>\n\n<div style=\"font-size: 0px; height: 0px; line-height: 0px; margin: 0; padding: 0; clear: both;\"><\/div>","protected":false},"excerpt":{"rendered":"<p>Nesta quarta-feira (8\/6) o Centro de Apoio ao Trabalho (CAT), da Secretaria Municipal de Desenvolvimento Econ\u00f4mico e do Trabalho (Semdet), oferecer\u00e1 mais uma oficina do programa Orienta\u00e7\u00e3o para o Trabalho. O objetivo da a\u00e7\u00e3o \u00e9 apresentar ao trabalhador dicas para a sua autopromo\u00e7\u00e3o, seja durante uma din\u00e2mica de grupo ou uma entrevista de emprego. O projeto que acontece desde abril de 2009, orienta o trabalhador que est\u00e1 em busca de nova oportunidade no mercado, ou at\u00e9 mesmo est\u00e1 \u00e0 procura do primeiro emprego. Na oficina da pr\u00f3xima semana, o participante aprender\u00e1 o que deve enfatizar e ressaltar durante um processo <\/p>\n","protected":false},"author":1,"featured_media":0,"comment_status":"open","ping_status":"closed","sticky":false,"template":"","format":"standard","meta":{"footnotes":""},"categories":[12],"tags":[10],"class_list":["post-1103","post","type-post","status-publish","format-standard","hentry","category-cursos-em-santana","tag-santana"],"aioseo_notices":[],"_links":{"self":[{"href":"https:\/\/www.encontrasantana.com.br\/sobre\/wp-json\/wp\/v2\/posts\/1103"}],"collection":[{"href":"https:\/\/www.encontrasantana.com.br\/sobre\/wp-json\/wp\/v2\/posts"}],"about":[{"href":"https:\/\/www.encontrasantana.com.br\/sobre\/wp-json\/wp\/v2\/types\/post"}],"author":[{"embeddable":true,"href":"https:\/\/www.encontrasantana.com.br\/sobre\/wp-json\/wp\/v2\/users\/1"}],"replies":[{"embeddable":true,"href":"https:\/\/www.encontrasantana.com.br\/sobre\/wp-json\/wp\/v2\/comments?post=1103"}],"version-history":[{"count":0,"href":"https:\/\/www.encontrasantana.com.br\/sobre\/wp-json\/wp\/v2\/posts\/1103\/revisions"}],"wp:attachment":[{"href":"https:\/\/www.encontrasantana.com.br\/sobre\/wp-json\/wp\/v2\/media?parent=1103"}],"wp:term":[{"taxonomy":"category","embeddable":true,"href":"https:\/\/www.encontrasantana.com.br\/sobre\/wp-json\/wp\/v2\/categories?post=1103"},{"taxonomy":"post_tag","embeddable":true,"href":"https:\/\/www.encontrasantana.com.br\/sobre\/wp-json\/wp\/v2\/tags?post=1103"}],"curies":[{"name":"wp","href":"https:\/\/api.w.org\/{rel}","templated":true}]}}