{"id":11942,"date":"2012-02-22T17:53:52","date_gmt":"2012-02-22T20:53:52","guid":{"rendered":"http:\/\/www.encontrasantana.com.br\/blog\/?p=11942"},"modified":"2019-04-15T10:00:32","modified_gmt":"2019-04-15T13:00:32","slug":"policia-prende-dois-suspeitos-de-iniciar-confusao-no-sambodromo-de-santana","status":"publish","type":"post","link":"https:\/\/www.encontrasantana.com.br\/sobre\/policia-prende-dois-suspeitos-de-iniciar-confusao-no-sambodromo-de-santana\/","title":{"rendered":"Pol\u00edcia prende dois suspeitos de iniciar confus\u00e3o no Samb\u00f3dromo de Santana"},"content":{"rendered":"<div class=\"1acf8468e559fd3cbeec5aee3a269a52\" data-index=\"1\" style=\"float: none; margin:0px;\">\n<!-- Anuncio display - global -->\r\n<ins class=\"adsbygoogle\"\r\n     style=\"display:block\"\r\n     data-ad-client=\"ca-pub-8585364105181520\"\r\n     data-ad-slot=\"8789329856\"\r\n     data-ad-format=\"auto\"\r\n     data-full-width-responsive=\"true\"><\/ins>\r\n<script>\r\n     (adsbygoogle = window.adsbygoogle || []).push({});\r\n<\/script>\n<\/div>\n<p>A pol\u00edcia prendeu, no in\u00edcio da noite desta ter\u00e7a-feira (21), dois suspeitos de terem iniciado a confus\u00e3o no <a href=\"http:\/\/www.encontrasantana.com.br\/santana\/sambodromo-santana.shtml\" target=\"_blank\">Samb\u00f3dromo do Anhembi<\/a>, na zona norte de S\u00e3o Paulo. Por volta das 18h40, um rapaz de 29 anos (integrante da Imp\u00e9rio da Casa Verde), e outro de 20 anos (integrante da Gavi\u00f5es da Fiel) estavam detidos na delegacia dentro do samb\u00f3dromo. O\u00a0integrante da Casa Verde\u00a0\u00e9 suspeito de ser o rapaz que invadiu o setor dos jurados, pegou o papel com as notas,\u00a0o rasgou e tentou fugir.<\/p>\n<p>Segundo a pol\u00edcia, os dois ir\u00e3o responder por danos ao patrim\u00f4nio p\u00fablico. De acordo com o delegado Oswaldo Gon\u00e7alves, o integrante da Imp\u00e9rio da Casa Verde disse que rasgou as notas em sinal de protesto, pois\u00a0o acordo da Liga Independente das Escolas de Samba de S\u00e3o Paulo que n\u00e3o foi cumprido. O rapaz teria afirmado ainda que o acordo previa que nenhuma escola fosse rebaixada para o grupo de acesso devido \u00e0 troca de dois\u00a0jurados respons\u00e1veis pela apura\u00e7\u00e3o, ocorrida na quinta-feira (16).<\/p>\n<div>\n<p><strong>Confus\u00e3o<\/strong><\/p>\n<p>O &#8220;roubo&#8221; das notas\u00a0deu in\u00edcio a uma pancadaria generalizada no Anhembi. Cadeiras foram jogadas e as grades que delimitavam as \u00e1reas exclusivas para a dire\u00e7\u00e3o das escolas e o setor dos\u00a0jurados foram quebradas. A Pol\u00edcia Militar tentou conter a confus\u00e3o, mas o n\u00famero de policiais no local era pequeno, se comparado com o de torcedores.<\/p>\n<p>Com isso, a apura\u00e7\u00e3o dos votos dado \u00e0s escolas\u00a0foi suspensa. Logo ap\u00f3s o incidente, Solange Cruz Bechara, presidente da Mocidade Alegre,\u00a0afirmou n\u00e3o saber\u00a0se existia uma c\u00f3pia da nota dos jurados (que foi rasgada) e afirmou que n\u00e3o\u00a0considera sua escola a campe\u00e3 do Carnaval.<\/p>\n<p>&#8211; N\u00e3o posso me pronunciar sobre uma coisa que n\u00e3o aconteceu.<\/p>\n<\/div>\n<div>\n<p>Ela falou ainda que entende, em parte, o que aconteceu.<\/p>\n<p>Eu entendo o lado de todo mundo porque o Carnaval \u00e9 muito disputado e ningu\u00e9m quer descer para o grupo de acesso, mas a viol\u00eancia n\u00e3o leva a nada.<\/p>\n<p>Ap\u00f3s a pancadaria, torcedores invadiram a pista local da marginal Tiet\u00ea, sentido Castello Branco, que precisou ser interditada. Por volta das 17h50, eles seguiam pela via e deixava um rastro de depreda\u00e7\u00e3o.<\/p>\n<p><strong>Inc\u00eandio<\/strong><\/p>\n<p>Durante a confus\u00e3o, tamb\u00e9m foi registrado um\u00a0inc\u00eandio no setor de dispers\u00e3o do\u00a0samb\u00f3dromo, onde\u00a0est\u00e3o estacionado os carros aleg\u00f3ricos usados nos desfiles. Por volta das 18h10, as chamas que atingiam uma alegoria da P\u00e9rola Negra j\u00e1 tinham sido controladas com a ajuda de um caminh\u00e3o-pipa. O\u00a0diretor de marketing da Perola Negra, Jaime Roizen, acusou os torcedores da Gavi\u00f5es da Fiel de terem ateado fogo em um dos carros da escola.\u00a0De acordo com Roizen, v\u00e1rias pessoas viram os integrantes da Gavi\u00f5es deixarem a arquibancada frustrados e passarem ao lado da dispers\u00e3o colocando fogo nas alegorias. Apesar de corintiano, o integrante da Perola Negra defende a sa\u00edda da Gavi\u00f5es do Carnaval.<\/p>\n<p>&#8211; Eles s\u00e3o um bando de baderneiros. Receberam milh\u00f5es do Lula e do Governo Federal e n\u00e3o tiveram capacidade de fazer um desfile como o nosso. Por causa disso, vieram botar fogo no no sso sonho. Isso n\u00e3o se faz.<\/p>\n<p>A reportagem tentou entrar em contato com a dire\u00e7\u00e3o da Gavi\u00f5es da Fiel, mas at\u00e9 a publica\u00e7\u00e3o desta not\u00edcia n\u00e3o conseguiu retorno.<\/p>\n<p><em>Fonte: R7<\/em><\/p>\n<\/div>\n\n<div style=\"font-size: 0px; height: 0px; line-height: 0px; margin: 0; padding: 0; clear: both;\"><\/div>","protected":false},"excerpt":{"rendered":"<p>A pol\u00edcia prendeu, no in\u00edcio da noite desta ter\u00e7a-feira (21), dois suspeitos de terem iniciado a confus\u00e3o no Samb\u00f3dromo do Anhembi, na zona norte de S\u00e3o Paulo. Por volta das 18h40, um rapaz de 29 anos (integrante da Imp\u00e9rio da Casa Verde), e outro de 20 anos (integrante da Gavi\u00f5es da Fiel) estavam detidos na delegacia dentro do samb\u00f3dromo. O\u00a0integrante da Casa Verde\u00a0\u00e9 suspeito de ser o rapaz que invadiu o setor dos jurados, pegou o papel com as notas,\u00a0o rasgou e tentou fugir. Segundo a pol\u00edcia, os dois ir\u00e3o responder por danos ao patrim\u00f4nio p\u00fablico. De acordo com o <\/p>\n","protected":false},"author":1,"featured_media":0,"comment_status":"open","ping_status":"closed","sticky":false,"template":"","format":"standard","meta":{"footnotes":""},"categories":[3],"tags":[10],"class_list":["post-11942","post","type-post","status-publish","format-standard","hentry","category-noticias-em-santana","tag-santana"],"aioseo_notices":[],"aioseo_head":"\n\t\t<!-- All in One SEO 5.0.0.1 - aioseo.com -->\n\t<meta name=\"description\" content=\"A pol\u00edcia prendeu, no in\u00edcio da noite desta ter\u00e7a-feira (21), dois suspeitos de terem iniciado a confus\u00e3o no Samb\u00f3dromo do Anhembi, na zona norte de S\u00e3o Paulo. Por volta das 18h40, um rapaz de 29 anos (integrante da Imp\u00e9rio da Casa Verde), e outro de 20 anos (integrante da Gavi\u00f5es da Fiel) estavam detidos na\" \/>\n\t<meta name=\"robots\" content=\"max-image-preview:large\" \/>\n\t<meta name=\"author\" content=\"Encontra Santana\"\/>\n\t<link rel=\"canonical\" href=\"https:\/\/www.encontrasantana.com.br\/sobre\/policia-prende-dois-suspeitos-de-iniciar-confusao-no-sambodromo-de-santana\/\" \/>\n\t<meta name=\"generator\" content=\"All in One SEO (AIOSEO) 5.0.0.1\" \/>\n\t\t<meta property=\"og:locale\" content=\"pt_BR\" \/>\n\t\t<meta property=\"og:site_name\" content=\"Encontra Santana | Not\u00edcias, eventos, informa\u00e7\u00f5es e dicas no bairro de Santana e regi\u00e3o.\" \/>\n\t\t<meta property=\"og:type\" content=\"article\" \/>\n\t\t<meta property=\"og:title\" content=\"Pol\u00edcia prende dois suspeitos de iniciar confus\u00e3o no Samb\u00f3dromo de Santana \u00bb Encontra Santana\" \/>\n\t\t<meta property=\"og:description\" content=\"A pol\u00edcia prendeu, no in\u00edcio da noite desta ter\u00e7a-feira (21), dois suspeitos de terem iniciado a confus\u00e3o no Samb\u00f3dromo do Anhembi, na zona norte de S\u00e3o Paulo. Por volta das 18h40, um rapaz de 29 anos (integrante da Imp\u00e9rio da Casa Verde), e outro de 20 anos (integrante da Gavi\u00f5es da Fiel) estavam detidos na\" \/>\n\t\t<meta property=\"og:url\" content=\"https:\/\/www.encontrasantana.com.br\/sobre\/policia-prende-dois-suspeitos-de-iniciar-confusao-no-sambodromo-de-santana\/\" \/>\n\t\t<meta property=\"article:published_time\" content=\"2012-02-22T20:53:52+00:00\" \/>\n\t\t<meta property=\"article:modified_time\" content=\"2019-04-15T13:00:32+00:00\" \/>\n\t\t<meta name=\"twitter:card\" content=\"summary\" \/>\n\t\t<meta name=\"twitter:title\" content=\"Pol\u00edcia prende dois suspeitos de iniciar confus\u00e3o no Samb\u00f3dromo de Santana \u00bb Encontra Santana\" \/>\n\t\t<meta name=\"twitter:description\" content=\"A pol\u00edcia prendeu, no in\u00edcio da noite desta ter\u00e7a-feira (21), dois suspeitos de terem iniciado a confus\u00e3o no Samb\u00f3dromo do Anhembi, na zona norte de S\u00e3o Paulo. Por volta das 18h40, um rapaz de 29 anos (integrante da Imp\u00e9rio da Casa Verde), e outro de 20 anos (integrante da Gavi\u00f5es da Fiel) estavam detidos na\" \/>\n\t\t<script type=\"application\/ld+json\" class=\"aioseo-schema\">\n\t\t\t{\"@context\":\"https:\\\/\\\/schema.org\",\"@graph\":[{\"@type\":\"Article\",\"@id\":\"https:\\\/\\\/www.encontrasantana.com.br\\\/sobre\\\/policia-prende-dois-suspeitos-de-iniciar-confusao-no-sambodromo-de-santana\\\/#article\",\"name\":\"Pol\\u00edcia prende dois suspeitos de iniciar confus\\u00e3o no Samb\\u00f3dromo de Santana \\u00bb Encontra Santana\",\"headline\":\"Pol\\u00edcia prende dois suspeitos de iniciar confus\\u00e3o no Samb\\u00f3dromo de Santana\",\"author\":{\"@id\":\"https:\\\/\\\/www.encontrasantana.com.br\\\/sobre\\\/author\\\/esantana\\\/#author\"},\"publisher\":{\"@id\":\"https:\\\/\\\/www.encontrasantana.com.br\\\/sobre\\\/#organization\"},\"datePublished\":\"2012-02-22T17:53:52-03:00\",\"dateModified\":\"2019-04-15T10:00:32-03:00\",\"inLanguage\":\"pt-BR\",\"mainEntityOfPage\":{\"@id\":\"https:\\\/\\\/www.encontrasantana.com.br\\\/sobre\\\/policia-prende-dois-suspeitos-de-iniciar-confusao-no-sambodromo-de-santana\\\/#webpage\"},\"isPartOf\":{\"@id\":\"https:\\\/\\\/www.encontrasantana.com.br\\\/sobre\\\/policia-prende-dois-suspeitos-de-iniciar-confusao-no-sambodromo-de-santana\\\/#webpage\"},\"articleSection\":\"Not\\u00edcias Santana, Santana\"},{\"@type\":\"BreadcrumbList\",\"@id\":\"https:\\\/\\\/www.encontrasantana.com.br\\\/sobre\\\/policia-prende-dois-suspeitos-de-iniciar-confusao-no-sambodromo-de-santana\\\/#breadcrumblist\",\"itemListElement\":[{\"@type\":\"ListItem\",\"@id\":\"https:\\\/\\\/www.encontrasantana.com.br\\\/sobre#listItem\",\"position\":1,\"name\":\"In\\u00edcio\",\"item\":\"https:\\\/\\\/www.encontrasantana.com.br\\\/sobre\",\"nextItem\":{\"@type\":\"ListItem\",\"@id\":\"https:\\\/\\\/www.encontrasantana.com.br\\\/sobre\\\/noticias-em-santana\\\/#listItem\",\"name\":\"Not\\u00edcias Santana\"}},{\"@type\":\"ListItem\",\"@id\":\"https:\\\/\\\/www.encontrasantana.com.br\\\/sobre\\\/noticias-em-santana\\\/#listItem\",\"position\":2,\"name\":\"Not\\u00edcias Santana\",\"item\":\"https:\\\/\\\/www.encontrasantana.com.br\\\/sobre\\\/noticias-em-santana\\\/\",\"nextItem\":{\"@type\":\"ListItem\",\"@id\":\"https:\\\/\\\/www.encontrasantana.com.br\\\/sobre\\\/policia-prende-dois-suspeitos-de-iniciar-confusao-no-sambodromo-de-santana\\\/#listItem\",\"name\":\"Pol\\u00edcia prende dois suspeitos de iniciar confus\\u00e3o no Samb\\u00f3dromo de Santana\"},\"previousItem\":{\"@type\":\"ListItem\",\"@id\":\"https:\\\/\\\/www.encontrasantana.com.br\\\/sobre#listItem\",\"name\":\"In\\u00edcio\"}},{\"@type\":\"ListItem\",\"@id\":\"https:\\\/\\\/www.encontrasantana.com.br\\\/sobre\\\/policia-prende-dois-suspeitos-de-iniciar-confusao-no-sambodromo-de-santana\\\/#listItem\",\"position\":3,\"name\":\"Pol\\u00edcia prende dois suspeitos de iniciar confus\\u00e3o no Samb\\u00f3dromo de Santana\",\"previousItem\":{\"@type\":\"ListItem\",\"@id\":\"https:\\\/\\\/www.encontrasantana.com.br\\\/sobre\\\/noticias-em-santana\\\/#listItem\",\"name\":\"Not\\u00edcias Santana\"}}]},{\"@type\":\"Organization\",\"@id\":\"https:\\\/\\\/www.encontrasantana.com.br\\\/sobre\\\/#organization\",\"name\":\"Encontra Santana\",\"description\":\"Not\\u00edcias, eventos, informa\\u00e7\\u00f5es e dicas no bairro de Santana e regi\\u00e3o.\",\"url\":\"https:\\\/\\\/www.encontrasantana.com.br\\\/sobre\\\/\"},{\"@type\":\"Person\",\"@id\":\"https:\\\/\\\/www.encontrasantana.com.br\\\/sobre\\\/author\\\/esantana\\\/#author\",\"url\":\"https:\\\/\\\/www.encontrasantana.com.br\\\/sobre\\\/author\\\/esantana\\\/\",\"name\":\"Encontra Santana\",\"image\":{\"@type\":\"ImageObject\",\"@id\":\"https:\\\/\\\/www.encontrasantana.com.br\\\/sobre\\\/policia-prende-dois-suspeitos-de-iniciar-confusao-no-sambodromo-de-santana\\\/#authorImage\",\"url\":\"https:\\\/\\\/secure.gravatar.com\\\/avatar\\\/0fbed662e37531ae23e68f85f9517b2454e50c1dfebf80eb9b721449ac95e0b9?s=96&d=mm&r=g\",\"width\":96,\"height\":96,\"caption\":\"Encontra Santana\"}},{\"@type\":\"WebPage\",\"@id\":\"https:\\\/\\\/www.encontrasantana.com.br\\\/sobre\\\/policia-prende-dois-suspeitos-de-iniciar-confusao-no-sambodromo-de-santana\\\/#webpage\",\"url\":\"https:\\\/\\\/www.encontrasantana.com.br\\\/sobre\\\/policia-prende-dois-suspeitos-de-iniciar-confusao-no-sambodromo-de-santana\\\/\",\"name\":\"Pol\\u00edcia prende dois suspeitos de iniciar confus\\u00e3o no Samb\\u00f3dromo de Santana \\u00bb Encontra Santana\",\"description\":\"A pol\\u00edcia prendeu, no in\\u00edcio da noite desta ter\\u00e7a-feira (21), dois suspeitos de terem iniciado a confus\\u00e3o no Samb\\u00f3dromo do Anhembi, na zona norte de S\\u00e3o Paulo. Por volta das 18h40, um rapaz de 29 anos (integrante da Imp\\u00e9rio da Casa Verde), e outro de 20 anos (integrante da Gavi\\u00f5es da Fiel) estavam detidos na\",\"inLanguage\":\"pt-BR\",\"isPartOf\":{\"@id\":\"https:\\\/\\\/www.encontrasantana.com.br\\\/sobre\\\/#website\"},\"breadcrumb\":{\"@id\":\"https:\\\/\\\/www.encontrasantana.com.br\\\/sobre\\\/policia-prende-dois-suspeitos-de-iniciar-confusao-no-sambodromo-de-santana\\\/#breadcrumblist\"},\"author\":{\"@id\":\"https:\\\/\\\/www.encontrasantana.com.br\\\/sobre\\\/author\\\/esantana\\\/#author\"},\"creator\":{\"@id\":\"https:\\\/\\\/www.encontrasantana.com.br\\\/sobre\\\/author\\\/esantana\\\/#author\"},\"datePublished\":\"2012-02-22T17:53:52-03:00\",\"dateModified\":\"2019-04-15T10:00:32-03:00\"},{\"@type\":\"WebSite\",\"@id\":\"https:\\\/\\\/www.encontrasantana.com.br\\\/sobre\\\/#website\",\"url\":\"https:\\\/\\\/www.encontrasantana.com.br\\\/sobre\\\/\",\"name\":\"Encontra Santana\",\"description\":\"Not\\u00edcias, eventos, informa\\u00e7\\u00f5es e dicas no bairro de Santana e regi\\u00e3o.\",\"inLanguage\":\"pt-BR\",\"publisher\":{\"@id\":\"https:\\\/\\\/www.encontrasantana.com.br\\\/sobre\\\/#organization\"}}]}\n\t\t<\/script>\n\t\t<!-- All in One SEO -->\n\n","aioseo_head_json":{"title":"Pol\u00edcia prende dois suspeitos de iniciar confus\u00e3o no Samb\u00f3dromo de Santana \u00bb Encontra Santana","description":"A pol\u00edcia prendeu, no in\u00edcio da noite desta ter\u00e7a-feira (21), dois suspeitos de terem iniciado a confus\u00e3o no Samb\u00f3dromo do Anhembi, na zona norte de S\u00e3o Paulo. Por volta das 18h40, um rapaz de 29 anos (integrante da Imp\u00e9rio da Casa Verde), e outro de 20 anos (integrante da Gavi\u00f5es da Fiel) estavam detidos na","canonical_url":"https:\/\/www.encontrasantana.com.br\/sobre\/policia-prende-dois-suspeitos-de-iniciar-confusao-no-sambodromo-de-santana\/","robots":"max-image-preview:large","keywords":"","webmasterTools":{"miscellaneous":""},"schema":{"@context":"https:\/\/schema.org","@graph":[{"@type":"Article","@id":"https:\/\/www.encontrasantana.com.br\/sobre\/policia-prende-dois-suspeitos-de-iniciar-confusao-no-sambodromo-de-santana\/#article","name":"Pol\u00edcia prende dois suspeitos de iniciar confus\u00e3o no Samb\u00f3dromo de Santana \u00bb Encontra Santana","headline":"Pol\u00edcia prende dois suspeitos de iniciar confus\u00e3o no Samb\u00f3dromo de Santana","author":{"@id":"https:\/\/www.encontrasantana.com.br\/sobre\/author\/esantana\/#author"},"publisher":{"@id":"https:\/\/www.encontrasantana.com.br\/sobre\/#organization"},"datePublished":"2012-02-22T17:53:52-03:00","dateModified":"2019-04-15T10:00:32-03:00","inLanguage":"pt-BR","mainEntityOfPage":{"@id":"https:\/\/www.encontrasantana.com.br\/sobre\/policia-prende-dois-suspeitos-de-iniciar-confusao-no-sambodromo-de-santana\/#webpage"},"isPartOf":{"@id":"https:\/\/www.encontrasantana.com.br\/sobre\/policia-prende-dois-suspeitos-de-iniciar-confusao-no-sambodromo-de-santana\/#webpage"},"articleSection":"Not\u00edcias Santana, Santana"},{"@type":"BreadcrumbList","@id":"https:\/\/www.encontrasantana.com.br\/sobre\/policia-prende-dois-suspeitos-de-iniciar-confusao-no-sambodromo-de-santana\/#breadcrumblist","itemListElement":[{"@type":"ListItem","@id":"https:\/\/www.encontrasantana.com.br\/sobre#listItem","position":1,"name":"In\u00edcio","item":"https:\/\/www.encontrasantana.com.br\/sobre","nextItem":{"@type":"ListItem","@id":"https:\/\/www.encontrasantana.com.br\/sobre\/noticias-em-santana\/#listItem","name":"Not\u00edcias Santana"}},{"@type":"ListItem","@id":"https:\/\/www.encontrasantana.com.br\/sobre\/noticias-em-santana\/#listItem","position":2,"name":"Not\u00edcias Santana","item":"https:\/\/www.encontrasantana.com.br\/sobre\/noticias-em-santana\/","nextItem":{"@type":"ListItem","@id":"https:\/\/www.encontrasantana.com.br\/sobre\/policia-prende-dois-suspeitos-de-iniciar-confusao-no-sambodromo-de-santana\/#listItem","name":"Pol\u00edcia prende dois suspeitos de iniciar confus\u00e3o no Samb\u00f3dromo de Santana"},"previousItem":{"@type":"ListItem","@id":"https:\/\/www.encontrasantana.com.br\/sobre#listItem","name":"In\u00edcio"}},{"@type":"ListItem","@id":"https:\/\/www.encontrasantana.com.br\/sobre\/policia-prende-dois-suspeitos-de-iniciar-confusao-no-sambodromo-de-santana\/#listItem","position":3,"name":"Pol\u00edcia prende dois suspeitos de iniciar confus\u00e3o no Samb\u00f3dromo de Santana","previousItem":{"@type":"ListItem","@id":"https:\/\/www.encontrasantana.com.br\/sobre\/noticias-em-santana\/#listItem","name":"Not\u00edcias Santana"}}]},{"@type":"Organization","@id":"https:\/\/www.encontrasantana.com.br\/sobre\/#organization","name":"Encontra Santana","description":"Not\u00edcias, eventos, informa\u00e7\u00f5es e dicas no bairro de Santana e regi\u00e3o.","url":"https:\/\/www.encontrasantana.com.br\/sobre\/"},{"@type":"Person","@id":"https:\/\/www.encontrasantana.com.br\/sobre\/author\/esantana\/#author","url":"https:\/\/www.encontrasantana.com.br\/sobre\/author\/esantana\/","name":"Encontra Santana","image":{"@type":"ImageObject","@id":"https:\/\/www.encontrasantana.com.br\/sobre\/policia-prende-dois-suspeitos-de-iniciar-confusao-no-sambodromo-de-santana\/#authorImage","url":"https:\/\/secure.gravatar.com\/avatar\/0fbed662e37531ae23e68f85f9517b2454e50c1dfebf80eb9b721449ac95e0b9?s=96&d=mm&r=g","width":96,"height":96,"caption":"Encontra Santana"}},{"@type":"WebPage","@id":"https:\/\/www.encontrasantana.com.br\/sobre\/policia-prende-dois-suspeitos-de-iniciar-confusao-no-sambodromo-de-santana\/#webpage","url":"https:\/\/www.encontrasantana.com.br\/sobre\/policia-prende-dois-suspeitos-de-iniciar-confusao-no-sambodromo-de-santana\/","name":"Pol\u00edcia prende dois suspeitos de iniciar confus\u00e3o no Samb\u00f3dromo de Santana \u00bb Encontra Santana","description":"A pol\u00edcia prendeu, no in\u00edcio da noite desta ter\u00e7a-feira (21), dois suspeitos de terem iniciado a confus\u00e3o no Samb\u00f3dromo do Anhembi, na zona norte de S\u00e3o Paulo. Por volta das 18h40, um rapaz de 29 anos (integrante da Imp\u00e9rio da Casa Verde), e outro de 20 anos (integrante da Gavi\u00f5es da Fiel) estavam detidos na","inLanguage":"pt-BR","isPartOf":{"@id":"https:\/\/www.encontrasantana.com.br\/sobre\/#website"},"breadcrumb":{"@id":"https:\/\/www.encontrasantana.com.br\/sobre\/policia-prende-dois-suspeitos-de-iniciar-confusao-no-sambodromo-de-santana\/#breadcrumblist"},"author":{"@id":"https:\/\/www.encontrasantana.com.br\/sobre\/author\/esantana\/#author"},"creator":{"@id":"https:\/\/www.encontrasantana.com.br\/sobre\/author\/esantana\/#author"},"datePublished":"2012-02-22T17:53:52-03:00","dateModified":"2019-04-15T10:00:32-03:00"},{"@type":"WebSite","@id":"https:\/\/www.encontrasantana.com.br\/sobre\/#website","url":"https:\/\/www.encontrasantana.com.br\/sobre\/","name":"Encontra Santana","description":"Not\u00edcias, eventos, informa\u00e7\u00f5es e dicas no bairro de Santana e regi\u00e3o.","inLanguage":"pt-BR","publisher":{"@id":"https:\/\/www.encontrasantana.com.br\/sobre\/#organization"}}]},"og:locale":"pt_BR","og:site_name":"Encontra Santana | Not\u00edcias, eventos, informa\u00e7\u00f5es e dicas no bairro de Santana e regi\u00e3o.","og:type":"article","og:title":"Pol\u00edcia prende dois suspeitos de iniciar confus\u00e3o no Samb\u00f3dromo de Santana \u00bb Encontra Santana","og:description":"A pol\u00edcia prendeu, no in\u00edcio da noite desta ter\u00e7a-feira (21), dois suspeitos de terem iniciado a confus\u00e3o no Samb\u00f3dromo do Anhembi, na zona norte de S\u00e3o Paulo. Por volta das 18h40, um rapaz de 29 anos (integrante da Imp\u00e9rio da Casa Verde), e outro de 20 anos (integrante da Gavi\u00f5es da Fiel) estavam detidos na","og:url":"https:\/\/www.encontrasantana.com.br\/sobre\/policia-prende-dois-suspeitos-de-iniciar-confusao-no-sambodromo-de-santana\/","article:published_time":"2012-02-22T20:53:52+00:00","article:modified_time":"2019-04-15T13:00:32+00:00","twitter:card":"summary","twitter:title":"Pol\u00edcia prende dois suspeitos de iniciar confus\u00e3o no Samb\u00f3dromo de Santana \u00bb Encontra Santana","twitter:description":"A pol\u00edcia prendeu, no in\u00edcio da noite desta ter\u00e7a-feira (21), dois suspeitos de terem iniciado a confus\u00e3o no Samb\u00f3dromo do Anhembi, na zona norte de S\u00e3o Paulo. Por volta das 18h40, um rapaz de 29 anos (integrante da Imp\u00e9rio da Casa Verde), e outro de 20 anos (integrante da Gavi\u00f5es da Fiel) estavam detidos na"},"aioseo_meta_data":{"post_id":"11942","title":null,"description":null,"keywords":null,"keyphrases":null,"primary_term":null,"canonical_url":null,"og_title":null,"og_description":null,"og_object_type":"default","og_image_type":"default","og_image_url":null,"og_image_width":null,"og_image_height":null,"og_image_custom_url":null,"og_image_custom_fields":null,"og_video":null,"og_custom_url":null,"og_article_section":null,"og_article_tags":null,"twitter_use_og":false,"twitter_card":"default","twitter_image_type":"default","twitter_image_url":null,"twitter_image_custom_url":null,"twitter_image_custom_fields":null,"twitter_title":null,"twitter_description":null,"schema":{"blockGraphs":[],"customGraphs":[],"default":{"data":{"Article":[],"Course":[],"Dataset":[],"FAQPage":[],"Movie":[],"Person":[],"Product":[],"ProductReview":[],"Car":[],"Recipe":[],"Service":[],"SoftwareApplication":[],"WebPage":[]},"graphName":"Article","isEnabled":true},"graphs":[]},"schema_type":null,"schema_type_options":null,"pillar_content":false,"robots_default":true,"robots_noindex":false,"robots_noarchive":false,"robots_nosnippet":false,"robots_nofollow":false,"robots_noimageindex":false,"robots_noodp":false,"robots_notranslate":false,"robots_max_snippet":null,"robots_max_videopreview":null,"robots_max_imagepreview":"large","priority":null,"frequency":null,"local_seo":null,"limit_modified_date":false,"created":"2021-04-21 00:26:54","updated":"2026-08-06 15:44:51","focus_keyword":null,"additional_keywords":null,"truseo_locale":null,"ai":null,"breadcrumb_settings":null,"seo_analyzer_scan_date":null},"aioseo_breadcrumb":"<div class=\"aioseo-breadcrumbs\"><span class=\"aioseo-breadcrumb\">\n\t\t\t<a href=\"https:\/\/www.encontrasantana.com.br\/sobre\" title=\"In\u00edcio\">In\u00edcio<\/a>\n\t\t<\/span><span class=\"aioseo-breadcrumb-separator\">&raquo;<\/span><span class=\"aioseo-breadcrumb\">\n\t\t\t<a href=\"https:\/\/www.encontrasantana.com.br\/sobre\/noticias-em-santana\/\" title=\"Not\u00edcias Santana\">Not\u00edcias Santana<\/a>\n\t\t<\/span><span class=\"aioseo-breadcrumb-separator\">&raquo;<\/span><span class=\"aioseo-breadcrumb\">\n\t\t\tPol\u00edcia prende dois suspeitos de iniciar confus\u00e3o no Samb\u00f3dromo de Santana\n\t\t<\/span><\/div>","aioseo_breadcrumb_json":[{"label":"In\u00edcio","link":"https:\/\/www.encontrasantana.com.br\/sobre"},{"label":"Not\u00edcias Santana","link":"https:\/\/www.encontrasantana.com.br\/sobre\/noticias-em-santana\/"},{"label":"Pol\u00edcia prende dois suspeitos de iniciar confus\u00e3o no Samb\u00f3dromo de Santana","link":"https:\/\/www.encontrasantana.com.br\/sobre\/policia-prende-dois-suspeitos-de-iniciar-confusao-no-sambodromo-de-santana\/"}],"_links":{"self":[{"href":"https:\/\/www.encontrasantana.com.br\/sobre\/wp-json\/wp\/v2\/posts\/11942","targetHints":{"allow":["GET"]}}],"collection":[{"href":"https:\/\/www.encontrasantana.com.br\/sobre\/wp-json\/wp\/v2\/posts"}],"about":[{"href":"https:\/\/www.encontrasantana.com.br\/sobre\/wp-json\/wp\/v2\/types\/post"}],"author":[{"embeddable":true,"href":"https:\/\/www.encontrasantana.com.br\/sobre\/wp-json\/wp\/v2\/users\/1"}],"replies":[{"embeddable":true,"href":"https:\/\/www.encontrasantana.com.br\/sobre\/wp-json\/wp\/v2\/comments?post=11942"}],"version-history":[{"count":0,"href":"https:\/\/www.encontrasantana.com.br\/sobre\/wp-json\/wp\/v2\/posts\/11942\/revisions"}],"wp:attachment":[{"href":"https:\/\/www.encontrasantana.com.br\/sobre\/wp-json\/wp\/v2\/media?parent=11942"}],"wp:term":[{"taxonomy":"category","embeddable":true,"href":"https:\/\/www.encontrasantana.com.br\/sobre\/wp-json\/wp\/v2\/categories?post=11942"},{"taxonomy":"post_tag","embeddable":true,"href":"https:\/\/www.encontrasantana.com.br\/sobre\/wp-json\/wp\/v2\/tags?post=11942"}],"curies":[{"name":"wp","href":"https:\/\/api.w.org\/{rel}","templated":true}]}}