{"id":11946,"date":"2012-02-22T17:57:04","date_gmt":"2012-02-22T20:57:04","guid":{"rendered":"http:\/\/www.encontrasantana.com.br\/blog\/?p=11946"},"modified":"2019-04-15T10:00:31","modified_gmt":"2019-04-15T13:00:31","slug":"homem-e-preso-no-sambodromo-de-santana-acusado-de-tentar-roubar-trofeu-do-carnaval-2012","status":"publish","type":"post","link":"https:\/\/www.encontrasantana.com.br\/sobre\/homem-e-preso-no-sambodromo-de-santana-acusado-de-tentar-roubar-trofeu-do-carnaval-2012\/","title":{"rendered":"Homem \u00e9 preso no Samb\u00f3dromo de Santana acusado de tentar roubar trof\u00e9u do Carnaval 2012"},"content":{"rendered":"<div class=\"1acf8468e559fd3cbeec5aee3a269a52\" data-index=\"1\" style=\"float: none; margin:0px;\">\n<!-- Anuncio display - global -->\r\n<ins class=\"adsbygoogle\"\r\n     style=\"display:block\"\r\n     data-ad-client=\"ca-pub-8585364105181520\"\r\n     data-ad-slot=\"8789329856\"\r\n     data-ad-format=\"auto\"\r\n     data-full-width-responsive=\"true\"><\/ins>\r\n<script>\r\n     (adsbygoogle = window.adsbygoogle || []).push({});\r\n<\/script>\n<\/div>\n<p>Uma pessoa foi detida no final da noite desta ter\u00e7a-feira (21) sob\u00a0suspeita de tentar furtar o trof\u00e9u da 5\u00aa escola melhor colocada do Carnaval 2012 de S\u00e3o Paulo. Um homem que o\u00a0acompanhava est\u00e1 foragido.<\/p>\n<p>Bruno Raimundo Amaral, 28 anos, seguran\u00e7a da Galeria Pag\u00e9, no centro da capital paulista, e diretor de harmonia da Rosas de Ouro, dep\u00f4s por volta das 23h na Deatur (Delegacia Especializada em Atendimento ao Turista) do <a href=\"http:\/\/www.encontrasantana.com.br\/santana\/sambodromo-santana.shtml\" target=\"_blank\">Samb\u00f3dromo do Anhembi<\/a>.<\/p>\n<p>Assim que a Mocidade Alegre foi anunciada como a grande campe\u00e3 do Carnaval paulista, ele e um homem identificado como Renato tentaram sair por uma das portas dos fundos do samb\u00f3dromo carregando o trof\u00e9u.<\/p>\n<p>No entanto, segundo o delegado Osvaldo Nico, respons\u00e1vel pelo caso, um seguran\u00e7a do Anhembi os impediu de deixar o local e entrou em luta corporal com Bruno. Neste momento, integrantes da torcida da Rosas de Ouro tentaram separar a briga e foram levados \u00e0 delegacia junto com o suspeito.<\/p>\n<p>A pol\u00edcia informou ainda que recebeu uma den\u00fancia de que um menor supostamente armado estaria esperando pelo seguran\u00e7a do samb\u00f3dromo no port\u00e3o 25 do Anhembi para vingar Bruno.<\/p>\n<p>A Rosas de Ouro ficou com o vice-campeonato de 2012, seguida pela Vai-Vai, Mancha Verde e Unidos de Vila Maria.<\/p>\n<p><em>Fonte: R7<\/em><\/p>\n\n<div style=\"font-size: 0px; height: 0px; line-height: 0px; margin: 0; padding: 0; clear: both;\"><\/div>","protected":false},"excerpt":{"rendered":"<p>Uma pessoa foi detida no final da noite desta ter\u00e7a-feira (21) sob\u00a0suspeita de tentar furtar o trof\u00e9u da 5\u00aa escola melhor colocada do Carnaval 2012 de S\u00e3o Paulo. Um homem que o\u00a0acompanhava est\u00e1 foragido. Bruno Raimundo Amaral, 28 anos, seguran\u00e7a da Galeria Pag\u00e9, no centro da capital paulista, e diretor de harmonia da Rosas de Ouro, dep\u00f4s por volta das 23h na Deatur (Delegacia Especializada em Atendimento ao Turista) do Samb\u00f3dromo do Anhembi. Assim que a Mocidade Alegre foi anunciada como a grande campe\u00e3 do Carnaval paulista, ele e um homem identificado como Renato tentaram sair por uma das portas <\/p>\n","protected":false},"author":1,"featured_media":0,"comment_status":"open","ping_status":"closed","sticky":false,"template":"","format":"standard","meta":{"footnotes":""},"categories":[3],"tags":[10],"class_list":["post-11946","post","type-post","status-publish","format-standard","hentry","category-noticias-em-santana","tag-santana"],"aioseo_notices":[],"aioseo_head":"\n\t\t<!-- All in One SEO 5.0.0.1 - aioseo.com -->\n\t<meta name=\"description\" content=\"Uma pessoa foi detida no final da noite desta ter\u00e7a-feira (21) sob suspeita de tentar furtar o trof\u00e9u da 5\u00aa escola melhor colocada do Carnaval 2012 de S\u00e3o Paulo. Um homem que o acompanhava est\u00e1 foragido. Bruno Raimundo Amaral, 28 anos, seguran\u00e7a da Galeria Pag\u00e9, no centro da capital paulista, e diretor de harmonia da Rosas de\" \/>\n\t<meta name=\"robots\" content=\"max-image-preview:large\" \/>\n\t<meta name=\"author\" content=\"Encontra Santana\"\/>\n\t<link rel=\"canonical\" href=\"https:\/\/www.encontrasantana.com.br\/sobre\/homem-e-preso-no-sambodromo-de-santana-acusado-de-tentar-roubar-trofeu-do-carnaval-2012\/\" \/>\n\t<meta name=\"generator\" content=\"All in One SEO (AIOSEO) 5.0.0.1\" \/>\n\t\t<meta property=\"og:locale\" content=\"pt_BR\" \/>\n\t\t<meta property=\"og:site_name\" content=\"Encontra Santana | Not\u00edcias, eventos, informa\u00e7\u00f5es e dicas no bairro de Santana e regi\u00e3o.\" \/>\n\t\t<meta property=\"og:type\" content=\"article\" \/>\n\t\t<meta property=\"og:title\" content=\"Homem \u00e9 preso no Samb\u00f3dromo de Santana acusado de tentar roubar trof\u00e9u do Carnaval 2012 \u00bb Encontra Santana\" \/>\n\t\t<meta property=\"og:description\" content=\"Uma pessoa foi detida no final da noite desta ter\u00e7a-feira (21) sob suspeita de tentar furtar o trof\u00e9u da 5\u00aa escola melhor colocada do Carnaval 2012 de S\u00e3o Paulo. Um homem que o acompanhava est\u00e1 foragido. Bruno Raimundo Amaral, 28 anos, seguran\u00e7a da Galeria Pag\u00e9, no centro da capital paulista, e diretor de harmonia da Rosas de\" \/>\n\t\t<meta property=\"og:url\" content=\"https:\/\/www.encontrasantana.com.br\/sobre\/homem-e-preso-no-sambodromo-de-santana-acusado-de-tentar-roubar-trofeu-do-carnaval-2012\/\" \/>\n\t\t<meta property=\"article:published_time\" content=\"2012-02-22T20:57:04+00:00\" \/>\n\t\t<meta property=\"article:modified_time\" content=\"2019-04-15T13:00:31+00:00\" \/>\n\t\t<meta name=\"twitter:card\" content=\"summary\" \/>\n\t\t<meta name=\"twitter:title\" content=\"Homem \u00e9 preso no Samb\u00f3dromo de Santana acusado de tentar roubar trof\u00e9u do Carnaval 2012 \u00bb Encontra Santana\" \/>\n\t\t<meta name=\"twitter:description\" content=\"Uma pessoa foi detida no final da noite desta ter\u00e7a-feira (21) sob suspeita de tentar furtar o trof\u00e9u da 5\u00aa escola melhor colocada do Carnaval 2012 de S\u00e3o Paulo. Um homem que o acompanhava est\u00e1 foragido. Bruno Raimundo Amaral, 28 anos, seguran\u00e7a da Galeria Pag\u00e9, no centro da capital paulista, e diretor de harmonia da Rosas de\" \/>\n\t\t<script type=\"application\/ld+json\" class=\"aioseo-schema\">\n\t\t\t{\"@context\":\"https:\\\/\\\/schema.org\",\"@graph\":[{\"@type\":\"Article\",\"@id\":\"https:\\\/\\\/www.encontrasantana.com.br\\\/sobre\\\/homem-e-preso-no-sambodromo-de-santana-acusado-de-tentar-roubar-trofeu-do-carnaval-2012\\\/#article\",\"name\":\"Homem \\u00e9 preso no Samb\\u00f3dromo de Santana acusado de tentar roubar trof\\u00e9u do Carnaval 2012 \\u00bb Encontra Santana\",\"headline\":\"Homem \\u00e9 preso no Samb\\u00f3dromo de Santana acusado de tentar roubar trof\\u00e9u do Carnaval 2012\",\"author\":{\"@id\":\"https:\\\/\\\/www.encontrasantana.com.br\\\/sobre\\\/author\\\/esantana\\\/#author\"},\"publisher\":{\"@id\":\"https:\\\/\\\/www.encontrasantana.com.br\\\/sobre\\\/#organization\"},\"datePublished\":\"2012-02-22T17:57:04-03:00\",\"dateModified\":\"2019-04-15T10:00:31-03:00\",\"inLanguage\":\"pt-BR\",\"mainEntityOfPage\":{\"@id\":\"https:\\\/\\\/www.encontrasantana.com.br\\\/sobre\\\/homem-e-preso-no-sambodromo-de-santana-acusado-de-tentar-roubar-trofeu-do-carnaval-2012\\\/#webpage\"},\"isPartOf\":{\"@id\":\"https:\\\/\\\/www.encontrasantana.com.br\\\/sobre\\\/homem-e-preso-no-sambodromo-de-santana-acusado-de-tentar-roubar-trofeu-do-carnaval-2012\\\/#webpage\"},\"articleSection\":\"Not\\u00edcias Santana, Santana\"},{\"@type\":\"BreadcrumbList\",\"@id\":\"https:\\\/\\\/www.encontrasantana.com.br\\\/sobre\\\/homem-e-preso-no-sambodromo-de-santana-acusado-de-tentar-roubar-trofeu-do-carnaval-2012\\\/#breadcrumblist\",\"itemListElement\":[{\"@type\":\"ListItem\",\"@id\":\"https:\\\/\\\/www.encontrasantana.com.br\\\/sobre#listItem\",\"position\":1,\"name\":\"In\\u00edcio\",\"item\":\"https:\\\/\\\/www.encontrasantana.com.br\\\/sobre\",\"nextItem\":{\"@type\":\"ListItem\",\"@id\":\"https:\\\/\\\/www.encontrasantana.com.br\\\/sobre\\\/noticias-em-santana\\\/#listItem\",\"name\":\"Not\\u00edcias Santana\"}},{\"@type\":\"ListItem\",\"@id\":\"https:\\\/\\\/www.encontrasantana.com.br\\\/sobre\\\/noticias-em-santana\\\/#listItem\",\"position\":2,\"name\":\"Not\\u00edcias Santana\",\"item\":\"https:\\\/\\\/www.encontrasantana.com.br\\\/sobre\\\/noticias-em-santana\\\/\",\"nextItem\":{\"@type\":\"ListItem\",\"@id\":\"https:\\\/\\\/www.encontrasantana.com.br\\\/sobre\\\/homem-e-preso-no-sambodromo-de-santana-acusado-de-tentar-roubar-trofeu-do-carnaval-2012\\\/#listItem\",\"name\":\"Homem \\u00e9 preso no Samb\\u00f3dromo de Santana acusado de tentar roubar trof\\u00e9u do Carnaval 2012\"},\"previousItem\":{\"@type\":\"ListItem\",\"@id\":\"https:\\\/\\\/www.encontrasantana.com.br\\\/sobre#listItem\",\"name\":\"In\\u00edcio\"}},{\"@type\":\"ListItem\",\"@id\":\"https:\\\/\\\/www.encontrasantana.com.br\\\/sobre\\\/homem-e-preso-no-sambodromo-de-santana-acusado-de-tentar-roubar-trofeu-do-carnaval-2012\\\/#listItem\",\"position\":3,\"name\":\"Homem \\u00e9 preso no Samb\\u00f3dromo de Santana acusado de tentar roubar trof\\u00e9u do Carnaval 2012\",\"previousItem\":{\"@type\":\"ListItem\",\"@id\":\"https:\\\/\\\/www.encontrasantana.com.br\\\/sobre\\\/noticias-em-santana\\\/#listItem\",\"name\":\"Not\\u00edcias Santana\"}}]},{\"@type\":\"Organization\",\"@id\":\"https:\\\/\\\/www.encontrasantana.com.br\\\/sobre\\\/#organization\",\"name\":\"Encontra Santana\",\"description\":\"Not\\u00edcias, eventos, informa\\u00e7\\u00f5es e dicas no bairro de Santana e regi\\u00e3o.\",\"url\":\"https:\\\/\\\/www.encontrasantana.com.br\\\/sobre\\\/\"},{\"@type\":\"Person\",\"@id\":\"https:\\\/\\\/www.encontrasantana.com.br\\\/sobre\\\/author\\\/esantana\\\/#author\",\"url\":\"https:\\\/\\\/www.encontrasantana.com.br\\\/sobre\\\/author\\\/esantana\\\/\",\"name\":\"Encontra Santana\",\"image\":{\"@type\":\"ImageObject\",\"@id\":\"https:\\\/\\\/www.encontrasantana.com.br\\\/sobre\\\/homem-e-preso-no-sambodromo-de-santana-acusado-de-tentar-roubar-trofeu-do-carnaval-2012\\\/#authorImage\",\"url\":\"https:\\\/\\\/secure.gravatar.com\\\/avatar\\\/0fbed662e37531ae23e68f85f9517b2454e50c1dfebf80eb9b721449ac95e0b9?s=96&d=mm&r=g\",\"width\":96,\"height\":96,\"caption\":\"Encontra Santana\"}},{\"@type\":\"WebPage\",\"@id\":\"https:\\\/\\\/www.encontrasantana.com.br\\\/sobre\\\/homem-e-preso-no-sambodromo-de-santana-acusado-de-tentar-roubar-trofeu-do-carnaval-2012\\\/#webpage\",\"url\":\"https:\\\/\\\/www.encontrasantana.com.br\\\/sobre\\\/homem-e-preso-no-sambodromo-de-santana-acusado-de-tentar-roubar-trofeu-do-carnaval-2012\\\/\",\"name\":\"Homem \\u00e9 preso no Samb\\u00f3dromo de Santana acusado de tentar roubar trof\\u00e9u do Carnaval 2012 \\u00bb Encontra Santana\",\"description\":\"Uma pessoa foi detida no final da noite desta ter\\u00e7a-feira (21) sob suspeita de tentar furtar o trof\\u00e9u da 5\\u00aa escola melhor colocada do Carnaval 2012 de S\\u00e3o Paulo. Um homem que o acompanhava est\\u00e1 foragido. Bruno Raimundo Amaral, 28 anos, seguran\\u00e7a da Galeria Pag\\u00e9, no centro da capital paulista, e diretor de harmonia da Rosas de\",\"inLanguage\":\"pt-BR\",\"isPartOf\":{\"@id\":\"https:\\\/\\\/www.encontrasantana.com.br\\\/sobre\\\/#website\"},\"breadcrumb\":{\"@id\":\"https:\\\/\\\/www.encontrasantana.com.br\\\/sobre\\\/homem-e-preso-no-sambodromo-de-santana-acusado-de-tentar-roubar-trofeu-do-carnaval-2012\\\/#breadcrumblist\"},\"author\":{\"@id\":\"https:\\\/\\\/www.encontrasantana.com.br\\\/sobre\\\/author\\\/esantana\\\/#author\"},\"creator\":{\"@id\":\"https:\\\/\\\/www.encontrasantana.com.br\\\/sobre\\\/author\\\/esantana\\\/#author\"},\"datePublished\":\"2012-02-22T17:57:04-03:00\",\"dateModified\":\"2019-04-15T10:00:31-03:00\"},{\"@type\":\"WebSite\",\"@id\":\"https:\\\/\\\/www.encontrasantana.com.br\\\/sobre\\\/#website\",\"url\":\"https:\\\/\\\/www.encontrasantana.com.br\\\/sobre\\\/\",\"name\":\"Encontra Santana\",\"description\":\"Not\\u00edcias, eventos, informa\\u00e7\\u00f5es e dicas no bairro de Santana e regi\\u00e3o.\",\"inLanguage\":\"pt-BR\",\"publisher\":{\"@id\":\"https:\\\/\\\/www.encontrasantana.com.br\\\/sobre\\\/#organization\"}}]}\n\t\t<\/script>\n\t\t<!-- All in One SEO -->\n\n","aioseo_head_json":{"title":"Homem \u00e9 preso no Samb\u00f3dromo de Santana acusado de tentar roubar trof\u00e9u do Carnaval 2012 \u00bb Encontra Santana","description":"Uma pessoa foi detida no final da noite desta ter\u00e7a-feira (21) sob suspeita de tentar furtar o trof\u00e9u da 5\u00aa escola melhor colocada do Carnaval 2012 de S\u00e3o Paulo. Um homem que o acompanhava est\u00e1 foragido. Bruno Raimundo Amaral, 28 anos, seguran\u00e7a da Galeria Pag\u00e9, no centro da capital paulista, e diretor de harmonia da Rosas de","canonical_url":"https:\/\/www.encontrasantana.com.br\/sobre\/homem-e-preso-no-sambodromo-de-santana-acusado-de-tentar-roubar-trofeu-do-carnaval-2012\/","robots":"max-image-preview:large","keywords":"","webmasterTools":{"miscellaneous":""},"schema":{"@context":"https:\/\/schema.org","@graph":[{"@type":"Article","@id":"https:\/\/www.encontrasantana.com.br\/sobre\/homem-e-preso-no-sambodromo-de-santana-acusado-de-tentar-roubar-trofeu-do-carnaval-2012\/#article","name":"Homem \u00e9 preso no Samb\u00f3dromo de Santana acusado de tentar roubar trof\u00e9u do Carnaval 2012 \u00bb Encontra Santana","headline":"Homem \u00e9 preso no Samb\u00f3dromo de Santana acusado de tentar roubar trof\u00e9u do Carnaval 2012","author":{"@id":"https:\/\/www.encontrasantana.com.br\/sobre\/author\/esantana\/#author"},"publisher":{"@id":"https:\/\/www.encontrasantana.com.br\/sobre\/#organization"},"datePublished":"2012-02-22T17:57:04-03:00","dateModified":"2019-04-15T10:00:31-03:00","inLanguage":"pt-BR","mainEntityOfPage":{"@id":"https:\/\/www.encontrasantana.com.br\/sobre\/homem-e-preso-no-sambodromo-de-santana-acusado-de-tentar-roubar-trofeu-do-carnaval-2012\/#webpage"},"isPartOf":{"@id":"https:\/\/www.encontrasantana.com.br\/sobre\/homem-e-preso-no-sambodromo-de-santana-acusado-de-tentar-roubar-trofeu-do-carnaval-2012\/#webpage"},"articleSection":"Not\u00edcias Santana, Santana"},{"@type":"BreadcrumbList","@id":"https:\/\/www.encontrasantana.com.br\/sobre\/homem-e-preso-no-sambodromo-de-santana-acusado-de-tentar-roubar-trofeu-do-carnaval-2012\/#breadcrumblist","itemListElement":[{"@type":"ListItem","@id":"https:\/\/www.encontrasantana.com.br\/sobre#listItem","position":1,"name":"In\u00edcio","item":"https:\/\/www.encontrasantana.com.br\/sobre","nextItem":{"@type":"ListItem","@id":"https:\/\/www.encontrasantana.com.br\/sobre\/noticias-em-santana\/#listItem","name":"Not\u00edcias Santana"}},{"@type":"ListItem","@id":"https:\/\/www.encontrasantana.com.br\/sobre\/noticias-em-santana\/#listItem","position":2,"name":"Not\u00edcias Santana","item":"https:\/\/www.encontrasantana.com.br\/sobre\/noticias-em-santana\/","nextItem":{"@type":"ListItem","@id":"https:\/\/www.encontrasantana.com.br\/sobre\/homem-e-preso-no-sambodromo-de-santana-acusado-de-tentar-roubar-trofeu-do-carnaval-2012\/#listItem","name":"Homem \u00e9 preso no Samb\u00f3dromo de Santana acusado de tentar roubar trof\u00e9u do Carnaval 2012"},"previousItem":{"@type":"ListItem","@id":"https:\/\/www.encontrasantana.com.br\/sobre#listItem","name":"In\u00edcio"}},{"@type":"ListItem","@id":"https:\/\/www.encontrasantana.com.br\/sobre\/homem-e-preso-no-sambodromo-de-santana-acusado-de-tentar-roubar-trofeu-do-carnaval-2012\/#listItem","position":3,"name":"Homem \u00e9 preso no Samb\u00f3dromo de Santana acusado de tentar roubar trof\u00e9u do Carnaval 2012","previousItem":{"@type":"ListItem","@id":"https:\/\/www.encontrasantana.com.br\/sobre\/noticias-em-santana\/#listItem","name":"Not\u00edcias Santana"}}]},{"@type":"Organization","@id":"https:\/\/www.encontrasantana.com.br\/sobre\/#organization","name":"Encontra Santana","description":"Not\u00edcias, eventos, informa\u00e7\u00f5es e dicas no bairro de Santana e regi\u00e3o.","url":"https:\/\/www.encontrasantana.com.br\/sobre\/"},{"@type":"Person","@id":"https:\/\/www.encontrasantana.com.br\/sobre\/author\/esantana\/#author","url":"https:\/\/www.encontrasantana.com.br\/sobre\/author\/esantana\/","name":"Encontra Santana","image":{"@type":"ImageObject","@id":"https:\/\/www.encontrasantana.com.br\/sobre\/homem-e-preso-no-sambodromo-de-santana-acusado-de-tentar-roubar-trofeu-do-carnaval-2012\/#authorImage","url":"https:\/\/secure.gravatar.com\/avatar\/0fbed662e37531ae23e68f85f9517b2454e50c1dfebf80eb9b721449ac95e0b9?s=96&d=mm&r=g","width":96,"height":96,"caption":"Encontra Santana"}},{"@type":"WebPage","@id":"https:\/\/www.encontrasantana.com.br\/sobre\/homem-e-preso-no-sambodromo-de-santana-acusado-de-tentar-roubar-trofeu-do-carnaval-2012\/#webpage","url":"https:\/\/www.encontrasantana.com.br\/sobre\/homem-e-preso-no-sambodromo-de-santana-acusado-de-tentar-roubar-trofeu-do-carnaval-2012\/","name":"Homem \u00e9 preso no Samb\u00f3dromo de Santana acusado de tentar roubar trof\u00e9u do Carnaval 2012 \u00bb Encontra Santana","description":"Uma pessoa foi detida no final da noite desta ter\u00e7a-feira (21) sob suspeita de tentar furtar o trof\u00e9u da 5\u00aa escola melhor colocada do Carnaval 2012 de S\u00e3o Paulo. Um homem que o acompanhava est\u00e1 foragido. Bruno Raimundo Amaral, 28 anos, seguran\u00e7a da Galeria Pag\u00e9, no centro da capital paulista, e diretor de harmonia da Rosas de","inLanguage":"pt-BR","isPartOf":{"@id":"https:\/\/www.encontrasantana.com.br\/sobre\/#website"},"breadcrumb":{"@id":"https:\/\/www.encontrasantana.com.br\/sobre\/homem-e-preso-no-sambodromo-de-santana-acusado-de-tentar-roubar-trofeu-do-carnaval-2012\/#breadcrumblist"},"author":{"@id":"https:\/\/www.encontrasantana.com.br\/sobre\/author\/esantana\/#author"},"creator":{"@id":"https:\/\/www.encontrasantana.com.br\/sobre\/author\/esantana\/#author"},"datePublished":"2012-02-22T17:57:04-03:00","dateModified":"2019-04-15T10:00:31-03:00"},{"@type":"WebSite","@id":"https:\/\/www.encontrasantana.com.br\/sobre\/#website","url":"https:\/\/www.encontrasantana.com.br\/sobre\/","name":"Encontra Santana","description":"Not\u00edcias, eventos, informa\u00e7\u00f5es e dicas no bairro de Santana e regi\u00e3o.","inLanguage":"pt-BR","publisher":{"@id":"https:\/\/www.encontrasantana.com.br\/sobre\/#organization"}}]},"og:locale":"pt_BR","og:site_name":"Encontra Santana | Not\u00edcias, eventos, informa\u00e7\u00f5es e dicas no bairro de Santana e regi\u00e3o.","og:type":"article","og:title":"Homem \u00e9 preso no Samb\u00f3dromo de Santana acusado de tentar roubar trof\u00e9u do Carnaval 2012 \u00bb Encontra Santana","og:description":"Uma pessoa foi detida no final da noite desta ter\u00e7a-feira (21) sob suspeita de tentar furtar o trof\u00e9u da 5\u00aa escola melhor colocada do Carnaval 2012 de S\u00e3o Paulo. Um homem que o acompanhava est\u00e1 foragido. Bruno Raimundo Amaral, 28 anos, seguran\u00e7a da Galeria Pag\u00e9, no centro da capital paulista, e diretor de harmonia da Rosas de","og:url":"https:\/\/www.encontrasantana.com.br\/sobre\/homem-e-preso-no-sambodromo-de-santana-acusado-de-tentar-roubar-trofeu-do-carnaval-2012\/","article:published_time":"2012-02-22T20:57:04+00:00","article:modified_time":"2019-04-15T13:00:31+00:00","twitter:card":"summary","twitter:title":"Homem \u00e9 preso no Samb\u00f3dromo de Santana acusado de tentar roubar trof\u00e9u do Carnaval 2012 \u00bb Encontra Santana","twitter:description":"Uma pessoa foi detida no final da noite desta ter\u00e7a-feira (21) sob suspeita de tentar furtar o trof\u00e9u da 5\u00aa escola melhor colocada do Carnaval 2012 de S\u00e3o Paulo. Um homem que o acompanhava est\u00e1 foragido. Bruno Raimundo Amaral, 28 anos, seguran\u00e7a da Galeria Pag\u00e9, no centro da capital paulista, e diretor de harmonia da Rosas de"},"aioseo_meta_data":{"post_id":"11946","title":null,"description":null,"keywords":null,"keyphrases":null,"primary_term":null,"canonical_url":null,"og_title":null,"og_description":null,"og_object_type":"default","og_image_type":"default","og_image_url":null,"og_image_width":null,"og_image_height":null,"og_image_custom_url":null,"og_image_custom_fields":null,"og_video":null,"og_custom_url":null,"og_article_section":null,"og_article_tags":null,"twitter_use_og":false,"twitter_card":"default","twitter_image_type":"default","twitter_image_url":null,"twitter_image_custom_url":null,"twitter_image_custom_fields":null,"twitter_title":null,"twitter_description":null,"schema":{"blockGraphs":[],"customGraphs":[],"default":{"data":{"Article":[],"Course":[],"Dataset":[],"FAQPage":[],"Movie":[],"Person":[],"Product":[],"ProductReview":[],"Car":[],"Recipe":[],"Service":[],"SoftwareApplication":[],"WebPage":[]},"graphName":"Article","isEnabled":true},"graphs":[]},"schema_type":null,"schema_type_options":null,"pillar_content":false,"robots_default":true,"robots_noindex":false,"robots_noarchive":false,"robots_nosnippet":false,"robots_nofollow":false,"robots_noimageindex":false,"robots_noodp":false,"robots_notranslate":false,"robots_max_snippet":null,"robots_max_videopreview":null,"robots_max_imagepreview":"large","priority":null,"frequency":null,"local_seo":null,"limit_modified_date":false,"created":"2021-04-21 00:26:54","updated":"2026-08-06 15:44:51","focus_keyword":null,"additional_keywords":null,"truseo_locale":null,"ai":null,"breadcrumb_settings":null,"seo_analyzer_scan_date":null},"aioseo_breadcrumb":"<div class=\"aioseo-breadcrumbs\"><span class=\"aioseo-breadcrumb\">\n\t\t\t<a href=\"https:\/\/www.encontrasantana.com.br\/sobre\" title=\"In\u00edcio\">In\u00edcio<\/a>\n\t\t<\/span><span class=\"aioseo-breadcrumb-separator\">&raquo;<\/span><span class=\"aioseo-breadcrumb\">\n\t\t\t<a href=\"https:\/\/www.encontrasantana.com.br\/sobre\/noticias-em-santana\/\" title=\"Not\u00edcias Santana\">Not\u00edcias Santana<\/a>\n\t\t<\/span><span class=\"aioseo-breadcrumb-separator\">&raquo;<\/span><span class=\"aioseo-breadcrumb\">\n\t\t\tHomem \u00e9 preso no Samb\u00f3dromo de Santana acusado de tentar roubar trof\u00e9u do Carnaval 2012\n\t\t<\/span><\/div>","aioseo_breadcrumb_json":[{"label":"In\u00edcio","link":"https:\/\/www.encontrasantana.com.br\/sobre"},{"label":"Not\u00edcias Santana","link":"https:\/\/www.encontrasantana.com.br\/sobre\/noticias-em-santana\/"},{"label":"Homem \u00e9 preso no Samb\u00f3dromo de Santana acusado de tentar roubar trof\u00e9u do Carnaval 2012","link":"https:\/\/www.encontrasantana.com.br\/sobre\/homem-e-preso-no-sambodromo-de-santana-acusado-de-tentar-roubar-trofeu-do-carnaval-2012\/"}],"_links":{"self":[{"href":"https:\/\/www.encontrasantana.com.br\/sobre\/wp-json\/wp\/v2\/posts\/11946","targetHints":{"allow":["GET"]}}],"collection":[{"href":"https:\/\/www.encontrasantana.com.br\/sobre\/wp-json\/wp\/v2\/posts"}],"about":[{"href":"https:\/\/www.encontrasantana.com.br\/sobre\/wp-json\/wp\/v2\/types\/post"}],"author":[{"embeddable":true,"href":"https:\/\/www.encontrasantana.com.br\/sobre\/wp-json\/wp\/v2\/users\/1"}],"replies":[{"embeddable":true,"href":"https:\/\/www.encontrasantana.com.br\/sobre\/wp-json\/wp\/v2\/comments?post=11946"}],"version-history":[{"count":0,"href":"https:\/\/www.encontrasantana.com.br\/sobre\/wp-json\/wp\/v2\/posts\/11946\/revisions"}],"wp:attachment":[{"href":"https:\/\/www.encontrasantana.com.br\/sobre\/wp-json\/wp\/v2\/media?parent=11946"}],"wp:term":[{"taxonomy":"category","embeddable":true,"href":"https:\/\/www.encontrasantana.com.br\/sobre\/wp-json\/wp\/v2\/categories?post=11946"},{"taxonomy":"post_tag","embeddable":true,"href":"https:\/\/www.encontrasantana.com.br\/sobre\/wp-json\/wp\/v2\/tags?post=11946"}],"curies":[{"name":"wp","href":"https:\/\/api.w.org\/{rel}","templated":true}]}}