{"id":11953,"date":"2012-02-22T18:06:00","date_gmt":"2012-02-22T21:06:00","guid":{"rendered":"http:\/\/www.encontrasantana.com.br\/blog\/?p=11953"},"modified":"2019-04-15T10:00:31","modified_gmt":"2019-04-15T13:00:31","slug":"apos-confusao-nene-de-vila-matilde-faz-festa-no-sambodromo-de-santana","status":"publish","type":"post","link":"https:\/\/www.encontrasantana.com.br\/sobre\/apos-confusao-nene-de-vila-matilde-faz-festa-no-sambodromo-de-santana\/","title":{"rendered":"Ap\u00f3s confus\u00e3o, Nen\u00ea de Vila Matilde faz festa no Samb\u00f3dromo de Santana"},"content":{"rendered":"<div class=\"1acf8468e559fd3cbeec5aee3a269a52\" data-index=\"1\" style=\"float: none; margin:0px;\">\n<!-- Anuncio display - global -->\r\n<ins class=\"adsbygoogle\"\r\n     style=\"display:block\"\r\n     data-ad-client=\"ca-pub-8585364105181520\"\r\n     data-ad-slot=\"8789329856\"\r\n     data-ad-format=\"auto\"\r\n     data-full-width-responsive=\"true\"><\/ins>\r\n<script>\r\n     (adsbygoogle = window.adsbygoogle || []).push({});\r\n<\/script>\n<\/div>\n<p>Depois de seis horas de tumultos e brigas, a festa no <a href=\"http:\/\/www.encontrasantana.com.br\/santana\/sambodromo-santana.shtml\" target=\"_blank\">Anhembi<\/a> foi das cores azul e branco da Nen\u00ea de Vila Matilde, campe\u00e3 do grupo de acesso.<\/p>\n<p>Uma das mais antigas escolas de samba da capital, fundada em 1949 na zona leste de SP, a Nen\u00ea levou \u00e0s arquibancadas do samb\u00f3dromo cerca de 800 integrantes que protagonizaram o \u00fanico momento de comemora\u00e7\u00f5es no dia da apura\u00e7\u00e3o do carnaval paulistano, nesta ter\u00e7a-feira, 21.\u00a0Logo ap\u00f3s o final da apura\u00e7\u00e3o, o enredo em homenagem \u00e0 escrava do s\u00e9culo 18 Chica da Silva foi entoado nas arquibancadas.<\/p>\n<p>A Nen\u00ea fez 179,3 pontos, de 180 poss\u00edveis em nove quesitos. A vice-campe\u00e3 foi a Acad\u00eamicos do Tatuap\u00e9, com 179,2. No \u00faltimo lugar ficou a Unidos de S\u00e3o Lucas, com 174,5 pontos \u2013 a escola desfila no grupo de blocos em 2013.<\/p>\n<p>O presidente da Nen\u00ea de Vila Matilde, Rinaldo Jos\u00e9 de Andrade, de 45 anos, afirmou que a vit\u00f3ria \u201cfoi do samba\u201d e lamentou os incidentes no grupo principal. \u201cInfelizmente muita gente que n\u00e3o deveria estar aqui na hora da apura\u00e7\u00e3o acaba conseguindo credenciamento. Isso \u00e9 algo que a Liga tem de mudar\u201d, declarou o presidente.<\/p>\n<p><em>Fonte: O Estado de S. Paulo<\/em><\/p>\n\n<div style=\"font-size: 0px; height: 0px; line-height: 0px; margin: 0; padding: 0; clear: both;\"><\/div>","protected":false},"excerpt":{"rendered":"<p>Depois de seis horas de tumultos e brigas, a festa no Anhembi foi das cores azul e branco da Nen\u00ea de Vila Matilde, campe\u00e3 do grupo de acesso. Uma das mais antigas escolas de samba da capital, fundada em 1949 na zona leste de SP, a Nen\u00ea levou \u00e0s arquibancadas do samb\u00f3dromo cerca de 800 integrantes que protagonizaram o \u00fanico momento de comemora\u00e7\u00f5es no dia da apura\u00e7\u00e3o do carnaval paulistano, nesta ter\u00e7a-feira, 21.\u00a0Logo ap\u00f3s o final da apura\u00e7\u00e3o, o enredo em homenagem \u00e0 escrava do s\u00e9culo 18 Chica da Silva foi entoado nas arquibancadas. A Nen\u00ea fez 179,3 pontos, de <\/p>\n","protected":false},"author":1,"featured_media":0,"comment_status":"open","ping_status":"closed","sticky":false,"template":"","format":"standard","meta":{"footnotes":""},"categories":[3],"tags":[10],"class_list":["post-11953","post","type-post","status-publish","format-standard","hentry","category-noticias-em-santana","tag-santana"],"aioseo_notices":[],"_links":{"self":[{"href":"https:\/\/www.encontrasantana.com.br\/sobre\/wp-json\/wp\/v2\/posts\/11953"}],"collection":[{"href":"https:\/\/www.encontrasantana.com.br\/sobre\/wp-json\/wp\/v2\/posts"}],"about":[{"href":"https:\/\/www.encontrasantana.com.br\/sobre\/wp-json\/wp\/v2\/types\/post"}],"author":[{"embeddable":true,"href":"https:\/\/www.encontrasantana.com.br\/sobre\/wp-json\/wp\/v2\/users\/1"}],"replies":[{"embeddable":true,"href":"https:\/\/www.encontrasantana.com.br\/sobre\/wp-json\/wp\/v2\/comments?post=11953"}],"version-history":[{"count":0,"href":"https:\/\/www.encontrasantana.com.br\/sobre\/wp-json\/wp\/v2\/posts\/11953\/revisions"}],"wp:attachment":[{"href":"https:\/\/www.encontrasantana.com.br\/sobre\/wp-json\/wp\/v2\/media?parent=11953"}],"wp:term":[{"taxonomy":"category","embeddable":true,"href":"https:\/\/www.encontrasantana.com.br\/sobre\/wp-json\/wp\/v2\/categories?post=11953"},{"taxonomy":"post_tag","embeddable":true,"href":"https:\/\/www.encontrasantana.com.br\/sobre\/wp-json\/wp\/v2\/tags?post=11953"}],"curies":[{"name":"wp","href":"https:\/\/api.w.org\/{rel}","templated":true}]}}