{"id":11959,"date":"2012-02-22T18:17:27","date_gmt":"2012-02-22T21:17:27","guid":{"rendered":"http:\/\/www.encontrasantana.com.br\/blog\/?p=11959"},"modified":"2019-04-15T10:00:30","modified_gmt":"2019-04-15T13:00:30","slug":"para-policia-confusao-no-sambodromo-de-santana-foi-acao-orquestrada","status":"publish","type":"post","link":"https:\/\/www.encontrasantana.com.br\/sobre\/para-policia-confusao-no-sambodromo-de-santana-foi-acao-orquestrada\/","title":{"rendered":"Para pol\u00edcia, confus\u00e3o no Samb\u00f3dromo de Santana foi &#8216;a\u00e7\u00e3o orquestrada&#8217;"},"content":{"rendered":"<div class=\"1acf8468e559fd3cbeec5aee3a269a52\" data-index=\"1\" style=\"float: none; margin:0px;\">\n<!-- Anuncio display - global -->\r\n<ins class=\"adsbygoogle\"\r\n     style=\"display:block\"\r\n     data-ad-client=\"ca-pub-8585364105181520\"\r\n     data-ad-slot=\"8789329856\"\r\n     data-ad-format=\"auto\"\r\n     data-full-width-responsive=\"true\"><\/ins>\r\n<script>\r\n     (adsbygoogle = window.adsbygoogle || []).push({});\r\n<\/script>\n<\/div>\n<p>A pol\u00edcia diz acreditar que o\u00a0tumulto\u00a0que levou \u00e0 interrup\u00e7\u00e3o da apura\u00e7\u00e3o das notas dos do Carnaval de S\u00e3o Paulo, na ter\u00e7a-feira (21), foi planejado.<\/p>\n<p>&#8220;Para mim, a a\u00e7\u00e3o foi orquestrada porque no momento do tumulto v\u00e1rios dirigentes das escolas de samba for\u00e7avam o port\u00e3o, quando Tiago entrou e pegou a notas da apura\u00e7\u00e3o&#8221;, disse o delegado da Divis\u00e3o de Portos e Aeroportos e Prote\u00e7\u00e3o ao Turista, Mauro Marcelo de Lima.<\/p>\n<p>Oito pessoas ser\u00e3o indiciadas sob suspeita de danos ao patrim\u00f4nio p\u00fablico e supress\u00e3o de documentos. Entre eles est\u00e3o Tiago Ciro Tadeu Faria, 29, da Imp\u00e9rio de Casa Verde &#8211;que invadiu a \u00e1rea da apura\u00e7\u00e3o e rasgou as notas&#8211;, e Cau\u00ea Santos Ferreira, 20, da Gavi\u00f5es da Fiel. Ambos presos ontem e encaminhados na manh\u00e3 de hoje para o CDP-2 de Pinheiros.<\/p>\n<p>Ontem (21), o delegado Lu\u00eds Fernando Saab disse que tanto Faria quanto Ferreira disseram em seus depoimentos que havia um acordo entre todas as escolas de samba para que o resultado fosse &#8220;melado&#8221; &#8211;nenhuma escola seria rebaixada. Segundo o delegado, como o acordo n\u00e3o foi anunciado durante a apura\u00e7\u00e3o, que caminhava para seu fim, os dois decidiram agir para interromper a apura\u00e7\u00e3o.<\/p>\n<p>Segundo o delegado Saab, ambos tem status de dirigentes de suas escolas, apesar de n\u00e3o serem dirigentes constitu\u00eddos. Ontem, Faria estava na mesa dos diretores da Imp\u00e9rio de Casa Verde.<\/p>\n<p>Outras\u00a0tr\u00eas pessoas\u00a0haviam sido detidas por porte de drogas ontem, mas foram liberadas ap\u00f3s assinar termos circunstanciados &#8211;uma esp\u00e9cie de boletim de ocorr\u00eancia.<\/p>\n<p>Segundo a pol\u00edcia, das oito pessoas que ser\u00e3o indiciadas, dois integrantes de escolas de samba j\u00e1 foram identificados e dever\u00e3o ser convocados para prestar depoimento.<\/p>\n<p>Imagens do tumulto est\u00e3o auxiliando na investiga\u00e7\u00e3o da pol\u00edcia e no trabalho de identifica\u00e7\u00e3o dos outros quatro integrantes da confus\u00e3o.<\/p>\n<p>Na noite da ter\u00e7a, o diretor de harmonia da Rosas de Ouro chegou a ser detido sob suspeita de\u00a0furto\u00a0de uma das ta\u00e7as das campe\u00e3s do Carnaval. Ap\u00f3s esclarecimento, a pol\u00edcia liberou o integrante e afirmou que se tratava de um mal-entendido da Liga.<\/p>\n<p><em>Fonte: Folha.com<\/em><\/p>\n\n<div style=\"font-size: 0px; height: 0px; line-height: 0px; margin: 0; padding: 0; clear: both;\"><\/div>","protected":false},"excerpt":{"rendered":"<p>A pol\u00edcia diz acreditar que o\u00a0tumulto\u00a0que levou \u00e0 interrup\u00e7\u00e3o da apura\u00e7\u00e3o das notas dos do Carnaval de S\u00e3o Paulo, na ter\u00e7a-feira (21), foi planejado. &#8220;Para mim, a a\u00e7\u00e3o foi orquestrada porque no momento do tumulto v\u00e1rios dirigentes das escolas de samba for\u00e7avam o port\u00e3o, quando Tiago entrou e pegou a notas da apura\u00e7\u00e3o&#8221;, disse o delegado da Divis\u00e3o de Portos e Aeroportos e Prote\u00e7\u00e3o ao Turista, Mauro Marcelo de Lima. Oito pessoas ser\u00e3o indiciadas sob suspeita de danos ao patrim\u00f4nio p\u00fablico e supress\u00e3o de documentos. Entre eles est\u00e3o Tiago Ciro Tadeu Faria, 29, da Imp\u00e9rio de Casa Verde &#8211;que invadiu <\/p>\n","protected":false},"author":1,"featured_media":0,"comment_status":"open","ping_status":"closed","sticky":false,"template":"","format":"standard","meta":{"footnotes":""},"categories":[3],"tags":[10],"class_list":["post-11959","post","type-post","status-publish","format-standard","hentry","category-noticias-em-santana","tag-santana"],"aioseo_notices":[],"aioseo_head":"\n\t\t<!-- All in One SEO 5.0.0.1 - aioseo.com -->\n\t<meta name=\"description\" content=\"A pol\u00edcia diz acreditar que o tumulto que levou \u00e0 interrup\u00e7\u00e3o da apura\u00e7\u00e3o das notas dos do Carnaval de S\u00e3o Paulo, na ter\u00e7a-feira (21), foi planejado. &quot;Para mim, a a\u00e7\u00e3o foi orquestrada porque no momento do tumulto v\u00e1rios dirigentes das escolas de samba for\u00e7avam o port\u00e3o, quando Tiago entrou e pegou a notas da apura\u00e7\u00e3o&quot;, disse o\" \/>\n\t<meta name=\"robots\" content=\"max-image-preview:large\" \/>\n\t<meta name=\"author\" content=\"Encontra Santana\"\/>\n\t<link rel=\"canonical\" href=\"https:\/\/www.encontrasantana.com.br\/sobre\/para-policia-confusao-no-sambodromo-de-santana-foi-acao-orquestrada\/\" \/>\n\t<meta name=\"generator\" content=\"All in One SEO (AIOSEO) 5.0.0.1\" \/>\n\t\t<meta property=\"og:locale\" content=\"pt_BR\" \/>\n\t\t<meta property=\"og:site_name\" content=\"Encontra Santana | Not\u00edcias, eventos, informa\u00e7\u00f5es e dicas no bairro de Santana e regi\u00e3o.\" \/>\n\t\t<meta property=\"og:type\" content=\"article\" \/>\n\t\t<meta property=\"og:title\" content=\"Para pol\u00edcia, confus\u00e3o no Samb\u00f3dromo de Santana foi \u2018a\u00e7\u00e3o orquestrada\u2019 \u00bb Encontra Santana\" \/>\n\t\t<meta property=\"og:description\" content=\"A pol\u00edcia diz acreditar que o tumulto que levou \u00e0 interrup\u00e7\u00e3o da apura\u00e7\u00e3o das notas dos do Carnaval de S\u00e3o Paulo, na ter\u00e7a-feira (21), foi planejado. &quot;Para mim, a a\u00e7\u00e3o foi orquestrada porque no momento do tumulto v\u00e1rios dirigentes das escolas de samba for\u00e7avam o port\u00e3o, quando Tiago entrou e pegou a notas da apura\u00e7\u00e3o&quot;, disse o\" \/>\n\t\t<meta property=\"og:url\" content=\"https:\/\/www.encontrasantana.com.br\/sobre\/para-policia-confusao-no-sambodromo-de-santana-foi-acao-orquestrada\/\" \/>\n\t\t<meta property=\"article:published_time\" content=\"2012-02-22T21:17:27+00:00\" \/>\n\t\t<meta property=\"article:modified_time\" content=\"2019-04-15T13:00:30+00:00\" \/>\n\t\t<meta name=\"twitter:card\" content=\"summary\" \/>\n\t\t<meta name=\"twitter:title\" content=\"Para pol\u00edcia, confus\u00e3o no Samb\u00f3dromo de Santana foi \u2018a\u00e7\u00e3o orquestrada\u2019 \u00bb Encontra Santana\" \/>\n\t\t<meta name=\"twitter:description\" content=\"A pol\u00edcia diz acreditar que o tumulto que levou \u00e0 interrup\u00e7\u00e3o da apura\u00e7\u00e3o das notas dos do Carnaval de S\u00e3o Paulo, na ter\u00e7a-feira (21), foi planejado. &quot;Para mim, a a\u00e7\u00e3o foi orquestrada porque no momento do tumulto v\u00e1rios dirigentes das escolas de samba for\u00e7avam o port\u00e3o, quando Tiago entrou e pegou a notas da apura\u00e7\u00e3o&quot;, disse o\" \/>\n\t\t<script type=\"application\/ld+json\" class=\"aioseo-schema\">\n\t\t\t{\"@context\":\"https:\\\/\\\/schema.org\",\"@graph\":[{\"@type\":\"Article\",\"@id\":\"https:\\\/\\\/www.encontrasantana.com.br\\\/sobre\\\/para-policia-confusao-no-sambodromo-de-santana-foi-acao-orquestrada\\\/#article\",\"name\":\"Para pol\\u00edcia, confus\\u00e3o no Samb\\u00f3dromo de Santana foi \\u2018a\\u00e7\\u00e3o orquestrada\\u2019 \\u00bb Encontra Santana\",\"headline\":\"Para pol\\u00edcia, confus\\u00e3o no Samb\\u00f3dromo de Santana foi &#8216;a\\u00e7\\u00e3o orquestrada&#8217;\",\"author\":{\"@id\":\"https:\\\/\\\/www.encontrasantana.com.br\\\/sobre\\\/author\\\/esantana\\\/#author\"},\"publisher\":{\"@id\":\"https:\\\/\\\/www.encontrasantana.com.br\\\/sobre\\\/#organization\"},\"datePublished\":\"2012-02-22T18:17:27-03:00\",\"dateModified\":\"2019-04-15T10:00:30-03:00\",\"inLanguage\":\"pt-BR\",\"mainEntityOfPage\":{\"@id\":\"https:\\\/\\\/www.encontrasantana.com.br\\\/sobre\\\/para-policia-confusao-no-sambodromo-de-santana-foi-acao-orquestrada\\\/#webpage\"},\"isPartOf\":{\"@id\":\"https:\\\/\\\/www.encontrasantana.com.br\\\/sobre\\\/para-policia-confusao-no-sambodromo-de-santana-foi-acao-orquestrada\\\/#webpage\"},\"articleSection\":\"Not\\u00edcias Santana, Santana\"},{\"@type\":\"BreadcrumbList\",\"@id\":\"https:\\\/\\\/www.encontrasantana.com.br\\\/sobre\\\/para-policia-confusao-no-sambodromo-de-santana-foi-acao-orquestrada\\\/#breadcrumblist\",\"itemListElement\":[{\"@type\":\"ListItem\",\"@id\":\"https:\\\/\\\/www.encontrasantana.com.br\\\/sobre#listItem\",\"position\":1,\"name\":\"In\\u00edcio\",\"item\":\"https:\\\/\\\/www.encontrasantana.com.br\\\/sobre\",\"nextItem\":{\"@type\":\"ListItem\",\"@id\":\"https:\\\/\\\/www.encontrasantana.com.br\\\/sobre\\\/noticias-em-santana\\\/#listItem\",\"name\":\"Not\\u00edcias Santana\"}},{\"@type\":\"ListItem\",\"@id\":\"https:\\\/\\\/www.encontrasantana.com.br\\\/sobre\\\/noticias-em-santana\\\/#listItem\",\"position\":2,\"name\":\"Not\\u00edcias Santana\",\"item\":\"https:\\\/\\\/www.encontrasantana.com.br\\\/sobre\\\/noticias-em-santana\\\/\",\"nextItem\":{\"@type\":\"ListItem\",\"@id\":\"https:\\\/\\\/www.encontrasantana.com.br\\\/sobre\\\/para-policia-confusao-no-sambodromo-de-santana-foi-acao-orquestrada\\\/#listItem\",\"name\":\"Para pol\\u00edcia, confus\\u00e3o no Samb\\u00f3dromo de Santana foi &#8216;a\\u00e7\\u00e3o orquestrada&#8217;\"},\"previousItem\":{\"@type\":\"ListItem\",\"@id\":\"https:\\\/\\\/www.encontrasantana.com.br\\\/sobre#listItem\",\"name\":\"In\\u00edcio\"}},{\"@type\":\"ListItem\",\"@id\":\"https:\\\/\\\/www.encontrasantana.com.br\\\/sobre\\\/para-policia-confusao-no-sambodromo-de-santana-foi-acao-orquestrada\\\/#listItem\",\"position\":3,\"name\":\"Para pol\\u00edcia, confus\\u00e3o no Samb\\u00f3dromo de Santana foi &#8216;a\\u00e7\\u00e3o orquestrada&#8217;\",\"previousItem\":{\"@type\":\"ListItem\",\"@id\":\"https:\\\/\\\/www.encontrasantana.com.br\\\/sobre\\\/noticias-em-santana\\\/#listItem\",\"name\":\"Not\\u00edcias Santana\"}}]},{\"@type\":\"Organization\",\"@id\":\"https:\\\/\\\/www.encontrasantana.com.br\\\/sobre\\\/#organization\",\"name\":\"Encontra Santana\",\"description\":\"Not\\u00edcias, eventos, informa\\u00e7\\u00f5es e dicas no bairro de Santana e regi\\u00e3o.\",\"url\":\"https:\\\/\\\/www.encontrasantana.com.br\\\/sobre\\\/\"},{\"@type\":\"Person\",\"@id\":\"https:\\\/\\\/www.encontrasantana.com.br\\\/sobre\\\/author\\\/esantana\\\/#author\",\"url\":\"https:\\\/\\\/www.encontrasantana.com.br\\\/sobre\\\/author\\\/esantana\\\/\",\"name\":\"Encontra Santana\",\"image\":{\"@type\":\"ImageObject\",\"@id\":\"https:\\\/\\\/www.encontrasantana.com.br\\\/sobre\\\/para-policia-confusao-no-sambodromo-de-santana-foi-acao-orquestrada\\\/#authorImage\",\"url\":\"https:\\\/\\\/secure.gravatar.com\\\/avatar\\\/0fbed662e37531ae23e68f85f9517b2454e50c1dfebf80eb9b721449ac95e0b9?s=96&d=mm&r=g\",\"width\":96,\"height\":96,\"caption\":\"Encontra Santana\"}},{\"@type\":\"WebPage\",\"@id\":\"https:\\\/\\\/www.encontrasantana.com.br\\\/sobre\\\/para-policia-confusao-no-sambodromo-de-santana-foi-acao-orquestrada\\\/#webpage\",\"url\":\"https:\\\/\\\/www.encontrasantana.com.br\\\/sobre\\\/para-policia-confusao-no-sambodromo-de-santana-foi-acao-orquestrada\\\/\",\"name\":\"Para pol\\u00edcia, confus\\u00e3o no Samb\\u00f3dromo de Santana foi \\u2018a\\u00e7\\u00e3o orquestrada\\u2019 \\u00bb Encontra Santana\",\"description\":\"A pol\\u00edcia diz acreditar que o tumulto que levou \\u00e0 interrup\\u00e7\\u00e3o da apura\\u00e7\\u00e3o das notas dos do Carnaval de S\\u00e3o Paulo, na ter\\u00e7a-feira (21), foi planejado. \\\"Para mim, a a\\u00e7\\u00e3o foi orquestrada porque no momento do tumulto v\\u00e1rios dirigentes das escolas de samba for\\u00e7avam o port\\u00e3o, quando Tiago entrou e pegou a notas da apura\\u00e7\\u00e3o\\\", disse o\",\"inLanguage\":\"pt-BR\",\"isPartOf\":{\"@id\":\"https:\\\/\\\/www.encontrasantana.com.br\\\/sobre\\\/#website\"},\"breadcrumb\":{\"@id\":\"https:\\\/\\\/www.encontrasantana.com.br\\\/sobre\\\/para-policia-confusao-no-sambodromo-de-santana-foi-acao-orquestrada\\\/#breadcrumblist\"},\"author\":{\"@id\":\"https:\\\/\\\/www.encontrasantana.com.br\\\/sobre\\\/author\\\/esantana\\\/#author\"},\"creator\":{\"@id\":\"https:\\\/\\\/www.encontrasantana.com.br\\\/sobre\\\/author\\\/esantana\\\/#author\"},\"datePublished\":\"2012-02-22T18:17:27-03:00\",\"dateModified\":\"2019-04-15T10:00:30-03:00\"},{\"@type\":\"WebSite\",\"@id\":\"https:\\\/\\\/www.encontrasantana.com.br\\\/sobre\\\/#website\",\"url\":\"https:\\\/\\\/www.encontrasantana.com.br\\\/sobre\\\/\",\"name\":\"Encontra Santana\",\"description\":\"Not\\u00edcias, eventos, informa\\u00e7\\u00f5es e dicas no bairro de Santana e regi\\u00e3o.\",\"inLanguage\":\"pt-BR\",\"publisher\":{\"@id\":\"https:\\\/\\\/www.encontrasantana.com.br\\\/sobre\\\/#organization\"}}]}\n\t\t<\/script>\n\t\t<!-- All in One SEO -->\n\n","aioseo_head_json":{"title":"Para pol\u00edcia, confus\u00e3o no Samb\u00f3dromo de Santana foi \u2018a\u00e7\u00e3o orquestrada\u2019 \u00bb Encontra Santana","description":"A pol\u00edcia diz acreditar que o tumulto que levou \u00e0 interrup\u00e7\u00e3o da apura\u00e7\u00e3o das notas dos do Carnaval de S\u00e3o Paulo, na ter\u00e7a-feira (21), foi planejado. \"Para mim, a a\u00e7\u00e3o foi orquestrada porque no momento do tumulto v\u00e1rios dirigentes das escolas de samba for\u00e7avam o port\u00e3o, quando Tiago entrou e pegou a notas da apura\u00e7\u00e3o\", disse o","canonical_url":"https:\/\/www.encontrasantana.com.br\/sobre\/para-policia-confusao-no-sambodromo-de-santana-foi-acao-orquestrada\/","robots":"max-image-preview:large","keywords":"","webmasterTools":{"miscellaneous":""},"schema":{"@context":"https:\/\/schema.org","@graph":[{"@type":"Article","@id":"https:\/\/www.encontrasantana.com.br\/sobre\/para-policia-confusao-no-sambodromo-de-santana-foi-acao-orquestrada\/#article","name":"Para pol\u00edcia, confus\u00e3o no Samb\u00f3dromo de Santana foi \u2018a\u00e7\u00e3o orquestrada\u2019 \u00bb Encontra Santana","headline":"Para pol\u00edcia, confus\u00e3o no Samb\u00f3dromo de Santana foi &#8216;a\u00e7\u00e3o orquestrada&#8217;","author":{"@id":"https:\/\/www.encontrasantana.com.br\/sobre\/author\/esantana\/#author"},"publisher":{"@id":"https:\/\/www.encontrasantana.com.br\/sobre\/#organization"},"datePublished":"2012-02-22T18:17:27-03:00","dateModified":"2019-04-15T10:00:30-03:00","inLanguage":"pt-BR","mainEntityOfPage":{"@id":"https:\/\/www.encontrasantana.com.br\/sobre\/para-policia-confusao-no-sambodromo-de-santana-foi-acao-orquestrada\/#webpage"},"isPartOf":{"@id":"https:\/\/www.encontrasantana.com.br\/sobre\/para-policia-confusao-no-sambodromo-de-santana-foi-acao-orquestrada\/#webpage"},"articleSection":"Not\u00edcias Santana, Santana"},{"@type":"BreadcrumbList","@id":"https:\/\/www.encontrasantana.com.br\/sobre\/para-policia-confusao-no-sambodromo-de-santana-foi-acao-orquestrada\/#breadcrumblist","itemListElement":[{"@type":"ListItem","@id":"https:\/\/www.encontrasantana.com.br\/sobre#listItem","position":1,"name":"In\u00edcio","item":"https:\/\/www.encontrasantana.com.br\/sobre","nextItem":{"@type":"ListItem","@id":"https:\/\/www.encontrasantana.com.br\/sobre\/noticias-em-santana\/#listItem","name":"Not\u00edcias Santana"}},{"@type":"ListItem","@id":"https:\/\/www.encontrasantana.com.br\/sobre\/noticias-em-santana\/#listItem","position":2,"name":"Not\u00edcias Santana","item":"https:\/\/www.encontrasantana.com.br\/sobre\/noticias-em-santana\/","nextItem":{"@type":"ListItem","@id":"https:\/\/www.encontrasantana.com.br\/sobre\/para-policia-confusao-no-sambodromo-de-santana-foi-acao-orquestrada\/#listItem","name":"Para pol\u00edcia, confus\u00e3o no Samb\u00f3dromo de Santana foi &#8216;a\u00e7\u00e3o orquestrada&#8217;"},"previousItem":{"@type":"ListItem","@id":"https:\/\/www.encontrasantana.com.br\/sobre#listItem","name":"In\u00edcio"}},{"@type":"ListItem","@id":"https:\/\/www.encontrasantana.com.br\/sobre\/para-policia-confusao-no-sambodromo-de-santana-foi-acao-orquestrada\/#listItem","position":3,"name":"Para pol\u00edcia, confus\u00e3o no Samb\u00f3dromo de Santana foi &#8216;a\u00e7\u00e3o orquestrada&#8217;","previousItem":{"@type":"ListItem","@id":"https:\/\/www.encontrasantana.com.br\/sobre\/noticias-em-santana\/#listItem","name":"Not\u00edcias Santana"}}]},{"@type":"Organization","@id":"https:\/\/www.encontrasantana.com.br\/sobre\/#organization","name":"Encontra Santana","description":"Not\u00edcias, eventos, informa\u00e7\u00f5es e dicas no bairro de Santana e regi\u00e3o.","url":"https:\/\/www.encontrasantana.com.br\/sobre\/"},{"@type":"Person","@id":"https:\/\/www.encontrasantana.com.br\/sobre\/author\/esantana\/#author","url":"https:\/\/www.encontrasantana.com.br\/sobre\/author\/esantana\/","name":"Encontra Santana","image":{"@type":"ImageObject","@id":"https:\/\/www.encontrasantana.com.br\/sobre\/para-policia-confusao-no-sambodromo-de-santana-foi-acao-orquestrada\/#authorImage","url":"https:\/\/secure.gravatar.com\/avatar\/0fbed662e37531ae23e68f85f9517b2454e50c1dfebf80eb9b721449ac95e0b9?s=96&d=mm&r=g","width":96,"height":96,"caption":"Encontra Santana"}},{"@type":"WebPage","@id":"https:\/\/www.encontrasantana.com.br\/sobre\/para-policia-confusao-no-sambodromo-de-santana-foi-acao-orquestrada\/#webpage","url":"https:\/\/www.encontrasantana.com.br\/sobre\/para-policia-confusao-no-sambodromo-de-santana-foi-acao-orquestrada\/","name":"Para pol\u00edcia, confus\u00e3o no Samb\u00f3dromo de Santana foi \u2018a\u00e7\u00e3o orquestrada\u2019 \u00bb Encontra Santana","description":"A pol\u00edcia diz acreditar que o tumulto que levou \u00e0 interrup\u00e7\u00e3o da apura\u00e7\u00e3o das notas dos do Carnaval de S\u00e3o Paulo, na ter\u00e7a-feira (21), foi planejado. \"Para mim, a a\u00e7\u00e3o foi orquestrada porque no momento do tumulto v\u00e1rios dirigentes das escolas de samba for\u00e7avam o port\u00e3o, quando Tiago entrou e pegou a notas da apura\u00e7\u00e3o\", disse o","inLanguage":"pt-BR","isPartOf":{"@id":"https:\/\/www.encontrasantana.com.br\/sobre\/#website"},"breadcrumb":{"@id":"https:\/\/www.encontrasantana.com.br\/sobre\/para-policia-confusao-no-sambodromo-de-santana-foi-acao-orquestrada\/#breadcrumblist"},"author":{"@id":"https:\/\/www.encontrasantana.com.br\/sobre\/author\/esantana\/#author"},"creator":{"@id":"https:\/\/www.encontrasantana.com.br\/sobre\/author\/esantana\/#author"},"datePublished":"2012-02-22T18:17:27-03:00","dateModified":"2019-04-15T10:00:30-03:00"},{"@type":"WebSite","@id":"https:\/\/www.encontrasantana.com.br\/sobre\/#website","url":"https:\/\/www.encontrasantana.com.br\/sobre\/","name":"Encontra Santana","description":"Not\u00edcias, eventos, informa\u00e7\u00f5es e dicas no bairro de Santana e regi\u00e3o.","inLanguage":"pt-BR","publisher":{"@id":"https:\/\/www.encontrasantana.com.br\/sobre\/#organization"}}]},"og:locale":"pt_BR","og:site_name":"Encontra Santana | Not\u00edcias, eventos, informa\u00e7\u00f5es e dicas no bairro de Santana e regi\u00e3o.","og:type":"article","og:title":"Para pol\u00edcia, confus\u00e3o no Samb\u00f3dromo de Santana foi \u2018a\u00e7\u00e3o orquestrada\u2019 \u00bb Encontra Santana","og:description":"A pol\u00edcia diz acreditar que o tumulto que levou \u00e0 interrup\u00e7\u00e3o da apura\u00e7\u00e3o das notas dos do Carnaval de S\u00e3o Paulo, na ter\u00e7a-feira (21), foi planejado. &quot;Para mim, a a\u00e7\u00e3o foi orquestrada porque no momento do tumulto v\u00e1rios dirigentes das escolas de samba for\u00e7avam o port\u00e3o, quando Tiago entrou e pegou a notas da apura\u00e7\u00e3o&quot;, disse o","og:url":"https:\/\/www.encontrasantana.com.br\/sobre\/para-policia-confusao-no-sambodromo-de-santana-foi-acao-orquestrada\/","article:published_time":"2012-02-22T21:17:27+00:00","article:modified_time":"2019-04-15T13:00:30+00:00","twitter:card":"summary","twitter:title":"Para pol\u00edcia, confus\u00e3o no Samb\u00f3dromo de Santana foi \u2018a\u00e7\u00e3o orquestrada\u2019 \u00bb Encontra Santana","twitter:description":"A pol\u00edcia diz acreditar que o tumulto que levou \u00e0 interrup\u00e7\u00e3o da apura\u00e7\u00e3o das notas dos do Carnaval de S\u00e3o Paulo, na ter\u00e7a-feira (21), foi planejado. &quot;Para mim, a a\u00e7\u00e3o foi orquestrada porque no momento do tumulto v\u00e1rios dirigentes das escolas de samba for\u00e7avam o port\u00e3o, quando Tiago entrou e pegou a notas da apura\u00e7\u00e3o&quot;, disse o"},"aioseo_meta_data":{"post_id":"11959","title":null,"description":null,"keywords":null,"keyphrases":null,"primary_term":null,"canonical_url":null,"og_title":null,"og_description":null,"og_object_type":"default","og_image_type":"default","og_image_url":null,"og_image_width":null,"og_image_height":null,"og_image_custom_url":null,"og_image_custom_fields":null,"og_video":null,"og_custom_url":null,"og_article_section":null,"og_article_tags":null,"twitter_use_og":false,"twitter_card":"default","twitter_image_type":"default","twitter_image_url":null,"twitter_image_custom_url":null,"twitter_image_custom_fields":null,"twitter_title":null,"twitter_description":null,"schema":{"blockGraphs":[],"customGraphs":[],"default":{"data":{"Article":[],"Course":[],"Dataset":[],"FAQPage":[],"Movie":[],"Person":[],"Product":[],"ProductReview":[],"Car":[],"Recipe":[],"Service":[],"SoftwareApplication":[],"WebPage":[]},"graphName":"Article","isEnabled":true},"graphs":[]},"schema_type":null,"schema_type_options":null,"pillar_content":false,"robots_default":true,"robots_noindex":false,"robots_noarchive":false,"robots_nosnippet":false,"robots_nofollow":false,"robots_noimageindex":false,"robots_noodp":false,"robots_notranslate":false,"robots_max_snippet":null,"robots_max_videopreview":null,"robots_max_imagepreview":"large","priority":null,"frequency":null,"local_seo":null,"limit_modified_date":false,"created":"2021-04-21 00:26:54","updated":"2026-08-06 15:44:51","focus_keyword":null,"additional_keywords":null,"truseo_locale":null,"ai":null,"breadcrumb_settings":null,"seo_analyzer_scan_date":null},"aioseo_breadcrumb":"<div class=\"aioseo-breadcrumbs\"><span class=\"aioseo-breadcrumb\">\n\t\t\t<a href=\"https:\/\/www.encontrasantana.com.br\/sobre\" title=\"In\u00edcio\">In\u00edcio<\/a>\n\t\t<\/span><span class=\"aioseo-breadcrumb-separator\">&raquo;<\/span><span class=\"aioseo-breadcrumb\">\n\t\t\t<a href=\"https:\/\/www.encontrasantana.com.br\/sobre\/noticias-em-santana\/\" title=\"Not\u00edcias Santana\">Not\u00edcias Santana<\/a>\n\t\t<\/span><span class=\"aioseo-breadcrumb-separator\">&raquo;<\/span><span class=\"aioseo-breadcrumb\">\n\t\t\tPara pol\u00edcia, confus\u00e3o no Samb\u00f3dromo de Santana foi \u2018a\u00e7\u00e3o orquestrada\u2019\n\t\t<\/span><\/div>","aioseo_breadcrumb_json":[{"label":"In\u00edcio","link":"https:\/\/www.encontrasantana.com.br\/sobre"},{"label":"Not\u00edcias Santana","link":"https:\/\/www.encontrasantana.com.br\/sobre\/noticias-em-santana\/"},{"label":"Para pol\u00edcia, confus\u00e3o no Samb\u00f3dromo de Santana foi &#8216;a\u00e7\u00e3o orquestrada&#8217;","link":"https:\/\/www.encontrasantana.com.br\/sobre\/para-policia-confusao-no-sambodromo-de-santana-foi-acao-orquestrada\/"}],"_links":{"self":[{"href":"https:\/\/www.encontrasantana.com.br\/sobre\/wp-json\/wp\/v2\/posts\/11959","targetHints":{"allow":["GET"]}}],"collection":[{"href":"https:\/\/www.encontrasantana.com.br\/sobre\/wp-json\/wp\/v2\/posts"}],"about":[{"href":"https:\/\/www.encontrasantana.com.br\/sobre\/wp-json\/wp\/v2\/types\/post"}],"author":[{"embeddable":true,"href":"https:\/\/www.encontrasantana.com.br\/sobre\/wp-json\/wp\/v2\/users\/1"}],"replies":[{"embeddable":true,"href":"https:\/\/www.encontrasantana.com.br\/sobre\/wp-json\/wp\/v2\/comments?post=11959"}],"version-history":[{"count":0,"href":"https:\/\/www.encontrasantana.com.br\/sobre\/wp-json\/wp\/v2\/posts\/11959\/revisions"}],"wp:attachment":[{"href":"https:\/\/www.encontrasantana.com.br\/sobre\/wp-json\/wp\/v2\/media?parent=11959"}],"wp:term":[{"taxonomy":"category","embeddable":true,"href":"https:\/\/www.encontrasantana.com.br\/sobre\/wp-json\/wp\/v2\/categories?post=11959"},{"taxonomy":"post_tag","embeddable":true,"href":"https:\/\/www.encontrasantana.com.br\/sobre\/wp-json\/wp\/v2\/tags?post=11959"}],"curies":[{"name":"wp","href":"https:\/\/api.w.org\/{rel}","templated":true}]}}