{"id":1196,"date":"2011-07-13T18:31:37","date_gmt":"2011-07-13T21:31:37","guid":{"rendered":"http:\/\/www.encontrasantana.com.br\/blog\/?p=1196"},"modified":"2019-04-15T10:03:09","modified_gmt":"2019-04-15T13:03:09","slug":"regiao-de-santanatucuruvi-realiza-pre-conferencia-da-mulher","status":"publish","type":"post","link":"https:\/\/www.encontrasantana.com.br\/sobre\/regiao-de-santanatucuruvi-realiza-pre-conferencia-da-mulher\/","title":{"rendered":"Regi\u00e3o de Santana\/Tucuruvi realiza Pr\u00e9-Confer\u00eancia da Mulher"},"content":{"rendered":"<div class=\"1acf8468e559fd3cbeec5aee3a269a52\" data-index=\"1\" style=\"float: none; margin:0px;\">\n<!-- Anuncio display - global -->\r\n<ins class=\"adsbygoogle\"\r\n     style=\"display:block\"\r\n     data-ad-client=\"ca-pub-8585364105181520\"\r\n     data-ad-slot=\"8789329856\"\r\n     data-ad-format=\"auto\"\r\n     data-full-width-responsive=\"true\"><\/ins>\r\n<script>\r\n     (adsbygoogle = window.adsbygoogle || []).push({});\r\n<\/script>\n<\/div>\n<p>A <a href=\"http:\/\/www.encontrasantana.com.br\/santana\/subprefeitura-santana.shtml\" target=\"_blank\">Subprefeitura de Santana\/Tucuruvi<\/a> e a Secretaria Municipal de Participa\u00e7\u00e3o e Parceria, por interm\u00e9dio da Coordenadoria da Mulher, realizam no dia 23 de julho a Pr\u00e9-Confer\u00eancia Municipal de Pol\u00edticas P\u00fablicas para as Mulheres da Cidade de S\u00e3o Paulo.<\/p>\n<p>O objetivo \u00e9 discutir a formula\u00e7\u00e3o de diretrizes e pol\u00edticas p\u00fablicas para supera\u00e7\u00e3o das desigualdades de g\u00eanero, tendo como perspectiva o fortalecimento da autonomia econ\u00f4mica, cultural e pol\u00edtica das mulheres.<\/p>\n<p>Considerando a diversidade da popula\u00e7\u00e3o da cidade de S\u00e3o Paulo e as especificidades de cada regi\u00e3o, haver\u00e1 Pr\u00e9-Confer\u00eancias em todas as Subprefeituras da Capital, que ir\u00e3o culminar na 4\u00aa. Confer\u00eancia Municipal de Mulheres da Cidade de S\u00e3o Paulo e na 3\u00aa. Confer\u00eancia Nacional de Pol\u00edticas para as Mulheres.<\/p>\n<p>O evento \u00e9 aberto a todas as cidad\u00e3s e a participa\u00e7\u00e3o neste debate \u00e9 importante para consolidar um Plano Municipal de Pol\u00edticas P\u00fablicas para as Mulheres.<\/p>\n<p><strong>Servi\u00e7o<\/strong><\/p>\n<p>Pr\u00e9-Confer\u00eancia Municipal de Pol\u00edticas P\u00fablicas para as Mulheres da Cidade de S\u00e3o Paulo<br \/>\nData:\u00a023 de julho<br \/>\nHor\u00e1rio:\u00a08h<br \/>\nLocal:\u00a0Col\u00e9gio Passionista S\u00e3o Paulo da Cruz<br \/>\nEndere\u00e7o:\u00a0Avenida Tucuruvi, 470<br \/>\nTelefone:\u00a02987-3088,\u00a0 ramal 178<\/p>\n<p><em>Fonte: Prefeitura de S\u00e3o Paulo<\/em><\/p>\n\n<div style=\"font-size: 0px; height: 0px; line-height: 0px; margin: 0; padding: 0; clear: both;\"><\/div>","protected":false},"excerpt":{"rendered":"<p>A Subprefeitura de Santana\/Tucuruvi e a Secretaria Municipal de Participa\u00e7\u00e3o e Parceria, por interm\u00e9dio da Coordenadoria da Mulher, realizam no dia 23 de julho a Pr\u00e9-Confer\u00eancia Municipal de Pol\u00edticas P\u00fablicas para as Mulheres da Cidade de S\u00e3o Paulo. O objetivo \u00e9 discutir a formula\u00e7\u00e3o de diretrizes e pol\u00edticas p\u00fablicas para supera\u00e7\u00e3o das desigualdades de g\u00eanero, tendo como perspectiva o fortalecimento da autonomia econ\u00f4mica, cultural e pol\u00edtica das mulheres. Considerando a diversidade da popula\u00e7\u00e3o da cidade de S\u00e3o Paulo e as especificidades de cada regi\u00e3o, haver\u00e1 Pr\u00e9-Confer\u00eancias em todas as Subprefeituras da Capital, que ir\u00e3o culminar na 4\u00aa. Confer\u00eancia Municipal de <\/p>\n","protected":false},"author":1,"featured_media":0,"comment_status":"open","ping_status":"closed","sticky":false,"template":"","format":"standard","meta":{"footnotes":""},"categories":[3],"tags":[10],"class_list":["post-1196","post","type-post","status-publish","format-standard","hentry","category-noticias-em-santana","tag-santana"],"aioseo_notices":[],"aioseo_head":"\n\t\t<!-- All in One SEO 5.0.0.1 - aioseo.com -->\n\t<meta name=\"description\" content=\"A Subprefeitura de Santana\/Tucuruvi e a Secretaria Municipal de Participa\u00e7\u00e3o e Parceria, por interm\u00e9dio da Coordenadoria da Mulher, realizam no dia 23 de julho a Pr\u00e9-Confer\u00eancia Municipal de Pol\u00edticas P\u00fablicas para as Mulheres da Cidade de S\u00e3o Paulo. O objetivo \u00e9 discutir a formula\u00e7\u00e3o de diretrizes e pol\u00edticas p\u00fablicas para supera\u00e7\u00e3o das desigualdades de g\u00eanero,\" \/>\n\t<meta name=\"robots\" content=\"max-image-preview:large\" \/>\n\t<meta name=\"author\" content=\"Encontra Santana\"\/>\n\t<link rel=\"canonical\" href=\"https:\/\/www.encontrasantana.com.br\/sobre\/regiao-de-santanatucuruvi-realiza-pre-conferencia-da-mulher\/\" \/>\n\t<meta name=\"generator\" content=\"All in One SEO (AIOSEO) 5.0.0.1\" \/>\n\t\t<meta property=\"og:locale\" content=\"pt_BR\" \/>\n\t\t<meta property=\"og:site_name\" content=\"Encontra Santana | Not\u00edcias, eventos, informa\u00e7\u00f5es e dicas no bairro de Santana e regi\u00e3o.\" \/>\n\t\t<meta property=\"og:type\" content=\"article\" \/>\n\t\t<meta property=\"og:title\" content=\"Regi\u00e3o de Santana\/Tucuruvi realiza Pr\u00e9-Confer\u00eancia da Mulher \u00bb Encontra Santana\" \/>\n\t\t<meta property=\"og:description\" content=\"A Subprefeitura de Santana\/Tucuruvi e a Secretaria Municipal de Participa\u00e7\u00e3o e Parceria, por interm\u00e9dio da Coordenadoria da Mulher, realizam no dia 23 de julho a Pr\u00e9-Confer\u00eancia Municipal de Pol\u00edticas P\u00fablicas para as Mulheres da Cidade de S\u00e3o Paulo. O objetivo \u00e9 discutir a formula\u00e7\u00e3o de diretrizes e pol\u00edticas p\u00fablicas para supera\u00e7\u00e3o das desigualdades de g\u00eanero,\" \/>\n\t\t<meta property=\"og:url\" content=\"https:\/\/www.encontrasantana.com.br\/sobre\/regiao-de-santanatucuruvi-realiza-pre-conferencia-da-mulher\/\" \/>\n\t\t<meta property=\"article:published_time\" content=\"2011-07-13T21:31:37+00:00\" \/>\n\t\t<meta property=\"article:modified_time\" content=\"2019-04-15T13:03:09+00:00\" \/>\n\t\t<meta name=\"twitter:card\" content=\"summary\" \/>\n\t\t<meta name=\"twitter:title\" content=\"Regi\u00e3o de Santana\/Tucuruvi realiza Pr\u00e9-Confer\u00eancia da Mulher \u00bb Encontra Santana\" \/>\n\t\t<meta name=\"twitter:description\" content=\"A Subprefeitura de Santana\/Tucuruvi e a Secretaria Municipal de Participa\u00e7\u00e3o e Parceria, por interm\u00e9dio da Coordenadoria da Mulher, realizam no dia 23 de julho a Pr\u00e9-Confer\u00eancia Municipal de Pol\u00edticas P\u00fablicas para as Mulheres da Cidade de S\u00e3o Paulo. O objetivo \u00e9 discutir a formula\u00e7\u00e3o de diretrizes e pol\u00edticas p\u00fablicas para supera\u00e7\u00e3o das desigualdades de g\u00eanero,\" \/>\n\t\t<script type=\"application\/ld+json\" class=\"aioseo-schema\">\n\t\t\t{\"@context\":\"https:\\\/\\\/schema.org\",\"@graph\":[{\"@type\":\"Article\",\"@id\":\"https:\\\/\\\/www.encontrasantana.com.br\\\/sobre\\\/regiao-de-santanatucuruvi-realiza-pre-conferencia-da-mulher\\\/#article\",\"name\":\"Regi\\u00e3o de Santana\\\/Tucuruvi realiza Pr\\u00e9-Confer\\u00eancia da Mulher \\u00bb Encontra Santana\",\"headline\":\"Regi\\u00e3o de Santana\\\/Tucuruvi realiza Pr\\u00e9-Confer\\u00eancia da Mulher\",\"author\":{\"@id\":\"https:\\\/\\\/www.encontrasantana.com.br\\\/sobre\\\/author\\\/esantana\\\/#author\"},\"publisher\":{\"@id\":\"https:\\\/\\\/www.encontrasantana.com.br\\\/sobre\\\/#organization\"},\"datePublished\":\"2011-07-13T18:31:37-03:00\",\"dateModified\":\"2019-04-15T10:03:09-03:00\",\"inLanguage\":\"pt-BR\",\"mainEntityOfPage\":{\"@id\":\"https:\\\/\\\/www.encontrasantana.com.br\\\/sobre\\\/regiao-de-santanatucuruvi-realiza-pre-conferencia-da-mulher\\\/#webpage\"},\"isPartOf\":{\"@id\":\"https:\\\/\\\/www.encontrasantana.com.br\\\/sobre\\\/regiao-de-santanatucuruvi-realiza-pre-conferencia-da-mulher\\\/#webpage\"},\"articleSection\":\"Not\\u00edcias Santana, Santana\"},{\"@type\":\"BreadcrumbList\",\"@id\":\"https:\\\/\\\/www.encontrasantana.com.br\\\/sobre\\\/regiao-de-santanatucuruvi-realiza-pre-conferencia-da-mulher\\\/#breadcrumblist\",\"itemListElement\":[{\"@type\":\"ListItem\",\"@id\":\"https:\\\/\\\/www.encontrasantana.com.br\\\/sobre#listItem\",\"position\":1,\"name\":\"In\\u00edcio\",\"item\":\"https:\\\/\\\/www.encontrasantana.com.br\\\/sobre\",\"nextItem\":{\"@type\":\"ListItem\",\"@id\":\"https:\\\/\\\/www.encontrasantana.com.br\\\/sobre\\\/noticias-em-santana\\\/#listItem\",\"name\":\"Not\\u00edcias Santana\"}},{\"@type\":\"ListItem\",\"@id\":\"https:\\\/\\\/www.encontrasantana.com.br\\\/sobre\\\/noticias-em-santana\\\/#listItem\",\"position\":2,\"name\":\"Not\\u00edcias Santana\",\"item\":\"https:\\\/\\\/www.encontrasantana.com.br\\\/sobre\\\/noticias-em-santana\\\/\",\"nextItem\":{\"@type\":\"ListItem\",\"@id\":\"https:\\\/\\\/www.encontrasantana.com.br\\\/sobre\\\/regiao-de-santanatucuruvi-realiza-pre-conferencia-da-mulher\\\/#listItem\",\"name\":\"Regi\\u00e3o de Santana\\\/Tucuruvi realiza Pr\\u00e9-Confer\\u00eancia da Mulher\"},\"previousItem\":{\"@type\":\"ListItem\",\"@id\":\"https:\\\/\\\/www.encontrasantana.com.br\\\/sobre#listItem\",\"name\":\"In\\u00edcio\"}},{\"@type\":\"ListItem\",\"@id\":\"https:\\\/\\\/www.encontrasantana.com.br\\\/sobre\\\/regiao-de-santanatucuruvi-realiza-pre-conferencia-da-mulher\\\/#listItem\",\"position\":3,\"name\":\"Regi\\u00e3o de Santana\\\/Tucuruvi realiza Pr\\u00e9-Confer\\u00eancia da Mulher\",\"previousItem\":{\"@type\":\"ListItem\",\"@id\":\"https:\\\/\\\/www.encontrasantana.com.br\\\/sobre\\\/noticias-em-santana\\\/#listItem\",\"name\":\"Not\\u00edcias Santana\"}}]},{\"@type\":\"Organization\",\"@id\":\"https:\\\/\\\/www.encontrasantana.com.br\\\/sobre\\\/#organization\",\"name\":\"Encontra Santana\",\"description\":\"Not\\u00edcias, eventos, informa\\u00e7\\u00f5es e dicas no bairro de Santana e regi\\u00e3o.\",\"url\":\"https:\\\/\\\/www.encontrasantana.com.br\\\/sobre\\\/\"},{\"@type\":\"Person\",\"@id\":\"https:\\\/\\\/www.encontrasantana.com.br\\\/sobre\\\/author\\\/esantana\\\/#author\",\"url\":\"https:\\\/\\\/www.encontrasantana.com.br\\\/sobre\\\/author\\\/esantana\\\/\",\"name\":\"Encontra Santana\",\"image\":{\"@type\":\"ImageObject\",\"@id\":\"https:\\\/\\\/www.encontrasantana.com.br\\\/sobre\\\/regiao-de-santanatucuruvi-realiza-pre-conferencia-da-mulher\\\/#authorImage\",\"url\":\"https:\\\/\\\/secure.gravatar.com\\\/avatar\\\/0fbed662e37531ae23e68f85f9517b2454e50c1dfebf80eb9b721449ac95e0b9?s=96&d=mm&r=g\",\"width\":96,\"height\":96,\"caption\":\"Encontra Santana\"}},{\"@type\":\"WebPage\",\"@id\":\"https:\\\/\\\/www.encontrasantana.com.br\\\/sobre\\\/regiao-de-santanatucuruvi-realiza-pre-conferencia-da-mulher\\\/#webpage\",\"url\":\"https:\\\/\\\/www.encontrasantana.com.br\\\/sobre\\\/regiao-de-santanatucuruvi-realiza-pre-conferencia-da-mulher\\\/\",\"name\":\"Regi\\u00e3o de Santana\\\/Tucuruvi realiza Pr\\u00e9-Confer\\u00eancia da Mulher \\u00bb Encontra Santana\",\"description\":\"A Subprefeitura de Santana\\\/Tucuruvi e a Secretaria Municipal de Participa\\u00e7\\u00e3o e Parceria, por interm\\u00e9dio da Coordenadoria da Mulher, realizam no dia 23 de julho a Pr\\u00e9-Confer\\u00eancia Municipal de Pol\\u00edticas P\\u00fablicas para as Mulheres da Cidade de S\\u00e3o Paulo. O objetivo \\u00e9 discutir a formula\\u00e7\\u00e3o de diretrizes e pol\\u00edticas p\\u00fablicas para supera\\u00e7\\u00e3o das desigualdades de g\\u00eanero,\",\"inLanguage\":\"pt-BR\",\"isPartOf\":{\"@id\":\"https:\\\/\\\/www.encontrasantana.com.br\\\/sobre\\\/#website\"},\"breadcrumb\":{\"@id\":\"https:\\\/\\\/www.encontrasantana.com.br\\\/sobre\\\/regiao-de-santanatucuruvi-realiza-pre-conferencia-da-mulher\\\/#breadcrumblist\"},\"author\":{\"@id\":\"https:\\\/\\\/www.encontrasantana.com.br\\\/sobre\\\/author\\\/esantana\\\/#author\"},\"creator\":{\"@id\":\"https:\\\/\\\/www.encontrasantana.com.br\\\/sobre\\\/author\\\/esantana\\\/#author\"},\"datePublished\":\"2011-07-13T18:31:37-03:00\",\"dateModified\":\"2019-04-15T10:03:09-03:00\"},{\"@type\":\"WebSite\",\"@id\":\"https:\\\/\\\/www.encontrasantana.com.br\\\/sobre\\\/#website\",\"url\":\"https:\\\/\\\/www.encontrasantana.com.br\\\/sobre\\\/\",\"name\":\"Encontra Santana\",\"description\":\"Not\\u00edcias, eventos, informa\\u00e7\\u00f5es e dicas no bairro de Santana e regi\\u00e3o.\",\"inLanguage\":\"pt-BR\",\"publisher\":{\"@id\":\"https:\\\/\\\/www.encontrasantana.com.br\\\/sobre\\\/#organization\"}}]}\n\t\t<\/script>\n\t\t<!-- All in One SEO -->\n\n","aioseo_head_json":{"title":"Regi\u00e3o de Santana\/Tucuruvi realiza Pr\u00e9-Confer\u00eancia da Mulher \u00bb Encontra Santana","description":"A Subprefeitura de Santana\/Tucuruvi e a Secretaria Municipal de Participa\u00e7\u00e3o e Parceria, por interm\u00e9dio da Coordenadoria da Mulher, realizam no dia 23 de julho a Pr\u00e9-Confer\u00eancia Municipal de Pol\u00edticas P\u00fablicas para as Mulheres da Cidade de S\u00e3o Paulo. O objetivo \u00e9 discutir a formula\u00e7\u00e3o de diretrizes e pol\u00edticas p\u00fablicas para supera\u00e7\u00e3o das desigualdades de g\u00eanero,","canonical_url":"https:\/\/www.encontrasantana.com.br\/sobre\/regiao-de-santanatucuruvi-realiza-pre-conferencia-da-mulher\/","robots":"max-image-preview:large","keywords":"","webmasterTools":{"miscellaneous":""},"schema":{"@context":"https:\/\/schema.org","@graph":[{"@type":"Article","@id":"https:\/\/www.encontrasantana.com.br\/sobre\/regiao-de-santanatucuruvi-realiza-pre-conferencia-da-mulher\/#article","name":"Regi\u00e3o de Santana\/Tucuruvi realiza Pr\u00e9-Confer\u00eancia da Mulher \u00bb Encontra Santana","headline":"Regi\u00e3o de Santana\/Tucuruvi realiza Pr\u00e9-Confer\u00eancia da Mulher","author":{"@id":"https:\/\/www.encontrasantana.com.br\/sobre\/author\/esantana\/#author"},"publisher":{"@id":"https:\/\/www.encontrasantana.com.br\/sobre\/#organization"},"datePublished":"2011-07-13T18:31:37-03:00","dateModified":"2019-04-15T10:03:09-03:00","inLanguage":"pt-BR","mainEntityOfPage":{"@id":"https:\/\/www.encontrasantana.com.br\/sobre\/regiao-de-santanatucuruvi-realiza-pre-conferencia-da-mulher\/#webpage"},"isPartOf":{"@id":"https:\/\/www.encontrasantana.com.br\/sobre\/regiao-de-santanatucuruvi-realiza-pre-conferencia-da-mulher\/#webpage"},"articleSection":"Not\u00edcias Santana, Santana"},{"@type":"BreadcrumbList","@id":"https:\/\/www.encontrasantana.com.br\/sobre\/regiao-de-santanatucuruvi-realiza-pre-conferencia-da-mulher\/#breadcrumblist","itemListElement":[{"@type":"ListItem","@id":"https:\/\/www.encontrasantana.com.br\/sobre#listItem","position":1,"name":"In\u00edcio","item":"https:\/\/www.encontrasantana.com.br\/sobre","nextItem":{"@type":"ListItem","@id":"https:\/\/www.encontrasantana.com.br\/sobre\/noticias-em-santana\/#listItem","name":"Not\u00edcias Santana"}},{"@type":"ListItem","@id":"https:\/\/www.encontrasantana.com.br\/sobre\/noticias-em-santana\/#listItem","position":2,"name":"Not\u00edcias Santana","item":"https:\/\/www.encontrasantana.com.br\/sobre\/noticias-em-santana\/","nextItem":{"@type":"ListItem","@id":"https:\/\/www.encontrasantana.com.br\/sobre\/regiao-de-santanatucuruvi-realiza-pre-conferencia-da-mulher\/#listItem","name":"Regi\u00e3o de Santana\/Tucuruvi realiza Pr\u00e9-Confer\u00eancia da Mulher"},"previousItem":{"@type":"ListItem","@id":"https:\/\/www.encontrasantana.com.br\/sobre#listItem","name":"In\u00edcio"}},{"@type":"ListItem","@id":"https:\/\/www.encontrasantana.com.br\/sobre\/regiao-de-santanatucuruvi-realiza-pre-conferencia-da-mulher\/#listItem","position":3,"name":"Regi\u00e3o de Santana\/Tucuruvi realiza Pr\u00e9-Confer\u00eancia da Mulher","previousItem":{"@type":"ListItem","@id":"https:\/\/www.encontrasantana.com.br\/sobre\/noticias-em-santana\/#listItem","name":"Not\u00edcias Santana"}}]},{"@type":"Organization","@id":"https:\/\/www.encontrasantana.com.br\/sobre\/#organization","name":"Encontra Santana","description":"Not\u00edcias, eventos, informa\u00e7\u00f5es e dicas no bairro de Santana e regi\u00e3o.","url":"https:\/\/www.encontrasantana.com.br\/sobre\/"},{"@type":"Person","@id":"https:\/\/www.encontrasantana.com.br\/sobre\/author\/esantana\/#author","url":"https:\/\/www.encontrasantana.com.br\/sobre\/author\/esantana\/","name":"Encontra Santana","image":{"@type":"ImageObject","@id":"https:\/\/www.encontrasantana.com.br\/sobre\/regiao-de-santanatucuruvi-realiza-pre-conferencia-da-mulher\/#authorImage","url":"https:\/\/secure.gravatar.com\/avatar\/0fbed662e37531ae23e68f85f9517b2454e50c1dfebf80eb9b721449ac95e0b9?s=96&d=mm&r=g","width":96,"height":96,"caption":"Encontra Santana"}},{"@type":"WebPage","@id":"https:\/\/www.encontrasantana.com.br\/sobre\/regiao-de-santanatucuruvi-realiza-pre-conferencia-da-mulher\/#webpage","url":"https:\/\/www.encontrasantana.com.br\/sobre\/regiao-de-santanatucuruvi-realiza-pre-conferencia-da-mulher\/","name":"Regi\u00e3o de Santana\/Tucuruvi realiza Pr\u00e9-Confer\u00eancia da Mulher \u00bb Encontra Santana","description":"A Subprefeitura de Santana\/Tucuruvi e a Secretaria Municipal de Participa\u00e7\u00e3o e Parceria, por interm\u00e9dio da Coordenadoria da Mulher, realizam no dia 23 de julho a Pr\u00e9-Confer\u00eancia Municipal de Pol\u00edticas P\u00fablicas para as Mulheres da Cidade de S\u00e3o Paulo. O objetivo \u00e9 discutir a formula\u00e7\u00e3o de diretrizes e pol\u00edticas p\u00fablicas para supera\u00e7\u00e3o das desigualdades de g\u00eanero,","inLanguage":"pt-BR","isPartOf":{"@id":"https:\/\/www.encontrasantana.com.br\/sobre\/#website"},"breadcrumb":{"@id":"https:\/\/www.encontrasantana.com.br\/sobre\/regiao-de-santanatucuruvi-realiza-pre-conferencia-da-mulher\/#breadcrumblist"},"author":{"@id":"https:\/\/www.encontrasantana.com.br\/sobre\/author\/esantana\/#author"},"creator":{"@id":"https:\/\/www.encontrasantana.com.br\/sobre\/author\/esantana\/#author"},"datePublished":"2011-07-13T18:31:37-03:00","dateModified":"2019-04-15T10:03:09-03:00"},{"@type":"WebSite","@id":"https:\/\/www.encontrasantana.com.br\/sobre\/#website","url":"https:\/\/www.encontrasantana.com.br\/sobre\/","name":"Encontra Santana","description":"Not\u00edcias, eventos, informa\u00e7\u00f5es e dicas no bairro de Santana e regi\u00e3o.","inLanguage":"pt-BR","publisher":{"@id":"https:\/\/www.encontrasantana.com.br\/sobre\/#organization"}}]},"og:locale":"pt_BR","og:site_name":"Encontra Santana | Not\u00edcias, eventos, informa\u00e7\u00f5es e dicas no bairro de Santana e regi\u00e3o.","og:type":"article","og:title":"Regi\u00e3o de Santana\/Tucuruvi realiza Pr\u00e9-Confer\u00eancia da Mulher \u00bb Encontra Santana","og:description":"A Subprefeitura de Santana\/Tucuruvi e a Secretaria Municipal de Participa\u00e7\u00e3o e Parceria, por interm\u00e9dio da Coordenadoria da Mulher, realizam no dia 23 de julho a Pr\u00e9-Confer\u00eancia Municipal de Pol\u00edticas P\u00fablicas para as Mulheres da Cidade de S\u00e3o Paulo. O objetivo \u00e9 discutir a formula\u00e7\u00e3o de diretrizes e pol\u00edticas p\u00fablicas para supera\u00e7\u00e3o das desigualdades de g\u00eanero,","og:url":"https:\/\/www.encontrasantana.com.br\/sobre\/regiao-de-santanatucuruvi-realiza-pre-conferencia-da-mulher\/","article:published_time":"2011-07-13T21:31:37+00:00","article:modified_time":"2019-04-15T13:03:09+00:00","twitter:card":"summary","twitter:title":"Regi\u00e3o de Santana\/Tucuruvi realiza Pr\u00e9-Confer\u00eancia da Mulher \u00bb Encontra Santana","twitter:description":"A Subprefeitura de Santana\/Tucuruvi e a Secretaria Municipal de Participa\u00e7\u00e3o e Parceria, por interm\u00e9dio da Coordenadoria da Mulher, realizam no dia 23 de julho a Pr\u00e9-Confer\u00eancia Municipal de Pol\u00edticas P\u00fablicas para as Mulheres da Cidade de S\u00e3o Paulo. O objetivo \u00e9 discutir a formula\u00e7\u00e3o de diretrizes e pol\u00edticas p\u00fablicas para supera\u00e7\u00e3o das desigualdades de g\u00eanero,"},"aioseo_meta_data":{"post_id":"1196","title":null,"description":null,"keywords":null,"keyphrases":null,"primary_term":null,"canonical_url":null,"og_title":null,"og_description":null,"og_object_type":"default","og_image_type":"default","og_image_url":null,"og_image_width":null,"og_image_height":null,"og_image_custom_url":null,"og_image_custom_fields":null,"og_video":null,"og_custom_url":null,"og_article_section":null,"og_article_tags":null,"twitter_use_og":false,"twitter_card":"default","twitter_image_type":"default","twitter_image_url":null,"twitter_image_custom_url":null,"twitter_image_custom_fields":null,"twitter_title":null,"twitter_description":null,"schema":{"blockGraphs":[],"customGraphs":[],"default":{"data":{"Article":[],"Course":[],"Dataset":[],"FAQPage":[],"Movie":[],"Person":[],"Product":[],"ProductReview":[],"Car":[],"Recipe":[],"Service":[],"SoftwareApplication":[],"WebPage":[]},"graphName":"Article","isEnabled":true},"graphs":[]},"schema_type":null,"schema_type_options":null,"pillar_content":false,"robots_default":true,"robots_noindex":false,"robots_noarchive":false,"robots_nosnippet":false,"robots_nofollow":false,"robots_noimageindex":false,"robots_noodp":false,"robots_notranslate":false,"robots_max_snippet":null,"robots_max_videopreview":null,"robots_max_imagepreview":"large","priority":null,"frequency":null,"local_seo":null,"limit_modified_date":false,"created":"2021-04-20 22:36:07","updated":"2026-08-06 09:02:01","focus_keyword":null,"additional_keywords":null,"truseo_locale":null,"ai":null,"breadcrumb_settings":null,"seo_analyzer_scan_date":null},"aioseo_breadcrumb":"<div class=\"aioseo-breadcrumbs\"><span class=\"aioseo-breadcrumb\">\n\t\t\t<a href=\"https:\/\/www.encontrasantana.com.br\/sobre\" title=\"In\u00edcio\">In\u00edcio<\/a>\n\t\t<\/span><span class=\"aioseo-breadcrumb-separator\">&raquo;<\/span><span class=\"aioseo-breadcrumb\">\n\t\t\t<a href=\"https:\/\/www.encontrasantana.com.br\/sobre\/noticias-em-santana\/\" title=\"Not\u00edcias Santana\">Not\u00edcias Santana<\/a>\n\t\t<\/span><span class=\"aioseo-breadcrumb-separator\">&raquo;<\/span><span class=\"aioseo-breadcrumb\">\n\t\t\tRegi\u00e3o de Santana\/Tucuruvi realiza Pr\u00e9-Confer\u00eancia da Mulher\n\t\t<\/span><\/div>","aioseo_breadcrumb_json":[{"label":"In\u00edcio","link":"https:\/\/www.encontrasantana.com.br\/sobre"},{"label":"Not\u00edcias Santana","link":"https:\/\/www.encontrasantana.com.br\/sobre\/noticias-em-santana\/"},{"label":"Regi\u00e3o de Santana\/Tucuruvi realiza Pr\u00e9-Confer\u00eancia da Mulher","link":"https:\/\/www.encontrasantana.com.br\/sobre\/regiao-de-santanatucuruvi-realiza-pre-conferencia-da-mulher\/"}],"_links":{"self":[{"href":"https:\/\/www.encontrasantana.com.br\/sobre\/wp-json\/wp\/v2\/posts\/1196","targetHints":{"allow":["GET"]}}],"collection":[{"href":"https:\/\/www.encontrasantana.com.br\/sobre\/wp-json\/wp\/v2\/posts"}],"about":[{"href":"https:\/\/www.encontrasantana.com.br\/sobre\/wp-json\/wp\/v2\/types\/post"}],"author":[{"embeddable":true,"href":"https:\/\/www.encontrasantana.com.br\/sobre\/wp-json\/wp\/v2\/users\/1"}],"replies":[{"embeddable":true,"href":"https:\/\/www.encontrasantana.com.br\/sobre\/wp-json\/wp\/v2\/comments?post=1196"}],"version-history":[{"count":0,"href":"https:\/\/www.encontrasantana.com.br\/sobre\/wp-json\/wp\/v2\/posts\/1196\/revisions"}],"wp:attachment":[{"href":"https:\/\/www.encontrasantana.com.br\/sobre\/wp-json\/wp\/v2\/media?parent=1196"}],"wp:term":[{"taxonomy":"category","embeddable":true,"href":"https:\/\/www.encontrasantana.com.br\/sobre\/wp-json\/wp\/v2\/categories?post=1196"},{"taxonomy":"post_tag","embeddable":true,"href":"https:\/\/www.encontrasantana.com.br\/sobre\/wp-json\/wp\/v2\/tags?post=1196"}],"curies":[{"name":"wp","href":"https:\/\/api.w.org\/{rel}","templated":true}]}}