{"id":1217,"date":"2011-07-29T17:50:20","date_gmt":"2011-07-29T20:50:20","guid":{"rendered":"http:\/\/www.encontrasantana.com.br\/blog\/?p=1217"},"modified":"2019-04-15T10:03:08","modified_gmt":"2019-04-15T13:03:08","slug":"acidente-de-carro-deixa-quatro-feridos-em-santana","status":"publish","type":"post","link":"https:\/\/www.encontrasantana.com.br\/sobre\/acidente-de-carro-deixa-quatro-feridos-em-santana\/","title":{"rendered":"Acidente de carro deixa quatro feridos em Santana"},"content":{"rendered":"<div class=\"1acf8468e559fd3cbeec5aee3a269a52\" data-index=\"1\" style=\"float: none; margin:0px;\">\n<!-- Anuncio display - global -->\r\n<ins class=\"adsbygoogle\"\r\n     style=\"display:block\"\r\n     data-ad-client=\"ca-pub-8585364105181520\"\r\n     data-ad-slot=\"8789329856\"\r\n     data-ad-format=\"auto\"\r\n     data-full-width-responsive=\"true\"><\/ins>\r\n<script>\r\n     (adsbygoogle = window.adsbygoogle || []).push({});\r\n<\/script>\n<\/div>\n<p>Um acidente envolvendo dois ve\u00edculos deixou quatro pessoas feridas, sendo duas em estado grave, na rua Paineira do Campo, pr\u00f3ximo da pra\u00e7a Campo de Bagatelle, bairro Santana, zona norte de S\u00e3o Paulo, por volta das 23h50 desta quinta-feira (28).<\/p>\n<p>Um Fiat Uno, da empresa Icomon Tecnologia, que presta servi\u00e7o para a Telef\u00f4nica, estava em alta velocidade na via e capotou depois de bater em outro carro. Quatro amigos que voltavam de uma festa ocupavam o ve\u00edculo.<\/p>\n<p>Os dois passageiros com escoria\u00e7\u00f5es leves foram levados para hospitais da regi\u00e3o e foram liberados ainda na madrugada. As outras duas pessoas est\u00e3o internadas em estado grave no pronto-socorro da Santa Casa.<\/p>\n<p>Equipes do Corpo de Bombeiros e do Samu (Servi\u00e7o de Atendimento M\u00f3vel de Urg\u00eancia) participaram do resgate.<\/p>\n<p><em>Fonte: R7<\/em><\/p>\n\n<div style=\"font-size: 0px; height: 0px; line-height: 0px; margin: 0; padding: 0; clear: both;\"><\/div>","protected":false},"excerpt":{"rendered":"<p>Um acidente envolvendo dois ve\u00edculos deixou quatro pessoas feridas, sendo duas em estado grave, na rua Paineira do Campo, pr\u00f3ximo da pra\u00e7a Campo de Bagatelle, bairro Santana, zona norte de S\u00e3o Paulo, por volta das 23h50 desta quinta-feira (28). Um Fiat Uno, da empresa Icomon Tecnologia, que presta servi\u00e7o para a Telef\u00f4nica, estava em alta velocidade na via e capotou depois de bater em outro carro. Quatro amigos que voltavam de uma festa ocupavam o ve\u00edculo. Os dois passageiros com escoria\u00e7\u00f5es leves foram levados para hospitais da regi\u00e3o e foram liberados ainda na madrugada. As outras duas pessoas est\u00e3o internadas <\/p>\n","protected":false},"author":1,"featured_media":0,"comment_status":"open","ping_status":"closed","sticky":false,"template":"","format":"standard","meta":{"footnotes":""},"categories":[3],"tags":[10],"class_list":["post-1217","post","type-post","status-publish","format-standard","hentry","category-noticias-em-santana","tag-santana"],"aioseo_notices":[],"_links":{"self":[{"href":"https:\/\/www.encontrasantana.com.br\/sobre\/wp-json\/wp\/v2\/posts\/1217"}],"collection":[{"href":"https:\/\/www.encontrasantana.com.br\/sobre\/wp-json\/wp\/v2\/posts"}],"about":[{"href":"https:\/\/www.encontrasantana.com.br\/sobre\/wp-json\/wp\/v2\/types\/post"}],"author":[{"embeddable":true,"href":"https:\/\/www.encontrasantana.com.br\/sobre\/wp-json\/wp\/v2\/users\/1"}],"replies":[{"embeddable":true,"href":"https:\/\/www.encontrasantana.com.br\/sobre\/wp-json\/wp\/v2\/comments?post=1217"}],"version-history":[{"count":0,"href":"https:\/\/www.encontrasantana.com.br\/sobre\/wp-json\/wp\/v2\/posts\/1217\/revisions"}],"wp:attachment":[{"href":"https:\/\/www.encontrasantana.com.br\/sobre\/wp-json\/wp\/v2\/media?parent=1217"}],"wp:term":[{"taxonomy":"category","embeddable":true,"href":"https:\/\/www.encontrasantana.com.br\/sobre\/wp-json\/wp\/v2\/categories?post=1217"},{"taxonomy":"post_tag","embeddable":true,"href":"https:\/\/www.encontrasantana.com.br\/sobre\/wp-json\/wp\/v2\/tags?post=1217"}],"curies":[{"name":"wp","href":"https:\/\/api.w.org\/{rel}","templated":true}]}}