{"id":1221,"date":"2011-07-29T17:51:55","date_gmt":"2011-07-29T20:51:55","guid":{"rendered":"http:\/\/www.encontrasantana.com.br\/blog\/?p=1221"},"modified":"2019-04-15T10:03:08","modified_gmt":"2019-04-15T13:03:08","slug":"oficina-no-cat-santana-mostra-a-importancia-da-formacao-escolar","status":"publish","type":"post","link":"https:\/\/www.encontrasantana.com.br\/sobre\/oficina-no-cat-santana-mostra-a-importancia-da-formacao-escolar\/","title":{"rendered":"Oficina no CAT Santana mostra a import\u00e2ncia da forma\u00e7\u00e3o escolar"},"content":{"rendered":"<div class=\"1acf8468e559fd3cbeec5aee3a269a52\" data-index=\"1\" style=\"float: none; margin:0px;\">\n<!-- Anuncio display - global -->\r\n<ins class=\"adsbygoogle\"\r\n     style=\"display:block\"\r\n     data-ad-client=\"ca-pub-8585364105181520\"\r\n     data-ad-slot=\"8789329856\"\r\n     data-ad-format=\"auto\"\r\n     data-full-width-responsive=\"true\"><\/ins>\r\n<script>\r\n     (adsbygoogle = window.adsbygoogle || []).push({});\r\n<\/script>\n<\/div>\n<p>Na pr\u00f3xima quarta-feira (3) ser\u00e1 realizada nas unidades do Centro de Apoio ao Trabalho (CAT) mais uma oficina do Programa Orienta\u00e7\u00e3o para o Trabalho. Pessoas que possuem dificuldades sobre como se preparar para conquistar uma vaga de emprego ou que querem desenvolver suas habilidades, t\u00eam no programa a chance de refletirem sobre quais s\u00e3o seus pontos fortes e trabalharem os pontos fracos.<\/p>\n<p>O tema abordado na oficina ser\u00e1\u00a0Escolaridade, mostrando aos participantes a necessidade dos estudos n\u00e3o s\u00f3 para uma carreira promissora, como tamb\u00e9m para toda a vida. Al\u00e9m disso, ser\u00e3o oferecidas aos mun\u00edcipes dicas que auxiliem e exercitem o aprendizado como: escrever com frequ\u00eancia, elaborando textos e reda\u00e7\u00f5es; n\u00e3o utilizar, na escrita, g\u00edrias das redes sociais; procurar sempre por cursos que possam acrescentar no ensino e qualificar, dentre outras dicas.<\/p>\n<p>No segundo exerc\u00edcio da oficina, os trabalhadores ter\u00e3o a oportunidades de tra\u00e7ar uma linha do tempo com todas suas metas profissionais, al\u00e9m das a\u00e7\u00f5es que devem ser tomadas para atingi-las.<\/p>\n<p>Os interessados em participarem da oficina, que \u00e9 gratuita, n\u00e3o precisam realizar inscri\u00e7\u00e3o, basta comparecerem, com RG e CPF, no hor\u00e1rio de in\u00edcio das atividades, \u00e0s 9h.<\/p>\n<p><strong>Endere\u00e7os<\/strong><\/p>\n<p>CAT Luz<br \/>\nAv. Prestes Maia, 913\/919<\/p>\n<p>CAT Itaquera<br \/>\nRua Greg\u00f3rio Ramalho, 12<\/p>\n<p>CAT\u00a0Penha<br \/>\nRua Candapu\u00ed, 492 (dentro da Subprefeitura da Penha)<\/p>\n<p>CAT Itaim Paulista<br \/>\nAv. Marechal Tito, 3.012<\/p>\n<p>CAT S\u00e3o Mateus I<br \/>\nAv. Mateo Bei, 1.641<\/p>\n<p><a href=\"http:\/\/www.encontrasantana.com.br\/santana\/cat-em-santana.shtml\" target=\"_blank\">CAT Santana<\/a><br \/>\nRua Volunt\u00e1rios da P\u00e1tria, 1.553<\/p>\n<p>CAT Perus<br \/>\nRua Yl\u00eddio Figueiredo, 349<\/p>\n<p>CAT Lapa I<br \/>\nRua Monteiro de Melo, 342<\/p>\n<p>CAT Interlagos<br \/>\nAv. Interlagos, 6.122<\/p>\n<p>CAT Jabaquara<br \/>\nAv. Eng. Armando de Arruda Pereira, 2.314<\/p>\n<p><em>Fonte: Prefeitura de S\u00e3o Paulo<\/em><\/p>\n\n<div style=\"font-size: 0px; height: 0px; line-height: 0px; margin: 0; padding: 0; clear: both;\"><\/div>","protected":false},"excerpt":{"rendered":"<p>Na pr\u00f3xima quarta-feira (3) ser\u00e1 realizada nas unidades do Centro de Apoio ao Trabalho (CAT) mais uma oficina do Programa Orienta\u00e7\u00e3o para o Trabalho. Pessoas que possuem dificuldades sobre como se preparar para conquistar uma vaga de emprego ou que querem desenvolver suas habilidades, t\u00eam no programa a chance de refletirem sobre quais s\u00e3o seus pontos fortes e trabalharem os pontos fracos. O tema abordado na oficina ser\u00e1\u00a0Escolaridade, mostrando aos participantes a necessidade dos estudos n\u00e3o s\u00f3 para uma carreira promissora, como tamb\u00e9m para toda a vida. Al\u00e9m disso, ser\u00e3o oferecidas aos mun\u00edcipes dicas que auxiliem e exercitem o aprendizado <\/p>\n","protected":false},"author":1,"featured_media":0,"comment_status":"open","ping_status":"closed","sticky":false,"template":"","format":"standard","meta":{"footnotes":""},"categories":[12],"tags":[10],"class_list":["post-1221","post","type-post","status-publish","format-standard","hentry","category-cursos-em-santana","tag-santana"],"aioseo_notices":[],"aioseo_head":"\n\t\t<!-- All in One SEO 5.0.0.1 - aioseo.com -->\n\t<meta name=\"description\" content=\"Na pr\u00f3xima quarta-feira (3) ser\u00e1 realizada nas unidades do Centro de Apoio ao Trabalho (CAT) mais uma oficina do Programa Orienta\u00e7\u00e3o para o Trabalho. Pessoas que possuem dificuldades sobre como se preparar para conquistar uma vaga de emprego ou que querem desenvolver suas habilidades, t\u00eam no programa a chance de refletirem sobre quais s\u00e3o seus\" \/>\n\t<meta name=\"robots\" content=\"max-image-preview:large\" \/>\n\t<meta name=\"author\" content=\"Encontra Santana\"\/>\n\t<link rel=\"canonical\" href=\"https:\/\/www.encontrasantana.com.br\/sobre\/oficina-no-cat-santana-mostra-a-importancia-da-formacao-escolar\/\" \/>\n\t<meta name=\"generator\" content=\"All in One SEO (AIOSEO) 5.0.0.1\" \/>\n\t\t<meta property=\"og:locale\" content=\"pt_BR\" \/>\n\t\t<meta property=\"og:site_name\" content=\"Encontra Santana | Not\u00edcias, eventos, informa\u00e7\u00f5es e dicas no bairro de Santana e regi\u00e3o.\" \/>\n\t\t<meta property=\"og:type\" content=\"article\" \/>\n\t\t<meta property=\"og:title\" content=\"Oficina no CAT Santana mostra a import\u00e2ncia da forma\u00e7\u00e3o escolar \u00bb Encontra Santana\" \/>\n\t\t<meta property=\"og:description\" content=\"Na pr\u00f3xima quarta-feira (3) ser\u00e1 realizada nas unidades do Centro de Apoio ao Trabalho (CAT) mais uma oficina do Programa Orienta\u00e7\u00e3o para o Trabalho. Pessoas que possuem dificuldades sobre como se preparar para conquistar uma vaga de emprego ou que querem desenvolver suas habilidades, t\u00eam no programa a chance de refletirem sobre quais s\u00e3o seus\" \/>\n\t\t<meta property=\"og:url\" content=\"https:\/\/www.encontrasantana.com.br\/sobre\/oficina-no-cat-santana-mostra-a-importancia-da-formacao-escolar\/\" \/>\n\t\t<meta property=\"article:published_time\" content=\"2011-07-29T20:51:55+00:00\" \/>\n\t\t<meta property=\"article:modified_time\" content=\"2019-04-15T13:03:08+00:00\" \/>\n\t\t<meta name=\"twitter:card\" content=\"summary\" \/>\n\t\t<meta name=\"twitter:title\" content=\"Oficina no CAT Santana mostra a import\u00e2ncia da forma\u00e7\u00e3o escolar \u00bb Encontra Santana\" \/>\n\t\t<meta name=\"twitter:description\" content=\"Na pr\u00f3xima quarta-feira (3) ser\u00e1 realizada nas unidades do Centro de Apoio ao Trabalho (CAT) mais uma oficina do Programa Orienta\u00e7\u00e3o para o Trabalho. Pessoas que possuem dificuldades sobre como se preparar para conquistar uma vaga de emprego ou que querem desenvolver suas habilidades, t\u00eam no programa a chance de refletirem sobre quais s\u00e3o seus\" \/>\n\t\t<script type=\"application\/ld+json\" class=\"aioseo-schema\">\n\t\t\t{\"@context\":\"https:\\\/\\\/schema.org\",\"@graph\":[{\"@type\":\"Article\",\"@id\":\"https:\\\/\\\/www.encontrasantana.com.br\\\/sobre\\\/oficina-no-cat-santana-mostra-a-importancia-da-formacao-escolar\\\/#article\",\"name\":\"Oficina no CAT Santana mostra a import\\u00e2ncia da forma\\u00e7\\u00e3o escolar \\u00bb Encontra Santana\",\"headline\":\"Oficina no CAT Santana mostra a import\\u00e2ncia da forma\\u00e7\\u00e3o escolar\",\"author\":{\"@id\":\"https:\\\/\\\/www.encontrasantana.com.br\\\/sobre\\\/author\\\/esantana\\\/#author\"},\"publisher\":{\"@id\":\"https:\\\/\\\/www.encontrasantana.com.br\\\/sobre\\\/#organization\"},\"datePublished\":\"2011-07-29T17:51:55-03:00\",\"dateModified\":\"2019-04-15T10:03:08-03:00\",\"inLanguage\":\"pt-BR\",\"mainEntityOfPage\":{\"@id\":\"https:\\\/\\\/www.encontrasantana.com.br\\\/sobre\\\/oficina-no-cat-santana-mostra-a-importancia-da-formacao-escolar\\\/#webpage\"},\"isPartOf\":{\"@id\":\"https:\\\/\\\/www.encontrasantana.com.br\\\/sobre\\\/oficina-no-cat-santana-mostra-a-importancia-da-formacao-escolar\\\/#webpage\"},\"articleSection\":\"Cursos Santana, Santana\"},{\"@type\":\"BreadcrumbList\",\"@id\":\"https:\\\/\\\/www.encontrasantana.com.br\\\/sobre\\\/oficina-no-cat-santana-mostra-a-importancia-da-formacao-escolar\\\/#breadcrumblist\",\"itemListElement\":[{\"@type\":\"ListItem\",\"@id\":\"https:\\\/\\\/www.encontrasantana.com.br\\\/sobre#listItem\",\"position\":1,\"name\":\"In\\u00edcio\",\"item\":\"https:\\\/\\\/www.encontrasantana.com.br\\\/sobre\",\"nextItem\":{\"@type\":\"ListItem\",\"@id\":\"https:\\\/\\\/www.encontrasantana.com.br\\\/sobre\\\/cursos-em-santana\\\/#listItem\",\"name\":\"Cursos Santana\"}},{\"@type\":\"ListItem\",\"@id\":\"https:\\\/\\\/www.encontrasantana.com.br\\\/sobre\\\/cursos-em-santana\\\/#listItem\",\"position\":2,\"name\":\"Cursos Santana\",\"item\":\"https:\\\/\\\/www.encontrasantana.com.br\\\/sobre\\\/cursos-em-santana\\\/\",\"nextItem\":{\"@type\":\"ListItem\",\"@id\":\"https:\\\/\\\/www.encontrasantana.com.br\\\/sobre\\\/oficina-no-cat-santana-mostra-a-importancia-da-formacao-escolar\\\/#listItem\",\"name\":\"Oficina no CAT Santana mostra a import\\u00e2ncia da forma\\u00e7\\u00e3o escolar\"},\"previousItem\":{\"@type\":\"ListItem\",\"@id\":\"https:\\\/\\\/www.encontrasantana.com.br\\\/sobre#listItem\",\"name\":\"In\\u00edcio\"}},{\"@type\":\"ListItem\",\"@id\":\"https:\\\/\\\/www.encontrasantana.com.br\\\/sobre\\\/oficina-no-cat-santana-mostra-a-importancia-da-formacao-escolar\\\/#listItem\",\"position\":3,\"name\":\"Oficina no CAT Santana mostra a import\\u00e2ncia da forma\\u00e7\\u00e3o escolar\",\"previousItem\":{\"@type\":\"ListItem\",\"@id\":\"https:\\\/\\\/www.encontrasantana.com.br\\\/sobre\\\/cursos-em-santana\\\/#listItem\",\"name\":\"Cursos Santana\"}}]},{\"@type\":\"Organization\",\"@id\":\"https:\\\/\\\/www.encontrasantana.com.br\\\/sobre\\\/#organization\",\"name\":\"Encontra Santana\",\"description\":\"Not\\u00edcias, eventos, informa\\u00e7\\u00f5es e dicas no bairro de Santana e regi\\u00e3o.\",\"url\":\"https:\\\/\\\/www.encontrasantana.com.br\\\/sobre\\\/\"},{\"@type\":\"Person\",\"@id\":\"https:\\\/\\\/www.encontrasantana.com.br\\\/sobre\\\/author\\\/esantana\\\/#author\",\"url\":\"https:\\\/\\\/www.encontrasantana.com.br\\\/sobre\\\/author\\\/esantana\\\/\",\"name\":\"Encontra Santana\",\"image\":{\"@type\":\"ImageObject\",\"@id\":\"https:\\\/\\\/www.encontrasantana.com.br\\\/sobre\\\/oficina-no-cat-santana-mostra-a-importancia-da-formacao-escolar\\\/#authorImage\",\"url\":\"https:\\\/\\\/secure.gravatar.com\\\/avatar\\\/0fbed662e37531ae23e68f85f9517b2454e50c1dfebf80eb9b721449ac95e0b9?s=96&d=mm&r=g\",\"width\":96,\"height\":96,\"caption\":\"Encontra Santana\"}},{\"@type\":\"WebPage\",\"@id\":\"https:\\\/\\\/www.encontrasantana.com.br\\\/sobre\\\/oficina-no-cat-santana-mostra-a-importancia-da-formacao-escolar\\\/#webpage\",\"url\":\"https:\\\/\\\/www.encontrasantana.com.br\\\/sobre\\\/oficina-no-cat-santana-mostra-a-importancia-da-formacao-escolar\\\/\",\"name\":\"Oficina no CAT Santana mostra a import\\u00e2ncia da forma\\u00e7\\u00e3o escolar \\u00bb Encontra Santana\",\"description\":\"Na pr\\u00f3xima quarta-feira (3) ser\\u00e1 realizada nas unidades do Centro de Apoio ao Trabalho (CAT) mais uma oficina do Programa Orienta\\u00e7\\u00e3o para o Trabalho. Pessoas que possuem dificuldades sobre como se preparar para conquistar uma vaga de emprego ou que querem desenvolver suas habilidades, t\\u00eam no programa a chance de refletirem sobre quais s\\u00e3o seus\",\"inLanguage\":\"pt-BR\",\"isPartOf\":{\"@id\":\"https:\\\/\\\/www.encontrasantana.com.br\\\/sobre\\\/#website\"},\"breadcrumb\":{\"@id\":\"https:\\\/\\\/www.encontrasantana.com.br\\\/sobre\\\/oficina-no-cat-santana-mostra-a-importancia-da-formacao-escolar\\\/#breadcrumblist\"},\"author\":{\"@id\":\"https:\\\/\\\/www.encontrasantana.com.br\\\/sobre\\\/author\\\/esantana\\\/#author\"},\"creator\":{\"@id\":\"https:\\\/\\\/www.encontrasantana.com.br\\\/sobre\\\/author\\\/esantana\\\/#author\"},\"datePublished\":\"2011-07-29T17:51:55-03:00\",\"dateModified\":\"2019-04-15T10:03:08-03:00\"},{\"@type\":\"WebSite\",\"@id\":\"https:\\\/\\\/www.encontrasantana.com.br\\\/sobre\\\/#website\",\"url\":\"https:\\\/\\\/www.encontrasantana.com.br\\\/sobre\\\/\",\"name\":\"Encontra Santana\",\"description\":\"Not\\u00edcias, eventos, informa\\u00e7\\u00f5es e dicas no bairro de Santana e regi\\u00e3o.\",\"inLanguage\":\"pt-BR\",\"publisher\":{\"@id\":\"https:\\\/\\\/www.encontrasantana.com.br\\\/sobre\\\/#organization\"}}]}\n\t\t<\/script>\n\t\t<!-- All in One SEO -->\n\n","aioseo_head_json":{"title":"Oficina no CAT Santana mostra a import\u00e2ncia da forma\u00e7\u00e3o escolar \u00bb Encontra Santana","description":"Na pr\u00f3xima quarta-feira (3) ser\u00e1 realizada nas unidades do Centro de Apoio ao Trabalho (CAT) mais uma oficina do Programa Orienta\u00e7\u00e3o para o Trabalho. Pessoas que possuem dificuldades sobre como se preparar para conquistar uma vaga de emprego ou que querem desenvolver suas habilidades, t\u00eam no programa a chance de refletirem sobre quais s\u00e3o seus","canonical_url":"https:\/\/www.encontrasantana.com.br\/sobre\/oficina-no-cat-santana-mostra-a-importancia-da-formacao-escolar\/","robots":"max-image-preview:large","keywords":"","webmasterTools":{"miscellaneous":""},"schema":{"@context":"https:\/\/schema.org","@graph":[{"@type":"Article","@id":"https:\/\/www.encontrasantana.com.br\/sobre\/oficina-no-cat-santana-mostra-a-importancia-da-formacao-escolar\/#article","name":"Oficina no CAT Santana mostra a import\u00e2ncia da forma\u00e7\u00e3o escolar \u00bb Encontra Santana","headline":"Oficina no CAT Santana mostra a import\u00e2ncia da forma\u00e7\u00e3o escolar","author":{"@id":"https:\/\/www.encontrasantana.com.br\/sobre\/author\/esantana\/#author"},"publisher":{"@id":"https:\/\/www.encontrasantana.com.br\/sobre\/#organization"},"datePublished":"2011-07-29T17:51:55-03:00","dateModified":"2019-04-15T10:03:08-03:00","inLanguage":"pt-BR","mainEntityOfPage":{"@id":"https:\/\/www.encontrasantana.com.br\/sobre\/oficina-no-cat-santana-mostra-a-importancia-da-formacao-escolar\/#webpage"},"isPartOf":{"@id":"https:\/\/www.encontrasantana.com.br\/sobre\/oficina-no-cat-santana-mostra-a-importancia-da-formacao-escolar\/#webpage"},"articleSection":"Cursos Santana, Santana"},{"@type":"BreadcrumbList","@id":"https:\/\/www.encontrasantana.com.br\/sobre\/oficina-no-cat-santana-mostra-a-importancia-da-formacao-escolar\/#breadcrumblist","itemListElement":[{"@type":"ListItem","@id":"https:\/\/www.encontrasantana.com.br\/sobre#listItem","position":1,"name":"In\u00edcio","item":"https:\/\/www.encontrasantana.com.br\/sobre","nextItem":{"@type":"ListItem","@id":"https:\/\/www.encontrasantana.com.br\/sobre\/cursos-em-santana\/#listItem","name":"Cursos Santana"}},{"@type":"ListItem","@id":"https:\/\/www.encontrasantana.com.br\/sobre\/cursos-em-santana\/#listItem","position":2,"name":"Cursos Santana","item":"https:\/\/www.encontrasantana.com.br\/sobre\/cursos-em-santana\/","nextItem":{"@type":"ListItem","@id":"https:\/\/www.encontrasantana.com.br\/sobre\/oficina-no-cat-santana-mostra-a-importancia-da-formacao-escolar\/#listItem","name":"Oficina no CAT Santana mostra a import\u00e2ncia da forma\u00e7\u00e3o escolar"},"previousItem":{"@type":"ListItem","@id":"https:\/\/www.encontrasantana.com.br\/sobre#listItem","name":"In\u00edcio"}},{"@type":"ListItem","@id":"https:\/\/www.encontrasantana.com.br\/sobre\/oficina-no-cat-santana-mostra-a-importancia-da-formacao-escolar\/#listItem","position":3,"name":"Oficina no CAT Santana mostra a import\u00e2ncia da forma\u00e7\u00e3o escolar","previousItem":{"@type":"ListItem","@id":"https:\/\/www.encontrasantana.com.br\/sobre\/cursos-em-santana\/#listItem","name":"Cursos Santana"}}]},{"@type":"Organization","@id":"https:\/\/www.encontrasantana.com.br\/sobre\/#organization","name":"Encontra Santana","description":"Not\u00edcias, eventos, informa\u00e7\u00f5es e dicas no bairro de Santana e regi\u00e3o.","url":"https:\/\/www.encontrasantana.com.br\/sobre\/"},{"@type":"Person","@id":"https:\/\/www.encontrasantana.com.br\/sobre\/author\/esantana\/#author","url":"https:\/\/www.encontrasantana.com.br\/sobre\/author\/esantana\/","name":"Encontra Santana","image":{"@type":"ImageObject","@id":"https:\/\/www.encontrasantana.com.br\/sobre\/oficina-no-cat-santana-mostra-a-importancia-da-formacao-escolar\/#authorImage","url":"https:\/\/secure.gravatar.com\/avatar\/0fbed662e37531ae23e68f85f9517b2454e50c1dfebf80eb9b721449ac95e0b9?s=96&d=mm&r=g","width":96,"height":96,"caption":"Encontra Santana"}},{"@type":"WebPage","@id":"https:\/\/www.encontrasantana.com.br\/sobre\/oficina-no-cat-santana-mostra-a-importancia-da-formacao-escolar\/#webpage","url":"https:\/\/www.encontrasantana.com.br\/sobre\/oficina-no-cat-santana-mostra-a-importancia-da-formacao-escolar\/","name":"Oficina no CAT Santana mostra a import\u00e2ncia da forma\u00e7\u00e3o escolar \u00bb Encontra Santana","description":"Na pr\u00f3xima quarta-feira (3) ser\u00e1 realizada nas unidades do Centro de Apoio ao Trabalho (CAT) mais uma oficina do Programa Orienta\u00e7\u00e3o para o Trabalho. Pessoas que possuem dificuldades sobre como se preparar para conquistar uma vaga de emprego ou que querem desenvolver suas habilidades, t\u00eam no programa a chance de refletirem sobre quais s\u00e3o seus","inLanguage":"pt-BR","isPartOf":{"@id":"https:\/\/www.encontrasantana.com.br\/sobre\/#website"},"breadcrumb":{"@id":"https:\/\/www.encontrasantana.com.br\/sobre\/oficina-no-cat-santana-mostra-a-importancia-da-formacao-escolar\/#breadcrumblist"},"author":{"@id":"https:\/\/www.encontrasantana.com.br\/sobre\/author\/esantana\/#author"},"creator":{"@id":"https:\/\/www.encontrasantana.com.br\/sobre\/author\/esantana\/#author"},"datePublished":"2011-07-29T17:51:55-03:00","dateModified":"2019-04-15T10:03:08-03:00"},{"@type":"WebSite","@id":"https:\/\/www.encontrasantana.com.br\/sobre\/#website","url":"https:\/\/www.encontrasantana.com.br\/sobre\/","name":"Encontra Santana","description":"Not\u00edcias, eventos, informa\u00e7\u00f5es e dicas no bairro de Santana e regi\u00e3o.","inLanguage":"pt-BR","publisher":{"@id":"https:\/\/www.encontrasantana.com.br\/sobre\/#organization"}}]},"og:locale":"pt_BR","og:site_name":"Encontra Santana | Not\u00edcias, eventos, informa\u00e7\u00f5es e dicas no bairro de Santana e regi\u00e3o.","og:type":"article","og:title":"Oficina no CAT Santana mostra a import\u00e2ncia da forma\u00e7\u00e3o escolar \u00bb Encontra Santana","og:description":"Na pr\u00f3xima quarta-feira (3) ser\u00e1 realizada nas unidades do Centro de Apoio ao Trabalho (CAT) mais uma oficina do Programa Orienta\u00e7\u00e3o para o Trabalho. Pessoas que possuem dificuldades sobre como se preparar para conquistar uma vaga de emprego ou que querem desenvolver suas habilidades, t\u00eam no programa a chance de refletirem sobre quais s\u00e3o seus","og:url":"https:\/\/www.encontrasantana.com.br\/sobre\/oficina-no-cat-santana-mostra-a-importancia-da-formacao-escolar\/","article:published_time":"2011-07-29T20:51:55+00:00","article:modified_time":"2019-04-15T13:03:08+00:00","twitter:card":"summary","twitter:title":"Oficina no CAT Santana mostra a import\u00e2ncia da forma\u00e7\u00e3o escolar \u00bb Encontra Santana","twitter:description":"Na pr\u00f3xima quarta-feira (3) ser\u00e1 realizada nas unidades do Centro de Apoio ao Trabalho (CAT) mais uma oficina do Programa Orienta\u00e7\u00e3o para o Trabalho. Pessoas que possuem dificuldades sobre como se preparar para conquistar uma vaga de emprego ou que querem desenvolver suas habilidades, t\u00eam no programa a chance de refletirem sobre quais s\u00e3o seus"},"aioseo_meta_data":{"post_id":"1221","title":null,"description":null,"keywords":null,"keyphrases":null,"primary_term":null,"canonical_url":null,"og_title":null,"og_description":null,"og_object_type":"default","og_image_type":"default","og_image_url":null,"og_image_width":null,"og_image_height":null,"og_image_custom_url":null,"og_image_custom_fields":null,"og_video":null,"og_custom_url":null,"og_article_section":null,"og_article_tags":null,"twitter_use_og":false,"twitter_card":"default","twitter_image_type":"default","twitter_image_url":null,"twitter_image_custom_url":null,"twitter_image_custom_fields":null,"twitter_title":null,"twitter_description":null,"schema":{"blockGraphs":[],"customGraphs":[],"default":{"data":{"Article":[],"Course":[],"Dataset":[],"FAQPage":[],"Movie":[],"Person":[],"Product":[],"ProductReview":[],"Car":[],"Recipe":[],"Service":[],"SoftwareApplication":[],"WebPage":[]},"graphName":"Article","isEnabled":true},"graphs":[]},"schema_type":null,"schema_type_options":null,"pillar_content":false,"robots_default":true,"robots_noindex":false,"robots_noarchive":false,"robots_nosnippet":false,"robots_nofollow":false,"robots_noimageindex":false,"robots_noodp":false,"robots_notranslate":false,"robots_max_snippet":null,"robots_max_videopreview":null,"robots_max_imagepreview":"large","priority":null,"frequency":null,"local_seo":null,"limit_modified_date":false,"created":"2021-04-20 23:23:33","updated":"2026-08-06 09:24:17","focus_keyword":null,"additional_keywords":null,"truseo_locale":null,"ai":null,"breadcrumb_settings":null,"seo_analyzer_scan_date":null},"aioseo_breadcrumb":"<div class=\"aioseo-breadcrumbs\"><span class=\"aioseo-breadcrumb\">\n\t\t\t<a href=\"https:\/\/www.encontrasantana.com.br\/sobre\" title=\"In\u00edcio\">In\u00edcio<\/a>\n\t\t<\/span><span class=\"aioseo-breadcrumb-separator\">&raquo;<\/span><span class=\"aioseo-breadcrumb\">\n\t\t\t<a href=\"https:\/\/www.encontrasantana.com.br\/sobre\/cursos-em-santana\/\" title=\"Cursos Santana\">Cursos Santana<\/a>\n\t\t<\/span><span class=\"aioseo-breadcrumb-separator\">&raquo;<\/span><span class=\"aioseo-breadcrumb\">\n\t\t\tOficina no CAT Santana mostra a import\u00e2ncia da forma\u00e7\u00e3o escolar\n\t\t<\/span><\/div>","aioseo_breadcrumb_json":[{"label":"In\u00edcio","link":"https:\/\/www.encontrasantana.com.br\/sobre"},{"label":"Cursos Santana","link":"https:\/\/www.encontrasantana.com.br\/sobre\/cursos-em-santana\/"},{"label":"Oficina no CAT Santana mostra a import\u00e2ncia da forma\u00e7\u00e3o escolar","link":"https:\/\/www.encontrasantana.com.br\/sobre\/oficina-no-cat-santana-mostra-a-importancia-da-formacao-escolar\/"}],"_links":{"self":[{"href":"https:\/\/www.encontrasantana.com.br\/sobre\/wp-json\/wp\/v2\/posts\/1221","targetHints":{"allow":["GET"]}}],"collection":[{"href":"https:\/\/www.encontrasantana.com.br\/sobre\/wp-json\/wp\/v2\/posts"}],"about":[{"href":"https:\/\/www.encontrasantana.com.br\/sobre\/wp-json\/wp\/v2\/types\/post"}],"author":[{"embeddable":true,"href":"https:\/\/www.encontrasantana.com.br\/sobre\/wp-json\/wp\/v2\/users\/1"}],"replies":[{"embeddable":true,"href":"https:\/\/www.encontrasantana.com.br\/sobre\/wp-json\/wp\/v2\/comments?post=1221"}],"version-history":[{"count":0,"href":"https:\/\/www.encontrasantana.com.br\/sobre\/wp-json\/wp\/v2\/posts\/1221\/revisions"}],"wp:attachment":[{"href":"https:\/\/www.encontrasantana.com.br\/sobre\/wp-json\/wp\/v2\/media?parent=1221"}],"wp:term":[{"taxonomy":"category","embeddable":true,"href":"https:\/\/www.encontrasantana.com.br\/sobre\/wp-json\/wp\/v2\/categories?post=1221"},{"taxonomy":"post_tag","embeddable":true,"href":"https:\/\/www.encontrasantana.com.br\/sobre\/wp-json\/wp\/v2\/tags?post=1221"}],"curies":[{"name":"wp","href":"https:\/\/api.w.org\/{rel}","templated":true}]}}