{"id":1225,"date":"2011-08-03T15:25:33","date_gmt":"2011-08-03T18:25:33","guid":{"rendered":"http:\/\/www.encontrasantana.com.br\/blog\/?p=1225"},"modified":"2019-04-15T10:03:07","modified_gmt":"2019-04-15T13:03:07","slug":"festival-palco-giratorio-apresenta-pecas-no-sesc-santana","status":"publish","type":"post","link":"https:\/\/www.encontrasantana.com.br\/sobre\/festival-palco-giratorio-apresenta-pecas-no-sesc-santana\/","title":{"rendered":"Festival Palco Girat\u00f3rio apresenta pe\u00e7as no Sesc Santana"},"content":{"rendered":"<div class=\"1acf8468e559fd3cbeec5aee3a269a52\" data-index=\"1\" style=\"float: none; margin:0px;\">\n<!-- Anuncio display - global -->\r\n<ins class=\"adsbygoogle\"\r\n     style=\"display:block\"\r\n     data-ad-client=\"ca-pub-8585364105181520\"\r\n     data-ad-slot=\"8789329856\"\r\n     data-ad-format=\"auto\"\r\n     data-full-width-responsive=\"true\"><\/ins>\r\n<script>\r\n     (adsbygoogle = window.adsbygoogle || []).push({});\r\n<\/script>\n<\/div>\n<p>O Festival Palco Girat\u00f3rio 2011 come\u00e7a nesta ter\u00e7a-feira (2) e apresenta, at\u00e9 28 de agosto, 18 espet\u00e1culos de 15 companhias brasileiras. As apresenta\u00e7\u00f5es acontecem em unidades do Sesc e em pra\u00e7as da cidade de S\u00e3o Paulo. O projeto envolve grupos de diversos Estados que foram selecionados por um corpo de t\u00e9cnicos do Sesc de v\u00e1rias regi\u00f5es.<\/p>\n<p>Confira o destaque da programa\u00e7\u00e3o do bairro de Santana:<\/p>\n<p><strong>&#8220;Cachorro!&#8221;, da cia. Teatro Independente (RJ)<\/strong><br \/>\nO espet\u00e1culo do dramaturgo J\u00f4 Bilac narra narra a trajet\u00f3ria de um tri\u00e2ngulo amoroso composto por uma mulher e dois homens que s\u00e3o amigos h\u00e1 muito tempo. O drama acontece na medida em que o marido n\u00e3o est\u00e1 ciente da &#8220;sociedade amorosa&#8221; na qual est\u00e1 inserido. A sensa\u00e7\u00e3o de perigo constante e o desejo pelo proibido fazem com que os amantes arrisquem mais do que deveriam.<\/p>\n<p><strong><a href=\"http:\/\/www.encontrasantana.com.br\/santana\/sesc-santana.shtml\" target=\"_blank\">Sesc Santana<\/a>.<\/strong> Qua. (24) e qui. (25): 21h<\/p>\n<p><em>Fonte: Guia Folha<\/em><\/p>\n\n<div style=\"font-size: 0px; height: 0px; line-height: 0px; margin: 0; padding: 0; clear: both;\"><\/div>","protected":false},"excerpt":{"rendered":"<p>O Festival Palco Girat\u00f3rio 2011 come\u00e7a nesta ter\u00e7a-feira (2) e apresenta, at\u00e9 28 de agosto, 18 espet\u00e1culos de 15 companhias brasileiras. As apresenta\u00e7\u00f5es acontecem em unidades do Sesc e em pra\u00e7as da cidade de S\u00e3o Paulo. O projeto envolve grupos de diversos Estados que foram selecionados por um corpo de t\u00e9cnicos do Sesc de v\u00e1rias regi\u00f5es. Confira o destaque da programa\u00e7\u00e3o do bairro de Santana: &#8220;Cachorro!&#8221;, da cia. Teatro Independente (RJ) O espet\u00e1culo do dramaturgo J\u00f4 Bilac narra narra a trajet\u00f3ria de um tri\u00e2ngulo amoroso composto por uma mulher e dois homens que s\u00e3o amigos h\u00e1 muito tempo. O drama <\/p>\n","protected":false},"author":1,"featured_media":0,"comment_status":"open","ping_status":"closed","sticky":false,"template":"","format":"standard","meta":{"footnotes":""},"categories":[20],"tags":[10],"class_list":["post-1225","post","type-post","status-publish","format-standard","hentry","category-cultura-em-santana","tag-santana"],"aioseo_notices":[],"aioseo_head":"\n\t\t<!-- All in One SEO 5.0.0.1 - aioseo.com -->\n\t<meta name=\"description\" content=\"O Festival Palco Girat\u00f3rio 2011 come\u00e7a nesta ter\u00e7a-feira (2) e apresenta, at\u00e9 28 de agosto, 18 espet\u00e1culos de 15 companhias brasileiras. As apresenta\u00e7\u00f5es acontecem em unidades do Sesc e em pra\u00e7as da cidade de S\u00e3o Paulo. O projeto envolve grupos de diversos Estados que foram selecionados por um corpo de t\u00e9cnicos do Sesc de v\u00e1rias\" \/>\n\t<meta name=\"robots\" content=\"max-image-preview:large\" \/>\n\t<meta name=\"author\" content=\"Encontra Santana\"\/>\n\t<link rel=\"canonical\" href=\"https:\/\/www.encontrasantana.com.br\/sobre\/festival-palco-giratorio-apresenta-pecas-no-sesc-santana\/\" \/>\n\t<meta name=\"generator\" content=\"All in One SEO (AIOSEO) 5.0.0.1\" \/>\n\t\t<meta property=\"og:locale\" content=\"pt_BR\" \/>\n\t\t<meta property=\"og:site_name\" content=\"Encontra Santana | Not\u00edcias, eventos, informa\u00e7\u00f5es e dicas no bairro de Santana e regi\u00e3o.\" \/>\n\t\t<meta property=\"og:type\" content=\"article\" \/>\n\t\t<meta property=\"og:title\" content=\"Festival Palco Girat\u00f3rio apresenta pe\u00e7as no Sesc Santana \u00bb Encontra Santana\" \/>\n\t\t<meta property=\"og:description\" content=\"O Festival Palco Girat\u00f3rio 2011 come\u00e7a nesta ter\u00e7a-feira (2) e apresenta, at\u00e9 28 de agosto, 18 espet\u00e1culos de 15 companhias brasileiras. As apresenta\u00e7\u00f5es acontecem em unidades do Sesc e em pra\u00e7as da cidade de S\u00e3o Paulo. O projeto envolve grupos de diversos Estados que foram selecionados por um corpo de t\u00e9cnicos do Sesc de v\u00e1rias\" \/>\n\t\t<meta property=\"og:url\" content=\"https:\/\/www.encontrasantana.com.br\/sobre\/festival-palco-giratorio-apresenta-pecas-no-sesc-santana\/\" \/>\n\t\t<meta property=\"article:published_time\" content=\"2011-08-03T18:25:33+00:00\" \/>\n\t\t<meta property=\"article:modified_time\" content=\"2019-04-15T13:03:07+00:00\" \/>\n\t\t<meta name=\"twitter:card\" content=\"summary\" \/>\n\t\t<meta name=\"twitter:title\" content=\"Festival Palco Girat\u00f3rio apresenta pe\u00e7as no Sesc Santana \u00bb Encontra Santana\" \/>\n\t\t<meta name=\"twitter:description\" content=\"O Festival Palco Girat\u00f3rio 2011 come\u00e7a nesta ter\u00e7a-feira (2) e apresenta, at\u00e9 28 de agosto, 18 espet\u00e1culos de 15 companhias brasileiras. As apresenta\u00e7\u00f5es acontecem em unidades do Sesc e em pra\u00e7as da cidade de S\u00e3o Paulo. O projeto envolve grupos de diversos Estados que foram selecionados por um corpo de t\u00e9cnicos do Sesc de v\u00e1rias\" \/>\n\t\t<script type=\"application\/ld+json\" class=\"aioseo-schema\">\n\t\t\t{\"@context\":\"https:\\\/\\\/schema.org\",\"@graph\":[{\"@type\":\"Article\",\"@id\":\"https:\\\/\\\/www.encontrasantana.com.br\\\/sobre\\\/festival-palco-giratorio-apresenta-pecas-no-sesc-santana\\\/#article\",\"name\":\"Festival Palco Girat\\u00f3rio apresenta pe\\u00e7as no Sesc Santana \\u00bb Encontra Santana\",\"headline\":\"Festival Palco Girat\\u00f3rio apresenta pe\\u00e7as no Sesc Santana\",\"author\":{\"@id\":\"https:\\\/\\\/www.encontrasantana.com.br\\\/sobre\\\/author\\\/esantana\\\/#author\"},\"publisher\":{\"@id\":\"https:\\\/\\\/www.encontrasantana.com.br\\\/sobre\\\/#organization\"},\"datePublished\":\"2011-08-03T15:25:33-03:00\",\"dateModified\":\"2019-04-15T10:03:07-03:00\",\"inLanguage\":\"pt-BR\",\"mainEntityOfPage\":{\"@id\":\"https:\\\/\\\/www.encontrasantana.com.br\\\/sobre\\\/festival-palco-giratorio-apresenta-pecas-no-sesc-santana\\\/#webpage\"},\"isPartOf\":{\"@id\":\"https:\\\/\\\/www.encontrasantana.com.br\\\/sobre\\\/festival-palco-giratorio-apresenta-pecas-no-sesc-santana\\\/#webpage\"},\"articleSection\":\"Cultura Santana, Santana\"},{\"@type\":\"BreadcrumbList\",\"@id\":\"https:\\\/\\\/www.encontrasantana.com.br\\\/sobre\\\/festival-palco-giratorio-apresenta-pecas-no-sesc-santana\\\/#breadcrumblist\",\"itemListElement\":[{\"@type\":\"ListItem\",\"@id\":\"https:\\\/\\\/www.encontrasantana.com.br\\\/sobre#listItem\",\"position\":1,\"name\":\"In\\u00edcio\",\"item\":\"https:\\\/\\\/www.encontrasantana.com.br\\\/sobre\",\"nextItem\":{\"@type\":\"ListItem\",\"@id\":\"https:\\\/\\\/www.encontrasantana.com.br\\\/sobre\\\/cultura-em-santana\\\/#listItem\",\"name\":\"Cultura Santana\"}},{\"@type\":\"ListItem\",\"@id\":\"https:\\\/\\\/www.encontrasantana.com.br\\\/sobre\\\/cultura-em-santana\\\/#listItem\",\"position\":2,\"name\":\"Cultura Santana\",\"item\":\"https:\\\/\\\/www.encontrasantana.com.br\\\/sobre\\\/cultura-em-santana\\\/\",\"nextItem\":{\"@type\":\"ListItem\",\"@id\":\"https:\\\/\\\/www.encontrasantana.com.br\\\/sobre\\\/festival-palco-giratorio-apresenta-pecas-no-sesc-santana\\\/#listItem\",\"name\":\"Festival Palco Girat\\u00f3rio apresenta pe\\u00e7as no Sesc Santana\"},\"previousItem\":{\"@type\":\"ListItem\",\"@id\":\"https:\\\/\\\/www.encontrasantana.com.br\\\/sobre#listItem\",\"name\":\"In\\u00edcio\"}},{\"@type\":\"ListItem\",\"@id\":\"https:\\\/\\\/www.encontrasantana.com.br\\\/sobre\\\/festival-palco-giratorio-apresenta-pecas-no-sesc-santana\\\/#listItem\",\"position\":3,\"name\":\"Festival Palco Girat\\u00f3rio apresenta pe\\u00e7as no Sesc Santana\",\"previousItem\":{\"@type\":\"ListItem\",\"@id\":\"https:\\\/\\\/www.encontrasantana.com.br\\\/sobre\\\/cultura-em-santana\\\/#listItem\",\"name\":\"Cultura Santana\"}}]},{\"@type\":\"Organization\",\"@id\":\"https:\\\/\\\/www.encontrasantana.com.br\\\/sobre\\\/#organization\",\"name\":\"Encontra Santana\",\"description\":\"Not\\u00edcias, eventos, informa\\u00e7\\u00f5es e dicas no bairro de Santana e regi\\u00e3o.\",\"url\":\"https:\\\/\\\/www.encontrasantana.com.br\\\/sobre\\\/\"},{\"@type\":\"Person\",\"@id\":\"https:\\\/\\\/www.encontrasantana.com.br\\\/sobre\\\/author\\\/esantana\\\/#author\",\"url\":\"https:\\\/\\\/www.encontrasantana.com.br\\\/sobre\\\/author\\\/esantana\\\/\",\"name\":\"Encontra Santana\",\"image\":{\"@type\":\"ImageObject\",\"@id\":\"https:\\\/\\\/www.encontrasantana.com.br\\\/sobre\\\/festival-palco-giratorio-apresenta-pecas-no-sesc-santana\\\/#authorImage\",\"url\":\"https:\\\/\\\/secure.gravatar.com\\\/avatar\\\/0fbed662e37531ae23e68f85f9517b2454e50c1dfebf80eb9b721449ac95e0b9?s=96&d=mm&r=g\",\"width\":96,\"height\":96,\"caption\":\"Encontra Santana\"}},{\"@type\":\"WebPage\",\"@id\":\"https:\\\/\\\/www.encontrasantana.com.br\\\/sobre\\\/festival-palco-giratorio-apresenta-pecas-no-sesc-santana\\\/#webpage\",\"url\":\"https:\\\/\\\/www.encontrasantana.com.br\\\/sobre\\\/festival-palco-giratorio-apresenta-pecas-no-sesc-santana\\\/\",\"name\":\"Festival Palco Girat\\u00f3rio apresenta pe\\u00e7as no Sesc Santana \\u00bb Encontra Santana\",\"description\":\"O Festival Palco Girat\\u00f3rio 2011 come\\u00e7a nesta ter\\u00e7a-feira (2) e apresenta, at\\u00e9 28 de agosto, 18 espet\\u00e1culos de 15 companhias brasileiras. As apresenta\\u00e7\\u00f5es acontecem em unidades do Sesc e em pra\\u00e7as da cidade de S\\u00e3o Paulo. O projeto envolve grupos de diversos Estados que foram selecionados por um corpo de t\\u00e9cnicos do Sesc de v\\u00e1rias\",\"inLanguage\":\"pt-BR\",\"isPartOf\":{\"@id\":\"https:\\\/\\\/www.encontrasantana.com.br\\\/sobre\\\/#website\"},\"breadcrumb\":{\"@id\":\"https:\\\/\\\/www.encontrasantana.com.br\\\/sobre\\\/festival-palco-giratorio-apresenta-pecas-no-sesc-santana\\\/#breadcrumblist\"},\"author\":{\"@id\":\"https:\\\/\\\/www.encontrasantana.com.br\\\/sobre\\\/author\\\/esantana\\\/#author\"},\"creator\":{\"@id\":\"https:\\\/\\\/www.encontrasantana.com.br\\\/sobre\\\/author\\\/esantana\\\/#author\"},\"datePublished\":\"2011-08-03T15:25:33-03:00\",\"dateModified\":\"2019-04-15T10:03:07-03:00\"},{\"@type\":\"WebSite\",\"@id\":\"https:\\\/\\\/www.encontrasantana.com.br\\\/sobre\\\/#website\",\"url\":\"https:\\\/\\\/www.encontrasantana.com.br\\\/sobre\\\/\",\"name\":\"Encontra Santana\",\"description\":\"Not\\u00edcias, eventos, informa\\u00e7\\u00f5es e dicas no bairro de Santana e regi\\u00e3o.\",\"inLanguage\":\"pt-BR\",\"publisher\":{\"@id\":\"https:\\\/\\\/www.encontrasantana.com.br\\\/sobre\\\/#organization\"}}]}\n\t\t<\/script>\n\t\t<!-- All in One SEO -->\n\n","aioseo_head_json":{"title":"Festival Palco Girat\u00f3rio apresenta pe\u00e7as no Sesc Santana \u00bb Encontra Santana","description":"O Festival Palco Girat\u00f3rio 2011 come\u00e7a nesta ter\u00e7a-feira (2) e apresenta, at\u00e9 28 de agosto, 18 espet\u00e1culos de 15 companhias brasileiras. As apresenta\u00e7\u00f5es acontecem em unidades do Sesc e em pra\u00e7as da cidade de S\u00e3o Paulo. O projeto envolve grupos de diversos Estados que foram selecionados por um corpo de t\u00e9cnicos do Sesc de v\u00e1rias","canonical_url":"https:\/\/www.encontrasantana.com.br\/sobre\/festival-palco-giratorio-apresenta-pecas-no-sesc-santana\/","robots":"max-image-preview:large","keywords":"","webmasterTools":{"miscellaneous":""},"schema":{"@context":"https:\/\/schema.org","@graph":[{"@type":"Article","@id":"https:\/\/www.encontrasantana.com.br\/sobre\/festival-palco-giratorio-apresenta-pecas-no-sesc-santana\/#article","name":"Festival Palco Girat\u00f3rio apresenta pe\u00e7as no Sesc Santana \u00bb Encontra Santana","headline":"Festival Palco Girat\u00f3rio apresenta pe\u00e7as no Sesc Santana","author":{"@id":"https:\/\/www.encontrasantana.com.br\/sobre\/author\/esantana\/#author"},"publisher":{"@id":"https:\/\/www.encontrasantana.com.br\/sobre\/#organization"},"datePublished":"2011-08-03T15:25:33-03:00","dateModified":"2019-04-15T10:03:07-03:00","inLanguage":"pt-BR","mainEntityOfPage":{"@id":"https:\/\/www.encontrasantana.com.br\/sobre\/festival-palco-giratorio-apresenta-pecas-no-sesc-santana\/#webpage"},"isPartOf":{"@id":"https:\/\/www.encontrasantana.com.br\/sobre\/festival-palco-giratorio-apresenta-pecas-no-sesc-santana\/#webpage"},"articleSection":"Cultura Santana, Santana"},{"@type":"BreadcrumbList","@id":"https:\/\/www.encontrasantana.com.br\/sobre\/festival-palco-giratorio-apresenta-pecas-no-sesc-santana\/#breadcrumblist","itemListElement":[{"@type":"ListItem","@id":"https:\/\/www.encontrasantana.com.br\/sobre#listItem","position":1,"name":"In\u00edcio","item":"https:\/\/www.encontrasantana.com.br\/sobre","nextItem":{"@type":"ListItem","@id":"https:\/\/www.encontrasantana.com.br\/sobre\/cultura-em-santana\/#listItem","name":"Cultura Santana"}},{"@type":"ListItem","@id":"https:\/\/www.encontrasantana.com.br\/sobre\/cultura-em-santana\/#listItem","position":2,"name":"Cultura Santana","item":"https:\/\/www.encontrasantana.com.br\/sobre\/cultura-em-santana\/","nextItem":{"@type":"ListItem","@id":"https:\/\/www.encontrasantana.com.br\/sobre\/festival-palco-giratorio-apresenta-pecas-no-sesc-santana\/#listItem","name":"Festival Palco Girat\u00f3rio apresenta pe\u00e7as no Sesc Santana"},"previousItem":{"@type":"ListItem","@id":"https:\/\/www.encontrasantana.com.br\/sobre#listItem","name":"In\u00edcio"}},{"@type":"ListItem","@id":"https:\/\/www.encontrasantana.com.br\/sobre\/festival-palco-giratorio-apresenta-pecas-no-sesc-santana\/#listItem","position":3,"name":"Festival Palco Girat\u00f3rio apresenta pe\u00e7as no Sesc Santana","previousItem":{"@type":"ListItem","@id":"https:\/\/www.encontrasantana.com.br\/sobre\/cultura-em-santana\/#listItem","name":"Cultura Santana"}}]},{"@type":"Organization","@id":"https:\/\/www.encontrasantana.com.br\/sobre\/#organization","name":"Encontra Santana","description":"Not\u00edcias, eventos, informa\u00e7\u00f5es e dicas no bairro de Santana e regi\u00e3o.","url":"https:\/\/www.encontrasantana.com.br\/sobre\/"},{"@type":"Person","@id":"https:\/\/www.encontrasantana.com.br\/sobre\/author\/esantana\/#author","url":"https:\/\/www.encontrasantana.com.br\/sobre\/author\/esantana\/","name":"Encontra Santana","image":{"@type":"ImageObject","@id":"https:\/\/www.encontrasantana.com.br\/sobre\/festival-palco-giratorio-apresenta-pecas-no-sesc-santana\/#authorImage","url":"https:\/\/secure.gravatar.com\/avatar\/0fbed662e37531ae23e68f85f9517b2454e50c1dfebf80eb9b721449ac95e0b9?s=96&d=mm&r=g","width":96,"height":96,"caption":"Encontra Santana"}},{"@type":"WebPage","@id":"https:\/\/www.encontrasantana.com.br\/sobre\/festival-palco-giratorio-apresenta-pecas-no-sesc-santana\/#webpage","url":"https:\/\/www.encontrasantana.com.br\/sobre\/festival-palco-giratorio-apresenta-pecas-no-sesc-santana\/","name":"Festival Palco Girat\u00f3rio apresenta pe\u00e7as no Sesc Santana \u00bb Encontra Santana","description":"O Festival Palco Girat\u00f3rio 2011 come\u00e7a nesta ter\u00e7a-feira (2) e apresenta, at\u00e9 28 de agosto, 18 espet\u00e1culos de 15 companhias brasileiras. As apresenta\u00e7\u00f5es acontecem em unidades do Sesc e em pra\u00e7as da cidade de S\u00e3o Paulo. O projeto envolve grupos de diversos Estados que foram selecionados por um corpo de t\u00e9cnicos do Sesc de v\u00e1rias","inLanguage":"pt-BR","isPartOf":{"@id":"https:\/\/www.encontrasantana.com.br\/sobre\/#website"},"breadcrumb":{"@id":"https:\/\/www.encontrasantana.com.br\/sobre\/festival-palco-giratorio-apresenta-pecas-no-sesc-santana\/#breadcrumblist"},"author":{"@id":"https:\/\/www.encontrasantana.com.br\/sobre\/author\/esantana\/#author"},"creator":{"@id":"https:\/\/www.encontrasantana.com.br\/sobre\/author\/esantana\/#author"},"datePublished":"2011-08-03T15:25:33-03:00","dateModified":"2019-04-15T10:03:07-03:00"},{"@type":"WebSite","@id":"https:\/\/www.encontrasantana.com.br\/sobre\/#website","url":"https:\/\/www.encontrasantana.com.br\/sobre\/","name":"Encontra Santana","description":"Not\u00edcias, eventos, informa\u00e7\u00f5es e dicas no bairro de Santana e regi\u00e3o.","inLanguage":"pt-BR","publisher":{"@id":"https:\/\/www.encontrasantana.com.br\/sobre\/#organization"}}]},"og:locale":"pt_BR","og:site_name":"Encontra Santana | Not\u00edcias, eventos, informa\u00e7\u00f5es e dicas no bairro de Santana e regi\u00e3o.","og:type":"article","og:title":"Festival Palco Girat\u00f3rio apresenta pe\u00e7as no Sesc Santana \u00bb Encontra Santana","og:description":"O Festival Palco Girat\u00f3rio 2011 come\u00e7a nesta ter\u00e7a-feira (2) e apresenta, at\u00e9 28 de agosto, 18 espet\u00e1culos de 15 companhias brasileiras. As apresenta\u00e7\u00f5es acontecem em unidades do Sesc e em pra\u00e7as da cidade de S\u00e3o Paulo. O projeto envolve grupos de diversos Estados que foram selecionados por um corpo de t\u00e9cnicos do Sesc de v\u00e1rias","og:url":"https:\/\/www.encontrasantana.com.br\/sobre\/festival-palco-giratorio-apresenta-pecas-no-sesc-santana\/","article:published_time":"2011-08-03T18:25:33+00:00","article:modified_time":"2019-04-15T13:03:07+00:00","twitter:card":"summary","twitter:title":"Festival Palco Girat\u00f3rio apresenta pe\u00e7as no Sesc Santana \u00bb Encontra Santana","twitter:description":"O Festival Palco Girat\u00f3rio 2011 come\u00e7a nesta ter\u00e7a-feira (2) e apresenta, at\u00e9 28 de agosto, 18 espet\u00e1culos de 15 companhias brasileiras. As apresenta\u00e7\u00f5es acontecem em unidades do Sesc e em pra\u00e7as da cidade de S\u00e3o Paulo. O projeto envolve grupos de diversos Estados que foram selecionados por um corpo de t\u00e9cnicos do Sesc de v\u00e1rias"},"aioseo_meta_data":{"post_id":"1225","title":null,"description":null,"keywords":null,"keyphrases":null,"primary_term":null,"canonical_url":null,"og_title":null,"og_description":null,"og_object_type":"default","og_image_type":"default","og_image_url":null,"og_image_width":null,"og_image_height":null,"og_image_custom_url":null,"og_image_custom_fields":null,"og_video":null,"og_custom_url":null,"og_article_section":null,"og_article_tags":null,"twitter_use_og":false,"twitter_card":"default","twitter_image_type":"default","twitter_image_url":null,"twitter_image_custom_url":null,"twitter_image_custom_fields":null,"twitter_title":null,"twitter_description":null,"schema":{"blockGraphs":[],"customGraphs":[],"default":{"data":{"Article":[],"Course":[],"Dataset":[],"FAQPage":[],"Movie":[],"Person":[],"Product":[],"ProductReview":[],"Car":[],"Recipe":[],"Service":[],"SoftwareApplication":[],"WebPage":[]},"graphName":"Article","isEnabled":true},"graphs":[]},"schema_type":null,"schema_type_options":null,"pillar_content":false,"robots_default":true,"robots_noindex":false,"robots_noarchive":false,"robots_nosnippet":false,"robots_nofollow":false,"robots_noimageindex":false,"robots_noodp":false,"robots_notranslate":false,"robots_max_snippet":null,"robots_max_videopreview":null,"robots_max_imagepreview":"large","priority":null,"frequency":null,"local_seo":null,"limit_modified_date":false,"created":"2021-04-20 22:43:52","updated":"2026-08-06 09:16:42","focus_keyword":null,"additional_keywords":null,"truseo_locale":null,"ai":null,"breadcrumb_settings":null,"seo_analyzer_scan_date":null},"aioseo_breadcrumb":"<div class=\"aioseo-breadcrumbs\"><span class=\"aioseo-breadcrumb\">\n\t\t\t<a href=\"https:\/\/www.encontrasantana.com.br\/sobre\" title=\"In\u00edcio\">In\u00edcio<\/a>\n\t\t<\/span><span class=\"aioseo-breadcrumb-separator\">&raquo;<\/span><span class=\"aioseo-breadcrumb\">\n\t\t\t<a href=\"https:\/\/www.encontrasantana.com.br\/sobre\/cultura-em-santana\/\" title=\"Cultura Santana\">Cultura Santana<\/a>\n\t\t<\/span><span class=\"aioseo-breadcrumb-separator\">&raquo;<\/span><span class=\"aioseo-breadcrumb\">\n\t\t\tFestival Palco Girat\u00f3rio apresenta pe\u00e7as no Sesc Santana\n\t\t<\/span><\/div>","aioseo_breadcrumb_json":[{"label":"In\u00edcio","link":"https:\/\/www.encontrasantana.com.br\/sobre"},{"label":"Cultura Santana","link":"https:\/\/www.encontrasantana.com.br\/sobre\/cultura-em-santana\/"},{"label":"Festival Palco Girat\u00f3rio apresenta pe\u00e7as no Sesc Santana","link":"https:\/\/www.encontrasantana.com.br\/sobre\/festival-palco-giratorio-apresenta-pecas-no-sesc-santana\/"}],"_links":{"self":[{"href":"https:\/\/www.encontrasantana.com.br\/sobre\/wp-json\/wp\/v2\/posts\/1225","targetHints":{"allow":["GET"]}}],"collection":[{"href":"https:\/\/www.encontrasantana.com.br\/sobre\/wp-json\/wp\/v2\/posts"}],"about":[{"href":"https:\/\/www.encontrasantana.com.br\/sobre\/wp-json\/wp\/v2\/types\/post"}],"author":[{"embeddable":true,"href":"https:\/\/www.encontrasantana.com.br\/sobre\/wp-json\/wp\/v2\/users\/1"}],"replies":[{"embeddable":true,"href":"https:\/\/www.encontrasantana.com.br\/sobre\/wp-json\/wp\/v2\/comments?post=1225"}],"version-history":[{"count":0,"href":"https:\/\/www.encontrasantana.com.br\/sobre\/wp-json\/wp\/v2\/posts\/1225\/revisions"}],"wp:attachment":[{"href":"https:\/\/www.encontrasantana.com.br\/sobre\/wp-json\/wp\/v2\/media?parent=1225"}],"wp:term":[{"taxonomy":"category","embeddable":true,"href":"https:\/\/www.encontrasantana.com.br\/sobre\/wp-json\/wp\/v2\/categories?post=1225"},{"taxonomy":"post_tag","embeddable":true,"href":"https:\/\/www.encontrasantana.com.br\/sobre\/wp-json\/wp\/v2\/tags?post=1225"}],"curies":[{"name":"wp","href":"https:\/\/api.w.org\/{rel}","templated":true}]}}