{"id":123,"date":"2009-09-18T00:54:18","date_gmt":"2009-09-18T03:54:18","guid":{"rendered":"http:\/\/www.encontrasantana.com.br\/blog\/?p=123"},"modified":"2019-04-15T10:06:10","modified_gmt":"2019-04-15T13:06:10","slug":"em-santana-show-gratuito-faz-homenagem-a-geraldo-filme","status":"publish","type":"post","link":"https:\/\/www.encontrasantana.com.br\/sobre\/em-santana-show-gratuito-faz-homenagem-a-geraldo-filme\/","title":{"rendered":"Em Santana, show gratuito faz homenagem a Geraldo Filme"},"content":{"rendered":"<div class=\"1acf8468e559fd3cbeec5aee3a269a52\" data-index=\"1\" style=\"float: none; margin:0px;\">\n<!-- Anuncio display - global -->\r\n<ins class=\"adsbygoogle\"\r\n     style=\"display:block\"\r\n     data-ad-client=\"ca-pub-8585364105181520\"\r\n     data-ad-slot=\"8789329856\"\r\n     data-ad-format=\"auto\"\r\n     data-full-width-responsive=\"true\"><\/ins>\r\n<script>\r\n     (adsbygoogle = window.adsbygoogle || []).push({});\r\n<\/script>\n<\/div>\n<p>O projeto \u00cdcones do Samba, criado pela Escola de Samba Unidos do Peruche, em parceria com o setor de atendimento comunit\u00e1rio da PUC\/SP, presta homenagem ao compositor Geraldo Filme em apresenta\u00e7\u00e3o no bairro de Santana, que re\u00fane a Velha Guarda e Ala dos Compositores da Peruche, al\u00e9m da Velha Guarda da Vai-Vai.<\/p>\n<p><strong>SERVI\u00c7O<\/strong><\/p>\n<p>Dia 18 de Setembro \u00e0s 20h<br \/>\nCentro Cultural da Juventude<br \/>\nAv. Deputado Em\u00edlio Carlos, 3641 (Santana)<br \/>\nTel: (11) 3984-2466<br \/>\nIngressos: Gr\u00e1tis<\/p>\n\n<div style=\"font-size: 0px; height: 0px; line-height: 0px; margin: 0; padding: 0; clear: both;\"><\/div>","protected":false},"excerpt":{"rendered":"<p>O projeto \u00cdcones do Samba, criado pela Escola de Samba Unidos do Peruche, em parceria com o setor de atendimento comunit\u00e1rio da PUC\/SP, presta homenagem ao compositor Geraldo Filme em apresenta\u00e7\u00e3o no bairro de Santana, que re\u00fane a Velha Guarda e Ala dos Compositores da Peruche, al\u00e9m da Velha Guarda da Vai-Vai. SERVI\u00c7O Dia 18 de Setembro \u00e0s 20h Centro Cultural da Juventude Av. Deputado Em\u00edlio Carlos, 3641 (Santana) Tel: (11) 3984-2466 Ingressos: Gr\u00e1tis<\/p>\n","protected":false},"author":1,"featured_media":0,"comment_status":"open","ping_status":"closed","sticky":false,"template":"","format":"standard","meta":{"footnotes":""},"categories":[8],"tags":[10],"class_list":["post-123","post","type-post","status-publish","format-standard","hentry","category-shows-em-santana","tag-santana"],"aioseo_notices":[],"aioseo_head":"\n\t\t<!-- All in One SEO 5.0.0.1 - aioseo.com -->\n\t<meta name=\"description\" content=\"O projeto \u00cdcones do Samba, criado pela Escola de Samba Unidos do Peruche, em parceria com o setor de atendimento comunit\u00e1rio da PUC\/SP, presta homenagem ao compositor Geraldo Filme em apresenta\u00e7\u00e3o no bairro de Santana, que re\u00fane a Velha Guarda e Ala dos Compositores da Peruche, al\u00e9m da Velha Guarda da Vai-Vai. SERVI\u00c7O Dia 18\" \/>\n\t<meta name=\"robots\" content=\"max-image-preview:large\" \/>\n\t<meta name=\"author\" content=\"Encontra Santana\"\/>\n\t<link rel=\"canonical\" href=\"https:\/\/www.encontrasantana.com.br\/sobre\/em-santana-show-gratuito-faz-homenagem-a-geraldo-filme\/\" \/>\n\t<meta name=\"generator\" content=\"All in One SEO (AIOSEO) 5.0.0.1\" \/>\n\t\t<meta property=\"og:locale\" content=\"pt_BR\" \/>\n\t\t<meta property=\"og:site_name\" content=\"Encontra Santana | Not\u00edcias, eventos, informa\u00e7\u00f5es e dicas no bairro de Santana e regi\u00e3o.\" \/>\n\t\t<meta property=\"og:type\" content=\"article\" \/>\n\t\t<meta property=\"og:title\" content=\"Em Santana, show gratuito faz homenagem a Geraldo Filme \u00bb Encontra Santana\" \/>\n\t\t<meta property=\"og:description\" content=\"O projeto \u00cdcones do Samba, criado pela Escola de Samba Unidos do Peruche, em parceria com o setor de atendimento comunit\u00e1rio da PUC\/SP, presta homenagem ao compositor Geraldo Filme em apresenta\u00e7\u00e3o no bairro de Santana, que re\u00fane a Velha Guarda e Ala dos Compositores da Peruche, al\u00e9m da Velha Guarda da Vai-Vai. SERVI\u00c7O Dia 18\" \/>\n\t\t<meta property=\"og:url\" content=\"https:\/\/www.encontrasantana.com.br\/sobre\/em-santana-show-gratuito-faz-homenagem-a-geraldo-filme\/\" \/>\n\t\t<meta property=\"article:published_time\" content=\"2009-09-18T03:54:18+00:00\" \/>\n\t\t<meta property=\"article:modified_time\" content=\"2019-04-15T13:06:10+00:00\" \/>\n\t\t<meta name=\"twitter:card\" content=\"summary\" \/>\n\t\t<meta name=\"twitter:title\" content=\"Em Santana, show gratuito faz homenagem a Geraldo Filme \u00bb Encontra Santana\" \/>\n\t\t<meta name=\"twitter:description\" content=\"O projeto \u00cdcones do Samba, criado pela Escola de Samba Unidos do Peruche, em parceria com o setor de atendimento comunit\u00e1rio da PUC\/SP, presta homenagem ao compositor Geraldo Filme em apresenta\u00e7\u00e3o no bairro de Santana, que re\u00fane a Velha Guarda e Ala dos Compositores da Peruche, al\u00e9m da Velha Guarda da Vai-Vai. SERVI\u00c7O Dia 18\" \/>\n\t\t<script type=\"application\/ld+json\" class=\"aioseo-schema\">\n\t\t\t{\"@context\":\"https:\\\/\\\/schema.org\",\"@graph\":[{\"@type\":\"Article\",\"@id\":\"https:\\\/\\\/www.encontrasantana.com.br\\\/sobre\\\/em-santana-show-gratuito-faz-homenagem-a-geraldo-filme\\\/#article\",\"name\":\"Em Santana, show gratuito faz homenagem a Geraldo Filme \\u00bb Encontra Santana\",\"headline\":\"Em Santana, show gratuito faz homenagem a Geraldo Filme\",\"author\":{\"@id\":\"https:\\\/\\\/www.encontrasantana.com.br\\\/sobre\\\/author\\\/esantana\\\/#author\"},\"publisher\":{\"@id\":\"https:\\\/\\\/www.encontrasantana.com.br\\\/sobre\\\/#organization\"},\"datePublished\":\"2009-09-18T00:54:18-03:00\",\"dateModified\":\"2019-04-15T10:06:10-03:00\",\"inLanguage\":\"pt-BR\",\"mainEntityOfPage\":{\"@id\":\"https:\\\/\\\/www.encontrasantana.com.br\\\/sobre\\\/em-santana-show-gratuito-faz-homenagem-a-geraldo-filme\\\/#webpage\"},\"isPartOf\":{\"@id\":\"https:\\\/\\\/www.encontrasantana.com.br\\\/sobre\\\/em-santana-show-gratuito-faz-homenagem-a-geraldo-filme\\\/#webpage\"},\"articleSection\":\"Show Santana, Santana\"},{\"@type\":\"BreadcrumbList\",\"@id\":\"https:\\\/\\\/www.encontrasantana.com.br\\\/sobre\\\/em-santana-show-gratuito-faz-homenagem-a-geraldo-filme\\\/#breadcrumblist\",\"itemListElement\":[{\"@type\":\"ListItem\",\"@id\":\"https:\\\/\\\/www.encontrasantana.com.br\\\/sobre#listItem\",\"position\":1,\"name\":\"In\\u00edcio\",\"item\":\"https:\\\/\\\/www.encontrasantana.com.br\\\/sobre\",\"nextItem\":{\"@type\":\"ListItem\",\"@id\":\"https:\\\/\\\/www.encontrasantana.com.br\\\/sobre\\\/shows-em-santana\\\/#listItem\",\"name\":\"Show Santana\"}},{\"@type\":\"ListItem\",\"@id\":\"https:\\\/\\\/www.encontrasantana.com.br\\\/sobre\\\/shows-em-santana\\\/#listItem\",\"position\":2,\"name\":\"Show Santana\",\"item\":\"https:\\\/\\\/www.encontrasantana.com.br\\\/sobre\\\/shows-em-santana\\\/\",\"nextItem\":{\"@type\":\"ListItem\",\"@id\":\"https:\\\/\\\/www.encontrasantana.com.br\\\/sobre\\\/em-santana-show-gratuito-faz-homenagem-a-geraldo-filme\\\/#listItem\",\"name\":\"Em Santana, show gratuito faz homenagem a Geraldo Filme\"},\"previousItem\":{\"@type\":\"ListItem\",\"@id\":\"https:\\\/\\\/www.encontrasantana.com.br\\\/sobre#listItem\",\"name\":\"In\\u00edcio\"}},{\"@type\":\"ListItem\",\"@id\":\"https:\\\/\\\/www.encontrasantana.com.br\\\/sobre\\\/em-santana-show-gratuito-faz-homenagem-a-geraldo-filme\\\/#listItem\",\"position\":3,\"name\":\"Em Santana, show gratuito faz homenagem a Geraldo Filme\",\"previousItem\":{\"@type\":\"ListItem\",\"@id\":\"https:\\\/\\\/www.encontrasantana.com.br\\\/sobre\\\/shows-em-santana\\\/#listItem\",\"name\":\"Show Santana\"}}]},{\"@type\":\"Organization\",\"@id\":\"https:\\\/\\\/www.encontrasantana.com.br\\\/sobre\\\/#organization\",\"name\":\"Encontra Santana\",\"description\":\"Not\\u00edcias, eventos, informa\\u00e7\\u00f5es e dicas no bairro de Santana e regi\\u00e3o.\",\"url\":\"https:\\\/\\\/www.encontrasantana.com.br\\\/sobre\\\/\"},{\"@type\":\"Person\",\"@id\":\"https:\\\/\\\/www.encontrasantana.com.br\\\/sobre\\\/author\\\/esantana\\\/#author\",\"url\":\"https:\\\/\\\/www.encontrasantana.com.br\\\/sobre\\\/author\\\/esantana\\\/\",\"name\":\"Encontra Santana\",\"image\":{\"@type\":\"ImageObject\",\"@id\":\"https:\\\/\\\/www.encontrasantana.com.br\\\/sobre\\\/em-santana-show-gratuito-faz-homenagem-a-geraldo-filme\\\/#authorImage\",\"url\":\"https:\\\/\\\/secure.gravatar.com\\\/avatar\\\/0fbed662e37531ae23e68f85f9517b2454e50c1dfebf80eb9b721449ac95e0b9?s=96&d=mm&r=g\",\"width\":96,\"height\":96,\"caption\":\"Encontra Santana\"}},{\"@type\":\"WebPage\",\"@id\":\"https:\\\/\\\/www.encontrasantana.com.br\\\/sobre\\\/em-santana-show-gratuito-faz-homenagem-a-geraldo-filme\\\/#webpage\",\"url\":\"https:\\\/\\\/www.encontrasantana.com.br\\\/sobre\\\/em-santana-show-gratuito-faz-homenagem-a-geraldo-filme\\\/\",\"name\":\"Em Santana, show gratuito faz homenagem a Geraldo Filme \\u00bb Encontra Santana\",\"description\":\"O projeto \\u00cdcones do Samba, criado pela Escola de Samba Unidos do Peruche, em parceria com o setor de atendimento comunit\\u00e1rio da PUC\\\/SP, presta homenagem ao compositor Geraldo Filme em apresenta\\u00e7\\u00e3o no bairro de Santana, que re\\u00fane a Velha Guarda e Ala dos Compositores da Peruche, al\\u00e9m da Velha Guarda da Vai-Vai. SERVI\\u00c7O Dia 18\",\"inLanguage\":\"pt-BR\",\"isPartOf\":{\"@id\":\"https:\\\/\\\/www.encontrasantana.com.br\\\/sobre\\\/#website\"},\"breadcrumb\":{\"@id\":\"https:\\\/\\\/www.encontrasantana.com.br\\\/sobre\\\/em-santana-show-gratuito-faz-homenagem-a-geraldo-filme\\\/#breadcrumblist\"},\"author\":{\"@id\":\"https:\\\/\\\/www.encontrasantana.com.br\\\/sobre\\\/author\\\/esantana\\\/#author\"},\"creator\":{\"@id\":\"https:\\\/\\\/www.encontrasantana.com.br\\\/sobre\\\/author\\\/esantana\\\/#author\"},\"datePublished\":\"2009-09-18T00:54:18-03:00\",\"dateModified\":\"2019-04-15T10:06:10-03:00\"},{\"@type\":\"WebSite\",\"@id\":\"https:\\\/\\\/www.encontrasantana.com.br\\\/sobre\\\/#website\",\"url\":\"https:\\\/\\\/www.encontrasantana.com.br\\\/sobre\\\/\",\"name\":\"Encontra Santana\",\"description\":\"Not\\u00edcias, eventos, informa\\u00e7\\u00f5es e dicas no bairro de Santana e regi\\u00e3o.\",\"inLanguage\":\"pt-BR\",\"publisher\":{\"@id\":\"https:\\\/\\\/www.encontrasantana.com.br\\\/sobre\\\/#organization\"}}]}\n\t\t<\/script>\n\t\t<!-- All in One SEO -->\n\n","aioseo_head_json":{"title":"Em Santana, show gratuito faz homenagem a Geraldo Filme \u00bb Encontra Santana","description":"O projeto \u00cdcones do Samba, criado pela Escola de Samba Unidos do Peruche, em parceria com o setor de atendimento comunit\u00e1rio da PUC\/SP, presta homenagem ao compositor Geraldo Filme em apresenta\u00e7\u00e3o no bairro de Santana, que re\u00fane a Velha Guarda e Ala dos Compositores da Peruche, al\u00e9m da Velha Guarda da Vai-Vai. SERVI\u00c7O Dia 18","canonical_url":"https:\/\/www.encontrasantana.com.br\/sobre\/em-santana-show-gratuito-faz-homenagem-a-geraldo-filme\/","robots":"max-image-preview:large","keywords":"","webmasterTools":{"miscellaneous":""},"schema":{"@context":"https:\/\/schema.org","@graph":[{"@type":"Article","@id":"https:\/\/www.encontrasantana.com.br\/sobre\/em-santana-show-gratuito-faz-homenagem-a-geraldo-filme\/#article","name":"Em Santana, show gratuito faz homenagem a Geraldo Filme \u00bb Encontra Santana","headline":"Em Santana, show gratuito faz homenagem a Geraldo Filme","author":{"@id":"https:\/\/www.encontrasantana.com.br\/sobre\/author\/esantana\/#author"},"publisher":{"@id":"https:\/\/www.encontrasantana.com.br\/sobre\/#organization"},"datePublished":"2009-09-18T00:54:18-03:00","dateModified":"2019-04-15T10:06:10-03:00","inLanguage":"pt-BR","mainEntityOfPage":{"@id":"https:\/\/www.encontrasantana.com.br\/sobre\/em-santana-show-gratuito-faz-homenagem-a-geraldo-filme\/#webpage"},"isPartOf":{"@id":"https:\/\/www.encontrasantana.com.br\/sobre\/em-santana-show-gratuito-faz-homenagem-a-geraldo-filme\/#webpage"},"articleSection":"Show Santana, Santana"},{"@type":"BreadcrumbList","@id":"https:\/\/www.encontrasantana.com.br\/sobre\/em-santana-show-gratuito-faz-homenagem-a-geraldo-filme\/#breadcrumblist","itemListElement":[{"@type":"ListItem","@id":"https:\/\/www.encontrasantana.com.br\/sobre#listItem","position":1,"name":"In\u00edcio","item":"https:\/\/www.encontrasantana.com.br\/sobre","nextItem":{"@type":"ListItem","@id":"https:\/\/www.encontrasantana.com.br\/sobre\/shows-em-santana\/#listItem","name":"Show Santana"}},{"@type":"ListItem","@id":"https:\/\/www.encontrasantana.com.br\/sobre\/shows-em-santana\/#listItem","position":2,"name":"Show Santana","item":"https:\/\/www.encontrasantana.com.br\/sobre\/shows-em-santana\/","nextItem":{"@type":"ListItem","@id":"https:\/\/www.encontrasantana.com.br\/sobre\/em-santana-show-gratuito-faz-homenagem-a-geraldo-filme\/#listItem","name":"Em Santana, show gratuito faz homenagem a Geraldo Filme"},"previousItem":{"@type":"ListItem","@id":"https:\/\/www.encontrasantana.com.br\/sobre#listItem","name":"In\u00edcio"}},{"@type":"ListItem","@id":"https:\/\/www.encontrasantana.com.br\/sobre\/em-santana-show-gratuito-faz-homenagem-a-geraldo-filme\/#listItem","position":3,"name":"Em Santana, show gratuito faz homenagem a Geraldo Filme","previousItem":{"@type":"ListItem","@id":"https:\/\/www.encontrasantana.com.br\/sobre\/shows-em-santana\/#listItem","name":"Show Santana"}}]},{"@type":"Organization","@id":"https:\/\/www.encontrasantana.com.br\/sobre\/#organization","name":"Encontra Santana","description":"Not\u00edcias, eventos, informa\u00e7\u00f5es e dicas no bairro de Santana e regi\u00e3o.","url":"https:\/\/www.encontrasantana.com.br\/sobre\/"},{"@type":"Person","@id":"https:\/\/www.encontrasantana.com.br\/sobre\/author\/esantana\/#author","url":"https:\/\/www.encontrasantana.com.br\/sobre\/author\/esantana\/","name":"Encontra Santana","image":{"@type":"ImageObject","@id":"https:\/\/www.encontrasantana.com.br\/sobre\/em-santana-show-gratuito-faz-homenagem-a-geraldo-filme\/#authorImage","url":"https:\/\/secure.gravatar.com\/avatar\/0fbed662e37531ae23e68f85f9517b2454e50c1dfebf80eb9b721449ac95e0b9?s=96&d=mm&r=g","width":96,"height":96,"caption":"Encontra Santana"}},{"@type":"WebPage","@id":"https:\/\/www.encontrasantana.com.br\/sobre\/em-santana-show-gratuito-faz-homenagem-a-geraldo-filme\/#webpage","url":"https:\/\/www.encontrasantana.com.br\/sobre\/em-santana-show-gratuito-faz-homenagem-a-geraldo-filme\/","name":"Em Santana, show gratuito faz homenagem a Geraldo Filme \u00bb Encontra Santana","description":"O projeto \u00cdcones do Samba, criado pela Escola de Samba Unidos do Peruche, em parceria com o setor de atendimento comunit\u00e1rio da PUC\/SP, presta homenagem ao compositor Geraldo Filme em apresenta\u00e7\u00e3o no bairro de Santana, que re\u00fane a Velha Guarda e Ala dos Compositores da Peruche, al\u00e9m da Velha Guarda da Vai-Vai. SERVI\u00c7O Dia 18","inLanguage":"pt-BR","isPartOf":{"@id":"https:\/\/www.encontrasantana.com.br\/sobre\/#website"},"breadcrumb":{"@id":"https:\/\/www.encontrasantana.com.br\/sobre\/em-santana-show-gratuito-faz-homenagem-a-geraldo-filme\/#breadcrumblist"},"author":{"@id":"https:\/\/www.encontrasantana.com.br\/sobre\/author\/esantana\/#author"},"creator":{"@id":"https:\/\/www.encontrasantana.com.br\/sobre\/author\/esantana\/#author"},"datePublished":"2009-09-18T00:54:18-03:00","dateModified":"2019-04-15T10:06:10-03:00"},{"@type":"WebSite","@id":"https:\/\/www.encontrasantana.com.br\/sobre\/#website","url":"https:\/\/www.encontrasantana.com.br\/sobre\/","name":"Encontra Santana","description":"Not\u00edcias, eventos, informa\u00e7\u00f5es e dicas no bairro de Santana e regi\u00e3o.","inLanguage":"pt-BR","publisher":{"@id":"https:\/\/www.encontrasantana.com.br\/sobre\/#organization"}}]},"og:locale":"pt_BR","og:site_name":"Encontra Santana | Not\u00edcias, eventos, informa\u00e7\u00f5es e dicas no bairro de Santana e regi\u00e3o.","og:type":"article","og:title":"Em Santana, show gratuito faz homenagem a Geraldo Filme \u00bb Encontra Santana","og:description":"O projeto \u00cdcones do Samba, criado pela Escola de Samba Unidos do Peruche, em parceria com o setor de atendimento comunit\u00e1rio da PUC\/SP, presta homenagem ao compositor Geraldo Filme em apresenta\u00e7\u00e3o no bairro de Santana, que re\u00fane a Velha Guarda e Ala dos Compositores da Peruche, al\u00e9m da Velha Guarda da Vai-Vai. SERVI\u00c7O Dia 18","og:url":"https:\/\/www.encontrasantana.com.br\/sobre\/em-santana-show-gratuito-faz-homenagem-a-geraldo-filme\/","article:published_time":"2009-09-18T03:54:18+00:00","article:modified_time":"2019-04-15T13:06:10+00:00","twitter:card":"summary","twitter:title":"Em Santana, show gratuito faz homenagem a Geraldo Filme \u00bb Encontra Santana","twitter:description":"O projeto \u00cdcones do Samba, criado pela Escola de Samba Unidos do Peruche, em parceria com o setor de atendimento comunit\u00e1rio da PUC\/SP, presta homenagem ao compositor Geraldo Filme em apresenta\u00e7\u00e3o no bairro de Santana, que re\u00fane a Velha Guarda e Ala dos Compositores da Peruche, al\u00e9m da Velha Guarda da Vai-Vai. SERVI\u00c7O Dia 18"},"aioseo_meta_data":{"post_id":"123","title":null,"description":null,"keywords":null,"keyphrases":null,"primary_term":null,"canonical_url":null,"og_title":null,"og_description":null,"og_object_type":"default","og_image_type":"default","og_image_url":null,"og_image_width":null,"og_image_height":null,"og_image_custom_url":null,"og_image_custom_fields":null,"og_video":null,"og_custom_url":null,"og_article_section":null,"og_article_tags":null,"twitter_use_og":false,"twitter_card":"default","twitter_image_type":"default","twitter_image_url":null,"twitter_image_custom_url":null,"twitter_image_custom_fields":null,"twitter_title":null,"twitter_description":null,"schema":{"blockGraphs":[],"customGraphs":[],"default":{"data":{"Article":[],"Course":[],"Dataset":[],"FAQPage":[],"Movie":[],"Person":[],"Product":[],"ProductReview":[],"Car":[],"Recipe":[],"Service":[],"SoftwareApplication":[],"WebPage":[]},"graphName":"Article","isEnabled":true},"graphs":[]},"schema_type":null,"schema_type_options":null,"pillar_content":false,"robots_default":true,"robots_noindex":false,"robots_noarchive":false,"robots_nosnippet":false,"robots_nofollow":false,"robots_noimageindex":false,"robots_noodp":false,"robots_notranslate":false,"robots_max_snippet":null,"robots_max_videopreview":null,"robots_max_imagepreview":"large","priority":null,"frequency":null,"local_seo":null,"limit_modified_date":false,"created":"2021-04-20 18:48:39","updated":"2026-08-06 03:03:34","focus_keyword":null,"additional_keywords":null,"truseo_locale":null,"ai":null,"breadcrumb_settings":null,"seo_analyzer_scan_date":null},"aioseo_breadcrumb":"<div class=\"aioseo-breadcrumbs\"><span class=\"aioseo-breadcrumb\">\n\t\t\t<a href=\"https:\/\/www.encontrasantana.com.br\/sobre\" title=\"In\u00edcio\">In\u00edcio<\/a>\n\t\t<\/span><span class=\"aioseo-breadcrumb-separator\">&raquo;<\/span><span class=\"aioseo-breadcrumb\">\n\t\t\t<a href=\"https:\/\/www.encontrasantana.com.br\/sobre\/shows-em-santana\/\" title=\"Show Santana\">Show Santana<\/a>\n\t\t<\/span><span class=\"aioseo-breadcrumb-separator\">&raquo;<\/span><span class=\"aioseo-breadcrumb\">\n\t\t\tEm Santana, show gratuito faz homenagem a Geraldo Filme\n\t\t<\/span><\/div>","aioseo_breadcrumb_json":[{"label":"In\u00edcio","link":"https:\/\/www.encontrasantana.com.br\/sobre"},{"label":"Show Santana","link":"https:\/\/www.encontrasantana.com.br\/sobre\/shows-em-santana\/"},{"label":"Em Santana, show gratuito faz homenagem a Geraldo Filme","link":"https:\/\/www.encontrasantana.com.br\/sobre\/em-santana-show-gratuito-faz-homenagem-a-geraldo-filme\/"}],"_links":{"self":[{"href":"https:\/\/www.encontrasantana.com.br\/sobre\/wp-json\/wp\/v2\/posts\/123","targetHints":{"allow":["GET"]}}],"collection":[{"href":"https:\/\/www.encontrasantana.com.br\/sobre\/wp-json\/wp\/v2\/posts"}],"about":[{"href":"https:\/\/www.encontrasantana.com.br\/sobre\/wp-json\/wp\/v2\/types\/post"}],"author":[{"embeddable":true,"href":"https:\/\/www.encontrasantana.com.br\/sobre\/wp-json\/wp\/v2\/users\/1"}],"replies":[{"embeddable":true,"href":"https:\/\/www.encontrasantana.com.br\/sobre\/wp-json\/wp\/v2\/comments?post=123"}],"version-history":[{"count":0,"href":"https:\/\/www.encontrasantana.com.br\/sobre\/wp-json\/wp\/v2\/posts\/123\/revisions"}],"wp:attachment":[{"href":"https:\/\/www.encontrasantana.com.br\/sobre\/wp-json\/wp\/v2\/media?parent=123"}],"wp:term":[{"taxonomy":"category","embeddable":true,"href":"https:\/\/www.encontrasantana.com.br\/sobre\/wp-json\/wp\/v2\/categories?post=123"},{"taxonomy":"post_tag","embeddable":true,"href":"https:\/\/www.encontrasantana.com.br\/sobre\/wp-json\/wp\/v2\/tags?post=123"}],"curies":[{"name":"wp","href":"https:\/\/api.w.org\/{rel}","templated":true}]}}