{"id":1230,"date":"2011-08-08T13:23:52","date_gmt":"2011-08-08T16:23:52","guid":{"rendered":"http:\/\/www.encontrasantana.com.br\/blog\/?p=1230"},"modified":"2019-04-15T10:03:07","modified_gmt":"2019-04-15T13:03:07","slug":"santana-corredor-zaki-narchi-tem-velocidade-reduzida-a-partir-desta-segunda","status":"publish","type":"post","link":"https:\/\/www.encontrasantana.com.br\/sobre\/santana-corredor-zaki-narchi-tem-velocidade-reduzida-a-partir-desta-segunda\/","title":{"rendered":"Santana: corredor Zaki Narchi tem velocidade reduzida a partir desta segunda"},"content":{"rendered":"<div class=\"1acf8468e559fd3cbeec5aee3a269a52\" data-index=\"1\" style=\"float: none; margin:0px;\">\n<!-- Anuncio display - global -->\r\n<ins class=\"adsbygoogle\"\r\n     style=\"display:block\"\r\n     data-ad-client=\"ca-pub-8585364105181520\"\r\n     data-ad-slot=\"8789329856\"\r\n     data-ad-format=\"auto\"\r\n     data-full-width-responsive=\"true\"><\/ins>\r\n<script>\r\n     (adsbygoogle = window.adsbygoogle || []).push({});\r\n<\/script>\n<\/div>\n<p>A partir desta segunda, motoristas que trafegam pelo Corredor Zaki Narchi-Santa Eul\u00e1lia, na regi\u00e3o de Santana, devem redobrar a aten\u00e7\u00e3o. A CET (Companhia de\u00a0Engenharia de Tr\u00e1fego) vai reduzir para 60 km\/h a velocidade m\u00e1xima nas vias. At\u00e9 este domingo, \u00e9 de 70 km\/h. A mudan\u00e7a tem como\u00a0objetivo proporcionar maior\u00a0seguran\u00e7a aos que circulam pela via. Outros corredores da\u00a0cidadedevem ter a velocidade padronizada tamb\u00e9m nesta segunda, totalizando 15,7 quil\u00f4metros.<\/p>\n<p><em>Fonte: Di\u00e1rio de S. Paulo<\/em><\/p>\n\n<div style=\"font-size: 0px; height: 0px; line-height: 0px; margin: 0; padding: 0; clear: both;\"><\/div>","protected":false},"excerpt":{"rendered":"<p>A partir desta segunda, motoristas que trafegam pelo Corredor Zaki Narchi-Santa Eul\u00e1lia, na regi\u00e3o de Santana, devem redobrar a aten\u00e7\u00e3o. A CET (Companhia de\u00a0Engenharia de Tr\u00e1fego) vai reduzir para 60 km\/h a velocidade m\u00e1xima nas vias. At\u00e9 este domingo, \u00e9 de 70 km\/h. A mudan\u00e7a tem como\u00a0objetivo proporcionar maior\u00a0seguran\u00e7a aos que circulam pela via. Outros corredores da\u00a0cidadedevem ter a velocidade padronizada tamb\u00e9m nesta segunda, totalizando 15,7 quil\u00f4metros. Fonte: Di\u00e1rio de S. Paulo<\/p>\n","protected":false},"author":1,"featured_media":0,"comment_status":"open","ping_status":"closed","sticky":false,"template":"","format":"standard","meta":{"footnotes":""},"categories":[3],"tags":[10],"class_list":["post-1230","post","type-post","status-publish","format-standard","hentry","category-noticias-em-santana","tag-santana"],"aioseo_notices":[],"_links":{"self":[{"href":"https:\/\/www.encontrasantana.com.br\/sobre\/wp-json\/wp\/v2\/posts\/1230"}],"collection":[{"href":"https:\/\/www.encontrasantana.com.br\/sobre\/wp-json\/wp\/v2\/posts"}],"about":[{"href":"https:\/\/www.encontrasantana.com.br\/sobre\/wp-json\/wp\/v2\/types\/post"}],"author":[{"embeddable":true,"href":"https:\/\/www.encontrasantana.com.br\/sobre\/wp-json\/wp\/v2\/users\/1"}],"replies":[{"embeddable":true,"href":"https:\/\/www.encontrasantana.com.br\/sobre\/wp-json\/wp\/v2\/comments?post=1230"}],"version-history":[{"count":0,"href":"https:\/\/www.encontrasantana.com.br\/sobre\/wp-json\/wp\/v2\/posts\/1230\/revisions"}],"wp:attachment":[{"href":"https:\/\/www.encontrasantana.com.br\/sobre\/wp-json\/wp\/v2\/media?parent=1230"}],"wp:term":[{"taxonomy":"category","embeddable":true,"href":"https:\/\/www.encontrasantana.com.br\/sobre\/wp-json\/wp\/v2\/categories?post=1230"},{"taxonomy":"post_tag","embeddable":true,"href":"https:\/\/www.encontrasantana.com.br\/sobre\/wp-json\/wp\/v2\/tags?post=1230"}],"curies":[{"name":"wp","href":"https:\/\/api.w.org\/{rel}","templated":true}]}}