{"id":1232,"date":"2011-08-12T13:57:03","date_gmt":"2011-08-12T16:57:03","guid":{"rendered":"http:\/\/www.encontrasantana.com.br\/blog\/?p=1232"},"modified":"2019-04-15T10:03:07","modified_gmt":"2019-04-15T13:03:07","slug":"operacao-cata-bagulho-percorre-regiao-de-santana-neste-sabado-9","status":"publish","type":"post","link":"https:\/\/www.encontrasantana.com.br\/sobre\/operacao-cata-bagulho-percorre-regiao-de-santana-neste-sabado-9\/","title":{"rendered":"Opera\u00e7\u00e3o Cata-Bagulho percorre regi\u00e3o de Santana neste s\u00e1bado"},"content":{"rendered":"<div class=\"1acf8468e559fd3cbeec5aee3a269a52\" data-index=\"1\" style=\"float: none; margin:0px;\">\n<!-- Anuncio display - global -->\r\n<ins class=\"adsbygoogle\"\r\n     style=\"display:block\"\r\n     data-ad-client=\"ca-pub-8585364105181520\"\r\n     data-ad-slot=\"8789329856\"\r\n     data-ad-format=\"auto\"\r\n     data-full-width-responsive=\"true\"><\/ins>\r\n<script>\r\n     (adsbygoogle = window.adsbygoogle || []).push({});\r\n<\/script>\n<\/div>\n<p>Neste s\u00e1bado (13), a regi\u00e3o de\u00a0guia de\u00a0Santana recebe os servi\u00e7os da opera\u00e7\u00e3o cata-bagulho. Os\u00a0moradores das ruas e avenidas atendidas pelo servi\u00e7o poder\u00e3o se desfazer de objetos em desuso e de dif\u00edcil descarte, como m\u00f3veis e eletrodom\u00e9sticos avariados ou em desuso.<\/p>\n<p>Confira a regi\u00e3o atendida pelo servi\u00e7o:<\/p>\n<p><strong>Hor\u00e1rio: das 7h \u00e0s 13h<\/strong><\/p>\n<p><strong><\/strong>Onde: Rua Dr. Zuquim. Av \u00c1gua Fria, Rua Borges, Avenida Gustavo Adolfo, Mimoso do Sul, Rua Salete, Rua Volunt\u00e1rios da P\u00e1tria, Av. Ab\u00edlio Sampaio, Av. Guapira, Av. Imirim, Av. Conselheiro Moreira de Barros, Rua Nova dos Portugueses, Rua Ararima, Rua Helena do Sacramento, Rua C\u00f4nego Manuel Vaz, Rua Lino Martins Agra, Av. Eng. Caetano \u00c1lvares, Av. Direitos Humanos<\/p>\n<p><em>Fonte: Prefeitura de S\u00e3o Paulo<\/em><\/p>\n\n<div style=\"font-size: 0px; height: 0px; line-height: 0px; margin: 0; padding: 0; clear: both;\"><\/div>","protected":false},"excerpt":{"rendered":"<p>Neste s\u00e1bado (13), a regi\u00e3o de\u00a0guia de\u00a0Santana recebe os servi\u00e7os da opera\u00e7\u00e3o cata-bagulho. Os\u00a0moradores das ruas e avenidas atendidas pelo servi\u00e7o poder\u00e3o se desfazer de objetos em desuso e de dif\u00edcil descarte, como m\u00f3veis e eletrodom\u00e9sticos avariados ou em desuso. Confira a regi\u00e3o atendida pelo servi\u00e7o: Hor\u00e1rio: das 7h \u00e0s 13h Onde: Rua Dr. Zuquim. Av \u00c1gua Fria, Rua Borges, Avenida Gustavo Adolfo, Mimoso do Sul, Rua Salete, Rua Volunt\u00e1rios da P\u00e1tria, Av. Ab\u00edlio Sampaio, Av. Guapira, Av. Imirim, Av. Conselheiro Moreira de Barros, Rua Nova dos Portugueses, Rua Ararima, Rua Helena do Sacramento, Rua C\u00f4nego Manuel Vaz, Rua Lino <\/p>\n","protected":false},"author":1,"featured_media":0,"comment_status":"open","ping_status":"closed","sticky":false,"template":"","format":"standard","meta":{"footnotes":""},"categories":[15],"tags":[10],"class_list":["post-1232","post","type-post","status-publish","format-standard","hentry","category-servicos-em-santana","tag-santana"],"aioseo_notices":[],"aioseo_head":"\n\t\t<!-- All in One SEO 5.0.0.1 - aioseo.com -->\n\t<meta name=\"description\" content=\"Neste s\u00e1bado (13), a regi\u00e3o de guia de Santana recebe os servi\u00e7os da opera\u00e7\u00e3o cata-bagulho. Os moradores das ruas e avenidas atendidas pelo servi\u00e7o poder\u00e3o se desfazer de objetos em desuso e de dif\u00edcil descarte, como m\u00f3veis e eletrodom\u00e9sticos avariados ou em desuso. Confira a regi\u00e3o atendida pelo servi\u00e7o: Hor\u00e1rio: das 7h \u00e0s 13h Onde: Rua Dr. Zuquim.\" \/>\n\t<meta name=\"robots\" content=\"max-image-preview:large\" \/>\n\t<meta name=\"author\" content=\"Encontra Santana\"\/>\n\t<link rel=\"canonical\" href=\"https:\/\/www.encontrasantana.com.br\/sobre\/operacao-cata-bagulho-percorre-regiao-de-santana-neste-sabado-9\/\" \/>\n\t<meta name=\"generator\" content=\"All in One SEO (AIOSEO) 5.0.0.1\" \/>\n\t\t<meta property=\"og:locale\" content=\"pt_BR\" \/>\n\t\t<meta property=\"og:site_name\" content=\"Encontra Santana | Not\u00edcias, eventos, informa\u00e7\u00f5es e dicas no bairro de Santana e regi\u00e3o.\" \/>\n\t\t<meta property=\"og:type\" content=\"article\" \/>\n\t\t<meta property=\"og:title\" content=\"Opera\u00e7\u00e3o Cata-Bagulho percorre regi\u00e3o de Santana neste s\u00e1bado \u00bb Encontra Santana\" \/>\n\t\t<meta property=\"og:description\" content=\"Neste s\u00e1bado (13), a regi\u00e3o de guia de Santana recebe os servi\u00e7os da opera\u00e7\u00e3o cata-bagulho. Os moradores das ruas e avenidas atendidas pelo servi\u00e7o poder\u00e3o se desfazer de objetos em desuso e de dif\u00edcil descarte, como m\u00f3veis e eletrodom\u00e9sticos avariados ou em desuso. Confira a regi\u00e3o atendida pelo servi\u00e7o: Hor\u00e1rio: das 7h \u00e0s 13h Onde: Rua Dr. Zuquim.\" \/>\n\t\t<meta property=\"og:url\" content=\"https:\/\/www.encontrasantana.com.br\/sobre\/operacao-cata-bagulho-percorre-regiao-de-santana-neste-sabado-9\/\" \/>\n\t\t<meta property=\"article:published_time\" content=\"2011-08-12T16:57:03+00:00\" \/>\n\t\t<meta property=\"article:modified_time\" content=\"2019-04-15T13:03:07+00:00\" \/>\n\t\t<meta name=\"twitter:card\" content=\"summary\" \/>\n\t\t<meta name=\"twitter:title\" content=\"Opera\u00e7\u00e3o Cata-Bagulho percorre regi\u00e3o de Santana neste s\u00e1bado \u00bb Encontra Santana\" \/>\n\t\t<meta name=\"twitter:description\" content=\"Neste s\u00e1bado (13), a regi\u00e3o de guia de Santana recebe os servi\u00e7os da opera\u00e7\u00e3o cata-bagulho. Os moradores das ruas e avenidas atendidas pelo servi\u00e7o poder\u00e3o se desfazer de objetos em desuso e de dif\u00edcil descarte, como m\u00f3veis e eletrodom\u00e9sticos avariados ou em desuso. Confira a regi\u00e3o atendida pelo servi\u00e7o: Hor\u00e1rio: das 7h \u00e0s 13h Onde: Rua Dr. Zuquim.\" \/>\n\t\t<script type=\"application\/ld+json\" class=\"aioseo-schema\">\n\t\t\t{\"@context\":\"https:\\\/\\\/schema.org\",\"@graph\":[{\"@type\":\"Article\",\"@id\":\"https:\\\/\\\/www.encontrasantana.com.br\\\/sobre\\\/operacao-cata-bagulho-percorre-regiao-de-santana-neste-sabado-9\\\/#article\",\"name\":\"Opera\\u00e7\\u00e3o Cata-Bagulho percorre regi\\u00e3o de Santana neste s\\u00e1bado \\u00bb Encontra Santana\",\"headline\":\"Opera\\u00e7\\u00e3o Cata-Bagulho percorre regi\\u00e3o de Santana neste s\\u00e1bado\",\"author\":{\"@id\":\"https:\\\/\\\/www.encontrasantana.com.br\\\/sobre\\\/author\\\/esantana\\\/#author\"},\"publisher\":{\"@id\":\"https:\\\/\\\/www.encontrasantana.com.br\\\/sobre\\\/#organization\"},\"datePublished\":\"2011-08-12T13:57:03-03:00\",\"dateModified\":\"2019-04-15T10:03:07-03:00\",\"inLanguage\":\"pt-BR\",\"mainEntityOfPage\":{\"@id\":\"https:\\\/\\\/www.encontrasantana.com.br\\\/sobre\\\/operacao-cata-bagulho-percorre-regiao-de-santana-neste-sabado-9\\\/#webpage\"},\"isPartOf\":{\"@id\":\"https:\\\/\\\/www.encontrasantana.com.br\\\/sobre\\\/operacao-cata-bagulho-percorre-regiao-de-santana-neste-sabado-9\\\/#webpage\"},\"articleSection\":\"Servi\\u00e7os Santana, Santana\"},{\"@type\":\"BreadcrumbList\",\"@id\":\"https:\\\/\\\/www.encontrasantana.com.br\\\/sobre\\\/operacao-cata-bagulho-percorre-regiao-de-santana-neste-sabado-9\\\/#breadcrumblist\",\"itemListElement\":[{\"@type\":\"ListItem\",\"@id\":\"https:\\\/\\\/www.encontrasantana.com.br\\\/sobre#listItem\",\"position\":1,\"name\":\"In\\u00edcio\",\"item\":\"https:\\\/\\\/www.encontrasantana.com.br\\\/sobre\",\"nextItem\":{\"@type\":\"ListItem\",\"@id\":\"https:\\\/\\\/www.encontrasantana.com.br\\\/sobre\\\/servicos-em-santana\\\/#listItem\",\"name\":\"Servi\\u00e7os Santana\"}},{\"@type\":\"ListItem\",\"@id\":\"https:\\\/\\\/www.encontrasantana.com.br\\\/sobre\\\/servicos-em-santana\\\/#listItem\",\"position\":2,\"name\":\"Servi\\u00e7os Santana\",\"item\":\"https:\\\/\\\/www.encontrasantana.com.br\\\/sobre\\\/servicos-em-santana\\\/\",\"nextItem\":{\"@type\":\"ListItem\",\"@id\":\"https:\\\/\\\/www.encontrasantana.com.br\\\/sobre\\\/operacao-cata-bagulho-percorre-regiao-de-santana-neste-sabado-9\\\/#listItem\",\"name\":\"Opera\\u00e7\\u00e3o Cata-Bagulho percorre regi\\u00e3o de Santana neste s\\u00e1bado\"},\"previousItem\":{\"@type\":\"ListItem\",\"@id\":\"https:\\\/\\\/www.encontrasantana.com.br\\\/sobre#listItem\",\"name\":\"In\\u00edcio\"}},{\"@type\":\"ListItem\",\"@id\":\"https:\\\/\\\/www.encontrasantana.com.br\\\/sobre\\\/operacao-cata-bagulho-percorre-regiao-de-santana-neste-sabado-9\\\/#listItem\",\"position\":3,\"name\":\"Opera\\u00e7\\u00e3o Cata-Bagulho percorre regi\\u00e3o de Santana neste s\\u00e1bado\",\"previousItem\":{\"@type\":\"ListItem\",\"@id\":\"https:\\\/\\\/www.encontrasantana.com.br\\\/sobre\\\/servicos-em-santana\\\/#listItem\",\"name\":\"Servi\\u00e7os Santana\"}}]},{\"@type\":\"Organization\",\"@id\":\"https:\\\/\\\/www.encontrasantana.com.br\\\/sobre\\\/#organization\",\"name\":\"Encontra Santana\",\"description\":\"Not\\u00edcias, eventos, informa\\u00e7\\u00f5es e dicas no bairro de Santana e regi\\u00e3o.\",\"url\":\"https:\\\/\\\/www.encontrasantana.com.br\\\/sobre\\\/\"},{\"@type\":\"Person\",\"@id\":\"https:\\\/\\\/www.encontrasantana.com.br\\\/sobre\\\/author\\\/esantana\\\/#author\",\"url\":\"https:\\\/\\\/www.encontrasantana.com.br\\\/sobre\\\/author\\\/esantana\\\/\",\"name\":\"Encontra Santana\",\"image\":{\"@type\":\"ImageObject\",\"@id\":\"https:\\\/\\\/www.encontrasantana.com.br\\\/sobre\\\/operacao-cata-bagulho-percorre-regiao-de-santana-neste-sabado-9\\\/#authorImage\",\"url\":\"https:\\\/\\\/secure.gravatar.com\\\/avatar\\\/0fbed662e37531ae23e68f85f9517b2454e50c1dfebf80eb9b721449ac95e0b9?s=96&d=mm&r=g\",\"width\":96,\"height\":96,\"caption\":\"Encontra Santana\"}},{\"@type\":\"WebPage\",\"@id\":\"https:\\\/\\\/www.encontrasantana.com.br\\\/sobre\\\/operacao-cata-bagulho-percorre-regiao-de-santana-neste-sabado-9\\\/#webpage\",\"url\":\"https:\\\/\\\/www.encontrasantana.com.br\\\/sobre\\\/operacao-cata-bagulho-percorre-regiao-de-santana-neste-sabado-9\\\/\",\"name\":\"Opera\\u00e7\\u00e3o Cata-Bagulho percorre regi\\u00e3o de Santana neste s\\u00e1bado \\u00bb Encontra Santana\",\"description\":\"Neste s\\u00e1bado (13), a regi\\u00e3o de guia de Santana recebe os servi\\u00e7os da opera\\u00e7\\u00e3o cata-bagulho. Os moradores das ruas e avenidas atendidas pelo servi\\u00e7o poder\\u00e3o se desfazer de objetos em desuso e de dif\\u00edcil descarte, como m\\u00f3veis e eletrodom\\u00e9sticos avariados ou em desuso. Confira a regi\\u00e3o atendida pelo servi\\u00e7o: Hor\\u00e1rio: das 7h \\u00e0s 13h Onde: Rua Dr. Zuquim.\",\"inLanguage\":\"pt-BR\",\"isPartOf\":{\"@id\":\"https:\\\/\\\/www.encontrasantana.com.br\\\/sobre\\\/#website\"},\"breadcrumb\":{\"@id\":\"https:\\\/\\\/www.encontrasantana.com.br\\\/sobre\\\/operacao-cata-bagulho-percorre-regiao-de-santana-neste-sabado-9\\\/#breadcrumblist\"},\"author\":{\"@id\":\"https:\\\/\\\/www.encontrasantana.com.br\\\/sobre\\\/author\\\/esantana\\\/#author\"},\"creator\":{\"@id\":\"https:\\\/\\\/www.encontrasantana.com.br\\\/sobre\\\/author\\\/esantana\\\/#author\"},\"datePublished\":\"2011-08-12T13:57:03-03:00\",\"dateModified\":\"2019-04-15T10:03:07-03:00\"},{\"@type\":\"WebSite\",\"@id\":\"https:\\\/\\\/www.encontrasantana.com.br\\\/sobre\\\/#website\",\"url\":\"https:\\\/\\\/www.encontrasantana.com.br\\\/sobre\\\/\",\"name\":\"Encontra Santana\",\"description\":\"Not\\u00edcias, eventos, informa\\u00e7\\u00f5es e dicas no bairro de Santana e regi\\u00e3o.\",\"inLanguage\":\"pt-BR\",\"publisher\":{\"@id\":\"https:\\\/\\\/www.encontrasantana.com.br\\\/sobre\\\/#organization\"}}]}\n\t\t<\/script>\n\t\t<!-- All in One SEO -->\n\n","aioseo_head_json":{"title":"Opera\u00e7\u00e3o Cata-Bagulho percorre regi\u00e3o de Santana neste s\u00e1bado \u00bb Encontra Santana","description":"Neste s\u00e1bado (13), a regi\u00e3o de guia de Santana recebe os servi\u00e7os da opera\u00e7\u00e3o cata-bagulho. Os moradores das ruas e avenidas atendidas pelo servi\u00e7o poder\u00e3o se desfazer de objetos em desuso e de dif\u00edcil descarte, como m\u00f3veis e eletrodom\u00e9sticos avariados ou em desuso. Confira a regi\u00e3o atendida pelo servi\u00e7o: Hor\u00e1rio: das 7h \u00e0s 13h Onde: Rua Dr. Zuquim.","canonical_url":"https:\/\/www.encontrasantana.com.br\/sobre\/operacao-cata-bagulho-percorre-regiao-de-santana-neste-sabado-9\/","robots":"max-image-preview:large","keywords":"","webmasterTools":{"miscellaneous":""},"schema":{"@context":"https:\/\/schema.org","@graph":[{"@type":"Article","@id":"https:\/\/www.encontrasantana.com.br\/sobre\/operacao-cata-bagulho-percorre-regiao-de-santana-neste-sabado-9\/#article","name":"Opera\u00e7\u00e3o Cata-Bagulho percorre regi\u00e3o de Santana neste s\u00e1bado \u00bb Encontra Santana","headline":"Opera\u00e7\u00e3o Cata-Bagulho percorre regi\u00e3o de Santana neste s\u00e1bado","author":{"@id":"https:\/\/www.encontrasantana.com.br\/sobre\/author\/esantana\/#author"},"publisher":{"@id":"https:\/\/www.encontrasantana.com.br\/sobre\/#organization"},"datePublished":"2011-08-12T13:57:03-03:00","dateModified":"2019-04-15T10:03:07-03:00","inLanguage":"pt-BR","mainEntityOfPage":{"@id":"https:\/\/www.encontrasantana.com.br\/sobre\/operacao-cata-bagulho-percorre-regiao-de-santana-neste-sabado-9\/#webpage"},"isPartOf":{"@id":"https:\/\/www.encontrasantana.com.br\/sobre\/operacao-cata-bagulho-percorre-regiao-de-santana-neste-sabado-9\/#webpage"},"articleSection":"Servi\u00e7os Santana, Santana"},{"@type":"BreadcrumbList","@id":"https:\/\/www.encontrasantana.com.br\/sobre\/operacao-cata-bagulho-percorre-regiao-de-santana-neste-sabado-9\/#breadcrumblist","itemListElement":[{"@type":"ListItem","@id":"https:\/\/www.encontrasantana.com.br\/sobre#listItem","position":1,"name":"In\u00edcio","item":"https:\/\/www.encontrasantana.com.br\/sobre","nextItem":{"@type":"ListItem","@id":"https:\/\/www.encontrasantana.com.br\/sobre\/servicos-em-santana\/#listItem","name":"Servi\u00e7os Santana"}},{"@type":"ListItem","@id":"https:\/\/www.encontrasantana.com.br\/sobre\/servicos-em-santana\/#listItem","position":2,"name":"Servi\u00e7os Santana","item":"https:\/\/www.encontrasantana.com.br\/sobre\/servicos-em-santana\/","nextItem":{"@type":"ListItem","@id":"https:\/\/www.encontrasantana.com.br\/sobre\/operacao-cata-bagulho-percorre-regiao-de-santana-neste-sabado-9\/#listItem","name":"Opera\u00e7\u00e3o Cata-Bagulho percorre regi\u00e3o de Santana neste s\u00e1bado"},"previousItem":{"@type":"ListItem","@id":"https:\/\/www.encontrasantana.com.br\/sobre#listItem","name":"In\u00edcio"}},{"@type":"ListItem","@id":"https:\/\/www.encontrasantana.com.br\/sobre\/operacao-cata-bagulho-percorre-regiao-de-santana-neste-sabado-9\/#listItem","position":3,"name":"Opera\u00e7\u00e3o Cata-Bagulho percorre regi\u00e3o de Santana neste s\u00e1bado","previousItem":{"@type":"ListItem","@id":"https:\/\/www.encontrasantana.com.br\/sobre\/servicos-em-santana\/#listItem","name":"Servi\u00e7os Santana"}}]},{"@type":"Organization","@id":"https:\/\/www.encontrasantana.com.br\/sobre\/#organization","name":"Encontra Santana","description":"Not\u00edcias, eventos, informa\u00e7\u00f5es e dicas no bairro de Santana e regi\u00e3o.","url":"https:\/\/www.encontrasantana.com.br\/sobre\/"},{"@type":"Person","@id":"https:\/\/www.encontrasantana.com.br\/sobre\/author\/esantana\/#author","url":"https:\/\/www.encontrasantana.com.br\/sobre\/author\/esantana\/","name":"Encontra Santana","image":{"@type":"ImageObject","@id":"https:\/\/www.encontrasantana.com.br\/sobre\/operacao-cata-bagulho-percorre-regiao-de-santana-neste-sabado-9\/#authorImage","url":"https:\/\/secure.gravatar.com\/avatar\/0fbed662e37531ae23e68f85f9517b2454e50c1dfebf80eb9b721449ac95e0b9?s=96&d=mm&r=g","width":96,"height":96,"caption":"Encontra Santana"}},{"@type":"WebPage","@id":"https:\/\/www.encontrasantana.com.br\/sobre\/operacao-cata-bagulho-percorre-regiao-de-santana-neste-sabado-9\/#webpage","url":"https:\/\/www.encontrasantana.com.br\/sobre\/operacao-cata-bagulho-percorre-regiao-de-santana-neste-sabado-9\/","name":"Opera\u00e7\u00e3o Cata-Bagulho percorre regi\u00e3o de Santana neste s\u00e1bado \u00bb Encontra Santana","description":"Neste s\u00e1bado (13), a regi\u00e3o de guia de Santana recebe os servi\u00e7os da opera\u00e7\u00e3o cata-bagulho. Os moradores das ruas e avenidas atendidas pelo servi\u00e7o poder\u00e3o se desfazer de objetos em desuso e de dif\u00edcil descarte, como m\u00f3veis e eletrodom\u00e9sticos avariados ou em desuso. Confira a regi\u00e3o atendida pelo servi\u00e7o: Hor\u00e1rio: das 7h \u00e0s 13h Onde: Rua Dr. Zuquim.","inLanguage":"pt-BR","isPartOf":{"@id":"https:\/\/www.encontrasantana.com.br\/sobre\/#website"},"breadcrumb":{"@id":"https:\/\/www.encontrasantana.com.br\/sobre\/operacao-cata-bagulho-percorre-regiao-de-santana-neste-sabado-9\/#breadcrumblist"},"author":{"@id":"https:\/\/www.encontrasantana.com.br\/sobre\/author\/esantana\/#author"},"creator":{"@id":"https:\/\/www.encontrasantana.com.br\/sobre\/author\/esantana\/#author"},"datePublished":"2011-08-12T13:57:03-03:00","dateModified":"2019-04-15T10:03:07-03:00"},{"@type":"WebSite","@id":"https:\/\/www.encontrasantana.com.br\/sobre\/#website","url":"https:\/\/www.encontrasantana.com.br\/sobre\/","name":"Encontra Santana","description":"Not\u00edcias, eventos, informa\u00e7\u00f5es e dicas no bairro de Santana e regi\u00e3o.","inLanguage":"pt-BR","publisher":{"@id":"https:\/\/www.encontrasantana.com.br\/sobre\/#organization"}}]},"og:locale":"pt_BR","og:site_name":"Encontra Santana | Not\u00edcias, eventos, informa\u00e7\u00f5es e dicas no bairro de Santana e regi\u00e3o.","og:type":"article","og:title":"Opera\u00e7\u00e3o Cata-Bagulho percorre regi\u00e3o de Santana neste s\u00e1bado \u00bb Encontra Santana","og:description":"Neste s\u00e1bado (13), a regi\u00e3o de guia de Santana recebe os servi\u00e7os da opera\u00e7\u00e3o cata-bagulho. Os moradores das ruas e avenidas atendidas pelo servi\u00e7o poder\u00e3o se desfazer de objetos em desuso e de dif\u00edcil descarte, como m\u00f3veis e eletrodom\u00e9sticos avariados ou em desuso. Confira a regi\u00e3o atendida pelo servi\u00e7o: Hor\u00e1rio: das 7h \u00e0s 13h Onde: Rua Dr. Zuquim.","og:url":"https:\/\/www.encontrasantana.com.br\/sobre\/operacao-cata-bagulho-percorre-regiao-de-santana-neste-sabado-9\/","article:published_time":"2011-08-12T16:57:03+00:00","article:modified_time":"2019-04-15T13:03:07+00:00","twitter:card":"summary","twitter:title":"Opera\u00e7\u00e3o Cata-Bagulho percorre regi\u00e3o de Santana neste s\u00e1bado \u00bb Encontra Santana","twitter:description":"Neste s\u00e1bado (13), a regi\u00e3o de guia de Santana recebe os servi\u00e7os da opera\u00e7\u00e3o cata-bagulho. Os moradores das ruas e avenidas atendidas pelo servi\u00e7o poder\u00e3o se desfazer de objetos em desuso e de dif\u00edcil descarte, como m\u00f3veis e eletrodom\u00e9sticos avariados ou em desuso. Confira a regi\u00e3o atendida pelo servi\u00e7o: Hor\u00e1rio: das 7h \u00e0s 13h Onde: Rua Dr. Zuquim."},"aioseo_meta_data":{"post_id":"1232","title":null,"description":null,"keywords":null,"keyphrases":null,"primary_term":null,"canonical_url":null,"og_title":null,"og_description":null,"og_object_type":"default","og_image_type":"default","og_image_url":null,"og_image_width":null,"og_image_height":null,"og_image_custom_url":null,"og_image_custom_fields":null,"og_video":null,"og_custom_url":null,"og_article_section":null,"og_article_tags":null,"twitter_use_og":false,"twitter_card":"default","twitter_image_type":"default","twitter_image_url":null,"twitter_image_custom_url":null,"twitter_image_custom_fields":null,"twitter_title":null,"twitter_description":null,"schema":{"blockGraphs":[],"customGraphs":[],"default":{"data":{"Article":[],"Course":[],"Dataset":[],"FAQPage":[],"Movie":[],"Person":[],"Product":[],"ProductReview":[],"Car":[],"Recipe":[],"Service":[],"SoftwareApplication":[],"WebPage":[]},"graphName":"Article","isEnabled":true},"graphs":[]},"schema_type":null,"schema_type_options":null,"pillar_content":false,"robots_default":true,"robots_noindex":false,"robots_noarchive":false,"robots_nosnippet":false,"robots_nofollow":false,"robots_noimageindex":false,"robots_noodp":false,"robots_notranslate":false,"robots_max_snippet":null,"robots_max_videopreview":null,"robots_max_imagepreview":"large","priority":null,"frequency":null,"local_seo":null,"limit_modified_date":false,"created":"2021-04-20 23:23:33","updated":"2026-08-06 09:24:17","focus_keyword":null,"additional_keywords":null,"truseo_locale":null,"ai":null,"breadcrumb_settings":null,"seo_analyzer_scan_date":null},"aioseo_breadcrumb":"<div class=\"aioseo-breadcrumbs\"><span class=\"aioseo-breadcrumb\">\n\t\t\t<a href=\"https:\/\/www.encontrasantana.com.br\/sobre\" title=\"In\u00edcio\">In\u00edcio<\/a>\n\t\t<\/span><span class=\"aioseo-breadcrumb-separator\">&raquo;<\/span><span class=\"aioseo-breadcrumb\">\n\t\t\t<a href=\"https:\/\/www.encontrasantana.com.br\/sobre\/servicos-em-santana\/\" title=\"Servi\u00e7os Santana\">Servi\u00e7os Santana<\/a>\n\t\t<\/span><span class=\"aioseo-breadcrumb-separator\">&raquo;<\/span><span class=\"aioseo-breadcrumb\">\n\t\t\tOpera\u00e7\u00e3o Cata-Bagulho percorre regi\u00e3o de Santana neste s\u00e1bado\n\t\t<\/span><\/div>","aioseo_breadcrumb_json":[{"label":"In\u00edcio","link":"https:\/\/www.encontrasantana.com.br\/sobre"},{"label":"Servi\u00e7os Santana","link":"https:\/\/www.encontrasantana.com.br\/sobre\/servicos-em-santana\/"},{"label":"Opera\u00e7\u00e3o Cata-Bagulho percorre regi\u00e3o de Santana neste s\u00e1bado","link":"https:\/\/www.encontrasantana.com.br\/sobre\/operacao-cata-bagulho-percorre-regiao-de-santana-neste-sabado-9\/"}],"_links":{"self":[{"href":"https:\/\/www.encontrasantana.com.br\/sobre\/wp-json\/wp\/v2\/posts\/1232","targetHints":{"allow":["GET"]}}],"collection":[{"href":"https:\/\/www.encontrasantana.com.br\/sobre\/wp-json\/wp\/v2\/posts"}],"about":[{"href":"https:\/\/www.encontrasantana.com.br\/sobre\/wp-json\/wp\/v2\/types\/post"}],"author":[{"embeddable":true,"href":"https:\/\/www.encontrasantana.com.br\/sobre\/wp-json\/wp\/v2\/users\/1"}],"replies":[{"embeddable":true,"href":"https:\/\/www.encontrasantana.com.br\/sobre\/wp-json\/wp\/v2\/comments?post=1232"}],"version-history":[{"count":0,"href":"https:\/\/www.encontrasantana.com.br\/sobre\/wp-json\/wp\/v2\/posts\/1232\/revisions"}],"wp:attachment":[{"href":"https:\/\/www.encontrasantana.com.br\/sobre\/wp-json\/wp\/v2\/media?parent=1232"}],"wp:term":[{"taxonomy":"category","embeddable":true,"href":"https:\/\/www.encontrasantana.com.br\/sobre\/wp-json\/wp\/v2\/categories?post=1232"},{"taxonomy":"post_tag","embeddable":true,"href":"https:\/\/www.encontrasantana.com.br\/sobre\/wp-json\/wp\/v2\/tags?post=1232"}],"curies":[{"name":"wp","href":"https:\/\/api.w.org\/{rel}","templated":true}]}}