{"id":12351,"date":"2012-02-24T15:59:38","date_gmt":"2012-02-24T18:59:38","guid":{"rendered":"http:\/\/www.encontrasantana.com.br\/blog\/?p=12351"},"modified":"2019-04-15T10:00:29","modified_gmt":"2019-04-15T13:00:29","slug":"teatro-alfredo-mesquita-sera-reaberto-este-ano-em-santana-apos-reforma-e-ampliacao","status":"publish","type":"post","link":"https:\/\/www.encontrasantana.com.br\/sobre\/teatro-alfredo-mesquita-sera-reaberto-este-ano-em-santana-apos-reforma-e-ampliacao\/","title":{"rendered":"Teatro Alfredo Mesquita ser\u00e1 reaberto este ano em Santana, ap\u00f3s reforma e amplia\u00e7\u00e3o"},"content":{"rendered":"<div class=\"1acf8468e559fd3cbeec5aee3a269a52\" data-index=\"1\" style=\"float: none; margin:0px;\">\n<!-- Anuncio display - global -->\r\n<ins class=\"adsbygoogle\"\r\n     style=\"display:block\"\r\n     data-ad-client=\"ca-pub-8585364105181520\"\r\n     data-ad-slot=\"8789329856\"\r\n     data-ad-format=\"auto\"\r\n     data-full-width-responsive=\"true\"><\/ins>\r\n<script>\r\n     (adsbygoogle = window.adsbygoogle || []).push({});\r\n<\/script>\n<\/div>\n<p>O programa de amplia\u00e7\u00e3o e reforma dos equipamentos da rede municipal de Cultura da cidade de S\u00e3o Paulo est\u00e1 transformando o Teatro Alfredo Mesquita. A Secretaria de Infraestrutura Urbana e Obras (Siurb), por interm\u00e9dio do Departamento de Edifica\u00e7\u00f5es (Edif), realiza as obras de reforma e amplia\u00e7\u00e3o do teatro, que ser\u00e3o conclu\u00eddas em 2012. Localizado no bairro de Santana, Zona Norte de S\u00e3o Paulo, a unidade ter\u00e1 quase o triplo de \u00e1rea constru\u00edda ap\u00f3s ser entregue \u00e0 popula\u00e7\u00e3o paulistana.<\/p>\n<p>Com um custo de R$ 4,4 milh\u00f5es, as obras englobam a execu\u00e7\u00e3o da estrutura met\u00e1lica da cobertura e dos mezaninos; o revestimento de massas nas paredes externas e internas; a reforma do piso da plat\u00e9ia; a coloca\u00e7\u00e3o dos batentes das portas; a fabrica\u00e7\u00e3o das telhas; e o fechamento das laterais do palco, com isolamento ac\u00fastico.<\/p>\n<p>Com a conclus\u00e3o da obra, o teatro passar\u00e1 de 400 m\u00b2 para 1.109,30 m\u00b2. A plat\u00e9ia ter\u00e1 capacidade para 198 lugares, incluindo dois assentos para pessoas com mobilidade reduzida, dois assentos para pessoas obesas e mais quatro lugares para cadeirantes.<\/p>\n<p>Al\u00e9m de ter toda a estrutura ampliada e restaurada, a reforma tamb\u00e9m contempla a reestrutura\u00e7\u00e3o da rede de drenagem para capta\u00e7\u00e3o de \u00e1guas de chuva; a restaura\u00e7\u00e3o das instala\u00e7\u00f5es el\u00e9tricas e hidr\u00e1ulicas em geral; e a coloca\u00e7\u00e3o de novos dutos de ar condicionado. Tudo isso proporcionar\u00e1 benef\u00edcios e conforto para p\u00fablico e artistas nas prt\u00f3ximas temporadas do Alfredo Mesquita.<\/p>\n<p><strong>Meio ambiente<\/strong><\/p>\n<p>Com a exist\u00eancia de in\u00fameras esp\u00e9cies arb\u00f3reas no entorno do teatro, foram necess\u00e1rias obras de plantio e transplantes de algumas \u00e1rvores, conforme compensa\u00e7\u00e3o ambiental aprovada pela Secretaria do Verde e do Meio Ambiente.<\/p>\n<p><strong>Alfredo Mesquita<\/strong><\/p>\n<p>Alfredo Mesquita (1907-1986) foi diretor e autor teatral, um dos fundadores do Grupo do Teatro Experimental (GTE), que levou \u00e0 cria\u00e7\u00e3o do Teatro Brasileiro de Com\u00e9dia (TBC), e da Escola de Arte Dram\u00e1tica (EAD), posteriormente incorporada \u00e0 Universidade de S\u00e3o Paulo (USP). Ele dirigiu a EAD, fundada em 1948, durante 20 anos, quando contribuiu para o surgimento de grandes nomes do teatro paulista e brasileiro, como Juca de Oliveira, Antunes Filho, Aracy Balabanian, Ney Latorraca e outros.<\/p>\n<p>Filho de J\u00falio de Mesquita, o patriarca dono do jornal\u00a0<em>O Estado de S.Paulo<\/em>, entre 1935 e 1937 morou em Paris, onde estudou teatro com Louis Jouvet, no Th\u00e9\u00e2tre de L\u2019Athen\u00e9e; e com Gaston Baty, no Th\u00e9\u00e2tre de Montparnasse. De volta ao Brasil, em 1941 foi um dos criadores da revista Clima, um ve\u00edculo para as ideias de vanguarda na literatura e nas artes.<\/p>\n<p>Mesquita escreveu v\u00e1rias pe\u00e7as de teatro, entre as quais\u00a0<em>Esperan\u00e7a da fam\u00edlia<\/em>\u00a0(encenada em 1936 por Proc\u00f3pio Ferreira, o grande nome do teatro brasileiro na \u00e9poca),\u00a0<em>Noite de S\u00e3o Paulo<\/em>\u00a0e\u00a0<em>Casa Assombrada<\/em>. Em 1942, ele funda a Livraria Jaragu\u00e1, que se tornou o local de encontro por excel\u00eancia dos intelectuais paulistanos. Foi na Livraria Jaragu\u00e1 que nasceu o Grupo de Teatro Experimental, cuja estr\u00e9ia foi com uma pe\u00e7a francesa, falada em franc\u00eas, de autoria de Alfred Musset,\u00a0<em>\u00c0 quoi r\u00eavent l\u00eas jeunes filles<\/em>.<\/p>\n<p>Posteriormente o grupo encenou outras pe\u00e7as, como\u00a0<em>\u00c0 sombra do mal<\/em>, de Lenormand (1943);\u00a0<em>Fora da barra<\/em>, de Sutton Vane (1944);\u00a0<em>Os p\u00e1ssaros<\/em>, de Arist\u00f3fanes (1945);\u00a0<em>O avarento<\/em>, de Moli\u00e8re, entre outras.<\/p>\n<p>Na dire\u00e7\u00e3o da Escola de Arte Dram\u00e1tica, tamb\u00e9m promoveu a encena\u00e7\u00e3o de pe\u00e7as de sua autoria, como\u00a0<em>Um abrigo<\/em>,\u00a0<em>M\u00e3e e filha<\/em>,\u00a0<em>O mal entendido<\/em>,\u00a0<em>Luar pela janela<\/em>, e outras. At\u00e9 ser incorporada pela Universidade de S\u00e3o Paulo, a EAD funcionou em v\u00e1rios endere\u00e7os, e tornou-se lenda cultuada pela intelectualidade paulistana a sopa servida por Alfredo Mesquita aos alunos antes das aulas, com produtos que trazia da fazenda dos Mesquita, em Louveira, no interior do estado.<\/p>\n<p><em>Fonte: Prefeitura de S\u00e3o Paulo<\/em><\/p>\n\n<div style=\"font-size: 0px; height: 0px; line-height: 0px; margin: 0; padding: 0; clear: both;\"><\/div>","protected":false},"excerpt":{"rendered":"<p>O programa de amplia\u00e7\u00e3o e reforma dos equipamentos da rede municipal de Cultura da cidade de S\u00e3o Paulo est\u00e1 transformando o Teatro Alfredo Mesquita. A Secretaria de Infraestrutura Urbana e Obras (Siurb), por interm\u00e9dio do Departamento de Edifica\u00e7\u00f5es (Edif), realiza as obras de reforma e amplia\u00e7\u00e3o do teatro, que ser\u00e3o conclu\u00eddas em 2012. Localizado no bairro de Santana, Zona Norte de S\u00e3o Paulo, a unidade ter\u00e1 quase o triplo de \u00e1rea constru\u00edda ap\u00f3s ser entregue \u00e0 popula\u00e7\u00e3o paulistana. Com um custo de R$ 4,4 milh\u00f5es, as obras englobam a execu\u00e7\u00e3o da estrutura met\u00e1lica da cobertura e dos mezaninos; o revestimento <\/p>\n","protected":false},"author":1,"featured_media":0,"comment_status":"open","ping_status":"closed","sticky":false,"template":"","format":"standard","meta":{"footnotes":""},"categories":[3],"tags":[10],"class_list":["post-12351","post","type-post","status-publish","format-standard","hentry","category-noticias-em-santana","tag-santana"],"aioseo_notices":[],"aioseo_head":"\n\t\t<!-- All in One SEO 5.0.0.1 - aioseo.com -->\n\t<meta name=\"description\" content=\"O programa de amplia\u00e7\u00e3o e reforma dos equipamentos da rede municipal de Cultura da cidade de S\u00e3o Paulo est\u00e1 transformando o Teatro Alfredo Mesquita. A Secretaria de Infraestrutura Urbana e Obras (Siurb), por interm\u00e9dio do Departamento de Edifica\u00e7\u00f5es (Edif), realiza as obras de reforma e amplia\u00e7\u00e3o do teatro, que ser\u00e3o conclu\u00eddas em 2012. Localizado no\" \/>\n\t<meta name=\"robots\" content=\"max-image-preview:large\" \/>\n\t<meta name=\"author\" content=\"Encontra Santana\"\/>\n\t<link rel=\"canonical\" href=\"https:\/\/www.encontrasantana.com.br\/sobre\/teatro-alfredo-mesquita-sera-reaberto-este-ano-em-santana-apos-reforma-e-ampliacao\/\" \/>\n\t<meta name=\"generator\" content=\"All in One SEO (AIOSEO) 5.0.0.1\" \/>\n\t\t<meta property=\"og:locale\" content=\"pt_BR\" \/>\n\t\t<meta property=\"og:site_name\" content=\"Encontra Santana | Not\u00edcias, eventos, informa\u00e7\u00f5es e dicas no bairro de Santana e regi\u00e3o.\" \/>\n\t\t<meta property=\"og:type\" content=\"article\" \/>\n\t\t<meta property=\"og:title\" content=\"Teatro Alfredo Mesquita ser\u00e1 reaberto este ano em Santana, ap\u00f3s reforma e amplia\u00e7\u00e3o \u00bb Encontra Santana\" \/>\n\t\t<meta property=\"og:description\" content=\"O programa de amplia\u00e7\u00e3o e reforma dos equipamentos da rede municipal de Cultura da cidade de S\u00e3o Paulo est\u00e1 transformando o Teatro Alfredo Mesquita. A Secretaria de Infraestrutura Urbana e Obras (Siurb), por interm\u00e9dio do Departamento de Edifica\u00e7\u00f5es (Edif), realiza as obras de reforma e amplia\u00e7\u00e3o do teatro, que ser\u00e3o conclu\u00eddas em 2012. Localizado no\" \/>\n\t\t<meta property=\"og:url\" content=\"https:\/\/www.encontrasantana.com.br\/sobre\/teatro-alfredo-mesquita-sera-reaberto-este-ano-em-santana-apos-reforma-e-ampliacao\/\" \/>\n\t\t<meta property=\"article:published_time\" content=\"2012-02-24T18:59:38+00:00\" \/>\n\t\t<meta property=\"article:modified_time\" content=\"2019-04-15T13:00:29+00:00\" \/>\n\t\t<meta name=\"twitter:card\" content=\"summary\" \/>\n\t\t<meta name=\"twitter:title\" content=\"Teatro Alfredo Mesquita ser\u00e1 reaberto este ano em Santana, ap\u00f3s reforma e amplia\u00e7\u00e3o \u00bb Encontra Santana\" \/>\n\t\t<meta name=\"twitter:description\" content=\"O programa de amplia\u00e7\u00e3o e reforma dos equipamentos da rede municipal de Cultura da cidade de S\u00e3o Paulo est\u00e1 transformando o Teatro Alfredo Mesquita. A Secretaria de Infraestrutura Urbana e Obras (Siurb), por interm\u00e9dio do Departamento de Edifica\u00e7\u00f5es (Edif), realiza as obras de reforma e amplia\u00e7\u00e3o do teatro, que ser\u00e3o conclu\u00eddas em 2012. Localizado no\" \/>\n\t\t<script type=\"application\/ld+json\" class=\"aioseo-schema\">\n\t\t\t{\"@context\":\"https:\\\/\\\/schema.org\",\"@graph\":[{\"@type\":\"Article\",\"@id\":\"https:\\\/\\\/www.encontrasantana.com.br\\\/sobre\\\/teatro-alfredo-mesquita-sera-reaberto-este-ano-em-santana-apos-reforma-e-ampliacao\\\/#article\",\"name\":\"Teatro Alfredo Mesquita ser\\u00e1 reaberto este ano em Santana, ap\\u00f3s reforma e amplia\\u00e7\\u00e3o \\u00bb Encontra Santana\",\"headline\":\"Teatro Alfredo Mesquita ser\\u00e1 reaberto este ano em Santana, ap\\u00f3s reforma e amplia\\u00e7\\u00e3o\",\"author\":{\"@id\":\"https:\\\/\\\/www.encontrasantana.com.br\\\/sobre\\\/author\\\/esantana\\\/#author\"},\"publisher\":{\"@id\":\"https:\\\/\\\/www.encontrasantana.com.br\\\/sobre\\\/#organization\"},\"datePublished\":\"2012-02-24T15:59:38-03:00\",\"dateModified\":\"2019-04-15T10:00:29-03:00\",\"inLanguage\":\"pt-BR\",\"mainEntityOfPage\":{\"@id\":\"https:\\\/\\\/www.encontrasantana.com.br\\\/sobre\\\/teatro-alfredo-mesquita-sera-reaberto-este-ano-em-santana-apos-reforma-e-ampliacao\\\/#webpage\"},\"isPartOf\":{\"@id\":\"https:\\\/\\\/www.encontrasantana.com.br\\\/sobre\\\/teatro-alfredo-mesquita-sera-reaberto-este-ano-em-santana-apos-reforma-e-ampliacao\\\/#webpage\"},\"articleSection\":\"Not\\u00edcias Santana, Santana\"},{\"@type\":\"BreadcrumbList\",\"@id\":\"https:\\\/\\\/www.encontrasantana.com.br\\\/sobre\\\/teatro-alfredo-mesquita-sera-reaberto-este-ano-em-santana-apos-reforma-e-ampliacao\\\/#breadcrumblist\",\"itemListElement\":[{\"@type\":\"ListItem\",\"@id\":\"https:\\\/\\\/www.encontrasantana.com.br\\\/sobre#listItem\",\"position\":1,\"name\":\"In\\u00edcio\",\"item\":\"https:\\\/\\\/www.encontrasantana.com.br\\\/sobre\",\"nextItem\":{\"@type\":\"ListItem\",\"@id\":\"https:\\\/\\\/www.encontrasantana.com.br\\\/sobre\\\/noticias-em-santana\\\/#listItem\",\"name\":\"Not\\u00edcias Santana\"}},{\"@type\":\"ListItem\",\"@id\":\"https:\\\/\\\/www.encontrasantana.com.br\\\/sobre\\\/noticias-em-santana\\\/#listItem\",\"position\":2,\"name\":\"Not\\u00edcias Santana\",\"item\":\"https:\\\/\\\/www.encontrasantana.com.br\\\/sobre\\\/noticias-em-santana\\\/\",\"nextItem\":{\"@type\":\"ListItem\",\"@id\":\"https:\\\/\\\/www.encontrasantana.com.br\\\/sobre\\\/teatro-alfredo-mesquita-sera-reaberto-este-ano-em-santana-apos-reforma-e-ampliacao\\\/#listItem\",\"name\":\"Teatro Alfredo Mesquita ser\\u00e1 reaberto este ano em Santana, ap\\u00f3s reforma e amplia\\u00e7\\u00e3o\"},\"previousItem\":{\"@type\":\"ListItem\",\"@id\":\"https:\\\/\\\/www.encontrasantana.com.br\\\/sobre#listItem\",\"name\":\"In\\u00edcio\"}},{\"@type\":\"ListItem\",\"@id\":\"https:\\\/\\\/www.encontrasantana.com.br\\\/sobre\\\/teatro-alfredo-mesquita-sera-reaberto-este-ano-em-santana-apos-reforma-e-ampliacao\\\/#listItem\",\"position\":3,\"name\":\"Teatro Alfredo Mesquita ser\\u00e1 reaberto este ano em Santana, ap\\u00f3s reforma e amplia\\u00e7\\u00e3o\",\"previousItem\":{\"@type\":\"ListItem\",\"@id\":\"https:\\\/\\\/www.encontrasantana.com.br\\\/sobre\\\/noticias-em-santana\\\/#listItem\",\"name\":\"Not\\u00edcias Santana\"}}]},{\"@type\":\"Organization\",\"@id\":\"https:\\\/\\\/www.encontrasantana.com.br\\\/sobre\\\/#organization\",\"name\":\"Encontra Santana\",\"description\":\"Not\\u00edcias, eventos, informa\\u00e7\\u00f5es e dicas no bairro de Santana e regi\\u00e3o.\",\"url\":\"https:\\\/\\\/www.encontrasantana.com.br\\\/sobre\\\/\"},{\"@type\":\"Person\",\"@id\":\"https:\\\/\\\/www.encontrasantana.com.br\\\/sobre\\\/author\\\/esantana\\\/#author\",\"url\":\"https:\\\/\\\/www.encontrasantana.com.br\\\/sobre\\\/author\\\/esantana\\\/\",\"name\":\"Encontra Santana\",\"image\":{\"@type\":\"ImageObject\",\"@id\":\"https:\\\/\\\/www.encontrasantana.com.br\\\/sobre\\\/teatro-alfredo-mesquita-sera-reaberto-este-ano-em-santana-apos-reforma-e-ampliacao\\\/#authorImage\",\"url\":\"https:\\\/\\\/secure.gravatar.com\\\/avatar\\\/0fbed662e37531ae23e68f85f9517b2454e50c1dfebf80eb9b721449ac95e0b9?s=96&d=mm&r=g\",\"width\":96,\"height\":96,\"caption\":\"Encontra Santana\"}},{\"@type\":\"WebPage\",\"@id\":\"https:\\\/\\\/www.encontrasantana.com.br\\\/sobre\\\/teatro-alfredo-mesquita-sera-reaberto-este-ano-em-santana-apos-reforma-e-ampliacao\\\/#webpage\",\"url\":\"https:\\\/\\\/www.encontrasantana.com.br\\\/sobre\\\/teatro-alfredo-mesquita-sera-reaberto-este-ano-em-santana-apos-reforma-e-ampliacao\\\/\",\"name\":\"Teatro Alfredo Mesquita ser\\u00e1 reaberto este ano em Santana, ap\\u00f3s reforma e amplia\\u00e7\\u00e3o \\u00bb Encontra Santana\",\"description\":\"O programa de amplia\\u00e7\\u00e3o e reforma dos equipamentos da rede municipal de Cultura da cidade de S\\u00e3o Paulo est\\u00e1 transformando o Teatro Alfredo Mesquita. A Secretaria de Infraestrutura Urbana e Obras (Siurb), por interm\\u00e9dio do Departamento de Edifica\\u00e7\\u00f5es (Edif), realiza as obras de reforma e amplia\\u00e7\\u00e3o do teatro, que ser\\u00e3o conclu\\u00eddas em 2012. Localizado no\",\"inLanguage\":\"pt-BR\",\"isPartOf\":{\"@id\":\"https:\\\/\\\/www.encontrasantana.com.br\\\/sobre\\\/#website\"},\"breadcrumb\":{\"@id\":\"https:\\\/\\\/www.encontrasantana.com.br\\\/sobre\\\/teatro-alfredo-mesquita-sera-reaberto-este-ano-em-santana-apos-reforma-e-ampliacao\\\/#breadcrumblist\"},\"author\":{\"@id\":\"https:\\\/\\\/www.encontrasantana.com.br\\\/sobre\\\/author\\\/esantana\\\/#author\"},\"creator\":{\"@id\":\"https:\\\/\\\/www.encontrasantana.com.br\\\/sobre\\\/author\\\/esantana\\\/#author\"},\"datePublished\":\"2012-02-24T15:59:38-03:00\",\"dateModified\":\"2019-04-15T10:00:29-03:00\"},{\"@type\":\"WebSite\",\"@id\":\"https:\\\/\\\/www.encontrasantana.com.br\\\/sobre\\\/#website\",\"url\":\"https:\\\/\\\/www.encontrasantana.com.br\\\/sobre\\\/\",\"name\":\"Encontra Santana\",\"description\":\"Not\\u00edcias, eventos, informa\\u00e7\\u00f5es e dicas no bairro de Santana e regi\\u00e3o.\",\"inLanguage\":\"pt-BR\",\"publisher\":{\"@id\":\"https:\\\/\\\/www.encontrasantana.com.br\\\/sobre\\\/#organization\"}}]}\n\t\t<\/script>\n\t\t<!-- All in One SEO -->\n\n","aioseo_head_json":{"title":"Teatro Alfredo Mesquita ser\u00e1 reaberto este ano em Santana, ap\u00f3s reforma e amplia\u00e7\u00e3o \u00bb Encontra Santana","description":"O programa de amplia\u00e7\u00e3o e reforma dos equipamentos da rede municipal de Cultura da cidade de S\u00e3o Paulo est\u00e1 transformando o Teatro Alfredo Mesquita. A Secretaria de Infraestrutura Urbana e Obras (Siurb), por interm\u00e9dio do Departamento de Edifica\u00e7\u00f5es (Edif), realiza as obras de reforma e amplia\u00e7\u00e3o do teatro, que ser\u00e3o conclu\u00eddas em 2012. Localizado no","canonical_url":"https:\/\/www.encontrasantana.com.br\/sobre\/teatro-alfredo-mesquita-sera-reaberto-este-ano-em-santana-apos-reforma-e-ampliacao\/","robots":"max-image-preview:large","keywords":"","webmasterTools":{"miscellaneous":""},"schema":{"@context":"https:\/\/schema.org","@graph":[{"@type":"Article","@id":"https:\/\/www.encontrasantana.com.br\/sobre\/teatro-alfredo-mesquita-sera-reaberto-este-ano-em-santana-apos-reforma-e-ampliacao\/#article","name":"Teatro Alfredo Mesquita ser\u00e1 reaberto este ano em Santana, ap\u00f3s reforma e amplia\u00e7\u00e3o \u00bb Encontra Santana","headline":"Teatro Alfredo Mesquita ser\u00e1 reaberto este ano em Santana, ap\u00f3s reforma e amplia\u00e7\u00e3o","author":{"@id":"https:\/\/www.encontrasantana.com.br\/sobre\/author\/esantana\/#author"},"publisher":{"@id":"https:\/\/www.encontrasantana.com.br\/sobre\/#organization"},"datePublished":"2012-02-24T15:59:38-03:00","dateModified":"2019-04-15T10:00:29-03:00","inLanguage":"pt-BR","mainEntityOfPage":{"@id":"https:\/\/www.encontrasantana.com.br\/sobre\/teatro-alfredo-mesquita-sera-reaberto-este-ano-em-santana-apos-reforma-e-ampliacao\/#webpage"},"isPartOf":{"@id":"https:\/\/www.encontrasantana.com.br\/sobre\/teatro-alfredo-mesquita-sera-reaberto-este-ano-em-santana-apos-reforma-e-ampliacao\/#webpage"},"articleSection":"Not\u00edcias Santana, Santana"},{"@type":"BreadcrumbList","@id":"https:\/\/www.encontrasantana.com.br\/sobre\/teatro-alfredo-mesquita-sera-reaberto-este-ano-em-santana-apos-reforma-e-ampliacao\/#breadcrumblist","itemListElement":[{"@type":"ListItem","@id":"https:\/\/www.encontrasantana.com.br\/sobre#listItem","position":1,"name":"In\u00edcio","item":"https:\/\/www.encontrasantana.com.br\/sobre","nextItem":{"@type":"ListItem","@id":"https:\/\/www.encontrasantana.com.br\/sobre\/noticias-em-santana\/#listItem","name":"Not\u00edcias Santana"}},{"@type":"ListItem","@id":"https:\/\/www.encontrasantana.com.br\/sobre\/noticias-em-santana\/#listItem","position":2,"name":"Not\u00edcias Santana","item":"https:\/\/www.encontrasantana.com.br\/sobre\/noticias-em-santana\/","nextItem":{"@type":"ListItem","@id":"https:\/\/www.encontrasantana.com.br\/sobre\/teatro-alfredo-mesquita-sera-reaberto-este-ano-em-santana-apos-reforma-e-ampliacao\/#listItem","name":"Teatro Alfredo Mesquita ser\u00e1 reaberto este ano em Santana, ap\u00f3s reforma e amplia\u00e7\u00e3o"},"previousItem":{"@type":"ListItem","@id":"https:\/\/www.encontrasantana.com.br\/sobre#listItem","name":"In\u00edcio"}},{"@type":"ListItem","@id":"https:\/\/www.encontrasantana.com.br\/sobre\/teatro-alfredo-mesquita-sera-reaberto-este-ano-em-santana-apos-reforma-e-ampliacao\/#listItem","position":3,"name":"Teatro Alfredo Mesquita ser\u00e1 reaberto este ano em Santana, ap\u00f3s reforma e amplia\u00e7\u00e3o","previousItem":{"@type":"ListItem","@id":"https:\/\/www.encontrasantana.com.br\/sobre\/noticias-em-santana\/#listItem","name":"Not\u00edcias Santana"}}]},{"@type":"Organization","@id":"https:\/\/www.encontrasantana.com.br\/sobre\/#organization","name":"Encontra Santana","description":"Not\u00edcias, eventos, informa\u00e7\u00f5es e dicas no bairro de Santana e regi\u00e3o.","url":"https:\/\/www.encontrasantana.com.br\/sobre\/"},{"@type":"Person","@id":"https:\/\/www.encontrasantana.com.br\/sobre\/author\/esantana\/#author","url":"https:\/\/www.encontrasantana.com.br\/sobre\/author\/esantana\/","name":"Encontra Santana","image":{"@type":"ImageObject","@id":"https:\/\/www.encontrasantana.com.br\/sobre\/teatro-alfredo-mesquita-sera-reaberto-este-ano-em-santana-apos-reforma-e-ampliacao\/#authorImage","url":"https:\/\/secure.gravatar.com\/avatar\/0fbed662e37531ae23e68f85f9517b2454e50c1dfebf80eb9b721449ac95e0b9?s=96&d=mm&r=g","width":96,"height":96,"caption":"Encontra Santana"}},{"@type":"WebPage","@id":"https:\/\/www.encontrasantana.com.br\/sobre\/teatro-alfredo-mesquita-sera-reaberto-este-ano-em-santana-apos-reforma-e-ampliacao\/#webpage","url":"https:\/\/www.encontrasantana.com.br\/sobre\/teatro-alfredo-mesquita-sera-reaberto-este-ano-em-santana-apos-reforma-e-ampliacao\/","name":"Teatro Alfredo Mesquita ser\u00e1 reaberto este ano em Santana, ap\u00f3s reforma e amplia\u00e7\u00e3o \u00bb Encontra Santana","description":"O programa de amplia\u00e7\u00e3o e reforma dos equipamentos da rede municipal de Cultura da cidade de S\u00e3o Paulo est\u00e1 transformando o Teatro Alfredo Mesquita. A Secretaria de Infraestrutura Urbana e Obras (Siurb), por interm\u00e9dio do Departamento de Edifica\u00e7\u00f5es (Edif), realiza as obras de reforma e amplia\u00e7\u00e3o do teatro, que ser\u00e3o conclu\u00eddas em 2012. Localizado no","inLanguage":"pt-BR","isPartOf":{"@id":"https:\/\/www.encontrasantana.com.br\/sobre\/#website"},"breadcrumb":{"@id":"https:\/\/www.encontrasantana.com.br\/sobre\/teatro-alfredo-mesquita-sera-reaberto-este-ano-em-santana-apos-reforma-e-ampliacao\/#breadcrumblist"},"author":{"@id":"https:\/\/www.encontrasantana.com.br\/sobre\/author\/esantana\/#author"},"creator":{"@id":"https:\/\/www.encontrasantana.com.br\/sobre\/author\/esantana\/#author"},"datePublished":"2012-02-24T15:59:38-03:00","dateModified":"2019-04-15T10:00:29-03:00"},{"@type":"WebSite","@id":"https:\/\/www.encontrasantana.com.br\/sobre\/#website","url":"https:\/\/www.encontrasantana.com.br\/sobre\/","name":"Encontra Santana","description":"Not\u00edcias, eventos, informa\u00e7\u00f5es e dicas no bairro de Santana e regi\u00e3o.","inLanguage":"pt-BR","publisher":{"@id":"https:\/\/www.encontrasantana.com.br\/sobre\/#organization"}}]},"og:locale":"pt_BR","og:site_name":"Encontra Santana | Not\u00edcias, eventos, informa\u00e7\u00f5es e dicas no bairro de Santana e regi\u00e3o.","og:type":"article","og:title":"Teatro Alfredo Mesquita ser\u00e1 reaberto este ano em Santana, ap\u00f3s reforma e amplia\u00e7\u00e3o \u00bb Encontra Santana","og:description":"O programa de amplia\u00e7\u00e3o e reforma dos equipamentos da rede municipal de Cultura da cidade de S\u00e3o Paulo est\u00e1 transformando o Teatro Alfredo Mesquita. A Secretaria de Infraestrutura Urbana e Obras (Siurb), por interm\u00e9dio do Departamento de Edifica\u00e7\u00f5es (Edif), realiza as obras de reforma e amplia\u00e7\u00e3o do teatro, que ser\u00e3o conclu\u00eddas em 2012. Localizado no","og:url":"https:\/\/www.encontrasantana.com.br\/sobre\/teatro-alfredo-mesquita-sera-reaberto-este-ano-em-santana-apos-reforma-e-ampliacao\/","article:published_time":"2012-02-24T18:59:38+00:00","article:modified_time":"2019-04-15T13:00:29+00:00","twitter:card":"summary","twitter:title":"Teatro Alfredo Mesquita ser\u00e1 reaberto este ano em Santana, ap\u00f3s reforma e amplia\u00e7\u00e3o \u00bb Encontra Santana","twitter:description":"O programa de amplia\u00e7\u00e3o e reforma dos equipamentos da rede municipal de Cultura da cidade de S\u00e3o Paulo est\u00e1 transformando o Teatro Alfredo Mesquita. A Secretaria de Infraestrutura Urbana e Obras (Siurb), por interm\u00e9dio do Departamento de Edifica\u00e7\u00f5es (Edif), realiza as obras de reforma e amplia\u00e7\u00e3o do teatro, que ser\u00e3o conclu\u00eddas em 2012. Localizado no"},"aioseo_meta_data":{"post_id":"12351","title":null,"description":null,"keywords":null,"keyphrases":null,"primary_term":null,"canonical_url":null,"og_title":null,"og_description":null,"og_object_type":"default","og_image_type":"default","og_image_url":null,"og_image_width":null,"og_image_height":null,"og_image_custom_url":null,"og_image_custom_fields":null,"og_video":null,"og_custom_url":null,"og_article_section":null,"og_article_tags":null,"twitter_use_og":false,"twitter_card":"default","twitter_image_type":"default","twitter_image_url":null,"twitter_image_custom_url":null,"twitter_image_custom_fields":null,"twitter_title":null,"twitter_description":null,"schema":{"blockGraphs":[],"customGraphs":[],"default":{"data":{"Article":[],"Course":[],"Dataset":[],"FAQPage":[],"Movie":[],"Person":[],"Product":[],"ProductReview":[],"Car":[],"Recipe":[],"Service":[],"SoftwareApplication":[],"WebPage":[]},"graphName":"Article","isEnabled":true},"graphs":[]},"schema_type":null,"schema_type_options":null,"pillar_content":false,"robots_default":true,"robots_noindex":false,"robots_noarchive":false,"robots_nosnippet":false,"robots_nofollow":false,"robots_noimageindex":false,"robots_noodp":false,"robots_notranslate":false,"robots_max_snippet":null,"robots_max_videopreview":null,"robots_max_imagepreview":"large","priority":null,"frequency":null,"local_seo":null,"limit_modified_date":false,"created":"2021-04-21 00:18:32","updated":"2026-08-06 15:46:04","focus_keyword":null,"additional_keywords":null,"truseo_locale":null,"ai":null,"breadcrumb_settings":null,"seo_analyzer_scan_date":null},"aioseo_breadcrumb":"<div class=\"aioseo-breadcrumbs\"><span class=\"aioseo-breadcrumb\">\n\t\t\t<a href=\"https:\/\/www.encontrasantana.com.br\/sobre\" title=\"In\u00edcio\">In\u00edcio<\/a>\n\t\t<\/span><span class=\"aioseo-breadcrumb-separator\">&raquo;<\/span><span class=\"aioseo-breadcrumb\">\n\t\t\t<a href=\"https:\/\/www.encontrasantana.com.br\/sobre\/noticias-em-santana\/\" title=\"Not\u00edcias Santana\">Not\u00edcias Santana<\/a>\n\t\t<\/span><span class=\"aioseo-breadcrumb-separator\">&raquo;<\/span><span class=\"aioseo-breadcrumb\">\n\t\t\tTeatro Alfredo Mesquita ser\u00e1 reaberto este ano em Santana, ap\u00f3s reforma e amplia\u00e7\u00e3o\n\t\t<\/span><\/div>","aioseo_breadcrumb_json":[{"label":"In\u00edcio","link":"https:\/\/www.encontrasantana.com.br\/sobre"},{"label":"Not\u00edcias Santana","link":"https:\/\/www.encontrasantana.com.br\/sobre\/noticias-em-santana\/"},{"label":"Teatro Alfredo Mesquita ser\u00e1 reaberto este ano em Santana, ap\u00f3s reforma e amplia\u00e7\u00e3o","link":"https:\/\/www.encontrasantana.com.br\/sobre\/teatro-alfredo-mesquita-sera-reaberto-este-ano-em-santana-apos-reforma-e-ampliacao\/"}],"_links":{"self":[{"href":"https:\/\/www.encontrasantana.com.br\/sobre\/wp-json\/wp\/v2\/posts\/12351","targetHints":{"allow":["GET"]}}],"collection":[{"href":"https:\/\/www.encontrasantana.com.br\/sobre\/wp-json\/wp\/v2\/posts"}],"about":[{"href":"https:\/\/www.encontrasantana.com.br\/sobre\/wp-json\/wp\/v2\/types\/post"}],"author":[{"embeddable":true,"href":"https:\/\/www.encontrasantana.com.br\/sobre\/wp-json\/wp\/v2\/users\/1"}],"replies":[{"embeddable":true,"href":"https:\/\/www.encontrasantana.com.br\/sobre\/wp-json\/wp\/v2\/comments?post=12351"}],"version-history":[{"count":0,"href":"https:\/\/www.encontrasantana.com.br\/sobre\/wp-json\/wp\/v2\/posts\/12351\/revisions"}],"wp:attachment":[{"href":"https:\/\/www.encontrasantana.com.br\/sobre\/wp-json\/wp\/v2\/media?parent=12351"}],"wp:term":[{"taxonomy":"category","embeddable":true,"href":"https:\/\/www.encontrasantana.com.br\/sobre\/wp-json\/wp\/v2\/categories?post=12351"},{"taxonomy":"post_tag","embeddable":true,"href":"https:\/\/www.encontrasantana.com.br\/sobre\/wp-json\/wp\/v2\/tags?post=12351"}],"curies":[{"name":"wp","href":"https:\/\/api.w.org\/{rel}","templated":true}]}}