{"id":12353,"date":"2012-02-24T16:04:22","date_gmt":"2012-02-24T19:04:22","guid":{"rendered":"http:\/\/www.encontrasantana.com.br\/blog\/?p=12353"},"modified":"2019-04-15T10:00:29","modified_gmt":"2019-04-15T13:00:29","slug":"regiao-de-santana-tera-ciclofaixa-de-lazer-a-partir-de-marco","status":"publish","type":"post","link":"https:\/\/www.encontrasantana.com.br\/sobre\/regiao-de-santana-tera-ciclofaixa-de-lazer-a-partir-de-marco\/","title":{"rendered":"Regi\u00e3o de Santana ter\u00e1 Ciclofaixa de Lazer a partir de mar\u00e7o"},"content":{"rendered":"<div class=\"1acf8468e559fd3cbeec5aee3a269a52\" data-index=\"1\" style=\"float: none; margin:0px;\">\n<!-- Anuncio display - global -->\r\n<ins class=\"adsbygoogle\"\r\n     style=\"display:block\"\r\n     data-ad-client=\"ca-pub-8585364105181520\"\r\n     data-ad-slot=\"8789329856\"\r\n     data-ad-format=\"auto\"\r\n     data-full-width-responsive=\"true\"><\/ins>\r\n<script>\r\n     (adsbygoogle = window.adsbygoogle || []).push({});\r\n<\/script>\n<\/div>\n<p>A Secretaria Municipal de Transportes, atrav\u00e9s da Companhia de Engenharia de Tr\u00e1fego (CET), ir\u00e1 inaugurar em mar\u00e7o duas novas Ciclofaixas de Lazer na cidade. Com 6 km de extens\u00e3o (3 Km em cada sentido), a Ciclofaixa de Lazer da Zona Norte tem sua abertura prevista para o dia 4 de mar\u00e7o. Ela vai ligar a Pra\u00e7a Her\u00f3is da F.E.B. ao <a href=\"http:\/\/www.encontrasantana.com.br\/santana\/sesc-santana.shtml\" target=\"_blank\">SESC Santana<\/a>, permitindo acessar tamb\u00e9m o Parque da Juventude.<\/p>\n<p>Em 25 de mar\u00e7o, come\u00e7a a funcionar a Ciclofaixa de Lazer da Zona Leste de SP, com 14 km de extens\u00e3o (7 km em cada sentido). Ela ser\u00e1 implantada ao longo da avenida Gov. Carvalho Pinto onde est\u00e1 situado o Parque Linear Eng\u00ba Werner Zuluaf &#8211; Tiquatira, passando tamb\u00e9m pelas Avenidas Dom H\u00e9lder C\u00e2mara e Calim Eid.<\/p>\n<p>Ambas ser\u00e3o ativadas sempre aos domingos e feriados nacionais, das 7h \u00e0s 16h. As medidas t\u00eam com principal objetivo oferecer uma op\u00e7\u00e3o de lazer saud\u00e1vel \u00e0 popula\u00e7\u00e3o e est\u00e1 sendo viabilizada com o patroc\u00ednio da Bradesco Seguros.<\/p>\n<p>A Prefeitura tamb\u00e9m ir\u00e1 inaugurar em breve a Ciclovia Braz Leme, na Zona Norte. Ela est\u00e1 sendo constru\u00edda ao longo do canteiro central da Av. Braz Leme, desde a Rua Marambaia at\u00e9 a Av. Santos Dumont. O circuito totaliza 6 Km de pistas pr\u00f3prias uni e bidirecionais e vai preservar o passeio atual destinado \u00e0s caminhadas.<\/p>\n<p><strong>Ciclofaixa de Lazer da Zona Norte &#8211; Trajeto<\/strong>:<\/p>\n<p>Avenida Santos Dumont (entre o retorno pr\u00f3ximo\u00a0 \u00e0 Avenida Braz Leme e\u00a0 \u00e0 Avenida General Pedro Leon Schneider);<\/p>\n<p>Avenida General Pedro Leon Schneider &#8211; toda extens\u00e3o;<\/p>\n<p>Avenida General Ataliba Leonel &#8211; entre a Rua Volunt\u00e1rios da P\u00e1tria e a Pra\u00e7a Orlando Silva;<\/p>\n<p>Avenida Luis Dumont Villares &#8211; desde Pra\u00e7a Orlando Silva at\u00e9 Rua Viri.<\/p>\n<p><strong>Altera\u00e7\u00f5es no Sistema Vi\u00e1rio<\/strong>:<\/p>\n<p>Implanta\u00e7\u00e3o de sinaliza\u00e7\u00e3o delimitando a \u00e1rea destinada para a circula\u00e7\u00e3o das bicicletas;<\/p>\n<p>Nas vias que comp\u00f5em o percurso da ciclofaixa, a velocidade m\u00e1xima veicular ser\u00e1 regulamentada em 40\u00a0 km \/ h durante o hor\u00e1rio de funcionamento da ciclofaixa;<\/p>\n<p>Proibi\u00e7\u00e3o de estacionamento na Avenida General Ataliba Leonel, sentido centro, entre a Rua Doutor Zuquim e a Avenida Cruzeiro do Sul, que atualmente \u00e9 v\u00e1lido de segunda-feira\u00a0 a s\u00e1bado, das 6h \u00e0s 10h, passa a valer tamb\u00e9m no domingo, das 6h \u00e0s 16h.<\/p>\n<p><strong>Ciclofaixa de Lazer da Zona Leste &#8211; Trajeto<\/strong>:<\/p>\n<p>Avenida Governador Carvalho Pinto &#8211; toda extens\u00e3o;<\/p>\n<p>Avenida Dom Helder C\u00e2mara &#8211; toda extens\u00e3o;<\/p>\n<p>Avenida Calim Eid &#8211; toda extens\u00e3o.<\/p>\n<p><strong>Altera\u00e7\u00f5es no Sistema Vi\u00e1rio<\/strong>:<\/p>\n<p>Implanta\u00e7\u00e3o de sinaliza\u00e7\u00e3o delimitando a \u00e1rea destinada para a circula\u00e7\u00e3o das bicicletas;<\/p>\n<p>Nas vias que comp\u00f5em o percurso da ciclofaixa a velocidade m\u00e1xima veicular ser\u00e1 regulamentada em 40\u00a0 Km\/h durante o hor\u00e1rio de funcionamento da ciclofaixa;<\/p>\n<p><strong>Recomenda\u00e7\u00f5es ao P\u00fablico<\/strong><\/p>\n<p>Por tratar -se de uma ciclofaixa de lazer a ser utilizada pelo p\u00fablico em geral (adultos, crian\u00e7as e idosos), n\u00e3o se destina \u00e0 pr\u00e1tica de atividades desportivas de ciclismo, devendo ser percorrida em velocidade compat\u00edvel;<\/p>\n<p>\u00c9 proibida a utiliza\u00e7\u00e3o da ciclofaixa por pedestres, patinadores e skatistas;<\/p>\n<p>Respeite a sinaliza\u00e7\u00e3o de tr\u00e2nsito;<\/p>\n<p>N\u00e3o estacione em locais onde haja canaliza\u00e7\u00f5es com cones e cavaletes;<\/p>\n<p>Respeite os monitores, os operadores de tr\u00e1fego e o policiamento.<\/p>\n<p><em>Fonte: Prefeitura de Santana<\/em><\/p>\n\n<div style=\"font-size: 0px; height: 0px; line-height: 0px; margin: 0; padding: 0; clear: both;\"><\/div>","protected":false},"excerpt":{"rendered":"<p>A Secretaria Municipal de Transportes, atrav\u00e9s da Companhia de Engenharia de Tr\u00e1fego (CET), ir\u00e1 inaugurar em mar\u00e7o duas novas Ciclofaixas de Lazer na cidade. Com 6 km de extens\u00e3o (3 Km em cada sentido), a Ciclofaixa de Lazer da Zona Norte tem sua abertura prevista para o dia 4 de mar\u00e7o. Ela vai ligar a Pra\u00e7a Her\u00f3is da F.E.B. ao SESC Santana, permitindo acessar tamb\u00e9m o Parque da Juventude. Em 25 de mar\u00e7o, come\u00e7a a funcionar a Ciclofaixa de Lazer da Zona Leste de SP, com 14 km de extens\u00e3o (7 km em cada sentido). Ela ser\u00e1 implantada ao longo <\/p>\n","protected":false},"author":1,"featured_media":0,"comment_status":"open","ping_status":"closed","sticky":false,"template":"","format":"standard","meta":{"footnotes":""},"categories":[3],"tags":[10],"class_list":["post-12353","post","type-post","status-publish","format-standard","hentry","category-noticias-em-santana","tag-santana"],"aioseo_notices":[],"aioseo_head":"\n\t\t<!-- All in One SEO 5.0.0.1 - aioseo.com -->\n\t<meta name=\"description\" content=\"A Secretaria Municipal de Transportes, atrav\u00e9s da Companhia de Engenharia de Tr\u00e1fego (CET), ir\u00e1 inaugurar em mar\u00e7o duas novas Ciclofaixas de Lazer na cidade. Com 6 km de extens\u00e3o (3 Km em cada sentido), a Ciclofaixa de Lazer da Zona Norte tem sua abertura prevista para o dia 4 de mar\u00e7o. Ela vai ligar a\" \/>\n\t<meta name=\"robots\" content=\"max-image-preview:large\" \/>\n\t<meta name=\"author\" content=\"Encontra Santana\"\/>\n\t<link rel=\"canonical\" href=\"https:\/\/www.encontrasantana.com.br\/sobre\/regiao-de-santana-tera-ciclofaixa-de-lazer-a-partir-de-marco\/\" \/>\n\t<meta name=\"generator\" content=\"All in One SEO (AIOSEO) 5.0.0.1\" \/>\n\t\t<meta property=\"og:locale\" content=\"pt_BR\" \/>\n\t\t<meta property=\"og:site_name\" content=\"Encontra Santana | Not\u00edcias, eventos, informa\u00e7\u00f5es e dicas no bairro de Santana e regi\u00e3o.\" \/>\n\t\t<meta property=\"og:type\" content=\"article\" \/>\n\t\t<meta property=\"og:title\" content=\"Regi\u00e3o de Santana ter\u00e1 Ciclofaixa de Lazer a partir de mar\u00e7o \u00bb Encontra Santana\" \/>\n\t\t<meta property=\"og:description\" content=\"A Secretaria Municipal de Transportes, atrav\u00e9s da Companhia de Engenharia de Tr\u00e1fego (CET), ir\u00e1 inaugurar em mar\u00e7o duas novas Ciclofaixas de Lazer na cidade. Com 6 km de extens\u00e3o (3 Km em cada sentido), a Ciclofaixa de Lazer da Zona Norte tem sua abertura prevista para o dia 4 de mar\u00e7o. Ela vai ligar a\" \/>\n\t\t<meta property=\"og:url\" content=\"https:\/\/www.encontrasantana.com.br\/sobre\/regiao-de-santana-tera-ciclofaixa-de-lazer-a-partir-de-marco\/\" \/>\n\t\t<meta property=\"article:published_time\" content=\"2012-02-24T19:04:22+00:00\" \/>\n\t\t<meta property=\"article:modified_time\" content=\"2019-04-15T13:00:29+00:00\" \/>\n\t\t<meta name=\"twitter:card\" content=\"summary\" \/>\n\t\t<meta name=\"twitter:title\" content=\"Regi\u00e3o de Santana ter\u00e1 Ciclofaixa de Lazer a partir de mar\u00e7o \u00bb Encontra Santana\" \/>\n\t\t<meta name=\"twitter:description\" content=\"A Secretaria Municipal de Transportes, atrav\u00e9s da Companhia de Engenharia de Tr\u00e1fego (CET), ir\u00e1 inaugurar em mar\u00e7o duas novas Ciclofaixas de Lazer na cidade. Com 6 km de extens\u00e3o (3 Km em cada sentido), a Ciclofaixa de Lazer da Zona Norte tem sua abertura prevista para o dia 4 de mar\u00e7o. Ela vai ligar a\" \/>\n\t\t<script type=\"application\/ld+json\" class=\"aioseo-schema\">\n\t\t\t{\"@context\":\"https:\\\/\\\/schema.org\",\"@graph\":[{\"@type\":\"Article\",\"@id\":\"https:\\\/\\\/www.encontrasantana.com.br\\\/sobre\\\/regiao-de-santana-tera-ciclofaixa-de-lazer-a-partir-de-marco\\\/#article\",\"name\":\"Regi\\u00e3o de Santana ter\\u00e1 Ciclofaixa de Lazer a partir de mar\\u00e7o \\u00bb Encontra Santana\",\"headline\":\"Regi\\u00e3o de Santana ter\\u00e1 Ciclofaixa de Lazer a partir de mar\\u00e7o\",\"author\":{\"@id\":\"https:\\\/\\\/www.encontrasantana.com.br\\\/sobre\\\/author\\\/esantana\\\/#author\"},\"publisher\":{\"@id\":\"https:\\\/\\\/www.encontrasantana.com.br\\\/sobre\\\/#organization\"},\"datePublished\":\"2012-02-24T16:04:22-03:00\",\"dateModified\":\"2019-04-15T10:00:29-03:00\",\"inLanguage\":\"pt-BR\",\"mainEntityOfPage\":{\"@id\":\"https:\\\/\\\/www.encontrasantana.com.br\\\/sobre\\\/regiao-de-santana-tera-ciclofaixa-de-lazer-a-partir-de-marco\\\/#webpage\"},\"isPartOf\":{\"@id\":\"https:\\\/\\\/www.encontrasantana.com.br\\\/sobre\\\/regiao-de-santana-tera-ciclofaixa-de-lazer-a-partir-de-marco\\\/#webpage\"},\"articleSection\":\"Not\\u00edcias Santana, Santana\"},{\"@type\":\"BreadcrumbList\",\"@id\":\"https:\\\/\\\/www.encontrasantana.com.br\\\/sobre\\\/regiao-de-santana-tera-ciclofaixa-de-lazer-a-partir-de-marco\\\/#breadcrumblist\",\"itemListElement\":[{\"@type\":\"ListItem\",\"@id\":\"https:\\\/\\\/www.encontrasantana.com.br\\\/sobre#listItem\",\"position\":1,\"name\":\"In\\u00edcio\",\"item\":\"https:\\\/\\\/www.encontrasantana.com.br\\\/sobre\",\"nextItem\":{\"@type\":\"ListItem\",\"@id\":\"https:\\\/\\\/www.encontrasantana.com.br\\\/sobre\\\/noticias-em-santana\\\/#listItem\",\"name\":\"Not\\u00edcias Santana\"}},{\"@type\":\"ListItem\",\"@id\":\"https:\\\/\\\/www.encontrasantana.com.br\\\/sobre\\\/noticias-em-santana\\\/#listItem\",\"position\":2,\"name\":\"Not\\u00edcias Santana\",\"item\":\"https:\\\/\\\/www.encontrasantana.com.br\\\/sobre\\\/noticias-em-santana\\\/\",\"nextItem\":{\"@type\":\"ListItem\",\"@id\":\"https:\\\/\\\/www.encontrasantana.com.br\\\/sobre\\\/regiao-de-santana-tera-ciclofaixa-de-lazer-a-partir-de-marco\\\/#listItem\",\"name\":\"Regi\\u00e3o de Santana ter\\u00e1 Ciclofaixa de Lazer a partir de mar\\u00e7o\"},\"previousItem\":{\"@type\":\"ListItem\",\"@id\":\"https:\\\/\\\/www.encontrasantana.com.br\\\/sobre#listItem\",\"name\":\"In\\u00edcio\"}},{\"@type\":\"ListItem\",\"@id\":\"https:\\\/\\\/www.encontrasantana.com.br\\\/sobre\\\/regiao-de-santana-tera-ciclofaixa-de-lazer-a-partir-de-marco\\\/#listItem\",\"position\":3,\"name\":\"Regi\\u00e3o de Santana ter\\u00e1 Ciclofaixa de Lazer a partir de mar\\u00e7o\",\"previousItem\":{\"@type\":\"ListItem\",\"@id\":\"https:\\\/\\\/www.encontrasantana.com.br\\\/sobre\\\/noticias-em-santana\\\/#listItem\",\"name\":\"Not\\u00edcias Santana\"}}]},{\"@type\":\"Organization\",\"@id\":\"https:\\\/\\\/www.encontrasantana.com.br\\\/sobre\\\/#organization\",\"name\":\"Encontra Santana\",\"description\":\"Not\\u00edcias, eventos, informa\\u00e7\\u00f5es e dicas no bairro de Santana e regi\\u00e3o.\",\"url\":\"https:\\\/\\\/www.encontrasantana.com.br\\\/sobre\\\/\"},{\"@type\":\"Person\",\"@id\":\"https:\\\/\\\/www.encontrasantana.com.br\\\/sobre\\\/author\\\/esantana\\\/#author\",\"url\":\"https:\\\/\\\/www.encontrasantana.com.br\\\/sobre\\\/author\\\/esantana\\\/\",\"name\":\"Encontra Santana\",\"image\":{\"@type\":\"ImageObject\",\"@id\":\"https:\\\/\\\/www.encontrasantana.com.br\\\/sobre\\\/regiao-de-santana-tera-ciclofaixa-de-lazer-a-partir-de-marco\\\/#authorImage\",\"url\":\"https:\\\/\\\/secure.gravatar.com\\\/avatar\\\/0fbed662e37531ae23e68f85f9517b2454e50c1dfebf80eb9b721449ac95e0b9?s=96&d=mm&r=g\",\"width\":96,\"height\":96,\"caption\":\"Encontra Santana\"}},{\"@type\":\"WebPage\",\"@id\":\"https:\\\/\\\/www.encontrasantana.com.br\\\/sobre\\\/regiao-de-santana-tera-ciclofaixa-de-lazer-a-partir-de-marco\\\/#webpage\",\"url\":\"https:\\\/\\\/www.encontrasantana.com.br\\\/sobre\\\/regiao-de-santana-tera-ciclofaixa-de-lazer-a-partir-de-marco\\\/\",\"name\":\"Regi\\u00e3o de Santana ter\\u00e1 Ciclofaixa de Lazer a partir de mar\\u00e7o \\u00bb Encontra Santana\",\"description\":\"A Secretaria Municipal de Transportes, atrav\\u00e9s da Companhia de Engenharia de Tr\\u00e1fego (CET), ir\\u00e1 inaugurar em mar\\u00e7o duas novas Ciclofaixas de Lazer na cidade. Com 6 km de extens\\u00e3o (3 Km em cada sentido), a Ciclofaixa de Lazer da Zona Norte tem sua abertura prevista para o dia 4 de mar\\u00e7o. Ela vai ligar a\",\"inLanguage\":\"pt-BR\",\"isPartOf\":{\"@id\":\"https:\\\/\\\/www.encontrasantana.com.br\\\/sobre\\\/#website\"},\"breadcrumb\":{\"@id\":\"https:\\\/\\\/www.encontrasantana.com.br\\\/sobre\\\/regiao-de-santana-tera-ciclofaixa-de-lazer-a-partir-de-marco\\\/#breadcrumblist\"},\"author\":{\"@id\":\"https:\\\/\\\/www.encontrasantana.com.br\\\/sobre\\\/author\\\/esantana\\\/#author\"},\"creator\":{\"@id\":\"https:\\\/\\\/www.encontrasantana.com.br\\\/sobre\\\/author\\\/esantana\\\/#author\"},\"datePublished\":\"2012-02-24T16:04:22-03:00\",\"dateModified\":\"2019-04-15T10:00:29-03:00\"},{\"@type\":\"WebSite\",\"@id\":\"https:\\\/\\\/www.encontrasantana.com.br\\\/sobre\\\/#website\",\"url\":\"https:\\\/\\\/www.encontrasantana.com.br\\\/sobre\\\/\",\"name\":\"Encontra Santana\",\"description\":\"Not\\u00edcias, eventos, informa\\u00e7\\u00f5es e dicas no bairro de Santana e regi\\u00e3o.\",\"inLanguage\":\"pt-BR\",\"publisher\":{\"@id\":\"https:\\\/\\\/www.encontrasantana.com.br\\\/sobre\\\/#organization\"}}]}\n\t\t<\/script>\n\t\t<!-- All in One SEO -->\n\n","aioseo_head_json":{"title":"Regi\u00e3o de Santana ter\u00e1 Ciclofaixa de Lazer a partir de mar\u00e7o \u00bb Encontra Santana","description":"A Secretaria Municipal de Transportes, atrav\u00e9s da Companhia de Engenharia de Tr\u00e1fego (CET), ir\u00e1 inaugurar em mar\u00e7o duas novas Ciclofaixas de Lazer na cidade. Com 6 km de extens\u00e3o (3 Km em cada sentido), a Ciclofaixa de Lazer da Zona Norte tem sua abertura prevista para o dia 4 de mar\u00e7o. Ela vai ligar a","canonical_url":"https:\/\/www.encontrasantana.com.br\/sobre\/regiao-de-santana-tera-ciclofaixa-de-lazer-a-partir-de-marco\/","robots":"max-image-preview:large","keywords":"","webmasterTools":{"miscellaneous":""},"schema":{"@context":"https:\/\/schema.org","@graph":[{"@type":"Article","@id":"https:\/\/www.encontrasantana.com.br\/sobre\/regiao-de-santana-tera-ciclofaixa-de-lazer-a-partir-de-marco\/#article","name":"Regi\u00e3o de Santana ter\u00e1 Ciclofaixa de Lazer a partir de mar\u00e7o \u00bb Encontra Santana","headline":"Regi\u00e3o de Santana ter\u00e1 Ciclofaixa de Lazer a partir de mar\u00e7o","author":{"@id":"https:\/\/www.encontrasantana.com.br\/sobre\/author\/esantana\/#author"},"publisher":{"@id":"https:\/\/www.encontrasantana.com.br\/sobre\/#organization"},"datePublished":"2012-02-24T16:04:22-03:00","dateModified":"2019-04-15T10:00:29-03:00","inLanguage":"pt-BR","mainEntityOfPage":{"@id":"https:\/\/www.encontrasantana.com.br\/sobre\/regiao-de-santana-tera-ciclofaixa-de-lazer-a-partir-de-marco\/#webpage"},"isPartOf":{"@id":"https:\/\/www.encontrasantana.com.br\/sobre\/regiao-de-santana-tera-ciclofaixa-de-lazer-a-partir-de-marco\/#webpage"},"articleSection":"Not\u00edcias Santana, Santana"},{"@type":"BreadcrumbList","@id":"https:\/\/www.encontrasantana.com.br\/sobre\/regiao-de-santana-tera-ciclofaixa-de-lazer-a-partir-de-marco\/#breadcrumblist","itemListElement":[{"@type":"ListItem","@id":"https:\/\/www.encontrasantana.com.br\/sobre#listItem","position":1,"name":"In\u00edcio","item":"https:\/\/www.encontrasantana.com.br\/sobre","nextItem":{"@type":"ListItem","@id":"https:\/\/www.encontrasantana.com.br\/sobre\/noticias-em-santana\/#listItem","name":"Not\u00edcias Santana"}},{"@type":"ListItem","@id":"https:\/\/www.encontrasantana.com.br\/sobre\/noticias-em-santana\/#listItem","position":2,"name":"Not\u00edcias Santana","item":"https:\/\/www.encontrasantana.com.br\/sobre\/noticias-em-santana\/","nextItem":{"@type":"ListItem","@id":"https:\/\/www.encontrasantana.com.br\/sobre\/regiao-de-santana-tera-ciclofaixa-de-lazer-a-partir-de-marco\/#listItem","name":"Regi\u00e3o de Santana ter\u00e1 Ciclofaixa de Lazer a partir de mar\u00e7o"},"previousItem":{"@type":"ListItem","@id":"https:\/\/www.encontrasantana.com.br\/sobre#listItem","name":"In\u00edcio"}},{"@type":"ListItem","@id":"https:\/\/www.encontrasantana.com.br\/sobre\/regiao-de-santana-tera-ciclofaixa-de-lazer-a-partir-de-marco\/#listItem","position":3,"name":"Regi\u00e3o de Santana ter\u00e1 Ciclofaixa de Lazer a partir de mar\u00e7o","previousItem":{"@type":"ListItem","@id":"https:\/\/www.encontrasantana.com.br\/sobre\/noticias-em-santana\/#listItem","name":"Not\u00edcias Santana"}}]},{"@type":"Organization","@id":"https:\/\/www.encontrasantana.com.br\/sobre\/#organization","name":"Encontra Santana","description":"Not\u00edcias, eventos, informa\u00e7\u00f5es e dicas no bairro de Santana e regi\u00e3o.","url":"https:\/\/www.encontrasantana.com.br\/sobre\/"},{"@type":"Person","@id":"https:\/\/www.encontrasantana.com.br\/sobre\/author\/esantana\/#author","url":"https:\/\/www.encontrasantana.com.br\/sobre\/author\/esantana\/","name":"Encontra Santana","image":{"@type":"ImageObject","@id":"https:\/\/www.encontrasantana.com.br\/sobre\/regiao-de-santana-tera-ciclofaixa-de-lazer-a-partir-de-marco\/#authorImage","url":"https:\/\/secure.gravatar.com\/avatar\/0fbed662e37531ae23e68f85f9517b2454e50c1dfebf80eb9b721449ac95e0b9?s=96&d=mm&r=g","width":96,"height":96,"caption":"Encontra Santana"}},{"@type":"WebPage","@id":"https:\/\/www.encontrasantana.com.br\/sobre\/regiao-de-santana-tera-ciclofaixa-de-lazer-a-partir-de-marco\/#webpage","url":"https:\/\/www.encontrasantana.com.br\/sobre\/regiao-de-santana-tera-ciclofaixa-de-lazer-a-partir-de-marco\/","name":"Regi\u00e3o de Santana ter\u00e1 Ciclofaixa de Lazer a partir de mar\u00e7o \u00bb Encontra Santana","description":"A Secretaria Municipal de Transportes, atrav\u00e9s da Companhia de Engenharia de Tr\u00e1fego (CET), ir\u00e1 inaugurar em mar\u00e7o duas novas Ciclofaixas de Lazer na cidade. Com 6 km de extens\u00e3o (3 Km em cada sentido), a Ciclofaixa de Lazer da Zona Norte tem sua abertura prevista para o dia 4 de mar\u00e7o. Ela vai ligar a","inLanguage":"pt-BR","isPartOf":{"@id":"https:\/\/www.encontrasantana.com.br\/sobre\/#website"},"breadcrumb":{"@id":"https:\/\/www.encontrasantana.com.br\/sobre\/regiao-de-santana-tera-ciclofaixa-de-lazer-a-partir-de-marco\/#breadcrumblist"},"author":{"@id":"https:\/\/www.encontrasantana.com.br\/sobre\/author\/esantana\/#author"},"creator":{"@id":"https:\/\/www.encontrasantana.com.br\/sobre\/author\/esantana\/#author"},"datePublished":"2012-02-24T16:04:22-03:00","dateModified":"2019-04-15T10:00:29-03:00"},{"@type":"WebSite","@id":"https:\/\/www.encontrasantana.com.br\/sobre\/#website","url":"https:\/\/www.encontrasantana.com.br\/sobre\/","name":"Encontra Santana","description":"Not\u00edcias, eventos, informa\u00e7\u00f5es e dicas no bairro de Santana e regi\u00e3o.","inLanguage":"pt-BR","publisher":{"@id":"https:\/\/www.encontrasantana.com.br\/sobre\/#organization"}}]},"og:locale":"pt_BR","og:site_name":"Encontra Santana | Not\u00edcias, eventos, informa\u00e7\u00f5es e dicas no bairro de Santana e regi\u00e3o.","og:type":"article","og:title":"Regi\u00e3o de Santana ter\u00e1 Ciclofaixa de Lazer a partir de mar\u00e7o \u00bb Encontra Santana","og:description":"A Secretaria Municipal de Transportes, atrav\u00e9s da Companhia de Engenharia de Tr\u00e1fego (CET), ir\u00e1 inaugurar em mar\u00e7o duas novas Ciclofaixas de Lazer na cidade. Com 6 km de extens\u00e3o (3 Km em cada sentido), a Ciclofaixa de Lazer da Zona Norte tem sua abertura prevista para o dia 4 de mar\u00e7o. Ela vai ligar a","og:url":"https:\/\/www.encontrasantana.com.br\/sobre\/regiao-de-santana-tera-ciclofaixa-de-lazer-a-partir-de-marco\/","article:published_time":"2012-02-24T19:04:22+00:00","article:modified_time":"2019-04-15T13:00:29+00:00","twitter:card":"summary","twitter:title":"Regi\u00e3o de Santana ter\u00e1 Ciclofaixa de Lazer a partir de mar\u00e7o \u00bb Encontra Santana","twitter:description":"A Secretaria Municipal de Transportes, atrav\u00e9s da Companhia de Engenharia de Tr\u00e1fego (CET), ir\u00e1 inaugurar em mar\u00e7o duas novas Ciclofaixas de Lazer na cidade. Com 6 km de extens\u00e3o (3 Km em cada sentido), a Ciclofaixa de Lazer da Zona Norte tem sua abertura prevista para o dia 4 de mar\u00e7o. Ela vai ligar a"},"aioseo_meta_data":{"post_id":"12353","title":null,"description":null,"keywords":null,"keyphrases":null,"primary_term":null,"canonical_url":null,"og_title":null,"og_description":null,"og_object_type":"default","og_image_type":"default","og_image_url":null,"og_image_width":null,"og_image_height":null,"og_image_custom_url":null,"og_image_custom_fields":null,"og_video":null,"og_custom_url":null,"og_article_section":null,"og_article_tags":null,"twitter_use_og":false,"twitter_card":"default","twitter_image_type":"default","twitter_image_url":null,"twitter_image_custom_url":null,"twitter_image_custom_fields":null,"twitter_title":null,"twitter_description":null,"schema":{"blockGraphs":[],"customGraphs":[],"default":{"data":{"Article":[],"Course":[],"Dataset":[],"FAQPage":[],"Movie":[],"Person":[],"Product":[],"ProductReview":[],"Car":[],"Recipe":[],"Service":[],"SoftwareApplication":[],"WebPage":[]},"graphName":"Article","isEnabled":true},"graphs":[]},"schema_type":null,"schema_type_options":null,"pillar_content":false,"robots_default":true,"robots_noindex":false,"robots_noarchive":false,"robots_nosnippet":false,"robots_nofollow":false,"robots_noimageindex":false,"robots_noodp":false,"robots_notranslate":false,"robots_max_snippet":null,"robots_max_videopreview":null,"robots_max_imagepreview":"large","priority":null,"frequency":null,"local_seo":null,"limit_modified_date":false,"created":"2021-04-21 00:18:32","updated":"2026-08-06 15:46:04","focus_keyword":null,"additional_keywords":null,"truseo_locale":null,"ai":null,"breadcrumb_settings":null,"seo_analyzer_scan_date":null},"aioseo_breadcrumb":"<div class=\"aioseo-breadcrumbs\"><span class=\"aioseo-breadcrumb\">\n\t\t\t<a href=\"https:\/\/www.encontrasantana.com.br\/sobre\" title=\"In\u00edcio\">In\u00edcio<\/a>\n\t\t<\/span><span class=\"aioseo-breadcrumb-separator\">&raquo;<\/span><span class=\"aioseo-breadcrumb\">\n\t\t\t<a href=\"https:\/\/www.encontrasantana.com.br\/sobre\/noticias-em-santana\/\" title=\"Not\u00edcias Santana\">Not\u00edcias Santana<\/a>\n\t\t<\/span><span class=\"aioseo-breadcrumb-separator\">&raquo;<\/span><span class=\"aioseo-breadcrumb\">\n\t\t\tRegi\u00e3o de Santana ter\u00e1 Ciclofaixa de Lazer a partir de mar\u00e7o\n\t\t<\/span><\/div>","aioseo_breadcrumb_json":[{"label":"In\u00edcio","link":"https:\/\/www.encontrasantana.com.br\/sobre"},{"label":"Not\u00edcias Santana","link":"https:\/\/www.encontrasantana.com.br\/sobre\/noticias-em-santana\/"},{"label":"Regi\u00e3o de Santana ter\u00e1 Ciclofaixa de Lazer a partir de mar\u00e7o","link":"https:\/\/www.encontrasantana.com.br\/sobre\/regiao-de-santana-tera-ciclofaixa-de-lazer-a-partir-de-marco\/"}],"_links":{"self":[{"href":"https:\/\/www.encontrasantana.com.br\/sobre\/wp-json\/wp\/v2\/posts\/12353","targetHints":{"allow":["GET"]}}],"collection":[{"href":"https:\/\/www.encontrasantana.com.br\/sobre\/wp-json\/wp\/v2\/posts"}],"about":[{"href":"https:\/\/www.encontrasantana.com.br\/sobre\/wp-json\/wp\/v2\/types\/post"}],"author":[{"embeddable":true,"href":"https:\/\/www.encontrasantana.com.br\/sobre\/wp-json\/wp\/v2\/users\/1"}],"replies":[{"embeddable":true,"href":"https:\/\/www.encontrasantana.com.br\/sobre\/wp-json\/wp\/v2\/comments?post=12353"}],"version-history":[{"count":0,"href":"https:\/\/www.encontrasantana.com.br\/sobre\/wp-json\/wp\/v2\/posts\/12353\/revisions"}],"wp:attachment":[{"href":"https:\/\/www.encontrasantana.com.br\/sobre\/wp-json\/wp\/v2\/media?parent=12353"}],"wp:term":[{"taxonomy":"category","embeddable":true,"href":"https:\/\/www.encontrasantana.com.br\/sobre\/wp-json\/wp\/v2\/categories?post=12353"},{"taxonomy":"post_tag","embeddable":true,"href":"https:\/\/www.encontrasantana.com.br\/sobre\/wp-json\/wp\/v2\/tags?post=12353"}],"curies":[{"name":"wp","href":"https:\/\/api.w.org\/{rel}","templated":true}]}}