{"id":12357,"date":"2012-02-24T16:12:34","date_gmt":"2012-02-24T19:12:34","guid":{"rendered":"http:\/\/www.encontrasantana.com.br\/blog\/?p=12357"},"modified":"2019-04-15T10:00:28","modified_gmt":"2019-04-15T13:00:28","slug":"preso-por-rasgar-notas-no-sambodromo-de-santana-e-solto","status":"publish","type":"post","link":"https:\/\/www.encontrasantana.com.br\/sobre\/preso-por-rasgar-notas-no-sambodromo-de-santana-e-solto\/","title":{"rendered":"Preso por rasgar notas no Samb\u00f3dromo de Santana \u00e9 solto"},"content":{"rendered":"<div class=\"1acf8468e559fd3cbeec5aee3a269a52\" data-index=\"1\" style=\"float: none; margin:0px;\">\n<!-- Anuncio display - global -->\r\n<ins class=\"adsbygoogle\"\r\n     style=\"display:block\"\r\n     data-ad-client=\"ca-pub-8585364105181520\"\r\n     data-ad-slot=\"8789329856\"\r\n     data-ad-format=\"auto\"\r\n     data-full-width-responsive=\"true\"><\/ins>\r\n<script>\r\n     (adsbygoogle = window.adsbygoogle || []).push({});\r\n<\/script>\n<\/div>\n<p>Tiago Tadeu Faria, de 29 anos, preso por rasgar as notas do carnaval 2012, no <a href=\"http:\/\/www.encontrasantana.com.br\/santana\/sambodromo-santana.shtml\" target=\"_blank\">Samb\u00f3dromo de Anhembi<\/a>, na zona norte de S\u00e3o Paulo, foi liberado por volta das 15h30 de hoje. Ele estava no Pres\u00eddio de Trememb\u00e9, no interior do Estado, e foi solto ap\u00f3s pagar fian\u00e7a de R$ 12,5 mil. Segundo a Secretaria de Administra\u00e7\u00e3o Penitenci\u00e1ria (SAP), o alvar\u00e1 de soltura chegou \u00e0 penitenci\u00e1ria no come\u00e7o da tarde de hoje.<\/p>\n<p>Cau\u00ea Santos Ferreira, de 20, preso ap\u00f3s o tumulto, permanece preso em Trememb\u00e9. Ele tamb\u00e9m teve a fian\u00e7a fixada em R$ 12,5 mil. A SAP disse que n\u00e3o recebeu o alvar\u00e1 de soltura dele. A Pol\u00edcia Civil indiciou ainda o diretor de carnaval da Camisa Verde e Branco, Alexandre Salom\u00e3o. Ele responder\u00e1 em liberdade por supress\u00e3o de documentos e dano ao patrim\u00f4nio p\u00fablico. Outros oito integrantes de escolas de samba devem ser ouvidos at\u00e9 segunda-feira.<\/p>\n<p><em>Fonte: Ag\u00eancia Estado<\/em><\/p>\n\n<div style=\"font-size: 0px; height: 0px; line-height: 0px; margin: 0; padding: 0; clear: both;\"><\/div>","protected":false},"excerpt":{"rendered":"<p>Tiago Tadeu Faria, de 29 anos, preso por rasgar as notas do carnaval 2012, no Samb\u00f3dromo de Anhembi, na zona norte de S\u00e3o Paulo, foi liberado por volta das 15h30 de hoje. Ele estava no Pres\u00eddio de Trememb\u00e9, no interior do Estado, e foi solto ap\u00f3s pagar fian\u00e7a de R$ 12,5 mil. Segundo a Secretaria de Administra\u00e7\u00e3o Penitenci\u00e1ria (SAP), o alvar\u00e1 de soltura chegou \u00e0 penitenci\u00e1ria no come\u00e7o da tarde de hoje. Cau\u00ea Santos Ferreira, de 20, preso ap\u00f3s o tumulto, permanece preso em Trememb\u00e9. Ele tamb\u00e9m teve a fian\u00e7a fixada em R$ 12,5 mil. A SAP disse que n\u00e3o <\/p>\n","protected":false},"author":1,"featured_media":0,"comment_status":"open","ping_status":"closed","sticky":false,"template":"","format":"standard","meta":{"footnotes":""},"categories":[3],"tags":[10],"class_list":["post-12357","post","type-post","status-publish","format-standard","hentry","category-noticias-em-santana","tag-santana"],"aioseo_notices":[],"aioseo_head":"\n\t\t<!-- All in One SEO 5.0.0.1 - aioseo.com -->\n\t<meta name=\"description\" content=\"Tiago Tadeu Faria, de 29 anos, preso por rasgar as notas do carnaval 2012, no Samb\u00f3dromo de Anhembi, na zona norte de S\u00e3o Paulo, foi liberado por volta das 15h30 de hoje. Ele estava no Pres\u00eddio de Trememb\u00e9, no interior do Estado, e foi solto ap\u00f3s pagar fian\u00e7a de R$ 12,5 mil. Segundo a Secretaria\" \/>\n\t<meta name=\"robots\" content=\"max-image-preview:large\" \/>\n\t<meta name=\"author\" content=\"Encontra Santana\"\/>\n\t<link rel=\"canonical\" href=\"https:\/\/www.encontrasantana.com.br\/sobre\/preso-por-rasgar-notas-no-sambodromo-de-santana-e-solto\/\" \/>\n\t<meta name=\"generator\" content=\"All in One SEO (AIOSEO) 5.0.0.1\" \/>\n\t\t<meta property=\"og:locale\" content=\"pt_BR\" \/>\n\t\t<meta property=\"og:site_name\" content=\"Encontra Santana | Not\u00edcias, eventos, informa\u00e7\u00f5es e dicas no bairro de Santana e regi\u00e3o.\" \/>\n\t\t<meta property=\"og:type\" content=\"article\" \/>\n\t\t<meta property=\"og:title\" content=\"Preso por rasgar notas no Samb\u00f3dromo de Santana \u00e9 solto \u00bb Encontra Santana\" \/>\n\t\t<meta property=\"og:description\" content=\"Tiago Tadeu Faria, de 29 anos, preso por rasgar as notas do carnaval 2012, no Samb\u00f3dromo de Anhembi, na zona norte de S\u00e3o Paulo, foi liberado por volta das 15h30 de hoje. Ele estava no Pres\u00eddio de Trememb\u00e9, no interior do Estado, e foi solto ap\u00f3s pagar fian\u00e7a de R$ 12,5 mil. Segundo a Secretaria\" \/>\n\t\t<meta property=\"og:url\" content=\"https:\/\/www.encontrasantana.com.br\/sobre\/preso-por-rasgar-notas-no-sambodromo-de-santana-e-solto\/\" \/>\n\t\t<meta property=\"article:published_time\" content=\"2012-02-24T19:12:34+00:00\" \/>\n\t\t<meta property=\"article:modified_time\" content=\"2019-04-15T13:00:28+00:00\" \/>\n\t\t<meta name=\"twitter:card\" content=\"summary\" \/>\n\t\t<meta name=\"twitter:title\" content=\"Preso por rasgar notas no Samb\u00f3dromo de Santana \u00e9 solto \u00bb Encontra Santana\" \/>\n\t\t<meta name=\"twitter:description\" content=\"Tiago Tadeu Faria, de 29 anos, preso por rasgar as notas do carnaval 2012, no Samb\u00f3dromo de Anhembi, na zona norte de S\u00e3o Paulo, foi liberado por volta das 15h30 de hoje. Ele estava no Pres\u00eddio de Trememb\u00e9, no interior do Estado, e foi solto ap\u00f3s pagar fian\u00e7a de R$ 12,5 mil. Segundo a Secretaria\" \/>\n\t\t<script type=\"application\/ld+json\" class=\"aioseo-schema\">\n\t\t\t{\"@context\":\"https:\\\/\\\/schema.org\",\"@graph\":[{\"@type\":\"Article\",\"@id\":\"https:\\\/\\\/www.encontrasantana.com.br\\\/sobre\\\/preso-por-rasgar-notas-no-sambodromo-de-santana-e-solto\\\/#article\",\"name\":\"Preso por rasgar notas no Samb\\u00f3dromo de Santana \\u00e9 solto \\u00bb Encontra Santana\",\"headline\":\"Preso por rasgar notas no Samb\\u00f3dromo de Santana \\u00e9 solto\",\"author\":{\"@id\":\"https:\\\/\\\/www.encontrasantana.com.br\\\/sobre\\\/author\\\/esantana\\\/#author\"},\"publisher\":{\"@id\":\"https:\\\/\\\/www.encontrasantana.com.br\\\/sobre\\\/#organization\"},\"datePublished\":\"2012-02-24T16:12:34-03:00\",\"dateModified\":\"2019-04-15T10:00:28-03:00\",\"inLanguage\":\"pt-BR\",\"mainEntityOfPage\":{\"@id\":\"https:\\\/\\\/www.encontrasantana.com.br\\\/sobre\\\/preso-por-rasgar-notas-no-sambodromo-de-santana-e-solto\\\/#webpage\"},\"isPartOf\":{\"@id\":\"https:\\\/\\\/www.encontrasantana.com.br\\\/sobre\\\/preso-por-rasgar-notas-no-sambodromo-de-santana-e-solto\\\/#webpage\"},\"articleSection\":\"Not\\u00edcias Santana, Santana\"},{\"@type\":\"BreadcrumbList\",\"@id\":\"https:\\\/\\\/www.encontrasantana.com.br\\\/sobre\\\/preso-por-rasgar-notas-no-sambodromo-de-santana-e-solto\\\/#breadcrumblist\",\"itemListElement\":[{\"@type\":\"ListItem\",\"@id\":\"https:\\\/\\\/www.encontrasantana.com.br\\\/sobre#listItem\",\"position\":1,\"name\":\"In\\u00edcio\",\"item\":\"https:\\\/\\\/www.encontrasantana.com.br\\\/sobre\",\"nextItem\":{\"@type\":\"ListItem\",\"@id\":\"https:\\\/\\\/www.encontrasantana.com.br\\\/sobre\\\/noticias-em-santana\\\/#listItem\",\"name\":\"Not\\u00edcias Santana\"}},{\"@type\":\"ListItem\",\"@id\":\"https:\\\/\\\/www.encontrasantana.com.br\\\/sobre\\\/noticias-em-santana\\\/#listItem\",\"position\":2,\"name\":\"Not\\u00edcias Santana\",\"item\":\"https:\\\/\\\/www.encontrasantana.com.br\\\/sobre\\\/noticias-em-santana\\\/\",\"nextItem\":{\"@type\":\"ListItem\",\"@id\":\"https:\\\/\\\/www.encontrasantana.com.br\\\/sobre\\\/preso-por-rasgar-notas-no-sambodromo-de-santana-e-solto\\\/#listItem\",\"name\":\"Preso por rasgar notas no Samb\\u00f3dromo de Santana \\u00e9 solto\"},\"previousItem\":{\"@type\":\"ListItem\",\"@id\":\"https:\\\/\\\/www.encontrasantana.com.br\\\/sobre#listItem\",\"name\":\"In\\u00edcio\"}},{\"@type\":\"ListItem\",\"@id\":\"https:\\\/\\\/www.encontrasantana.com.br\\\/sobre\\\/preso-por-rasgar-notas-no-sambodromo-de-santana-e-solto\\\/#listItem\",\"position\":3,\"name\":\"Preso por rasgar notas no Samb\\u00f3dromo de Santana \\u00e9 solto\",\"previousItem\":{\"@type\":\"ListItem\",\"@id\":\"https:\\\/\\\/www.encontrasantana.com.br\\\/sobre\\\/noticias-em-santana\\\/#listItem\",\"name\":\"Not\\u00edcias Santana\"}}]},{\"@type\":\"Organization\",\"@id\":\"https:\\\/\\\/www.encontrasantana.com.br\\\/sobre\\\/#organization\",\"name\":\"Encontra Santana\",\"description\":\"Not\\u00edcias, eventos, informa\\u00e7\\u00f5es e dicas no bairro de Santana e regi\\u00e3o.\",\"url\":\"https:\\\/\\\/www.encontrasantana.com.br\\\/sobre\\\/\"},{\"@type\":\"Person\",\"@id\":\"https:\\\/\\\/www.encontrasantana.com.br\\\/sobre\\\/author\\\/esantana\\\/#author\",\"url\":\"https:\\\/\\\/www.encontrasantana.com.br\\\/sobre\\\/author\\\/esantana\\\/\",\"name\":\"Encontra Santana\",\"image\":{\"@type\":\"ImageObject\",\"@id\":\"https:\\\/\\\/www.encontrasantana.com.br\\\/sobre\\\/preso-por-rasgar-notas-no-sambodromo-de-santana-e-solto\\\/#authorImage\",\"url\":\"https:\\\/\\\/secure.gravatar.com\\\/avatar\\\/0fbed662e37531ae23e68f85f9517b2454e50c1dfebf80eb9b721449ac95e0b9?s=96&d=mm&r=g\",\"width\":96,\"height\":96,\"caption\":\"Encontra Santana\"}},{\"@type\":\"WebPage\",\"@id\":\"https:\\\/\\\/www.encontrasantana.com.br\\\/sobre\\\/preso-por-rasgar-notas-no-sambodromo-de-santana-e-solto\\\/#webpage\",\"url\":\"https:\\\/\\\/www.encontrasantana.com.br\\\/sobre\\\/preso-por-rasgar-notas-no-sambodromo-de-santana-e-solto\\\/\",\"name\":\"Preso por rasgar notas no Samb\\u00f3dromo de Santana \\u00e9 solto \\u00bb Encontra Santana\",\"description\":\"Tiago Tadeu Faria, de 29 anos, preso por rasgar as notas do carnaval 2012, no Samb\\u00f3dromo de Anhembi, na zona norte de S\\u00e3o Paulo, foi liberado por volta das 15h30 de hoje. Ele estava no Pres\\u00eddio de Trememb\\u00e9, no interior do Estado, e foi solto ap\\u00f3s pagar fian\\u00e7a de R$ 12,5 mil. Segundo a Secretaria\",\"inLanguage\":\"pt-BR\",\"isPartOf\":{\"@id\":\"https:\\\/\\\/www.encontrasantana.com.br\\\/sobre\\\/#website\"},\"breadcrumb\":{\"@id\":\"https:\\\/\\\/www.encontrasantana.com.br\\\/sobre\\\/preso-por-rasgar-notas-no-sambodromo-de-santana-e-solto\\\/#breadcrumblist\"},\"author\":{\"@id\":\"https:\\\/\\\/www.encontrasantana.com.br\\\/sobre\\\/author\\\/esantana\\\/#author\"},\"creator\":{\"@id\":\"https:\\\/\\\/www.encontrasantana.com.br\\\/sobre\\\/author\\\/esantana\\\/#author\"},\"datePublished\":\"2012-02-24T16:12:34-03:00\",\"dateModified\":\"2019-04-15T10:00:28-03:00\"},{\"@type\":\"WebSite\",\"@id\":\"https:\\\/\\\/www.encontrasantana.com.br\\\/sobre\\\/#website\",\"url\":\"https:\\\/\\\/www.encontrasantana.com.br\\\/sobre\\\/\",\"name\":\"Encontra Santana\",\"description\":\"Not\\u00edcias, eventos, informa\\u00e7\\u00f5es e dicas no bairro de Santana e regi\\u00e3o.\",\"inLanguage\":\"pt-BR\",\"publisher\":{\"@id\":\"https:\\\/\\\/www.encontrasantana.com.br\\\/sobre\\\/#organization\"}}]}\n\t\t<\/script>\n\t\t<!-- All in One SEO -->\n\n","aioseo_head_json":{"title":"Preso por rasgar notas no Samb\u00f3dromo de Santana \u00e9 solto \u00bb Encontra Santana","description":"Tiago Tadeu Faria, de 29 anos, preso por rasgar as notas do carnaval 2012, no Samb\u00f3dromo de Anhembi, na zona norte de S\u00e3o Paulo, foi liberado por volta das 15h30 de hoje. Ele estava no Pres\u00eddio de Trememb\u00e9, no interior do Estado, e foi solto ap\u00f3s pagar fian\u00e7a de R$ 12,5 mil. Segundo a Secretaria","canonical_url":"https:\/\/www.encontrasantana.com.br\/sobre\/preso-por-rasgar-notas-no-sambodromo-de-santana-e-solto\/","robots":"max-image-preview:large","keywords":"","webmasterTools":{"miscellaneous":""},"schema":{"@context":"https:\/\/schema.org","@graph":[{"@type":"Article","@id":"https:\/\/www.encontrasantana.com.br\/sobre\/preso-por-rasgar-notas-no-sambodromo-de-santana-e-solto\/#article","name":"Preso por rasgar notas no Samb\u00f3dromo de Santana \u00e9 solto \u00bb Encontra Santana","headline":"Preso por rasgar notas no Samb\u00f3dromo de Santana \u00e9 solto","author":{"@id":"https:\/\/www.encontrasantana.com.br\/sobre\/author\/esantana\/#author"},"publisher":{"@id":"https:\/\/www.encontrasantana.com.br\/sobre\/#organization"},"datePublished":"2012-02-24T16:12:34-03:00","dateModified":"2019-04-15T10:00:28-03:00","inLanguage":"pt-BR","mainEntityOfPage":{"@id":"https:\/\/www.encontrasantana.com.br\/sobre\/preso-por-rasgar-notas-no-sambodromo-de-santana-e-solto\/#webpage"},"isPartOf":{"@id":"https:\/\/www.encontrasantana.com.br\/sobre\/preso-por-rasgar-notas-no-sambodromo-de-santana-e-solto\/#webpage"},"articleSection":"Not\u00edcias Santana, Santana"},{"@type":"BreadcrumbList","@id":"https:\/\/www.encontrasantana.com.br\/sobre\/preso-por-rasgar-notas-no-sambodromo-de-santana-e-solto\/#breadcrumblist","itemListElement":[{"@type":"ListItem","@id":"https:\/\/www.encontrasantana.com.br\/sobre#listItem","position":1,"name":"In\u00edcio","item":"https:\/\/www.encontrasantana.com.br\/sobre","nextItem":{"@type":"ListItem","@id":"https:\/\/www.encontrasantana.com.br\/sobre\/noticias-em-santana\/#listItem","name":"Not\u00edcias Santana"}},{"@type":"ListItem","@id":"https:\/\/www.encontrasantana.com.br\/sobre\/noticias-em-santana\/#listItem","position":2,"name":"Not\u00edcias Santana","item":"https:\/\/www.encontrasantana.com.br\/sobre\/noticias-em-santana\/","nextItem":{"@type":"ListItem","@id":"https:\/\/www.encontrasantana.com.br\/sobre\/preso-por-rasgar-notas-no-sambodromo-de-santana-e-solto\/#listItem","name":"Preso por rasgar notas no Samb\u00f3dromo de Santana \u00e9 solto"},"previousItem":{"@type":"ListItem","@id":"https:\/\/www.encontrasantana.com.br\/sobre#listItem","name":"In\u00edcio"}},{"@type":"ListItem","@id":"https:\/\/www.encontrasantana.com.br\/sobre\/preso-por-rasgar-notas-no-sambodromo-de-santana-e-solto\/#listItem","position":3,"name":"Preso por rasgar notas no Samb\u00f3dromo de Santana \u00e9 solto","previousItem":{"@type":"ListItem","@id":"https:\/\/www.encontrasantana.com.br\/sobre\/noticias-em-santana\/#listItem","name":"Not\u00edcias Santana"}}]},{"@type":"Organization","@id":"https:\/\/www.encontrasantana.com.br\/sobre\/#organization","name":"Encontra Santana","description":"Not\u00edcias, eventos, informa\u00e7\u00f5es e dicas no bairro de Santana e regi\u00e3o.","url":"https:\/\/www.encontrasantana.com.br\/sobre\/"},{"@type":"Person","@id":"https:\/\/www.encontrasantana.com.br\/sobre\/author\/esantana\/#author","url":"https:\/\/www.encontrasantana.com.br\/sobre\/author\/esantana\/","name":"Encontra Santana","image":{"@type":"ImageObject","@id":"https:\/\/www.encontrasantana.com.br\/sobre\/preso-por-rasgar-notas-no-sambodromo-de-santana-e-solto\/#authorImage","url":"https:\/\/secure.gravatar.com\/avatar\/0fbed662e37531ae23e68f85f9517b2454e50c1dfebf80eb9b721449ac95e0b9?s=96&d=mm&r=g","width":96,"height":96,"caption":"Encontra Santana"}},{"@type":"WebPage","@id":"https:\/\/www.encontrasantana.com.br\/sobre\/preso-por-rasgar-notas-no-sambodromo-de-santana-e-solto\/#webpage","url":"https:\/\/www.encontrasantana.com.br\/sobre\/preso-por-rasgar-notas-no-sambodromo-de-santana-e-solto\/","name":"Preso por rasgar notas no Samb\u00f3dromo de Santana \u00e9 solto \u00bb Encontra Santana","description":"Tiago Tadeu Faria, de 29 anos, preso por rasgar as notas do carnaval 2012, no Samb\u00f3dromo de Anhembi, na zona norte de S\u00e3o Paulo, foi liberado por volta das 15h30 de hoje. Ele estava no Pres\u00eddio de Trememb\u00e9, no interior do Estado, e foi solto ap\u00f3s pagar fian\u00e7a de R$ 12,5 mil. Segundo a Secretaria","inLanguage":"pt-BR","isPartOf":{"@id":"https:\/\/www.encontrasantana.com.br\/sobre\/#website"},"breadcrumb":{"@id":"https:\/\/www.encontrasantana.com.br\/sobre\/preso-por-rasgar-notas-no-sambodromo-de-santana-e-solto\/#breadcrumblist"},"author":{"@id":"https:\/\/www.encontrasantana.com.br\/sobre\/author\/esantana\/#author"},"creator":{"@id":"https:\/\/www.encontrasantana.com.br\/sobre\/author\/esantana\/#author"},"datePublished":"2012-02-24T16:12:34-03:00","dateModified":"2019-04-15T10:00:28-03:00"},{"@type":"WebSite","@id":"https:\/\/www.encontrasantana.com.br\/sobre\/#website","url":"https:\/\/www.encontrasantana.com.br\/sobre\/","name":"Encontra Santana","description":"Not\u00edcias, eventos, informa\u00e7\u00f5es e dicas no bairro de Santana e regi\u00e3o.","inLanguage":"pt-BR","publisher":{"@id":"https:\/\/www.encontrasantana.com.br\/sobre\/#organization"}}]},"og:locale":"pt_BR","og:site_name":"Encontra Santana | Not\u00edcias, eventos, informa\u00e7\u00f5es e dicas no bairro de Santana e regi\u00e3o.","og:type":"article","og:title":"Preso por rasgar notas no Samb\u00f3dromo de Santana \u00e9 solto \u00bb Encontra Santana","og:description":"Tiago Tadeu Faria, de 29 anos, preso por rasgar as notas do carnaval 2012, no Samb\u00f3dromo de Anhembi, na zona norte de S\u00e3o Paulo, foi liberado por volta das 15h30 de hoje. Ele estava no Pres\u00eddio de Trememb\u00e9, no interior do Estado, e foi solto ap\u00f3s pagar fian\u00e7a de R$ 12,5 mil. Segundo a Secretaria","og:url":"https:\/\/www.encontrasantana.com.br\/sobre\/preso-por-rasgar-notas-no-sambodromo-de-santana-e-solto\/","article:published_time":"2012-02-24T19:12:34+00:00","article:modified_time":"2019-04-15T13:00:28+00:00","twitter:card":"summary","twitter:title":"Preso por rasgar notas no Samb\u00f3dromo de Santana \u00e9 solto \u00bb Encontra Santana","twitter:description":"Tiago Tadeu Faria, de 29 anos, preso por rasgar as notas do carnaval 2012, no Samb\u00f3dromo de Anhembi, na zona norte de S\u00e3o Paulo, foi liberado por volta das 15h30 de hoje. Ele estava no Pres\u00eddio de Trememb\u00e9, no interior do Estado, e foi solto ap\u00f3s pagar fian\u00e7a de R$ 12,5 mil. Segundo a Secretaria"},"aioseo_meta_data":{"post_id":"12357","title":null,"description":null,"keywords":null,"keyphrases":null,"primary_term":null,"canonical_url":null,"og_title":null,"og_description":null,"og_object_type":"default","og_image_type":"default","og_image_url":null,"og_image_width":null,"og_image_height":null,"og_image_custom_url":null,"og_image_custom_fields":null,"og_video":null,"og_custom_url":null,"og_article_section":null,"og_article_tags":null,"twitter_use_og":false,"twitter_card":"default","twitter_image_type":"default","twitter_image_url":null,"twitter_image_custom_url":null,"twitter_image_custom_fields":null,"twitter_title":null,"twitter_description":null,"schema":{"blockGraphs":[],"customGraphs":[],"default":{"data":{"Article":[],"Course":[],"Dataset":[],"FAQPage":[],"Movie":[],"Person":[],"Product":[],"ProductReview":[],"Car":[],"Recipe":[],"Service":[],"SoftwareApplication":[],"WebPage":[]},"graphName":"Article","isEnabled":true},"graphs":[]},"schema_type":null,"schema_type_options":null,"pillar_content":false,"robots_default":true,"robots_noindex":false,"robots_noarchive":false,"robots_nosnippet":false,"robots_nofollow":false,"robots_noimageindex":false,"robots_noodp":false,"robots_notranslate":false,"robots_max_snippet":null,"robots_max_videopreview":null,"robots_max_imagepreview":"large","priority":null,"frequency":null,"local_seo":null,"limit_modified_date":false,"created":"2021-04-21 00:18:32","updated":"2026-08-06 15:46:04","focus_keyword":null,"additional_keywords":null,"truseo_locale":null,"ai":null,"breadcrumb_settings":null,"seo_analyzer_scan_date":null},"aioseo_breadcrumb":"<div class=\"aioseo-breadcrumbs\"><span class=\"aioseo-breadcrumb\">\n\t\t\t<a href=\"https:\/\/www.encontrasantana.com.br\/sobre\" title=\"In\u00edcio\">In\u00edcio<\/a>\n\t\t<\/span><span class=\"aioseo-breadcrumb-separator\">&raquo;<\/span><span class=\"aioseo-breadcrumb\">\n\t\t\t<a href=\"https:\/\/www.encontrasantana.com.br\/sobre\/noticias-em-santana\/\" title=\"Not\u00edcias Santana\">Not\u00edcias Santana<\/a>\n\t\t<\/span><span class=\"aioseo-breadcrumb-separator\">&raquo;<\/span><span class=\"aioseo-breadcrumb\">\n\t\t\tPreso por rasgar notas no Samb\u00f3dromo de Santana \u00e9 solto\n\t\t<\/span><\/div>","aioseo_breadcrumb_json":[{"label":"In\u00edcio","link":"https:\/\/www.encontrasantana.com.br\/sobre"},{"label":"Not\u00edcias Santana","link":"https:\/\/www.encontrasantana.com.br\/sobre\/noticias-em-santana\/"},{"label":"Preso por rasgar notas no Samb\u00f3dromo de Santana \u00e9 solto","link":"https:\/\/www.encontrasantana.com.br\/sobre\/preso-por-rasgar-notas-no-sambodromo-de-santana-e-solto\/"}],"_links":{"self":[{"href":"https:\/\/www.encontrasantana.com.br\/sobre\/wp-json\/wp\/v2\/posts\/12357","targetHints":{"allow":["GET"]}}],"collection":[{"href":"https:\/\/www.encontrasantana.com.br\/sobre\/wp-json\/wp\/v2\/posts"}],"about":[{"href":"https:\/\/www.encontrasantana.com.br\/sobre\/wp-json\/wp\/v2\/types\/post"}],"author":[{"embeddable":true,"href":"https:\/\/www.encontrasantana.com.br\/sobre\/wp-json\/wp\/v2\/users\/1"}],"replies":[{"embeddable":true,"href":"https:\/\/www.encontrasantana.com.br\/sobre\/wp-json\/wp\/v2\/comments?post=12357"}],"version-history":[{"count":0,"href":"https:\/\/www.encontrasantana.com.br\/sobre\/wp-json\/wp\/v2\/posts\/12357\/revisions"}],"wp:attachment":[{"href":"https:\/\/www.encontrasantana.com.br\/sobre\/wp-json\/wp\/v2\/media?parent=12357"}],"wp:term":[{"taxonomy":"category","embeddable":true,"href":"https:\/\/www.encontrasantana.com.br\/sobre\/wp-json\/wp\/v2\/categories?post=12357"},{"taxonomy":"post_tag","embeddable":true,"href":"https:\/\/www.encontrasantana.com.br\/sobre\/wp-json\/wp\/v2\/tags?post=12357"}],"curies":[{"name":"wp","href":"https:\/\/api.w.org\/{rel}","templated":true}]}}