{"id":12359,"date":"2012-02-24T16:15:22","date_gmt":"2012-02-24T19:15:22","guid":{"rendered":"http:\/\/www.encontrasantana.com.br\/blog\/?p=12359"},"modified":"2019-04-15T10:00:28","modified_gmt":"2019-04-15T13:00:28","slug":"gavioes-ira-expulsar-integrantes-que-colocaram-fogo-em-carro-alegorico-no-sambodromo-de-santana","status":"publish","type":"post","link":"https:\/\/www.encontrasantana.com.br\/sobre\/gavioes-ira-expulsar-integrantes-que-colocaram-fogo-em-carro-alegorico-no-sambodromo-de-santana\/","title":{"rendered":"Gavi\u00f5es ir\u00e1 expulsar integrantes que colocaram fogo em carro aleg\u00f3rico no Samb\u00f3dromo de Santana"},"content":{"rendered":"<div class=\"1acf8468e559fd3cbeec5aee3a269a52\" data-index=\"1\" style=\"float: none; margin:0px;\">\n<!-- Anuncio display - global -->\r\n<ins class=\"adsbygoogle\"\r\n     style=\"display:block\"\r\n     data-ad-client=\"ca-pub-8585364105181520\"\r\n     data-ad-slot=\"8789329856\"\r\n     data-ad-format=\"auto\"\r\n     data-full-width-responsive=\"true\"><\/ins>\r\n<script>\r\n     (adsbygoogle = window.adsbygoogle || []).push({});\r\n<\/script>\n<\/div>\n<p>O advogado da\u00a0Gavi\u00f5es da Fiel, Davi Gebara Neto, disse na tarde desta sexta-feira (24) que a escola ir\u00e1 expulsar os integrantes que colocaram fogo em uma alegoria da P\u00e9rola Negra na dispers\u00e3o do <a href=\"http:\/\/www.encontrasantana.com.br\/santana\/sambodromo-santana.shtml\" target=\"_blank\">Samb\u00f3dromo do Anhembi<\/a>, depois da confus\u00e3o durante a abertura das notas do Grupo Especial, nesta ter\u00e7a-feira (21). Eles ainda n\u00e3o foram identificados.<\/p>\n<p>&#8220;O Wagner [da Costa, vice-presidente da Gavi\u00f5es] se comprometeu a tentar localizar quem s\u00e3o as pessoas respons\u00e1veis, trazer os nomes e expuls\u00e1-los. Isso n\u00e3o pode acontecer&#8221;, disse o advogado.<\/p>\n<p>Imagens feitas pela emissora Rede TV mostraram pessoas com camisetas pretas e que acompanham a torcida da Gavi\u00f5es da Fiel atirando objetos em dire\u00e7\u00e3o ao carro aleg\u00f3rico. O delegado Osvaldo Nico Gon\u00e7alves, do Delegacia Especializada em Atendimento ao Turista (Deatur), investiga o caso e tenta identificar os respons\u00e1veis pelo inc\u00eandio.<\/p>\n<p>Neto acompanhou Costa durante depoimento na delegacia que investiga o tumulto. Na sa\u00edda, o vice-presidente da Gavi\u00f5es s\u00f3 explicou por que se dirigiu at\u00e9 a \u00e1rea restrita, onde eram lidas as notas, antes de a confus\u00e3o come\u00e7ar &#8211; a pol\u00edcia investiga se houve uma a\u00e7\u00e3o orquestrada entre dirigentes. &#8220;Como dirigente, queria conversar com os integrantes da Liga. N\u00e3o era cab\u00edvel aquele 8,9\u201d, disse, reclamando sobre uma nota recebida pela escola.<\/p>\n<p><strong>Pagamento do preju\u00edzo<\/strong><br \/>\nNa quarta-feira (23), o presidente da P\u00e9rola, Edilson Casal, compareceu \u00e0 sede da Gavi\u00f5es da Fiel no Bom Retiro, na regi\u00e3o central de S\u00e3o Paulo. Segundo o diretor da P\u00e9rola Jairo Roizen, conversas est\u00e3o sendo mantidas entre as duas diretorias para tentar resolver o imbr\u00f3glio.<\/p>\n<p>&#8220;Queremos que a Gavi\u00f5es fa\u00e7a o ressarcimento ou que a Liga fa\u00e7a isso. A inten\u00e7\u00e3o real \u00e9 que todos sejam punidos. Por enquanto, a \u00fanica escola que est\u00e1 sendo punida \u00e9 a P\u00e9rola Negra, que est\u00e1 sendo rebaixada sem que as notas de dois jurados tenham sido lidas e ainda teve um carro incendiado.&#8221;<\/p>\n<p>A P\u00e9rola Negra afirmou que o inc\u00eandio \u00e9 preju\u00edzo para a escola, apesar do fato de que o carro n\u00e3o ser\u00e1 mais usado em desfiles. Segundo Jairo Roizen, a P\u00e9rola mantinha conversas com a pr\u00f3pria Prefeitura de Itanha\u00e9m, cidade que foi tema do samba-enredo, para vender as esculturas presentes na alegoria. Outra op\u00e7\u00e3o, afirma Jairo, seria vender as esculturas para escolas menores do interior de S\u00e3o Paulo. \u00c9 um procedimento adotado pelas escolas de samba todos os anos para se livrar material que n\u00e3o ser\u00e1 utilizado novamente.<\/p>\n<p><em>Fonte: G1<\/em><\/p>\n\n<div style=\"font-size: 0px; height: 0px; line-height: 0px; margin: 0; padding: 0; clear: both;\"><\/div>","protected":false},"excerpt":{"rendered":"<p>O advogado da\u00a0Gavi\u00f5es da Fiel, Davi Gebara Neto, disse na tarde desta sexta-feira (24) que a escola ir\u00e1 expulsar os integrantes que colocaram fogo em uma alegoria da P\u00e9rola Negra na dispers\u00e3o do Samb\u00f3dromo do Anhembi, depois da confus\u00e3o durante a abertura das notas do Grupo Especial, nesta ter\u00e7a-feira (21). Eles ainda n\u00e3o foram identificados. &#8220;O Wagner  se comprometeu a tentar localizar quem s\u00e3o as pessoas respons\u00e1veis, trazer os nomes e expuls\u00e1-los. Isso n\u00e3o pode acontecer&#8221;, disse o advogado. Imagens feitas pela emissora Rede TV mostraram pessoas com camisetas pretas e que acompanham a torcida <\/p>\n","protected":false},"author":1,"featured_media":0,"comment_status":"open","ping_status":"closed","sticky":false,"template":"","format":"standard","meta":{"footnotes":""},"categories":[3],"tags":[10],"class_list":["post-12359","post","type-post","status-publish","format-standard","hentry","category-noticias-em-santana","tag-santana"],"aioseo_notices":[],"aioseo_head":"\n\t\t<!-- All in One SEO 5.0.0.1 - aioseo.com -->\n\t<meta name=\"description\" content=\"O advogado da Gavi\u00f5es da Fiel, Davi Gebara Neto, disse na tarde desta sexta-feira (24) que a escola ir\u00e1 expulsar os integrantes que colocaram fogo em uma alegoria da P\u00e9rola Negra na dispers\u00e3o do Samb\u00f3dromo do Anhembi, depois da confus\u00e3o durante a abertura das notas do Grupo Especial, nesta ter\u00e7a-feira (21). Eles ainda n\u00e3o foram identificados.\" \/>\n\t<meta name=\"robots\" content=\"max-image-preview:large\" \/>\n\t<meta name=\"author\" content=\"Encontra Santana\"\/>\n\t<link rel=\"canonical\" href=\"https:\/\/www.encontrasantana.com.br\/sobre\/gavioes-ira-expulsar-integrantes-que-colocaram-fogo-em-carro-alegorico-no-sambodromo-de-santana\/\" \/>\n\t<meta name=\"generator\" content=\"All in One SEO (AIOSEO) 5.0.0.1\" \/>\n\t\t<meta property=\"og:locale\" content=\"pt_BR\" \/>\n\t\t<meta property=\"og:site_name\" content=\"Encontra Santana | Not\u00edcias, eventos, informa\u00e7\u00f5es e dicas no bairro de Santana e regi\u00e3o.\" \/>\n\t\t<meta property=\"og:type\" content=\"article\" \/>\n\t\t<meta property=\"og:title\" content=\"Gavi\u00f5es ir\u00e1 expulsar integrantes que colocaram fogo em carro aleg\u00f3rico no Samb\u00f3dromo de Santana \u00bb Encontra Santana\" \/>\n\t\t<meta property=\"og:description\" content=\"O advogado da Gavi\u00f5es da Fiel, Davi Gebara Neto, disse na tarde desta sexta-feira (24) que a escola ir\u00e1 expulsar os integrantes que colocaram fogo em uma alegoria da P\u00e9rola Negra na dispers\u00e3o do Samb\u00f3dromo do Anhembi, depois da confus\u00e3o durante a abertura das notas do Grupo Especial, nesta ter\u00e7a-feira (21). Eles ainda n\u00e3o foram identificados.\" \/>\n\t\t<meta property=\"og:url\" content=\"https:\/\/www.encontrasantana.com.br\/sobre\/gavioes-ira-expulsar-integrantes-que-colocaram-fogo-em-carro-alegorico-no-sambodromo-de-santana\/\" \/>\n\t\t<meta property=\"article:published_time\" content=\"2012-02-24T19:15:22+00:00\" \/>\n\t\t<meta property=\"article:modified_time\" content=\"2019-04-15T13:00:28+00:00\" \/>\n\t\t<meta name=\"twitter:card\" content=\"summary\" \/>\n\t\t<meta name=\"twitter:title\" content=\"Gavi\u00f5es ir\u00e1 expulsar integrantes que colocaram fogo em carro aleg\u00f3rico no Samb\u00f3dromo de Santana \u00bb Encontra Santana\" \/>\n\t\t<meta name=\"twitter:description\" content=\"O advogado da Gavi\u00f5es da Fiel, Davi Gebara Neto, disse na tarde desta sexta-feira (24) que a escola ir\u00e1 expulsar os integrantes que colocaram fogo em uma alegoria da P\u00e9rola Negra na dispers\u00e3o do Samb\u00f3dromo do Anhembi, depois da confus\u00e3o durante a abertura das notas do Grupo Especial, nesta ter\u00e7a-feira (21). Eles ainda n\u00e3o foram identificados.\" \/>\n\t\t<script type=\"application\/ld+json\" class=\"aioseo-schema\">\n\t\t\t{\"@context\":\"https:\\\/\\\/schema.org\",\"@graph\":[{\"@type\":\"Article\",\"@id\":\"https:\\\/\\\/www.encontrasantana.com.br\\\/sobre\\\/gavioes-ira-expulsar-integrantes-que-colocaram-fogo-em-carro-alegorico-no-sambodromo-de-santana\\\/#article\",\"name\":\"Gavi\\u00f5es ir\\u00e1 expulsar integrantes que colocaram fogo em carro aleg\\u00f3rico no Samb\\u00f3dromo de Santana \\u00bb Encontra Santana\",\"headline\":\"Gavi\\u00f5es ir\\u00e1 expulsar integrantes que colocaram fogo em carro aleg\\u00f3rico no Samb\\u00f3dromo de Santana\",\"author\":{\"@id\":\"https:\\\/\\\/www.encontrasantana.com.br\\\/sobre\\\/author\\\/esantana\\\/#author\"},\"publisher\":{\"@id\":\"https:\\\/\\\/www.encontrasantana.com.br\\\/sobre\\\/#organization\"},\"datePublished\":\"2012-02-24T16:15:22-03:00\",\"dateModified\":\"2019-04-15T10:00:28-03:00\",\"inLanguage\":\"pt-BR\",\"mainEntityOfPage\":{\"@id\":\"https:\\\/\\\/www.encontrasantana.com.br\\\/sobre\\\/gavioes-ira-expulsar-integrantes-que-colocaram-fogo-em-carro-alegorico-no-sambodromo-de-santana\\\/#webpage\"},\"isPartOf\":{\"@id\":\"https:\\\/\\\/www.encontrasantana.com.br\\\/sobre\\\/gavioes-ira-expulsar-integrantes-que-colocaram-fogo-em-carro-alegorico-no-sambodromo-de-santana\\\/#webpage\"},\"articleSection\":\"Not\\u00edcias Santana, Santana\"},{\"@type\":\"BreadcrumbList\",\"@id\":\"https:\\\/\\\/www.encontrasantana.com.br\\\/sobre\\\/gavioes-ira-expulsar-integrantes-que-colocaram-fogo-em-carro-alegorico-no-sambodromo-de-santana\\\/#breadcrumblist\",\"itemListElement\":[{\"@type\":\"ListItem\",\"@id\":\"https:\\\/\\\/www.encontrasantana.com.br\\\/sobre#listItem\",\"position\":1,\"name\":\"In\\u00edcio\",\"item\":\"https:\\\/\\\/www.encontrasantana.com.br\\\/sobre\",\"nextItem\":{\"@type\":\"ListItem\",\"@id\":\"https:\\\/\\\/www.encontrasantana.com.br\\\/sobre\\\/noticias-em-santana\\\/#listItem\",\"name\":\"Not\\u00edcias Santana\"}},{\"@type\":\"ListItem\",\"@id\":\"https:\\\/\\\/www.encontrasantana.com.br\\\/sobre\\\/noticias-em-santana\\\/#listItem\",\"position\":2,\"name\":\"Not\\u00edcias Santana\",\"item\":\"https:\\\/\\\/www.encontrasantana.com.br\\\/sobre\\\/noticias-em-santana\\\/\",\"nextItem\":{\"@type\":\"ListItem\",\"@id\":\"https:\\\/\\\/www.encontrasantana.com.br\\\/sobre\\\/gavioes-ira-expulsar-integrantes-que-colocaram-fogo-em-carro-alegorico-no-sambodromo-de-santana\\\/#listItem\",\"name\":\"Gavi\\u00f5es ir\\u00e1 expulsar integrantes que colocaram fogo em carro aleg\\u00f3rico no Samb\\u00f3dromo de Santana\"},\"previousItem\":{\"@type\":\"ListItem\",\"@id\":\"https:\\\/\\\/www.encontrasantana.com.br\\\/sobre#listItem\",\"name\":\"In\\u00edcio\"}},{\"@type\":\"ListItem\",\"@id\":\"https:\\\/\\\/www.encontrasantana.com.br\\\/sobre\\\/gavioes-ira-expulsar-integrantes-que-colocaram-fogo-em-carro-alegorico-no-sambodromo-de-santana\\\/#listItem\",\"position\":3,\"name\":\"Gavi\\u00f5es ir\\u00e1 expulsar integrantes que colocaram fogo em carro aleg\\u00f3rico no Samb\\u00f3dromo de Santana\",\"previousItem\":{\"@type\":\"ListItem\",\"@id\":\"https:\\\/\\\/www.encontrasantana.com.br\\\/sobre\\\/noticias-em-santana\\\/#listItem\",\"name\":\"Not\\u00edcias Santana\"}}]},{\"@type\":\"Organization\",\"@id\":\"https:\\\/\\\/www.encontrasantana.com.br\\\/sobre\\\/#organization\",\"name\":\"Encontra Santana\",\"description\":\"Not\\u00edcias, eventos, informa\\u00e7\\u00f5es e dicas no bairro de Santana e regi\\u00e3o.\",\"url\":\"https:\\\/\\\/www.encontrasantana.com.br\\\/sobre\\\/\"},{\"@type\":\"Person\",\"@id\":\"https:\\\/\\\/www.encontrasantana.com.br\\\/sobre\\\/author\\\/esantana\\\/#author\",\"url\":\"https:\\\/\\\/www.encontrasantana.com.br\\\/sobre\\\/author\\\/esantana\\\/\",\"name\":\"Encontra Santana\",\"image\":{\"@type\":\"ImageObject\",\"@id\":\"https:\\\/\\\/www.encontrasantana.com.br\\\/sobre\\\/gavioes-ira-expulsar-integrantes-que-colocaram-fogo-em-carro-alegorico-no-sambodromo-de-santana\\\/#authorImage\",\"url\":\"https:\\\/\\\/secure.gravatar.com\\\/avatar\\\/0fbed662e37531ae23e68f85f9517b2454e50c1dfebf80eb9b721449ac95e0b9?s=96&d=mm&r=g\",\"width\":96,\"height\":96,\"caption\":\"Encontra Santana\"}},{\"@type\":\"WebPage\",\"@id\":\"https:\\\/\\\/www.encontrasantana.com.br\\\/sobre\\\/gavioes-ira-expulsar-integrantes-que-colocaram-fogo-em-carro-alegorico-no-sambodromo-de-santana\\\/#webpage\",\"url\":\"https:\\\/\\\/www.encontrasantana.com.br\\\/sobre\\\/gavioes-ira-expulsar-integrantes-que-colocaram-fogo-em-carro-alegorico-no-sambodromo-de-santana\\\/\",\"name\":\"Gavi\\u00f5es ir\\u00e1 expulsar integrantes que colocaram fogo em carro aleg\\u00f3rico no Samb\\u00f3dromo de Santana \\u00bb Encontra Santana\",\"description\":\"O advogado da Gavi\\u00f5es da Fiel, Davi Gebara Neto, disse na tarde desta sexta-feira (24) que a escola ir\\u00e1 expulsar os integrantes que colocaram fogo em uma alegoria da P\\u00e9rola Negra na dispers\\u00e3o do Samb\\u00f3dromo do Anhembi, depois da confus\\u00e3o durante a abertura das notas do Grupo Especial, nesta ter\\u00e7a-feira (21). Eles ainda n\\u00e3o foram identificados.\",\"inLanguage\":\"pt-BR\",\"isPartOf\":{\"@id\":\"https:\\\/\\\/www.encontrasantana.com.br\\\/sobre\\\/#website\"},\"breadcrumb\":{\"@id\":\"https:\\\/\\\/www.encontrasantana.com.br\\\/sobre\\\/gavioes-ira-expulsar-integrantes-que-colocaram-fogo-em-carro-alegorico-no-sambodromo-de-santana\\\/#breadcrumblist\"},\"author\":{\"@id\":\"https:\\\/\\\/www.encontrasantana.com.br\\\/sobre\\\/author\\\/esantana\\\/#author\"},\"creator\":{\"@id\":\"https:\\\/\\\/www.encontrasantana.com.br\\\/sobre\\\/author\\\/esantana\\\/#author\"},\"datePublished\":\"2012-02-24T16:15:22-03:00\",\"dateModified\":\"2019-04-15T10:00:28-03:00\"},{\"@type\":\"WebSite\",\"@id\":\"https:\\\/\\\/www.encontrasantana.com.br\\\/sobre\\\/#website\",\"url\":\"https:\\\/\\\/www.encontrasantana.com.br\\\/sobre\\\/\",\"name\":\"Encontra Santana\",\"description\":\"Not\\u00edcias, eventos, informa\\u00e7\\u00f5es e dicas no bairro de Santana e regi\\u00e3o.\",\"inLanguage\":\"pt-BR\",\"publisher\":{\"@id\":\"https:\\\/\\\/www.encontrasantana.com.br\\\/sobre\\\/#organization\"}}]}\n\t\t<\/script>\n\t\t<!-- All in One SEO -->\n\n","aioseo_head_json":{"title":"Gavi\u00f5es ir\u00e1 expulsar integrantes que colocaram fogo em carro aleg\u00f3rico no Samb\u00f3dromo de Santana \u00bb Encontra Santana","description":"O advogado da Gavi\u00f5es da Fiel, Davi Gebara Neto, disse na tarde desta sexta-feira (24) que a escola ir\u00e1 expulsar os integrantes que colocaram fogo em uma alegoria da P\u00e9rola Negra na dispers\u00e3o do Samb\u00f3dromo do Anhembi, depois da confus\u00e3o durante a abertura das notas do Grupo Especial, nesta ter\u00e7a-feira (21). Eles ainda n\u00e3o foram identificados.","canonical_url":"https:\/\/www.encontrasantana.com.br\/sobre\/gavioes-ira-expulsar-integrantes-que-colocaram-fogo-em-carro-alegorico-no-sambodromo-de-santana\/","robots":"max-image-preview:large","keywords":"","webmasterTools":{"miscellaneous":""},"schema":{"@context":"https:\/\/schema.org","@graph":[{"@type":"Article","@id":"https:\/\/www.encontrasantana.com.br\/sobre\/gavioes-ira-expulsar-integrantes-que-colocaram-fogo-em-carro-alegorico-no-sambodromo-de-santana\/#article","name":"Gavi\u00f5es ir\u00e1 expulsar integrantes que colocaram fogo em carro aleg\u00f3rico no Samb\u00f3dromo de Santana \u00bb Encontra Santana","headline":"Gavi\u00f5es ir\u00e1 expulsar integrantes que colocaram fogo em carro aleg\u00f3rico no Samb\u00f3dromo de Santana","author":{"@id":"https:\/\/www.encontrasantana.com.br\/sobre\/author\/esantana\/#author"},"publisher":{"@id":"https:\/\/www.encontrasantana.com.br\/sobre\/#organization"},"datePublished":"2012-02-24T16:15:22-03:00","dateModified":"2019-04-15T10:00:28-03:00","inLanguage":"pt-BR","mainEntityOfPage":{"@id":"https:\/\/www.encontrasantana.com.br\/sobre\/gavioes-ira-expulsar-integrantes-que-colocaram-fogo-em-carro-alegorico-no-sambodromo-de-santana\/#webpage"},"isPartOf":{"@id":"https:\/\/www.encontrasantana.com.br\/sobre\/gavioes-ira-expulsar-integrantes-que-colocaram-fogo-em-carro-alegorico-no-sambodromo-de-santana\/#webpage"},"articleSection":"Not\u00edcias Santana, Santana"},{"@type":"BreadcrumbList","@id":"https:\/\/www.encontrasantana.com.br\/sobre\/gavioes-ira-expulsar-integrantes-que-colocaram-fogo-em-carro-alegorico-no-sambodromo-de-santana\/#breadcrumblist","itemListElement":[{"@type":"ListItem","@id":"https:\/\/www.encontrasantana.com.br\/sobre#listItem","position":1,"name":"In\u00edcio","item":"https:\/\/www.encontrasantana.com.br\/sobre","nextItem":{"@type":"ListItem","@id":"https:\/\/www.encontrasantana.com.br\/sobre\/noticias-em-santana\/#listItem","name":"Not\u00edcias Santana"}},{"@type":"ListItem","@id":"https:\/\/www.encontrasantana.com.br\/sobre\/noticias-em-santana\/#listItem","position":2,"name":"Not\u00edcias Santana","item":"https:\/\/www.encontrasantana.com.br\/sobre\/noticias-em-santana\/","nextItem":{"@type":"ListItem","@id":"https:\/\/www.encontrasantana.com.br\/sobre\/gavioes-ira-expulsar-integrantes-que-colocaram-fogo-em-carro-alegorico-no-sambodromo-de-santana\/#listItem","name":"Gavi\u00f5es ir\u00e1 expulsar integrantes que colocaram fogo em carro aleg\u00f3rico no Samb\u00f3dromo de Santana"},"previousItem":{"@type":"ListItem","@id":"https:\/\/www.encontrasantana.com.br\/sobre#listItem","name":"In\u00edcio"}},{"@type":"ListItem","@id":"https:\/\/www.encontrasantana.com.br\/sobre\/gavioes-ira-expulsar-integrantes-que-colocaram-fogo-em-carro-alegorico-no-sambodromo-de-santana\/#listItem","position":3,"name":"Gavi\u00f5es ir\u00e1 expulsar integrantes que colocaram fogo em carro aleg\u00f3rico no Samb\u00f3dromo de Santana","previousItem":{"@type":"ListItem","@id":"https:\/\/www.encontrasantana.com.br\/sobre\/noticias-em-santana\/#listItem","name":"Not\u00edcias Santana"}}]},{"@type":"Organization","@id":"https:\/\/www.encontrasantana.com.br\/sobre\/#organization","name":"Encontra Santana","description":"Not\u00edcias, eventos, informa\u00e7\u00f5es e dicas no bairro de Santana e regi\u00e3o.","url":"https:\/\/www.encontrasantana.com.br\/sobre\/"},{"@type":"Person","@id":"https:\/\/www.encontrasantana.com.br\/sobre\/author\/esantana\/#author","url":"https:\/\/www.encontrasantana.com.br\/sobre\/author\/esantana\/","name":"Encontra Santana","image":{"@type":"ImageObject","@id":"https:\/\/www.encontrasantana.com.br\/sobre\/gavioes-ira-expulsar-integrantes-que-colocaram-fogo-em-carro-alegorico-no-sambodromo-de-santana\/#authorImage","url":"https:\/\/secure.gravatar.com\/avatar\/0fbed662e37531ae23e68f85f9517b2454e50c1dfebf80eb9b721449ac95e0b9?s=96&d=mm&r=g","width":96,"height":96,"caption":"Encontra Santana"}},{"@type":"WebPage","@id":"https:\/\/www.encontrasantana.com.br\/sobre\/gavioes-ira-expulsar-integrantes-que-colocaram-fogo-em-carro-alegorico-no-sambodromo-de-santana\/#webpage","url":"https:\/\/www.encontrasantana.com.br\/sobre\/gavioes-ira-expulsar-integrantes-que-colocaram-fogo-em-carro-alegorico-no-sambodromo-de-santana\/","name":"Gavi\u00f5es ir\u00e1 expulsar integrantes que colocaram fogo em carro aleg\u00f3rico no Samb\u00f3dromo de Santana \u00bb Encontra Santana","description":"O advogado da Gavi\u00f5es da Fiel, Davi Gebara Neto, disse na tarde desta sexta-feira (24) que a escola ir\u00e1 expulsar os integrantes que colocaram fogo em uma alegoria da P\u00e9rola Negra na dispers\u00e3o do Samb\u00f3dromo do Anhembi, depois da confus\u00e3o durante a abertura das notas do Grupo Especial, nesta ter\u00e7a-feira (21). Eles ainda n\u00e3o foram identificados.","inLanguage":"pt-BR","isPartOf":{"@id":"https:\/\/www.encontrasantana.com.br\/sobre\/#website"},"breadcrumb":{"@id":"https:\/\/www.encontrasantana.com.br\/sobre\/gavioes-ira-expulsar-integrantes-que-colocaram-fogo-em-carro-alegorico-no-sambodromo-de-santana\/#breadcrumblist"},"author":{"@id":"https:\/\/www.encontrasantana.com.br\/sobre\/author\/esantana\/#author"},"creator":{"@id":"https:\/\/www.encontrasantana.com.br\/sobre\/author\/esantana\/#author"},"datePublished":"2012-02-24T16:15:22-03:00","dateModified":"2019-04-15T10:00:28-03:00"},{"@type":"WebSite","@id":"https:\/\/www.encontrasantana.com.br\/sobre\/#website","url":"https:\/\/www.encontrasantana.com.br\/sobre\/","name":"Encontra Santana","description":"Not\u00edcias, eventos, informa\u00e7\u00f5es e dicas no bairro de Santana e regi\u00e3o.","inLanguage":"pt-BR","publisher":{"@id":"https:\/\/www.encontrasantana.com.br\/sobre\/#organization"}}]},"og:locale":"pt_BR","og:site_name":"Encontra Santana | Not\u00edcias, eventos, informa\u00e7\u00f5es e dicas no bairro de Santana e regi\u00e3o.","og:type":"article","og:title":"Gavi\u00f5es ir\u00e1 expulsar integrantes que colocaram fogo em carro aleg\u00f3rico no Samb\u00f3dromo de Santana \u00bb Encontra Santana","og:description":"O advogado da Gavi\u00f5es da Fiel, Davi Gebara Neto, disse na tarde desta sexta-feira (24) que a escola ir\u00e1 expulsar os integrantes que colocaram fogo em uma alegoria da P\u00e9rola Negra na dispers\u00e3o do Samb\u00f3dromo do Anhembi, depois da confus\u00e3o durante a abertura das notas do Grupo Especial, nesta ter\u00e7a-feira (21). Eles ainda n\u00e3o foram identificados.","og:url":"https:\/\/www.encontrasantana.com.br\/sobre\/gavioes-ira-expulsar-integrantes-que-colocaram-fogo-em-carro-alegorico-no-sambodromo-de-santana\/","article:published_time":"2012-02-24T19:15:22+00:00","article:modified_time":"2019-04-15T13:00:28+00:00","twitter:card":"summary","twitter:title":"Gavi\u00f5es ir\u00e1 expulsar integrantes que colocaram fogo em carro aleg\u00f3rico no Samb\u00f3dromo de Santana \u00bb Encontra Santana","twitter:description":"O advogado da Gavi\u00f5es da Fiel, Davi Gebara Neto, disse na tarde desta sexta-feira (24) que a escola ir\u00e1 expulsar os integrantes que colocaram fogo em uma alegoria da P\u00e9rola Negra na dispers\u00e3o do Samb\u00f3dromo do Anhembi, depois da confus\u00e3o durante a abertura das notas do Grupo Especial, nesta ter\u00e7a-feira (21). Eles ainda n\u00e3o foram identificados."},"aioseo_meta_data":{"post_id":"12359","title":null,"description":null,"keywords":null,"keyphrases":null,"primary_term":null,"canonical_url":null,"og_title":null,"og_description":null,"og_object_type":"default","og_image_type":"default","og_image_url":null,"og_image_width":null,"og_image_height":null,"og_image_custom_url":null,"og_image_custom_fields":null,"og_video":null,"og_custom_url":null,"og_article_section":null,"og_article_tags":null,"twitter_use_og":false,"twitter_card":"default","twitter_image_type":"default","twitter_image_url":null,"twitter_image_custom_url":null,"twitter_image_custom_fields":null,"twitter_title":null,"twitter_description":null,"schema":{"blockGraphs":[],"customGraphs":[],"default":{"data":{"Article":[],"Course":[],"Dataset":[],"FAQPage":[],"Movie":[],"Person":[],"Product":[],"ProductReview":[],"Car":[],"Recipe":[],"Service":[],"SoftwareApplication":[],"WebPage":[]},"graphName":"Article","isEnabled":true},"graphs":[]},"schema_type":null,"schema_type_options":null,"pillar_content":false,"robots_default":true,"robots_noindex":false,"robots_noarchive":false,"robots_nosnippet":false,"robots_nofollow":false,"robots_noimageindex":false,"robots_noodp":false,"robots_notranslate":false,"robots_max_snippet":null,"robots_max_videopreview":null,"robots_max_imagepreview":"large","priority":null,"frequency":null,"local_seo":null,"limit_modified_date":false,"created":"2021-04-21 00:18:32","updated":"2026-08-06 15:46:04","focus_keyword":null,"additional_keywords":null,"truseo_locale":null,"ai":null,"breadcrumb_settings":null,"seo_analyzer_scan_date":null},"aioseo_breadcrumb":"<div class=\"aioseo-breadcrumbs\"><span class=\"aioseo-breadcrumb\">\n\t\t\t<a href=\"https:\/\/www.encontrasantana.com.br\/sobre\" title=\"In\u00edcio\">In\u00edcio<\/a>\n\t\t<\/span><span class=\"aioseo-breadcrumb-separator\">&raquo;<\/span><span class=\"aioseo-breadcrumb\">\n\t\t\t<a href=\"https:\/\/www.encontrasantana.com.br\/sobre\/noticias-em-santana\/\" title=\"Not\u00edcias Santana\">Not\u00edcias Santana<\/a>\n\t\t<\/span><span class=\"aioseo-breadcrumb-separator\">&raquo;<\/span><span class=\"aioseo-breadcrumb\">\n\t\t\tGavi\u00f5es ir\u00e1 expulsar integrantes que colocaram fogo em carro aleg\u00f3rico no Samb\u00f3dromo de Santana\n\t\t<\/span><\/div>","aioseo_breadcrumb_json":[{"label":"In\u00edcio","link":"https:\/\/www.encontrasantana.com.br\/sobre"},{"label":"Not\u00edcias Santana","link":"https:\/\/www.encontrasantana.com.br\/sobre\/noticias-em-santana\/"},{"label":"Gavi\u00f5es ir\u00e1 expulsar integrantes que colocaram fogo em carro aleg\u00f3rico no Samb\u00f3dromo de Santana","link":"https:\/\/www.encontrasantana.com.br\/sobre\/gavioes-ira-expulsar-integrantes-que-colocaram-fogo-em-carro-alegorico-no-sambodromo-de-santana\/"}],"_links":{"self":[{"href":"https:\/\/www.encontrasantana.com.br\/sobre\/wp-json\/wp\/v2\/posts\/12359","targetHints":{"allow":["GET"]}}],"collection":[{"href":"https:\/\/www.encontrasantana.com.br\/sobre\/wp-json\/wp\/v2\/posts"}],"about":[{"href":"https:\/\/www.encontrasantana.com.br\/sobre\/wp-json\/wp\/v2\/types\/post"}],"author":[{"embeddable":true,"href":"https:\/\/www.encontrasantana.com.br\/sobre\/wp-json\/wp\/v2\/users\/1"}],"replies":[{"embeddable":true,"href":"https:\/\/www.encontrasantana.com.br\/sobre\/wp-json\/wp\/v2\/comments?post=12359"}],"version-history":[{"count":0,"href":"https:\/\/www.encontrasantana.com.br\/sobre\/wp-json\/wp\/v2\/posts\/12359\/revisions"}],"wp:attachment":[{"href":"https:\/\/www.encontrasantana.com.br\/sobre\/wp-json\/wp\/v2\/media?parent=12359"}],"wp:term":[{"taxonomy":"category","embeddable":true,"href":"https:\/\/www.encontrasantana.com.br\/sobre\/wp-json\/wp\/v2\/categories?post=12359"},{"taxonomy":"post_tag","embeddable":true,"href":"https:\/\/www.encontrasantana.com.br\/sobre\/wp-json\/wp\/v2\/tags?post=12359"}],"curies":[{"name":"wp","href":"https:\/\/api.w.org\/{rel}","templated":true}]}}