{"id":12361,"date":"2012-02-24T16:18:42","date_gmt":"2012-02-24T19:18:42","guid":{"rendered":"http:\/\/www.encontrasantana.com.br\/blog\/?p=12361"},"modified":"2019-04-15T10:00:28","modified_gmt":"2019-04-15T13:00:28","slug":"desfile-das-campeas-acontece-hoje-no-sambodromo-de-santana","status":"publish","type":"post","link":"https:\/\/www.encontrasantana.com.br\/sobre\/desfile-das-campeas-acontece-hoje-no-sambodromo-de-santana\/","title":{"rendered":"Desfile das Campe\u00e3s acontece hoje no Samb\u00f3dromo de Santana"},"content":{"rendered":"<div class=\"1acf8468e559fd3cbeec5aee3a269a52\" data-index=\"1\" style=\"float: none; margin:0px;\">\n<!-- Anuncio display - global -->\r\n<ins class=\"adsbygoogle\"\r\n     style=\"display:block\"\r\n     data-ad-client=\"ca-pub-8585364105181520\"\r\n     data-ad-slot=\"8789329856\"\r\n     data-ad-format=\"auto\"\r\n     data-full-width-responsive=\"true\"><\/ins>\r\n<script>\r\n     (adsbygoogle = window.adsbygoogle || []).push({});\r\n<\/script>\n<\/div>\n<p>As cinco primeiras colocadas do Carnaval de S\u00e3o Paulo fazem na nesta sexta-feira, dia 23, a partir das 22h15, o Desfile das Campe\u00e3s no <a href=\"http:\/\/www.encontrasantana.com.br\/santana\/sambodromo-santana.shtml\" target=\"_blank\">Samb\u00f3dromo do Anhembi<\/a>.<\/p>\n<p>Al\u00e9m das agremia\u00e7\u00f5es do Grupo Especial, tamb\u00e9m se apresentam a Avenida a Nen\u00ea de Vila Matilde e Acad\u00eamicos do Tatuap\u00e9, respectivamente campe\u00e3 e vice-campe\u00e3 do Grupo de Acesso, que abrem a noite.<\/p>\n<p>Na sequ\u00eancia, passam pelo Anhembi as escolas Unidos de Vila Maria, Mancha Verde, Vai-Vai, Rosas de Ouro (segundo lugar). \u00a0A Mocidade Alegre,\u00a0que sagrou-se vencedora ap\u00f3s a confus\u00e3o ocorrida na apura\u00e7\u00e3o do Carnaval\u00a0da capital paulista, fecha os desfiles.<\/p>\n<p>Para que quiser assistir \u00e0s apresenta\u00e7\u00f5es, ainda h\u00e1 ingressos dispon\u00edveis, que podem ser adquiridos pelo site Ingresso F\u00e1cil.<\/p>\n<p><strong>Confira a ordem e hor\u00e1rio dos desfiles:<\/strong><\/p>\n<p>22h15 &#8211; Acad\u00eamicos do Tatuap\u00e9 &#8211; Vice-Campe\u00e3 do Acesso<br \/>\n23h20 &#8211; Nen\u00ea de Vila Matilde &#8211; Campe\u00e3 do Grupo de Acesso<br \/>\n0h25 &#8211; Unidos de Vila Maria &#8211; 5\u00aa colocada Grupo Especial<br \/>\n1h55 &#8211; Mancha Verde &#8211; 4\u00aa colocada Grupo Especial<br \/>\n2h45 &#8211; Vai-Vai &#8211; 3\u00aa colocada Grupo Especial<br \/>\n3h55 &#8211; Rosas de Ouro &#8211; Vice-campe\u00e3 do Grupo Especial<br \/>\n5h05 &#8211; Mocidade Alegre &#8211; 1\u00aa colocada do Grupo Especial &#8211; Campe\u00e3 do Carnaval<\/p>\n<p><em>Fonte: Band.com.br<\/em><\/p>\n\n<div style=\"font-size: 0px; height: 0px; line-height: 0px; margin: 0; padding: 0; clear: both;\"><\/div>","protected":false},"excerpt":{"rendered":"<p>As cinco primeiras colocadas do Carnaval de S\u00e3o Paulo fazem na nesta sexta-feira, dia 23, a partir das 22h15, o Desfile das Campe\u00e3s no Samb\u00f3dromo do Anhembi. Al\u00e9m das agremia\u00e7\u00f5es do Grupo Especial, tamb\u00e9m se apresentam a Avenida a Nen\u00ea de Vila Matilde e Acad\u00eamicos do Tatuap\u00e9, respectivamente campe\u00e3 e vice-campe\u00e3 do Grupo de Acesso, que abrem a noite. Na sequ\u00eancia, passam pelo Anhembi as escolas Unidos de Vila Maria, Mancha Verde, Vai-Vai, Rosas de Ouro (segundo lugar). \u00a0A Mocidade Alegre,\u00a0que sagrou-se vencedora ap\u00f3s a confus\u00e3o ocorrida na apura\u00e7\u00e3o do Carnaval\u00a0da capital paulista, fecha os desfiles. Para que quiser assistir <\/p>\n","protected":false},"author":1,"featured_media":0,"comment_status":"open","ping_status":"closed","sticky":false,"template":"","format":"standard","meta":{"footnotes":""},"categories":[3],"tags":[10],"class_list":["post-12361","post","type-post","status-publish","format-standard","hentry","category-noticias-em-santana","tag-santana"],"aioseo_notices":[],"_links":{"self":[{"href":"https:\/\/www.encontrasantana.com.br\/sobre\/wp-json\/wp\/v2\/posts\/12361"}],"collection":[{"href":"https:\/\/www.encontrasantana.com.br\/sobre\/wp-json\/wp\/v2\/posts"}],"about":[{"href":"https:\/\/www.encontrasantana.com.br\/sobre\/wp-json\/wp\/v2\/types\/post"}],"author":[{"embeddable":true,"href":"https:\/\/www.encontrasantana.com.br\/sobre\/wp-json\/wp\/v2\/users\/1"}],"replies":[{"embeddable":true,"href":"https:\/\/www.encontrasantana.com.br\/sobre\/wp-json\/wp\/v2\/comments?post=12361"}],"version-history":[{"count":0,"href":"https:\/\/www.encontrasantana.com.br\/sobre\/wp-json\/wp\/v2\/posts\/12361\/revisions"}],"wp:attachment":[{"href":"https:\/\/www.encontrasantana.com.br\/sobre\/wp-json\/wp\/v2\/media?parent=12361"}],"wp:term":[{"taxonomy":"category","embeddable":true,"href":"https:\/\/www.encontrasantana.com.br\/sobre\/wp-json\/wp\/v2\/categories?post=12361"},{"taxonomy":"post_tag","embeddable":true,"href":"https:\/\/www.encontrasantana.com.br\/sobre\/wp-json\/wp\/v2\/tags?post=12361"}],"curies":[{"name":"wp","href":"https:\/\/api.w.org\/{rel}","templated":true}]}}