{"id":1238,"date":"2011-08-17T13:37:24","date_gmt":"2011-08-17T16:37:24","guid":{"rendered":"http:\/\/www.encontrasantana.com.br\/blog\/?p=1238"},"modified":"2019-04-15T10:03:06","modified_gmt":"2019-04-15T13:03:06","slug":"projeto-ruas-de-brincar-chega-a-regiao-de-santanatucuruvi","status":"publish","type":"post","link":"https:\/\/www.encontrasantana.com.br\/sobre\/projeto-ruas-de-brincar-chega-a-regiao-de-santanatucuruvi\/","title":{"rendered":"Projeto Ruas de Brincar chega \u00e0 regi\u00e3o de Santana\/Tucuruvi"},"content":{"rendered":"<div class=\"1acf8468e559fd3cbeec5aee3a269a52\" data-index=\"1\" style=\"float: none; margin:0px;\">\n<!-- Anuncio display - global -->\r\n<ins class=\"adsbygoogle\"\r\n     style=\"display:block\"\r\n     data-ad-client=\"ca-pub-8585364105181520\"\r\n     data-ad-slot=\"8789329856\"\r\n     data-ad-format=\"auto\"\r\n     data-full-width-responsive=\"true\"><\/ins>\r\n<script>\r\n     (adsbygoogle = window.adsbygoogle || []).push({});\r\n<\/script>\n<\/div>\n<p>A Secretaria Municipal de Esportes, Lazer e Recrea\u00e7\u00e3o em conjunto com a Supervis\u00e3o de Esportes da <a href=\"http:\/\/www.encontrasantana.com.br\/santana\/subprefeitura-santana.shtml\" target=\"_blank\">Subprefeitura Santana\/Tucuruvi<\/a>, realizam no domingo (21), das 11h \u00e0s 17h, o Projeto Ruas de Brincar na pra\u00e7a Levem Vampr\u00e9, no Jardim Leonor Mendes de Barros.<\/p>\n<p>Iniciado em 2010 o programa tem como objetivo incentivar as a\u00e7\u00f5es desenvolvidas no Programa Ruas de lazer (programa desenvolvido para levar brincadeiras \u00e0s ruas da cidade) e despertar a criatividade. Durante o dia, atividades esportivas, recreativas e s\u00f3cio-culturais, ser\u00e3o abertas \u00e0 popula\u00e7\u00e3o.<\/p>\n<p>As instala\u00e7\u00f5es ter\u00e3o brinquedos infl\u00e1veis (futebol, chute a gol, basquete, v\u00f4lei), cama el\u00e1stica, piscina de bolinhas, brinquedos e brincadeiras tradicionais (corda, pi\u00e3o, perna de pau, entre outros). As atividades ter\u00e3o como p\u00fablico alvo crian\u00e7as e adolescentes, que ser\u00e3o organizadas e orientadas por monitores.<\/p>\n<p>O Projeto Ruas de Brincar prev\u00ea a\u00e7\u00f5es entre os meses de janeiro a dezembro, sempre aos domingos em pra\u00e7as ou ruas da cidade. Participe, traga seus filhos.<\/p>\n<p><strong>Servi\u00e7o<\/strong><\/p>\n<p>Projeto Ruas de Brincar na regi\u00e3o do Santana\/Tucuruvi<br \/>\nData:\u00a021 de agosto<br \/>\nHor\u00e1rio:\u00a011h \u00e0s 17h<br \/>\nLocal:\u00a0Pra\u00e7a Levem Vampr\u00e9, Jardim Leonor Mendes de Barros<br \/>\nGr\u00e1tis<\/p>\n<p><em>Fonte: Prefeitura de S\u00e3o Paulo<\/em><\/p>\n\n<div style=\"font-size: 0px; height: 0px; line-height: 0px; margin: 0; padding: 0; clear: both;\"><\/div>","protected":false},"excerpt":{"rendered":"<p>A Secretaria Municipal de Esportes, Lazer e Recrea\u00e7\u00e3o em conjunto com a Supervis\u00e3o de Esportes da Subprefeitura Santana\/Tucuruvi, realizam no domingo (21), das 11h \u00e0s 17h, o Projeto Ruas de Brincar na pra\u00e7a Levem Vampr\u00e9, no Jardim Leonor Mendes de Barros. Iniciado em 2010 o programa tem como objetivo incentivar as a\u00e7\u00f5es desenvolvidas no Programa Ruas de lazer (programa desenvolvido para levar brincadeiras \u00e0s ruas da cidade) e despertar a criatividade. Durante o dia, atividades esportivas, recreativas e s\u00f3cio-culturais, ser\u00e3o abertas \u00e0 popula\u00e7\u00e3o. As instala\u00e7\u00f5es ter\u00e3o brinquedos infl\u00e1veis (futebol, chute a gol, basquete, v\u00f4lei), cama el\u00e1stica, piscina de bolinhas, brinquedos <\/p>\n","protected":false},"author":1,"featured_media":0,"comment_status":"open","ping_status":"closed","sticky":false,"template":"","format":"standard","meta":{"footnotes":""},"categories":[3],"tags":[10],"class_list":["post-1238","post","type-post","status-publish","format-standard","hentry","category-noticias-em-santana","tag-santana"],"aioseo_notices":[],"_links":{"self":[{"href":"https:\/\/www.encontrasantana.com.br\/sobre\/wp-json\/wp\/v2\/posts\/1238"}],"collection":[{"href":"https:\/\/www.encontrasantana.com.br\/sobre\/wp-json\/wp\/v2\/posts"}],"about":[{"href":"https:\/\/www.encontrasantana.com.br\/sobre\/wp-json\/wp\/v2\/types\/post"}],"author":[{"embeddable":true,"href":"https:\/\/www.encontrasantana.com.br\/sobre\/wp-json\/wp\/v2\/users\/1"}],"replies":[{"embeddable":true,"href":"https:\/\/www.encontrasantana.com.br\/sobre\/wp-json\/wp\/v2\/comments?post=1238"}],"version-history":[{"count":0,"href":"https:\/\/www.encontrasantana.com.br\/sobre\/wp-json\/wp\/v2\/posts\/1238\/revisions"}],"wp:attachment":[{"href":"https:\/\/www.encontrasantana.com.br\/sobre\/wp-json\/wp\/v2\/media?parent=1238"}],"wp:term":[{"taxonomy":"category","embeddable":true,"href":"https:\/\/www.encontrasantana.com.br\/sobre\/wp-json\/wp\/v2\/categories?post=1238"},{"taxonomy":"post_tag","embeddable":true,"href":"https:\/\/www.encontrasantana.com.br\/sobre\/wp-json\/wp\/v2\/tags?post=1238"}],"curies":[{"name":"wp","href":"https:\/\/api.w.org\/{rel}","templated":true}]}}