{"id":1244,"date":"2011-08-17T13:41:19","date_gmt":"2011-08-17T16:41:19","guid":{"rendered":"http:\/\/www.encontrasantana.com.br\/blog\/?p=1244"},"modified":"2019-04-15T10:03:05","modified_gmt":"2019-04-15T13:03:05","slug":"santana-recebe-feira-e-encontros-de-negocios-esportivos","status":"publish","type":"post","link":"https:\/\/www.encontrasantana.com.br\/sobre\/santana-recebe-feira-e-encontros-de-negocios-esportivos\/","title":{"rendered":"Santana recebe feira e encontros de neg\u00f3cios esportivos"},"content":{"rendered":"<div class=\"1acf8468e559fd3cbeec5aee3a269a52\" data-index=\"1\" style=\"float: none; margin:0px;\">\n<!-- Anuncio display - global -->\r\n<ins class=\"adsbygoogle\"\r\n     style=\"display:block\"\r\n     data-ad-client=\"ca-pub-8585364105181520\"\r\n     data-ad-slot=\"8789329856\"\r\n     data-ad-format=\"auto\"\r\n     data-full-width-responsive=\"true\"><\/ins>\r\n<script>\r\n     (adsbygoogle = window.adsbygoogle || []).push({});\r\n<\/script>\n<\/div>\n<p>Entre os dias 17 e 19 de agosto, o <a href=\"http:\/\/www.encontrasantana.com.br\/santana\/anhembi-em-santana.shtml\" target=\"_blank\">Pal\u00e1cio das Conven\u00e7\u00f5es do Anhembi Parque<\/a> (Av. Olavo Fontoura, 1.209, Encontra Santana) recebe a 28\u00aa edi\u00e7\u00e3o do Sports Business, evento que visa \u00e0 promo\u00e7\u00e3o de neg\u00f3cios esportivos na Am\u00e9rica Latina.<\/p>\n<p>Simultaneamente \u00e0 feira com apresentar\u00e3o as novidades do setor esportivo, ocorrer\u00e1 o Congresso Sports Business 2011, onde ser\u00e3o abordados diversos assuntos, como turismo esportivo; infraestrutura e instala\u00e7\u00f5es; materiais e equipamentos; e marketing esportivo.<\/p>\n<p>Entidades p\u00fablicas e privadas, juntamente com palestrantes internacionais e nacionais, constituir\u00e3o o debate do congresso, que abordar\u00e1 as oportunidades e desafios gerados a partir da realiza\u00e7\u00e3o da Copa do Mundo em 2014 e os Jogos Ol\u00edmpicos em 2016, no Brasil.<\/p>\n<p>Informa\u00e7\u00f5es pelo telefone 3283-3326 ou pelo site\u00a0sportsbusiness.com.br.<\/p>\n<p><em>Fonte: Prefeitura de S\u00e3o Paulo<\/em><\/p>\n\n<div style=\"font-size: 0px; height: 0px; line-height: 0px; margin: 0; padding: 0; clear: both;\"><\/div>","protected":false},"excerpt":{"rendered":"<p>Entre os dias 17 e 19 de agosto, o Pal\u00e1cio das Conven\u00e7\u00f5es do Anhembi Parque (Av. Olavo Fontoura, 1.209, Encontra Santana) recebe a 28\u00aa edi\u00e7\u00e3o do Sports Business, evento que visa \u00e0 promo\u00e7\u00e3o de neg\u00f3cios esportivos na Am\u00e9rica Latina. Simultaneamente \u00e0 feira com apresentar\u00e3o as novidades do setor esportivo, ocorrer\u00e1 o Congresso Sports Business 2011, onde ser\u00e3o abordados diversos assuntos, como turismo esportivo; infraestrutura e instala\u00e7\u00f5es; materiais e equipamentos; e marketing esportivo. Entidades p\u00fablicas e privadas, juntamente com palestrantes internacionais e nacionais, constituir\u00e3o o debate do congresso, que abordar\u00e1 as oportunidades e desafios gerados a partir da realiza\u00e7\u00e3o da Copa <\/p>\n","protected":false},"author":1,"featured_media":0,"comment_status":"open","ping_status":"closed","sticky":false,"template":"","format":"standard","meta":{"footnotes":""},"categories":[3],"tags":[10],"class_list":["post-1244","post","type-post","status-publish","format-standard","hentry","category-noticias-em-santana","tag-santana"],"aioseo_notices":[],"aioseo_head":"\n\t\t<!-- All in One SEO 5.0.0.1 - aioseo.com -->\n\t<meta name=\"description\" content=\"Entre os dias 17 e 19 de agosto, o Pal\u00e1cio das Conven\u00e7\u00f5es do Anhembi Parque (Av. Olavo Fontoura, 1.209, Encontra Santana) recebe a 28\u00aa edi\u00e7\u00e3o do Sports Business, evento que visa \u00e0 promo\u00e7\u00e3o de neg\u00f3cios esportivos na Am\u00e9rica Latina. Simultaneamente \u00e0 feira com apresentar\u00e3o as novidades do setor esportivo, ocorrer\u00e1 o Congresso Sports Business 2011,\" \/>\n\t<meta name=\"robots\" content=\"max-image-preview:large\" \/>\n\t<meta name=\"author\" content=\"Encontra Santana\"\/>\n\t<link rel=\"canonical\" href=\"https:\/\/www.encontrasantana.com.br\/sobre\/santana-recebe-feira-e-encontros-de-negocios-esportivos\/\" \/>\n\t<meta name=\"generator\" content=\"All in One SEO (AIOSEO) 5.0.0.1\" \/>\n\t\t<meta property=\"og:locale\" content=\"pt_BR\" \/>\n\t\t<meta property=\"og:site_name\" content=\"Encontra Santana | Not\u00edcias, eventos, informa\u00e7\u00f5es e dicas no bairro de Santana e regi\u00e3o.\" \/>\n\t\t<meta property=\"og:type\" content=\"article\" \/>\n\t\t<meta property=\"og:title\" content=\"Santana recebe feira e encontros de neg\u00f3cios esportivos \u00bb Encontra Santana\" \/>\n\t\t<meta property=\"og:description\" content=\"Entre os dias 17 e 19 de agosto, o Pal\u00e1cio das Conven\u00e7\u00f5es do Anhembi Parque (Av. Olavo Fontoura, 1.209, Encontra Santana) recebe a 28\u00aa edi\u00e7\u00e3o do Sports Business, evento que visa \u00e0 promo\u00e7\u00e3o de neg\u00f3cios esportivos na Am\u00e9rica Latina. Simultaneamente \u00e0 feira com apresentar\u00e3o as novidades do setor esportivo, ocorrer\u00e1 o Congresso Sports Business 2011,\" \/>\n\t\t<meta property=\"og:url\" content=\"https:\/\/www.encontrasantana.com.br\/sobre\/santana-recebe-feira-e-encontros-de-negocios-esportivos\/\" \/>\n\t\t<meta property=\"article:published_time\" content=\"2011-08-17T16:41:19+00:00\" \/>\n\t\t<meta property=\"article:modified_time\" content=\"2019-04-15T13:03:05+00:00\" \/>\n\t\t<meta name=\"twitter:card\" content=\"summary\" \/>\n\t\t<meta name=\"twitter:title\" content=\"Santana recebe feira e encontros de neg\u00f3cios esportivos \u00bb Encontra Santana\" \/>\n\t\t<meta name=\"twitter:description\" content=\"Entre os dias 17 e 19 de agosto, o Pal\u00e1cio das Conven\u00e7\u00f5es do Anhembi Parque (Av. Olavo Fontoura, 1.209, Encontra Santana) recebe a 28\u00aa edi\u00e7\u00e3o do Sports Business, evento que visa \u00e0 promo\u00e7\u00e3o de neg\u00f3cios esportivos na Am\u00e9rica Latina. Simultaneamente \u00e0 feira com apresentar\u00e3o as novidades do setor esportivo, ocorrer\u00e1 o Congresso Sports Business 2011,\" \/>\n\t\t<script type=\"application\/ld+json\" class=\"aioseo-schema\">\n\t\t\t{\"@context\":\"https:\\\/\\\/schema.org\",\"@graph\":[{\"@type\":\"Article\",\"@id\":\"https:\\\/\\\/www.encontrasantana.com.br\\\/sobre\\\/santana-recebe-feira-e-encontros-de-negocios-esportivos\\\/#article\",\"name\":\"Santana recebe feira e encontros de neg\\u00f3cios esportivos \\u00bb Encontra Santana\",\"headline\":\"Santana recebe feira e encontros de neg\\u00f3cios esportivos\",\"author\":{\"@id\":\"https:\\\/\\\/www.encontrasantana.com.br\\\/sobre\\\/author\\\/esantana\\\/#author\"},\"publisher\":{\"@id\":\"https:\\\/\\\/www.encontrasantana.com.br\\\/sobre\\\/#organization\"},\"datePublished\":\"2011-08-17T13:41:19-03:00\",\"dateModified\":\"2019-04-15T10:03:05-03:00\",\"inLanguage\":\"pt-BR\",\"mainEntityOfPage\":{\"@id\":\"https:\\\/\\\/www.encontrasantana.com.br\\\/sobre\\\/santana-recebe-feira-e-encontros-de-negocios-esportivos\\\/#webpage\"},\"isPartOf\":{\"@id\":\"https:\\\/\\\/www.encontrasantana.com.br\\\/sobre\\\/santana-recebe-feira-e-encontros-de-negocios-esportivos\\\/#webpage\"},\"articleSection\":\"Not\\u00edcias Santana, Santana\"},{\"@type\":\"BreadcrumbList\",\"@id\":\"https:\\\/\\\/www.encontrasantana.com.br\\\/sobre\\\/santana-recebe-feira-e-encontros-de-negocios-esportivos\\\/#breadcrumblist\",\"itemListElement\":[{\"@type\":\"ListItem\",\"@id\":\"https:\\\/\\\/www.encontrasantana.com.br\\\/sobre#listItem\",\"position\":1,\"name\":\"In\\u00edcio\",\"item\":\"https:\\\/\\\/www.encontrasantana.com.br\\\/sobre\",\"nextItem\":{\"@type\":\"ListItem\",\"@id\":\"https:\\\/\\\/www.encontrasantana.com.br\\\/sobre\\\/noticias-em-santana\\\/#listItem\",\"name\":\"Not\\u00edcias Santana\"}},{\"@type\":\"ListItem\",\"@id\":\"https:\\\/\\\/www.encontrasantana.com.br\\\/sobre\\\/noticias-em-santana\\\/#listItem\",\"position\":2,\"name\":\"Not\\u00edcias Santana\",\"item\":\"https:\\\/\\\/www.encontrasantana.com.br\\\/sobre\\\/noticias-em-santana\\\/\",\"nextItem\":{\"@type\":\"ListItem\",\"@id\":\"https:\\\/\\\/www.encontrasantana.com.br\\\/sobre\\\/santana-recebe-feira-e-encontros-de-negocios-esportivos\\\/#listItem\",\"name\":\"Santana recebe feira e encontros de neg\\u00f3cios esportivos\"},\"previousItem\":{\"@type\":\"ListItem\",\"@id\":\"https:\\\/\\\/www.encontrasantana.com.br\\\/sobre#listItem\",\"name\":\"In\\u00edcio\"}},{\"@type\":\"ListItem\",\"@id\":\"https:\\\/\\\/www.encontrasantana.com.br\\\/sobre\\\/santana-recebe-feira-e-encontros-de-negocios-esportivos\\\/#listItem\",\"position\":3,\"name\":\"Santana recebe feira e encontros de neg\\u00f3cios esportivos\",\"previousItem\":{\"@type\":\"ListItem\",\"@id\":\"https:\\\/\\\/www.encontrasantana.com.br\\\/sobre\\\/noticias-em-santana\\\/#listItem\",\"name\":\"Not\\u00edcias Santana\"}}]},{\"@type\":\"Organization\",\"@id\":\"https:\\\/\\\/www.encontrasantana.com.br\\\/sobre\\\/#organization\",\"name\":\"Encontra Santana\",\"description\":\"Not\\u00edcias, eventos, informa\\u00e7\\u00f5es e dicas no bairro de Santana e regi\\u00e3o.\",\"url\":\"https:\\\/\\\/www.encontrasantana.com.br\\\/sobre\\\/\"},{\"@type\":\"Person\",\"@id\":\"https:\\\/\\\/www.encontrasantana.com.br\\\/sobre\\\/author\\\/esantana\\\/#author\",\"url\":\"https:\\\/\\\/www.encontrasantana.com.br\\\/sobre\\\/author\\\/esantana\\\/\",\"name\":\"Encontra Santana\",\"image\":{\"@type\":\"ImageObject\",\"@id\":\"https:\\\/\\\/www.encontrasantana.com.br\\\/sobre\\\/santana-recebe-feira-e-encontros-de-negocios-esportivos\\\/#authorImage\",\"url\":\"https:\\\/\\\/secure.gravatar.com\\\/avatar\\\/0fbed662e37531ae23e68f85f9517b2454e50c1dfebf80eb9b721449ac95e0b9?s=96&d=mm&r=g\",\"width\":96,\"height\":96,\"caption\":\"Encontra Santana\"}},{\"@type\":\"WebPage\",\"@id\":\"https:\\\/\\\/www.encontrasantana.com.br\\\/sobre\\\/santana-recebe-feira-e-encontros-de-negocios-esportivos\\\/#webpage\",\"url\":\"https:\\\/\\\/www.encontrasantana.com.br\\\/sobre\\\/santana-recebe-feira-e-encontros-de-negocios-esportivos\\\/\",\"name\":\"Santana recebe feira e encontros de neg\\u00f3cios esportivos \\u00bb Encontra Santana\",\"description\":\"Entre os dias 17 e 19 de agosto, o Pal\\u00e1cio das Conven\\u00e7\\u00f5es do Anhembi Parque (Av. Olavo Fontoura, 1.209, Encontra Santana) recebe a 28\\u00aa edi\\u00e7\\u00e3o do Sports Business, evento que visa \\u00e0 promo\\u00e7\\u00e3o de neg\\u00f3cios esportivos na Am\\u00e9rica Latina. Simultaneamente \\u00e0 feira com apresentar\\u00e3o as novidades do setor esportivo, ocorrer\\u00e1 o Congresso Sports Business 2011,\",\"inLanguage\":\"pt-BR\",\"isPartOf\":{\"@id\":\"https:\\\/\\\/www.encontrasantana.com.br\\\/sobre\\\/#website\"},\"breadcrumb\":{\"@id\":\"https:\\\/\\\/www.encontrasantana.com.br\\\/sobre\\\/santana-recebe-feira-e-encontros-de-negocios-esportivos\\\/#breadcrumblist\"},\"author\":{\"@id\":\"https:\\\/\\\/www.encontrasantana.com.br\\\/sobre\\\/author\\\/esantana\\\/#author\"},\"creator\":{\"@id\":\"https:\\\/\\\/www.encontrasantana.com.br\\\/sobre\\\/author\\\/esantana\\\/#author\"},\"datePublished\":\"2011-08-17T13:41:19-03:00\",\"dateModified\":\"2019-04-15T10:03:05-03:00\"},{\"@type\":\"WebSite\",\"@id\":\"https:\\\/\\\/www.encontrasantana.com.br\\\/sobre\\\/#website\",\"url\":\"https:\\\/\\\/www.encontrasantana.com.br\\\/sobre\\\/\",\"name\":\"Encontra Santana\",\"description\":\"Not\\u00edcias, eventos, informa\\u00e7\\u00f5es e dicas no bairro de Santana e regi\\u00e3o.\",\"inLanguage\":\"pt-BR\",\"publisher\":{\"@id\":\"https:\\\/\\\/www.encontrasantana.com.br\\\/sobre\\\/#organization\"}}]}\n\t\t<\/script>\n\t\t<!-- All in One SEO -->\n\n","aioseo_head_json":{"title":"Santana recebe feira e encontros de neg\u00f3cios esportivos \u00bb Encontra Santana","description":"Entre os dias 17 e 19 de agosto, o Pal\u00e1cio das Conven\u00e7\u00f5es do Anhembi Parque (Av. Olavo Fontoura, 1.209, Encontra Santana) recebe a 28\u00aa edi\u00e7\u00e3o do Sports Business, evento que visa \u00e0 promo\u00e7\u00e3o de neg\u00f3cios esportivos na Am\u00e9rica Latina. Simultaneamente \u00e0 feira com apresentar\u00e3o as novidades do setor esportivo, ocorrer\u00e1 o Congresso Sports Business 2011,","canonical_url":"https:\/\/www.encontrasantana.com.br\/sobre\/santana-recebe-feira-e-encontros-de-negocios-esportivos\/","robots":"max-image-preview:large","keywords":"","webmasterTools":{"miscellaneous":""},"schema":{"@context":"https:\/\/schema.org","@graph":[{"@type":"Article","@id":"https:\/\/www.encontrasantana.com.br\/sobre\/santana-recebe-feira-e-encontros-de-negocios-esportivos\/#article","name":"Santana recebe feira e encontros de neg\u00f3cios esportivos \u00bb Encontra Santana","headline":"Santana recebe feira e encontros de neg\u00f3cios esportivos","author":{"@id":"https:\/\/www.encontrasantana.com.br\/sobre\/author\/esantana\/#author"},"publisher":{"@id":"https:\/\/www.encontrasantana.com.br\/sobre\/#organization"},"datePublished":"2011-08-17T13:41:19-03:00","dateModified":"2019-04-15T10:03:05-03:00","inLanguage":"pt-BR","mainEntityOfPage":{"@id":"https:\/\/www.encontrasantana.com.br\/sobre\/santana-recebe-feira-e-encontros-de-negocios-esportivos\/#webpage"},"isPartOf":{"@id":"https:\/\/www.encontrasantana.com.br\/sobre\/santana-recebe-feira-e-encontros-de-negocios-esportivos\/#webpage"},"articleSection":"Not\u00edcias Santana, Santana"},{"@type":"BreadcrumbList","@id":"https:\/\/www.encontrasantana.com.br\/sobre\/santana-recebe-feira-e-encontros-de-negocios-esportivos\/#breadcrumblist","itemListElement":[{"@type":"ListItem","@id":"https:\/\/www.encontrasantana.com.br\/sobre#listItem","position":1,"name":"In\u00edcio","item":"https:\/\/www.encontrasantana.com.br\/sobre","nextItem":{"@type":"ListItem","@id":"https:\/\/www.encontrasantana.com.br\/sobre\/noticias-em-santana\/#listItem","name":"Not\u00edcias Santana"}},{"@type":"ListItem","@id":"https:\/\/www.encontrasantana.com.br\/sobre\/noticias-em-santana\/#listItem","position":2,"name":"Not\u00edcias Santana","item":"https:\/\/www.encontrasantana.com.br\/sobre\/noticias-em-santana\/","nextItem":{"@type":"ListItem","@id":"https:\/\/www.encontrasantana.com.br\/sobre\/santana-recebe-feira-e-encontros-de-negocios-esportivos\/#listItem","name":"Santana recebe feira e encontros de neg\u00f3cios esportivos"},"previousItem":{"@type":"ListItem","@id":"https:\/\/www.encontrasantana.com.br\/sobre#listItem","name":"In\u00edcio"}},{"@type":"ListItem","@id":"https:\/\/www.encontrasantana.com.br\/sobre\/santana-recebe-feira-e-encontros-de-negocios-esportivos\/#listItem","position":3,"name":"Santana recebe feira e encontros de neg\u00f3cios esportivos","previousItem":{"@type":"ListItem","@id":"https:\/\/www.encontrasantana.com.br\/sobre\/noticias-em-santana\/#listItem","name":"Not\u00edcias Santana"}}]},{"@type":"Organization","@id":"https:\/\/www.encontrasantana.com.br\/sobre\/#organization","name":"Encontra Santana","description":"Not\u00edcias, eventos, informa\u00e7\u00f5es e dicas no bairro de Santana e regi\u00e3o.","url":"https:\/\/www.encontrasantana.com.br\/sobre\/"},{"@type":"Person","@id":"https:\/\/www.encontrasantana.com.br\/sobre\/author\/esantana\/#author","url":"https:\/\/www.encontrasantana.com.br\/sobre\/author\/esantana\/","name":"Encontra Santana","image":{"@type":"ImageObject","@id":"https:\/\/www.encontrasantana.com.br\/sobre\/santana-recebe-feira-e-encontros-de-negocios-esportivos\/#authorImage","url":"https:\/\/secure.gravatar.com\/avatar\/0fbed662e37531ae23e68f85f9517b2454e50c1dfebf80eb9b721449ac95e0b9?s=96&d=mm&r=g","width":96,"height":96,"caption":"Encontra Santana"}},{"@type":"WebPage","@id":"https:\/\/www.encontrasantana.com.br\/sobre\/santana-recebe-feira-e-encontros-de-negocios-esportivos\/#webpage","url":"https:\/\/www.encontrasantana.com.br\/sobre\/santana-recebe-feira-e-encontros-de-negocios-esportivos\/","name":"Santana recebe feira e encontros de neg\u00f3cios esportivos \u00bb Encontra Santana","description":"Entre os dias 17 e 19 de agosto, o Pal\u00e1cio das Conven\u00e7\u00f5es do Anhembi Parque (Av. Olavo Fontoura, 1.209, Encontra Santana) recebe a 28\u00aa edi\u00e7\u00e3o do Sports Business, evento que visa \u00e0 promo\u00e7\u00e3o de neg\u00f3cios esportivos na Am\u00e9rica Latina. Simultaneamente \u00e0 feira com apresentar\u00e3o as novidades do setor esportivo, ocorrer\u00e1 o Congresso Sports Business 2011,","inLanguage":"pt-BR","isPartOf":{"@id":"https:\/\/www.encontrasantana.com.br\/sobre\/#website"},"breadcrumb":{"@id":"https:\/\/www.encontrasantana.com.br\/sobre\/santana-recebe-feira-e-encontros-de-negocios-esportivos\/#breadcrumblist"},"author":{"@id":"https:\/\/www.encontrasantana.com.br\/sobre\/author\/esantana\/#author"},"creator":{"@id":"https:\/\/www.encontrasantana.com.br\/sobre\/author\/esantana\/#author"},"datePublished":"2011-08-17T13:41:19-03:00","dateModified":"2019-04-15T10:03:05-03:00"},{"@type":"WebSite","@id":"https:\/\/www.encontrasantana.com.br\/sobre\/#website","url":"https:\/\/www.encontrasantana.com.br\/sobre\/","name":"Encontra Santana","description":"Not\u00edcias, eventos, informa\u00e7\u00f5es e dicas no bairro de Santana e regi\u00e3o.","inLanguage":"pt-BR","publisher":{"@id":"https:\/\/www.encontrasantana.com.br\/sobre\/#organization"}}]},"og:locale":"pt_BR","og:site_name":"Encontra Santana | Not\u00edcias, eventos, informa\u00e7\u00f5es e dicas no bairro de Santana e regi\u00e3o.","og:type":"article","og:title":"Santana recebe feira e encontros de neg\u00f3cios esportivos \u00bb Encontra Santana","og:description":"Entre os dias 17 e 19 de agosto, o Pal\u00e1cio das Conven\u00e7\u00f5es do Anhembi Parque (Av. Olavo Fontoura, 1.209, Encontra Santana) recebe a 28\u00aa edi\u00e7\u00e3o do Sports Business, evento que visa \u00e0 promo\u00e7\u00e3o de neg\u00f3cios esportivos na Am\u00e9rica Latina. Simultaneamente \u00e0 feira com apresentar\u00e3o as novidades do setor esportivo, ocorrer\u00e1 o Congresso Sports Business 2011,","og:url":"https:\/\/www.encontrasantana.com.br\/sobre\/santana-recebe-feira-e-encontros-de-negocios-esportivos\/","article:published_time":"2011-08-17T16:41:19+00:00","article:modified_time":"2019-04-15T13:03:05+00:00","twitter:card":"summary","twitter:title":"Santana recebe feira e encontros de neg\u00f3cios esportivos \u00bb Encontra Santana","twitter:description":"Entre os dias 17 e 19 de agosto, o Pal\u00e1cio das Conven\u00e7\u00f5es do Anhembi Parque (Av. Olavo Fontoura, 1.209, Encontra Santana) recebe a 28\u00aa edi\u00e7\u00e3o do Sports Business, evento que visa \u00e0 promo\u00e7\u00e3o de neg\u00f3cios esportivos na Am\u00e9rica Latina. Simultaneamente \u00e0 feira com apresentar\u00e3o as novidades do setor esportivo, ocorrer\u00e1 o Congresso Sports Business 2011,"},"aioseo_meta_data":{"post_id":"1244","title":null,"description":null,"keywords":null,"keyphrases":null,"primary_term":null,"canonical_url":null,"og_title":null,"og_description":null,"og_object_type":"default","og_image_type":"default","og_image_url":null,"og_image_width":null,"og_image_height":null,"og_image_custom_url":null,"og_image_custom_fields":null,"og_video":null,"og_custom_url":null,"og_article_section":null,"og_article_tags":null,"twitter_use_og":false,"twitter_card":"default","twitter_image_type":"default","twitter_image_url":null,"twitter_image_custom_url":null,"twitter_image_custom_fields":null,"twitter_title":null,"twitter_description":null,"schema":{"blockGraphs":[],"customGraphs":[],"default":{"data":{"Article":[],"Course":[],"Dataset":[],"FAQPage":[],"Movie":[],"Person":[],"Product":[],"ProductReview":[],"Car":[],"Recipe":[],"Service":[],"SoftwareApplication":[],"WebPage":[]},"graphName":"Article","isEnabled":true},"graphs":[]},"schema_type":null,"schema_type_options":null,"pillar_content":false,"robots_default":true,"robots_noindex":false,"robots_noarchive":false,"robots_nosnippet":false,"robots_nofollow":false,"robots_noimageindex":false,"robots_noodp":false,"robots_notranslate":false,"robots_max_snippet":null,"robots_max_videopreview":null,"robots_max_imagepreview":"large","priority":null,"frequency":null,"local_seo":null,"limit_modified_date":false,"created":"2021-04-20 23:23:33","updated":"2026-08-06 09:25:30","focus_keyword":null,"additional_keywords":null,"truseo_locale":null,"ai":null,"breadcrumb_settings":null,"seo_analyzer_scan_date":null},"aioseo_breadcrumb":"<div class=\"aioseo-breadcrumbs\"><span class=\"aioseo-breadcrumb\">\n\t\t\t<a href=\"https:\/\/www.encontrasantana.com.br\/sobre\" title=\"In\u00edcio\">In\u00edcio<\/a>\n\t\t<\/span><span class=\"aioseo-breadcrumb-separator\">&raquo;<\/span><span class=\"aioseo-breadcrumb\">\n\t\t\t<a href=\"https:\/\/www.encontrasantana.com.br\/sobre\/noticias-em-santana\/\" title=\"Not\u00edcias Santana\">Not\u00edcias Santana<\/a>\n\t\t<\/span><span class=\"aioseo-breadcrumb-separator\">&raquo;<\/span><span class=\"aioseo-breadcrumb\">\n\t\t\tSantana recebe feira e encontros de neg\u00f3cios esportivos\n\t\t<\/span><\/div>","aioseo_breadcrumb_json":[{"label":"In\u00edcio","link":"https:\/\/www.encontrasantana.com.br\/sobre"},{"label":"Not\u00edcias Santana","link":"https:\/\/www.encontrasantana.com.br\/sobre\/noticias-em-santana\/"},{"label":"Santana recebe feira e encontros de neg\u00f3cios esportivos","link":"https:\/\/www.encontrasantana.com.br\/sobre\/santana-recebe-feira-e-encontros-de-negocios-esportivos\/"}],"_links":{"self":[{"href":"https:\/\/www.encontrasantana.com.br\/sobre\/wp-json\/wp\/v2\/posts\/1244","targetHints":{"allow":["GET"]}}],"collection":[{"href":"https:\/\/www.encontrasantana.com.br\/sobre\/wp-json\/wp\/v2\/posts"}],"about":[{"href":"https:\/\/www.encontrasantana.com.br\/sobre\/wp-json\/wp\/v2\/types\/post"}],"author":[{"embeddable":true,"href":"https:\/\/www.encontrasantana.com.br\/sobre\/wp-json\/wp\/v2\/users\/1"}],"replies":[{"embeddable":true,"href":"https:\/\/www.encontrasantana.com.br\/sobre\/wp-json\/wp\/v2\/comments?post=1244"}],"version-history":[{"count":0,"href":"https:\/\/www.encontrasantana.com.br\/sobre\/wp-json\/wp\/v2\/posts\/1244\/revisions"}],"wp:attachment":[{"href":"https:\/\/www.encontrasantana.com.br\/sobre\/wp-json\/wp\/v2\/media?parent=1244"}],"wp:term":[{"taxonomy":"category","embeddable":true,"href":"https:\/\/www.encontrasantana.com.br\/sobre\/wp-json\/wp\/v2\/categories?post=1244"},{"taxonomy":"post_tag","embeddable":true,"href":"https:\/\/www.encontrasantana.com.br\/sobre\/wp-json\/wp\/v2\/tags?post=1244"}],"curies":[{"name":"wp","href":"https:\/\/api.w.org\/{rel}","templated":true}]}}