{"id":1252,"date":"2011-08-19T13:34:52","date_gmt":"2011-08-19T16:34:52","guid":{"rendered":"http:\/\/www.encontrasantana.com.br\/blog\/?p=1252"},"modified":"2019-04-15T10:03:05","modified_gmt":"2019-04-15T13:03:05","slug":"regiao-de-santana-recebe-mutirao-de-formalizacao-de-empreendedores","status":"publish","type":"post","link":"https:\/\/www.encontrasantana.com.br\/sobre\/regiao-de-santana-recebe-mutirao-de-formalizacao-de-empreendedores\/","title":{"rendered":"Regi\u00e3o de Santana recebe mutir\u00e3o de formaliza\u00e7\u00e3o de empreendedores"},"content":{"rendered":"<div class=\"1acf8468e559fd3cbeec5aee3a269a52\" data-index=\"1\" style=\"float: none; margin:0px;\">\n<!-- Anuncio display - global -->\r\n<ins class=\"adsbygoogle\"\r\n     style=\"display:block\"\r\n     data-ad-client=\"ca-pub-8585364105181520\"\r\n     data-ad-slot=\"8789329856\"\r\n     data-ad-format=\"auto\"\r\n     data-full-width-responsive=\"true\"><\/ins>\r\n<script>\r\n     (adsbygoogle = window.adsbygoogle || []).push({});\r\n<\/script>\n<\/div>\n<p>Os empreendedores da capital poder\u00e3o sair da informalidade entre os dias 29 de agosto e 3 de setembro, quando uma tenda do Sebrae-SP e de seus parceiros estar\u00e1 montada no bairro de Santana, Zona Norte de SP, para formaliza\u00e7\u00e3o de Empreendedores Individuais (EI) com a emiss\u00e3o gratuita e na hora do Cadastro Nacional de Pessoa Jur\u00eddica (CNPJ).<\/p>\n<p>Consultorias individuais e palestras tamb\u00e9m integram a programa\u00e7\u00e3o. A expectativa \u00e9 a de 1.500 atendimentos durante o per\u00edodo. Para a emiss\u00e3o do CNPJ, basta levar RG, CPF e endere\u00e7o do neg\u00f3cio.<\/p>\n<p>Na Semana de Formaliza\u00e7\u00e3o anterior, realizada em junho e julho deste ano, no Largo 13 de Maio e no Largo de S\u00e3o Bento, foram realizados 7.183 atendimentos e 2.350 formaliza\u00e7\u00f5es.<\/p>\n<p>Participam da a\u00e7\u00e3o em parceria com o Sebrae-SP a Receita Federal, Previd\u00eancia Privada, Federa\u00e7\u00e3o das Associa\u00e7\u00f5es Comerciais do Estado de S\u00e3o Paulo (Facesp), Banco do Brasil, Associa\u00e7\u00e3o Comercial de Santana, Noroeste e Vila Maria e o Banco do Povo.<\/p>\n<p><strong>Servi\u00e7o <\/strong><\/p>\n<p>Formaliza\u00e7\u00e3o de empreendedores<br \/>\nData:\u00a029 de agosto a 3 de setembro<br \/>\nHor\u00e1rio:\u00a0das 8h30 \u00e0s 17h30<br \/>\nLocal:\u00a0<a href=\"http:\/\/www.encontrasantana.com.br\/santana\/subprefeitura-santana.shtml\" target=\"_blank\">Subprefeitura Santana\/Tucuruvi<\/a><br \/>\nEndere\u00e7o:\u00a0Avenida do Tucuruvi ,808, Santana<\/p>\n<p><em>Fonte: Prefeitura de S\u00e3o Paulo<\/em><\/p>\n\n<div style=\"font-size: 0px; height: 0px; line-height: 0px; margin: 0; padding: 0; clear: both;\"><\/div>","protected":false},"excerpt":{"rendered":"<p>Os empreendedores da capital poder\u00e3o sair da informalidade entre os dias 29 de agosto e 3 de setembro, quando uma tenda do Sebrae-SP e de seus parceiros estar\u00e1 montada no bairro de Santana, Zona Norte de SP, para formaliza\u00e7\u00e3o de Empreendedores Individuais (EI) com a emiss\u00e3o gratuita e na hora do Cadastro Nacional de Pessoa Jur\u00eddica (CNPJ). Consultorias individuais e palestras tamb\u00e9m integram a programa\u00e7\u00e3o. A expectativa \u00e9 a de 1.500 atendimentos durante o per\u00edodo. Para a emiss\u00e3o do CNPJ, basta levar RG, CPF e endere\u00e7o do neg\u00f3cio. Na Semana de Formaliza\u00e7\u00e3o anterior, realizada em junho e julho deste ano, <\/p>\n","protected":false},"author":1,"featured_media":0,"comment_status":"open","ping_status":"closed","sticky":false,"template":"","format":"standard","meta":{"footnotes":""},"categories":[3],"tags":[10],"class_list":["post-1252","post","type-post","status-publish","format-standard","hentry","category-noticias-em-santana","tag-santana"],"aioseo_notices":[],"_links":{"self":[{"href":"https:\/\/www.encontrasantana.com.br\/sobre\/wp-json\/wp\/v2\/posts\/1252"}],"collection":[{"href":"https:\/\/www.encontrasantana.com.br\/sobre\/wp-json\/wp\/v2\/posts"}],"about":[{"href":"https:\/\/www.encontrasantana.com.br\/sobre\/wp-json\/wp\/v2\/types\/post"}],"author":[{"embeddable":true,"href":"https:\/\/www.encontrasantana.com.br\/sobre\/wp-json\/wp\/v2\/users\/1"}],"replies":[{"embeddable":true,"href":"https:\/\/www.encontrasantana.com.br\/sobre\/wp-json\/wp\/v2\/comments?post=1252"}],"version-history":[{"count":0,"href":"https:\/\/www.encontrasantana.com.br\/sobre\/wp-json\/wp\/v2\/posts\/1252\/revisions"}],"wp:attachment":[{"href":"https:\/\/www.encontrasantana.com.br\/sobre\/wp-json\/wp\/v2\/media?parent=1252"}],"wp:term":[{"taxonomy":"category","embeddable":true,"href":"https:\/\/www.encontrasantana.com.br\/sobre\/wp-json\/wp\/v2\/categories?post=1252"},{"taxonomy":"post_tag","embeddable":true,"href":"https:\/\/www.encontrasantana.com.br\/sobre\/wp-json\/wp\/v2\/tags?post=1252"}],"curies":[{"name":"wp","href":"https:\/\/api.w.org\/{rel}","templated":true}]}}