{"id":1257,"date":"2011-08-19T15:10:21","date_gmt":"2011-08-19T18:10:21","guid":{"rendered":"http:\/\/www.encontrasantana.com.br\/blog\/?p=1257"},"modified":"2019-04-15T10:03:05","modified_gmt":"2019-04-15T13:03:05","slug":"santana-festa-da-liga-das-escolas-de-samba-de-sp-ainda-tem-ingressos-a-venda","status":"publish","type":"post","link":"https:\/\/www.encontrasantana.com.br\/sobre\/santana-festa-da-liga-das-escolas-de-samba-de-sp-ainda-tem-ingressos-a-venda\/","title":{"rendered":"Santana: festa da Liga das Escolas de Samba de SP ainda tem ingressos \u00e0 venda"},"content":{"rendered":"<div class=\"1acf8468e559fd3cbeec5aee3a269a52\" data-index=\"1\" style=\"float: none; margin:0px;\">\n<!-- Anuncio display - global -->\r\n<ins class=\"adsbygoogle\"\r\n     style=\"display:block\"\r\n     data-ad-client=\"ca-pub-8585364105181520\"\r\n     data-ad-slot=\"8789329856\"\r\n     data-ad-format=\"auto\"\r\n     data-full-width-responsive=\"true\"><\/ins>\r\n<script>\r\n     (adsbygoogle = window.adsbygoogle || []).push({});\r\n<\/script>\n<\/div>\n<p>Os ingressos para a festa de comemora\u00e7\u00e3o dos 25 anos da Liga Independente das Escolas de Samba de S\u00e3o Paulo e dos 20 anos do <a href=\"http:\/\/www.encontrasantana.com.br\/santana\/anhembi-em-santana.shtml\" target=\"_blank\">Samb\u00f3dromo do Anhembi,<\/a> na Zona Norte de SP, ainda est\u00e3o \u00e0 venda na capital paulista. A festa acontece na noite desta sexta-feira (19), \u00e0s 21h, no samb\u00f3dromo, e ter\u00e1 shows do Fundo de Quintal, Dudu Nobre, Arlindo Cruz e apresenta\u00e7\u00f5es das 22 escolas de samba da Liga.<\/p>\n<p>Tamb\u00e9m haver\u00e1 a apresenta\u00e7\u00e3o de uma bateria com integrantes de todas as escolas. A entrada do p\u00fablico ser\u00e1 feita pelo port\u00e3o 19, na Avenida Olavo Fontoura, na \u00e1rea da dispers\u00e3o. Os ingressos promocionais custam R$ 20 (o pagamento s\u00f3 pode ser feito em dinheiro.<\/p>\n<p><strong>Confira os pontos de venda:<\/strong><\/p>\n<p><strong>Central de vendas e informa\u00e7\u00f5es LIGA das Escolas de Samba <\/strong><br \/>\nAvenida Santos Dumont, 618 &#8211; Metr\u00f4 Arm\u00eania.<br \/>\nTelefone: (11) 2853-4555<\/p>\n<p><strong>G.R.C.S.E.S. Vai-Vai<\/strong><br \/>\nRua S\u00e3o Vicente, 276- Bela Vista<br \/>\nTelefone: 3266-2581<\/p>\n<p><strong>Gr\u00eamio Gavi\u00f5es da Fiel Torcida<\/strong><br \/>\nRua Cristina Thomas, 183 &#8211; Bom Retiro<br \/>\nTelefone: 3221-2066<\/p>\n<p><strong>G.R.C.E.S. Mancha Verde <\/strong><br \/>\nAvenida Abrah\u00e3o Ribeiro, 503 &#8211; Barra Funda<br \/>\nTelefone: 3361-2146<\/p>\n<p><strong>G.R.E.S. Tom Maior <\/strong><br \/>\nRua S\u00e9rgio Tom\u00e1s, 622 &#8211; Barra Funda<br \/>\nTelefone: 3494-9040\/ 3031-4928<\/p>\n<p><strong>G.R.C.S.E.S. Unidos de Vila Maria<\/strong><br \/>\nRua Cabo Jo\u00e3o Monteiro da Rocha, 448 &#8211; Jardim Jap\u00e3o<br \/>\nTelefone: 2981-3154<\/p>\n<p><strong>G.R.C.E.S. Mocidade Alegre<\/strong><br \/>\nAvenida Casa Verde, 3498 &#8211; Bairro do Lim\u00e3o<br \/>\nTelefone: 3857-7525\/ 3857-3611<\/p>\n<p><strong>Sociedade Rosas de Ouro<\/strong><br \/>\nRua Coronel Euclides Machado, 1066 &#8211; Freguesia do \u00d3<br \/>\nTelefone: 3931-4555\/ 3931-0608<br \/>\n<strong><br \/>\nS.E.S. Imperador do Ipiranga<\/strong><br \/>\nAvenida Carioca, 99 &#8211; Vila Carioca<br \/>\nTelefone: 2219-1053<\/p>\n<p><strong>G.R.C.E.S. Estrela do Terceiro Mil\u00eanio<\/strong><br \/>\nRua Professor Oscar Barreto Filho, s\/n\u00ba &#8211; Parque Am\u00e9rica<br \/>\nCal\u00e7ad\u00e3o Cultural do Graja\u00fa no Terceiro Mil\u00eanio<\/p>\n<p><strong>G.R.E.S. Nen\u00ea de Vila Matilde<\/strong><br \/>\nRua J\u00falio Rinaldi, 01 &#8211; Vila Salete<br \/>\nTelefone: 2013-9757<\/p>\n<p><em>Fonte: G1<\/em><\/p>\n\n<div style=\"font-size: 0px; height: 0px; line-height: 0px; margin: 0; padding: 0; clear: both;\"><\/div>","protected":false},"excerpt":{"rendered":"<p>Os ingressos para a festa de comemora\u00e7\u00e3o dos 25 anos da Liga Independente das Escolas de Samba de S\u00e3o Paulo e dos 20 anos do Samb\u00f3dromo do Anhembi, na Zona Norte de SP, ainda est\u00e3o \u00e0 venda na capital paulista. A festa acontece na noite desta sexta-feira (19), \u00e0s 21h, no samb\u00f3dromo, e ter\u00e1 shows do Fundo de Quintal, Dudu Nobre, Arlindo Cruz e apresenta\u00e7\u00f5es das 22 escolas de samba da Liga. Tamb\u00e9m haver\u00e1 a apresenta\u00e7\u00e3o de uma bateria com integrantes de todas as escolas. A entrada do p\u00fablico ser\u00e1 feita pelo port\u00e3o 19, na Avenida Olavo Fontoura, na \u00e1rea <\/p>\n","protected":false},"author":1,"featured_media":0,"comment_status":"open","ping_status":"closed","sticky":false,"template":"","format":"standard","meta":{"footnotes":""},"categories":[3],"tags":[10],"class_list":["post-1257","post","type-post","status-publish","format-standard","hentry","category-noticias-em-santana","tag-santana"],"aioseo_notices":[],"aioseo_head":"\n\t\t<!-- All in One SEO 5.0.0.1 - aioseo.com -->\n\t<meta name=\"description\" content=\"Os ingressos para a festa de comemora\u00e7\u00e3o dos 25 anos da Liga Independente das Escolas de Samba de S\u00e3o Paulo e dos 20 anos do Samb\u00f3dromo do Anhembi, na Zona Norte de SP, ainda est\u00e3o \u00e0 venda na capital paulista. A festa acontece na noite desta sexta-feira (19), \u00e0s 21h, no samb\u00f3dromo, e ter\u00e1 shows\" \/>\n\t<meta name=\"robots\" content=\"max-image-preview:large\" \/>\n\t<meta name=\"author\" content=\"Encontra Santana\"\/>\n\t<link rel=\"canonical\" href=\"https:\/\/www.encontrasantana.com.br\/sobre\/santana-festa-da-liga-das-escolas-de-samba-de-sp-ainda-tem-ingressos-a-venda\/\" \/>\n\t<meta name=\"generator\" content=\"All in One SEO (AIOSEO) 5.0.0.1\" \/>\n\t\t<meta property=\"og:locale\" content=\"pt_BR\" \/>\n\t\t<meta property=\"og:site_name\" content=\"Encontra Santana | Not\u00edcias, eventos, informa\u00e7\u00f5es e dicas no bairro de Santana e regi\u00e3o.\" \/>\n\t\t<meta property=\"og:type\" content=\"article\" \/>\n\t\t<meta property=\"og:title\" content=\"Santana: festa da Liga das Escolas de Samba de SP ainda tem ingressos \u00e0 venda \u00bb Encontra Santana\" \/>\n\t\t<meta property=\"og:description\" content=\"Os ingressos para a festa de comemora\u00e7\u00e3o dos 25 anos da Liga Independente das Escolas de Samba de S\u00e3o Paulo e dos 20 anos do Samb\u00f3dromo do Anhembi, na Zona Norte de SP, ainda est\u00e3o \u00e0 venda na capital paulista. A festa acontece na noite desta sexta-feira (19), \u00e0s 21h, no samb\u00f3dromo, e ter\u00e1 shows\" \/>\n\t\t<meta property=\"og:url\" content=\"https:\/\/www.encontrasantana.com.br\/sobre\/santana-festa-da-liga-das-escolas-de-samba-de-sp-ainda-tem-ingressos-a-venda\/\" \/>\n\t\t<meta property=\"article:published_time\" content=\"2011-08-19T18:10:21+00:00\" \/>\n\t\t<meta property=\"article:modified_time\" content=\"2019-04-15T13:03:05+00:00\" \/>\n\t\t<meta name=\"twitter:card\" content=\"summary\" \/>\n\t\t<meta name=\"twitter:title\" content=\"Santana: festa da Liga das Escolas de Samba de SP ainda tem ingressos \u00e0 venda \u00bb Encontra Santana\" \/>\n\t\t<meta name=\"twitter:description\" content=\"Os ingressos para a festa de comemora\u00e7\u00e3o dos 25 anos da Liga Independente das Escolas de Samba de S\u00e3o Paulo e dos 20 anos do Samb\u00f3dromo do Anhembi, na Zona Norte de SP, ainda est\u00e3o \u00e0 venda na capital paulista. A festa acontece na noite desta sexta-feira (19), \u00e0s 21h, no samb\u00f3dromo, e ter\u00e1 shows\" \/>\n\t\t<script type=\"application\/ld+json\" class=\"aioseo-schema\">\n\t\t\t{\"@context\":\"https:\\\/\\\/schema.org\",\"@graph\":[{\"@type\":\"Article\",\"@id\":\"https:\\\/\\\/www.encontrasantana.com.br\\\/sobre\\\/santana-festa-da-liga-das-escolas-de-samba-de-sp-ainda-tem-ingressos-a-venda\\\/#article\",\"name\":\"Santana: festa da Liga das Escolas de Samba de SP ainda tem ingressos \\u00e0 venda \\u00bb Encontra Santana\",\"headline\":\"Santana: festa da Liga das Escolas de Samba de SP ainda tem ingressos \\u00e0 venda\",\"author\":{\"@id\":\"https:\\\/\\\/www.encontrasantana.com.br\\\/sobre\\\/author\\\/esantana\\\/#author\"},\"publisher\":{\"@id\":\"https:\\\/\\\/www.encontrasantana.com.br\\\/sobre\\\/#organization\"},\"datePublished\":\"2011-08-19T15:10:21-03:00\",\"dateModified\":\"2019-04-15T10:03:05-03:00\",\"inLanguage\":\"pt-BR\",\"mainEntityOfPage\":{\"@id\":\"https:\\\/\\\/www.encontrasantana.com.br\\\/sobre\\\/santana-festa-da-liga-das-escolas-de-samba-de-sp-ainda-tem-ingressos-a-venda\\\/#webpage\"},\"isPartOf\":{\"@id\":\"https:\\\/\\\/www.encontrasantana.com.br\\\/sobre\\\/santana-festa-da-liga-das-escolas-de-samba-de-sp-ainda-tem-ingressos-a-venda\\\/#webpage\"},\"articleSection\":\"Not\\u00edcias Santana, Santana\"},{\"@type\":\"BreadcrumbList\",\"@id\":\"https:\\\/\\\/www.encontrasantana.com.br\\\/sobre\\\/santana-festa-da-liga-das-escolas-de-samba-de-sp-ainda-tem-ingressos-a-venda\\\/#breadcrumblist\",\"itemListElement\":[{\"@type\":\"ListItem\",\"@id\":\"https:\\\/\\\/www.encontrasantana.com.br\\\/sobre#listItem\",\"position\":1,\"name\":\"In\\u00edcio\",\"item\":\"https:\\\/\\\/www.encontrasantana.com.br\\\/sobre\",\"nextItem\":{\"@type\":\"ListItem\",\"@id\":\"https:\\\/\\\/www.encontrasantana.com.br\\\/sobre\\\/noticias-em-santana\\\/#listItem\",\"name\":\"Not\\u00edcias Santana\"}},{\"@type\":\"ListItem\",\"@id\":\"https:\\\/\\\/www.encontrasantana.com.br\\\/sobre\\\/noticias-em-santana\\\/#listItem\",\"position\":2,\"name\":\"Not\\u00edcias Santana\",\"item\":\"https:\\\/\\\/www.encontrasantana.com.br\\\/sobre\\\/noticias-em-santana\\\/\",\"nextItem\":{\"@type\":\"ListItem\",\"@id\":\"https:\\\/\\\/www.encontrasantana.com.br\\\/sobre\\\/santana-festa-da-liga-das-escolas-de-samba-de-sp-ainda-tem-ingressos-a-venda\\\/#listItem\",\"name\":\"Santana: festa da Liga das Escolas de Samba de SP ainda tem ingressos \\u00e0 venda\"},\"previousItem\":{\"@type\":\"ListItem\",\"@id\":\"https:\\\/\\\/www.encontrasantana.com.br\\\/sobre#listItem\",\"name\":\"In\\u00edcio\"}},{\"@type\":\"ListItem\",\"@id\":\"https:\\\/\\\/www.encontrasantana.com.br\\\/sobre\\\/santana-festa-da-liga-das-escolas-de-samba-de-sp-ainda-tem-ingressos-a-venda\\\/#listItem\",\"position\":3,\"name\":\"Santana: festa da Liga das Escolas de Samba de SP ainda tem ingressos \\u00e0 venda\",\"previousItem\":{\"@type\":\"ListItem\",\"@id\":\"https:\\\/\\\/www.encontrasantana.com.br\\\/sobre\\\/noticias-em-santana\\\/#listItem\",\"name\":\"Not\\u00edcias Santana\"}}]},{\"@type\":\"Organization\",\"@id\":\"https:\\\/\\\/www.encontrasantana.com.br\\\/sobre\\\/#organization\",\"name\":\"Encontra Santana\",\"description\":\"Not\\u00edcias, eventos, informa\\u00e7\\u00f5es e dicas no bairro de Santana e regi\\u00e3o.\",\"url\":\"https:\\\/\\\/www.encontrasantana.com.br\\\/sobre\\\/\"},{\"@type\":\"Person\",\"@id\":\"https:\\\/\\\/www.encontrasantana.com.br\\\/sobre\\\/author\\\/esantana\\\/#author\",\"url\":\"https:\\\/\\\/www.encontrasantana.com.br\\\/sobre\\\/author\\\/esantana\\\/\",\"name\":\"Encontra Santana\",\"image\":{\"@type\":\"ImageObject\",\"@id\":\"https:\\\/\\\/www.encontrasantana.com.br\\\/sobre\\\/santana-festa-da-liga-das-escolas-de-samba-de-sp-ainda-tem-ingressos-a-venda\\\/#authorImage\",\"url\":\"https:\\\/\\\/secure.gravatar.com\\\/avatar\\\/0fbed662e37531ae23e68f85f9517b2454e50c1dfebf80eb9b721449ac95e0b9?s=96&d=mm&r=g\",\"width\":96,\"height\":96,\"caption\":\"Encontra Santana\"}},{\"@type\":\"WebPage\",\"@id\":\"https:\\\/\\\/www.encontrasantana.com.br\\\/sobre\\\/santana-festa-da-liga-das-escolas-de-samba-de-sp-ainda-tem-ingressos-a-venda\\\/#webpage\",\"url\":\"https:\\\/\\\/www.encontrasantana.com.br\\\/sobre\\\/santana-festa-da-liga-das-escolas-de-samba-de-sp-ainda-tem-ingressos-a-venda\\\/\",\"name\":\"Santana: festa da Liga das Escolas de Samba de SP ainda tem ingressos \\u00e0 venda \\u00bb Encontra Santana\",\"description\":\"Os ingressos para a festa de comemora\\u00e7\\u00e3o dos 25 anos da Liga Independente das Escolas de Samba de S\\u00e3o Paulo e dos 20 anos do Samb\\u00f3dromo do Anhembi, na Zona Norte de SP, ainda est\\u00e3o \\u00e0 venda na capital paulista. A festa acontece na noite desta sexta-feira (19), \\u00e0s 21h, no samb\\u00f3dromo, e ter\\u00e1 shows\",\"inLanguage\":\"pt-BR\",\"isPartOf\":{\"@id\":\"https:\\\/\\\/www.encontrasantana.com.br\\\/sobre\\\/#website\"},\"breadcrumb\":{\"@id\":\"https:\\\/\\\/www.encontrasantana.com.br\\\/sobre\\\/santana-festa-da-liga-das-escolas-de-samba-de-sp-ainda-tem-ingressos-a-venda\\\/#breadcrumblist\"},\"author\":{\"@id\":\"https:\\\/\\\/www.encontrasantana.com.br\\\/sobre\\\/author\\\/esantana\\\/#author\"},\"creator\":{\"@id\":\"https:\\\/\\\/www.encontrasantana.com.br\\\/sobre\\\/author\\\/esantana\\\/#author\"},\"datePublished\":\"2011-08-19T15:10:21-03:00\",\"dateModified\":\"2019-04-15T10:03:05-03:00\"},{\"@type\":\"WebSite\",\"@id\":\"https:\\\/\\\/www.encontrasantana.com.br\\\/sobre\\\/#website\",\"url\":\"https:\\\/\\\/www.encontrasantana.com.br\\\/sobre\\\/\",\"name\":\"Encontra Santana\",\"description\":\"Not\\u00edcias, eventos, informa\\u00e7\\u00f5es e dicas no bairro de Santana e regi\\u00e3o.\",\"inLanguage\":\"pt-BR\",\"publisher\":{\"@id\":\"https:\\\/\\\/www.encontrasantana.com.br\\\/sobre\\\/#organization\"}}]}\n\t\t<\/script>\n\t\t<!-- All in One SEO -->\n\n","aioseo_head_json":{"title":"Santana: festa da Liga das Escolas de Samba de SP ainda tem ingressos \u00e0 venda \u00bb Encontra Santana","description":"Os ingressos para a festa de comemora\u00e7\u00e3o dos 25 anos da Liga Independente das Escolas de Samba de S\u00e3o Paulo e dos 20 anos do Samb\u00f3dromo do Anhembi, na Zona Norte de SP, ainda est\u00e3o \u00e0 venda na capital paulista. A festa acontece na noite desta sexta-feira (19), \u00e0s 21h, no samb\u00f3dromo, e ter\u00e1 shows","canonical_url":"https:\/\/www.encontrasantana.com.br\/sobre\/santana-festa-da-liga-das-escolas-de-samba-de-sp-ainda-tem-ingressos-a-venda\/","robots":"max-image-preview:large","keywords":"","webmasterTools":{"miscellaneous":""},"schema":{"@context":"https:\/\/schema.org","@graph":[{"@type":"Article","@id":"https:\/\/www.encontrasantana.com.br\/sobre\/santana-festa-da-liga-das-escolas-de-samba-de-sp-ainda-tem-ingressos-a-venda\/#article","name":"Santana: festa da Liga das Escolas de Samba de SP ainda tem ingressos \u00e0 venda \u00bb Encontra Santana","headline":"Santana: festa da Liga das Escolas de Samba de SP ainda tem ingressos \u00e0 venda","author":{"@id":"https:\/\/www.encontrasantana.com.br\/sobre\/author\/esantana\/#author"},"publisher":{"@id":"https:\/\/www.encontrasantana.com.br\/sobre\/#organization"},"datePublished":"2011-08-19T15:10:21-03:00","dateModified":"2019-04-15T10:03:05-03:00","inLanguage":"pt-BR","mainEntityOfPage":{"@id":"https:\/\/www.encontrasantana.com.br\/sobre\/santana-festa-da-liga-das-escolas-de-samba-de-sp-ainda-tem-ingressos-a-venda\/#webpage"},"isPartOf":{"@id":"https:\/\/www.encontrasantana.com.br\/sobre\/santana-festa-da-liga-das-escolas-de-samba-de-sp-ainda-tem-ingressos-a-venda\/#webpage"},"articleSection":"Not\u00edcias Santana, Santana"},{"@type":"BreadcrumbList","@id":"https:\/\/www.encontrasantana.com.br\/sobre\/santana-festa-da-liga-das-escolas-de-samba-de-sp-ainda-tem-ingressos-a-venda\/#breadcrumblist","itemListElement":[{"@type":"ListItem","@id":"https:\/\/www.encontrasantana.com.br\/sobre#listItem","position":1,"name":"In\u00edcio","item":"https:\/\/www.encontrasantana.com.br\/sobre","nextItem":{"@type":"ListItem","@id":"https:\/\/www.encontrasantana.com.br\/sobre\/noticias-em-santana\/#listItem","name":"Not\u00edcias Santana"}},{"@type":"ListItem","@id":"https:\/\/www.encontrasantana.com.br\/sobre\/noticias-em-santana\/#listItem","position":2,"name":"Not\u00edcias Santana","item":"https:\/\/www.encontrasantana.com.br\/sobre\/noticias-em-santana\/","nextItem":{"@type":"ListItem","@id":"https:\/\/www.encontrasantana.com.br\/sobre\/santana-festa-da-liga-das-escolas-de-samba-de-sp-ainda-tem-ingressos-a-venda\/#listItem","name":"Santana: festa da Liga das Escolas de Samba de SP ainda tem ingressos \u00e0 venda"},"previousItem":{"@type":"ListItem","@id":"https:\/\/www.encontrasantana.com.br\/sobre#listItem","name":"In\u00edcio"}},{"@type":"ListItem","@id":"https:\/\/www.encontrasantana.com.br\/sobre\/santana-festa-da-liga-das-escolas-de-samba-de-sp-ainda-tem-ingressos-a-venda\/#listItem","position":3,"name":"Santana: festa da Liga das Escolas de Samba de SP ainda tem ingressos \u00e0 venda","previousItem":{"@type":"ListItem","@id":"https:\/\/www.encontrasantana.com.br\/sobre\/noticias-em-santana\/#listItem","name":"Not\u00edcias Santana"}}]},{"@type":"Organization","@id":"https:\/\/www.encontrasantana.com.br\/sobre\/#organization","name":"Encontra Santana","description":"Not\u00edcias, eventos, informa\u00e7\u00f5es e dicas no bairro de Santana e regi\u00e3o.","url":"https:\/\/www.encontrasantana.com.br\/sobre\/"},{"@type":"Person","@id":"https:\/\/www.encontrasantana.com.br\/sobre\/author\/esantana\/#author","url":"https:\/\/www.encontrasantana.com.br\/sobre\/author\/esantana\/","name":"Encontra Santana","image":{"@type":"ImageObject","@id":"https:\/\/www.encontrasantana.com.br\/sobre\/santana-festa-da-liga-das-escolas-de-samba-de-sp-ainda-tem-ingressos-a-venda\/#authorImage","url":"https:\/\/secure.gravatar.com\/avatar\/0fbed662e37531ae23e68f85f9517b2454e50c1dfebf80eb9b721449ac95e0b9?s=96&d=mm&r=g","width":96,"height":96,"caption":"Encontra Santana"}},{"@type":"WebPage","@id":"https:\/\/www.encontrasantana.com.br\/sobre\/santana-festa-da-liga-das-escolas-de-samba-de-sp-ainda-tem-ingressos-a-venda\/#webpage","url":"https:\/\/www.encontrasantana.com.br\/sobre\/santana-festa-da-liga-das-escolas-de-samba-de-sp-ainda-tem-ingressos-a-venda\/","name":"Santana: festa da Liga das Escolas de Samba de SP ainda tem ingressos \u00e0 venda \u00bb Encontra Santana","description":"Os ingressos para a festa de comemora\u00e7\u00e3o dos 25 anos da Liga Independente das Escolas de Samba de S\u00e3o Paulo e dos 20 anos do Samb\u00f3dromo do Anhembi, na Zona Norte de SP, ainda est\u00e3o \u00e0 venda na capital paulista. A festa acontece na noite desta sexta-feira (19), \u00e0s 21h, no samb\u00f3dromo, e ter\u00e1 shows","inLanguage":"pt-BR","isPartOf":{"@id":"https:\/\/www.encontrasantana.com.br\/sobre\/#website"},"breadcrumb":{"@id":"https:\/\/www.encontrasantana.com.br\/sobre\/santana-festa-da-liga-das-escolas-de-samba-de-sp-ainda-tem-ingressos-a-venda\/#breadcrumblist"},"author":{"@id":"https:\/\/www.encontrasantana.com.br\/sobre\/author\/esantana\/#author"},"creator":{"@id":"https:\/\/www.encontrasantana.com.br\/sobre\/author\/esantana\/#author"},"datePublished":"2011-08-19T15:10:21-03:00","dateModified":"2019-04-15T10:03:05-03:00"},{"@type":"WebSite","@id":"https:\/\/www.encontrasantana.com.br\/sobre\/#website","url":"https:\/\/www.encontrasantana.com.br\/sobre\/","name":"Encontra Santana","description":"Not\u00edcias, eventos, informa\u00e7\u00f5es e dicas no bairro de Santana e regi\u00e3o.","inLanguage":"pt-BR","publisher":{"@id":"https:\/\/www.encontrasantana.com.br\/sobre\/#organization"}}]},"og:locale":"pt_BR","og:site_name":"Encontra Santana | Not\u00edcias, eventos, informa\u00e7\u00f5es e dicas no bairro de Santana e regi\u00e3o.","og:type":"article","og:title":"Santana: festa da Liga das Escolas de Samba de SP ainda tem ingressos \u00e0 venda \u00bb Encontra Santana","og:description":"Os ingressos para a festa de comemora\u00e7\u00e3o dos 25 anos da Liga Independente das Escolas de Samba de S\u00e3o Paulo e dos 20 anos do Samb\u00f3dromo do Anhembi, na Zona Norte de SP, ainda est\u00e3o \u00e0 venda na capital paulista. A festa acontece na noite desta sexta-feira (19), \u00e0s 21h, no samb\u00f3dromo, e ter\u00e1 shows","og:url":"https:\/\/www.encontrasantana.com.br\/sobre\/santana-festa-da-liga-das-escolas-de-samba-de-sp-ainda-tem-ingressos-a-venda\/","article:published_time":"2011-08-19T18:10:21+00:00","article:modified_time":"2019-04-15T13:03:05+00:00","twitter:card":"summary","twitter:title":"Santana: festa da Liga das Escolas de Samba de SP ainda tem ingressos \u00e0 venda \u00bb Encontra Santana","twitter:description":"Os ingressos para a festa de comemora\u00e7\u00e3o dos 25 anos da Liga Independente das Escolas de Samba de S\u00e3o Paulo e dos 20 anos do Samb\u00f3dromo do Anhembi, na Zona Norte de SP, ainda est\u00e3o \u00e0 venda na capital paulista. A festa acontece na noite desta sexta-feira (19), \u00e0s 21h, no samb\u00f3dromo, e ter\u00e1 shows"},"aioseo_meta_data":{"post_id":"1257","title":null,"description":null,"keywords":null,"keyphrases":null,"primary_term":null,"canonical_url":null,"og_title":null,"og_description":null,"og_object_type":"default","og_image_type":"default","og_image_url":null,"og_image_width":null,"og_image_height":null,"og_image_custom_url":null,"og_image_custom_fields":null,"og_video":null,"og_custom_url":null,"og_article_section":null,"og_article_tags":null,"twitter_use_og":false,"twitter_card":"default","twitter_image_type":"default","twitter_image_url":null,"twitter_image_custom_url":null,"twitter_image_custom_fields":null,"twitter_title":null,"twitter_description":null,"schema":{"blockGraphs":[],"customGraphs":[],"default":{"data":{"Article":[],"Course":[],"Dataset":[],"FAQPage":[],"Movie":[],"Person":[],"Product":[],"ProductReview":[],"Car":[],"Recipe":[],"Service":[],"SoftwareApplication":[],"WebPage":[]},"graphName":"Article","isEnabled":true},"graphs":[]},"schema_type":null,"schema_type_options":null,"pillar_content":false,"robots_default":true,"robots_noindex":false,"robots_noarchive":false,"robots_nosnippet":false,"robots_nofollow":false,"robots_noimageindex":false,"robots_noodp":false,"robots_notranslate":false,"robots_max_snippet":null,"robots_max_videopreview":null,"robots_max_imagepreview":"large","priority":null,"frequency":null,"local_seo":null,"limit_modified_date":false,"created":"2021-04-20 23:34:05","updated":"2026-08-06 09:25:30","focus_keyword":null,"additional_keywords":null,"truseo_locale":null,"ai":null,"breadcrumb_settings":null,"seo_analyzer_scan_date":null},"aioseo_breadcrumb":"<div class=\"aioseo-breadcrumbs\"><span class=\"aioseo-breadcrumb\">\n\t\t\t<a href=\"https:\/\/www.encontrasantana.com.br\/sobre\" title=\"In\u00edcio\">In\u00edcio<\/a>\n\t\t<\/span><span class=\"aioseo-breadcrumb-separator\">&raquo;<\/span><span class=\"aioseo-breadcrumb\">\n\t\t\t<a href=\"https:\/\/www.encontrasantana.com.br\/sobre\/noticias-em-santana\/\" title=\"Not\u00edcias Santana\">Not\u00edcias Santana<\/a>\n\t\t<\/span><span class=\"aioseo-breadcrumb-separator\">&raquo;<\/span><span class=\"aioseo-breadcrumb\">\n\t\t\tSantana: festa da Liga das Escolas de Samba de SP ainda tem ingressos \u00e0 venda\n\t\t<\/span><\/div>","aioseo_breadcrumb_json":[{"label":"In\u00edcio","link":"https:\/\/www.encontrasantana.com.br\/sobre"},{"label":"Not\u00edcias Santana","link":"https:\/\/www.encontrasantana.com.br\/sobre\/noticias-em-santana\/"},{"label":"Santana: festa da Liga das Escolas de Samba de SP ainda tem ingressos \u00e0 venda","link":"https:\/\/www.encontrasantana.com.br\/sobre\/santana-festa-da-liga-das-escolas-de-samba-de-sp-ainda-tem-ingressos-a-venda\/"}],"_links":{"self":[{"href":"https:\/\/www.encontrasantana.com.br\/sobre\/wp-json\/wp\/v2\/posts\/1257","targetHints":{"allow":["GET"]}}],"collection":[{"href":"https:\/\/www.encontrasantana.com.br\/sobre\/wp-json\/wp\/v2\/posts"}],"about":[{"href":"https:\/\/www.encontrasantana.com.br\/sobre\/wp-json\/wp\/v2\/types\/post"}],"author":[{"embeddable":true,"href":"https:\/\/www.encontrasantana.com.br\/sobre\/wp-json\/wp\/v2\/users\/1"}],"replies":[{"embeddable":true,"href":"https:\/\/www.encontrasantana.com.br\/sobre\/wp-json\/wp\/v2\/comments?post=1257"}],"version-history":[{"count":0,"href":"https:\/\/www.encontrasantana.com.br\/sobre\/wp-json\/wp\/v2\/posts\/1257\/revisions"}],"wp:attachment":[{"href":"https:\/\/www.encontrasantana.com.br\/sobre\/wp-json\/wp\/v2\/media?parent=1257"}],"wp:term":[{"taxonomy":"category","embeddable":true,"href":"https:\/\/www.encontrasantana.com.br\/sobre\/wp-json\/wp\/v2\/categories?post=1257"},{"taxonomy":"post_tag","embeddable":true,"href":"https:\/\/www.encontrasantana.com.br\/sobre\/wp-json\/wp\/v2\/tags?post=1257"}],"curies":[{"name":"wp","href":"https:\/\/api.w.org\/{rel}","templated":true}]}}