{"id":1268,"date":"2011-08-22T13:57:15","date_gmt":"2011-08-22T16:57:15","guid":{"rendered":"http:\/\/www.encontrasantana.com.br\/blog\/?p=1268"},"modified":"2019-04-15T10:03:04","modified_gmt":"2019-04-15T13:03:04","slug":"santana-responsaveis-por-show-em-que-camarote-caiu-devem-ser-ouvidos-nesta-segunda-feira","status":"publish","type":"post","link":"https:\/\/www.encontrasantana.com.br\/sobre\/santana-responsaveis-por-show-em-que-camarote-caiu-devem-ser-ouvidos-nesta-segunda-feira\/","title":{"rendered":"Santana: respons\u00e1veis por show em que camarote caiu devem ser ouvidos nesta segunda-feira"},"content":{"rendered":"<div class=\"1acf8468e559fd3cbeec5aee3a269a52\" data-index=\"1\" style=\"float: none; margin:0px;\">\n<!-- Anuncio display - global -->\r\n<ins class=\"adsbygoogle\"\r\n     style=\"display:block\"\r\n     data-ad-client=\"ca-pub-8585364105181520\"\r\n     data-ad-slot=\"8789329856\"\r\n     data-ad-format=\"auto\"\r\n     data-full-width-responsive=\"true\"><\/ins>\r\n<script>\r\n     (adsbygoogle = window.adsbygoogle || []).push({});\r\n<\/script>\n<\/div>\n<p>Os respons\u00e1veis pelo evento no qual parte de um camarote desabou deixando dezenas de pessoas feridas na noite deste s\u00e1bado (20), na <a href=\"http:\/\/www.encontrasantana.com.br\/santana\/anhembi-em-santana.shtml\" target=\"_blank\">Arena Anhembi<\/a>, bairro de Santana, devem ser ouvidos pela pol\u00edcia nesta segunda-feira (22). O acidente, que aconteceu durante um show da cantora Ivete Sangalo, feriu 35 pessoas, segundo o Corpo de Bombeiros. J\u00e1 a organiza\u00e7\u00e3o do evento informou que 48 f\u00e3s tiveram ferimentos leves.<\/p>\n<p>O inqu\u00e9rito policial indica que houve sobrecarga em parte da estrutura do camarote porque muitas pessoas se deslocaram para o mesmo ponto quando o show come\u00e7ou. Segundo a organiza\u00e7\u00e3o, n\u00e3o havia excesso de pessoas, uma vez que o espa\u00e7o tem capacidade para 5.000 pessoas e havia apenas 3.000 no momento do desabamento. A empresa informou tamb\u00e9m que possu\u00eda todos os alvar\u00e1 necess\u00e1rios para o funcionamento do evento.<\/p>\n<p>Um perito do n\u00facleo de engenharia do Instituto de Criminal\u00edstica de S\u00e3o Paulo visitou, na manh\u00e3 deste domingo (21), o local. O laudo oficial com as causas do acidente deve ficar pronto em 30 dias, segundo a Secretaria de Seguran\u00e7a P\u00fablica.<\/p>\n<p>Dezenas de v\u00edtimas foram encaminhadas para tr\u00eas hospitais da regi\u00e3o: o hospital Doutor Lauro Ribas Braga, O Hospital Municipal Pronto Socorro de Santana e Hospital Estadual do Mandaqui. Todos j\u00e1 haviam sido liberados neste domingo.<\/p>\n<p>Ivete Sangalo publicou uma mensagem de solidariedade aos f\u00e3s no Twitter na madrugada ap\u00f3s o show. Ela disse que estava indo dormir e queria deixar \u201co meu beijo e minhas ora\u00e7\u00f5es \u00e0queles que estavam em meio ao q [sic] aconteceu no camarote. Meu respeito e meu carinho\u201d.<\/p>\n<p>O propriet\u00e1rio da empresa respons\u00e1vel pelo show, Jos\u00e9 Oscar Hildebrand, disse que alugou o espa\u00e7o na Arena Anhembi para fazer o show e contratou uma empresa para a montagem do camarote.<\/p>\n<p><em>Fonte: R7<\/em><\/p>\n\n<div style=\"font-size: 0px; height: 0px; line-height: 0px; margin: 0; padding: 0; clear: both;\"><\/div>","protected":false},"excerpt":{"rendered":"<p>Os respons\u00e1veis pelo evento no qual parte de um camarote desabou deixando dezenas de pessoas feridas na noite deste s\u00e1bado (20), na Arena Anhembi, bairro de Santana, devem ser ouvidos pela pol\u00edcia nesta segunda-feira (22). O acidente, que aconteceu durante um show da cantora Ivete Sangalo, feriu 35 pessoas, segundo o Corpo de Bombeiros. J\u00e1 a organiza\u00e7\u00e3o do evento informou que 48 f\u00e3s tiveram ferimentos leves. O inqu\u00e9rito policial indica que houve sobrecarga em parte da estrutura do camarote porque muitas pessoas se deslocaram para o mesmo ponto quando o show come\u00e7ou. Segundo a organiza\u00e7\u00e3o, n\u00e3o havia excesso de pessoas, <\/p>\n","protected":false},"author":1,"featured_media":0,"comment_status":"open","ping_status":"closed","sticky":false,"template":"","format":"standard","meta":{"footnotes":""},"categories":[3],"tags":[10],"class_list":["post-1268","post","type-post","status-publish","format-standard","hentry","category-noticias-em-santana","tag-santana"],"aioseo_notices":[],"_links":{"self":[{"href":"https:\/\/www.encontrasantana.com.br\/sobre\/wp-json\/wp\/v2\/posts\/1268"}],"collection":[{"href":"https:\/\/www.encontrasantana.com.br\/sobre\/wp-json\/wp\/v2\/posts"}],"about":[{"href":"https:\/\/www.encontrasantana.com.br\/sobre\/wp-json\/wp\/v2\/types\/post"}],"author":[{"embeddable":true,"href":"https:\/\/www.encontrasantana.com.br\/sobre\/wp-json\/wp\/v2\/users\/1"}],"replies":[{"embeddable":true,"href":"https:\/\/www.encontrasantana.com.br\/sobre\/wp-json\/wp\/v2\/comments?post=1268"}],"version-history":[{"count":0,"href":"https:\/\/www.encontrasantana.com.br\/sobre\/wp-json\/wp\/v2\/posts\/1268\/revisions"}],"wp:attachment":[{"href":"https:\/\/www.encontrasantana.com.br\/sobre\/wp-json\/wp\/v2\/media?parent=1268"}],"wp:term":[{"taxonomy":"category","embeddable":true,"href":"https:\/\/www.encontrasantana.com.br\/sobre\/wp-json\/wp\/v2\/categories?post=1268"},{"taxonomy":"post_tag","embeddable":true,"href":"https:\/\/www.encontrasantana.com.br\/sobre\/wp-json\/wp\/v2\/tags?post=1268"}],"curies":[{"name":"wp","href":"https:\/\/api.w.org\/{rel}","templated":true}]}}