{"id":127,"date":"2009-09-25T18:32:18","date_gmt":"2009-09-25T21:32:18","guid":{"rendered":"http:\/\/www.encontrasantana.com.br\/blog\/?p=127"},"modified":"2019-04-15T10:06:09","modified_gmt":"2019-04-15T13:06:09","slug":"conselho-do-meio-ambiente-tem-eleicao-na-subprefeitura-santanatucuruvi","status":"publish","type":"post","link":"https:\/\/www.encontrasantana.com.br\/sobre\/conselho-do-meio-ambiente-tem-eleicao-na-subprefeitura-santanatucuruvi\/","title":{"rendered":"Conselho do Meio Ambiente tem elei\u00e7\u00e3o na Subprefeitura Santana\/Tucuruvi"},"content":{"rendered":"<div class=\"1acf8468e559fd3cbeec5aee3a269a52\" data-index=\"1\" style=\"float: none; margin:0px;\">\n<!-- Anuncio display - global -->\r\n<ins class=\"adsbygoogle\"\r\n     style=\"display:block\"\r\n     data-ad-client=\"ca-pub-8585364105181520\"\r\n     data-ad-slot=\"8789329856\"\r\n     data-ad-format=\"auto\"\r\n     data-full-width-responsive=\"true\"><\/ins>\r\n<script>\r\n     (adsbygoogle = window.adsbygoogle || []).push({});\r\n<\/script>\n<\/div>\n<p>A Subprefeitura Santana\/Tucuruvi eleger\u00e1 seus candidatos ao Conselho Regional do  Meio Ambiente, Desenvolvimento Sustent\u00e1vel e Cultura de Paz no pr\u00f3ximo domingo,  27, das 9 \u00e0s 16h, em sua sede, \u00e0 Av. Tucuruvi, 808.<\/p>\n<p>A fun\u00e7\u00e3o do Conselho \u00e9 discutir as quest\u00f5es ambientais da regi\u00e3o administrativa  a que pertence e propor a\u00e7\u00f5es de interesse da comunidade. O mandato dos  conselheiros e dos suplentes ser\u00e1 por per\u00edodo de dois anos e n\u00e3o contar\u00e1 com  remunera\u00e7\u00e3o e benef\u00edcios de qualquer esp\u00e9cie.<\/p>\n<p><strong>Como votar<\/strong><\/p>\n<p>Para eleger seu candidato, basta ser maior de 16 anos e morar ou trabalhar nos  distritos que comp\u00f5e a Subprefeitura (Santana, Tucuruvi e Mandaqui). Os  eleitores devem comparecer \u00e0 Subprefeitura munidos de documento com foto e  comprovante de resid\u00eancia ou trabalho, na data da elei\u00e7\u00e3o.<\/p>\n<p><strong>Diversas Atividades na Pra\u00e7a de Atendimento<\/strong><\/p>\n<p>A Subprefeitura programou, para o dia da elei\u00e7\u00e3o, diversas atividades culturais  e de entretenimento. Na \u00e1rea externa da Subprefeitura haver\u00e1 feira de artesanato  e alimenta\u00e7\u00e3o, al\u00e9m de aferi\u00e7\u00e3o de press\u00e3o, testes de glicemia, massagem  terap\u00eautica, limpeza de pele e oficina de dan\u00e7a circular.<\/p>\n<p>No audit\u00f3rio da Subprefeitura ser\u00e3o apresentados filmes sobre o Meio Ambiente,  al\u00e9m de apresenta\u00e7\u00e3o de um grupo de tocadores de viol\u00e3o e sarau de poesia<br \/>\n<\/span><\/p>\n<p><span style=\"font-family: Arial; font-size: x-small;\"><strong>SERVI\u00c7O<\/strong><\/p>\n<p>Evento: Elei\u00e7\u00e3o do Conselho do Meio Ambiente, Desenvolvimento Sustent\u00e1vel e  Cultura de Paz<br \/>\nLocal: Subprefeitura Santana\/Tucuruvi &#8211; Av. Tucuruvi, 808 &#8211; T\u00e9rreo<br \/>\nData: 27 de Setembro, Domingo<br \/>\nHor\u00e1rio: das 9 \u00e0s 16h<\/span><\/p>\n<p><em>Fonte: Subprefeitura Santana\/Tucuruvi<\/em><\/p>\n\n<div style=\"font-size: 0px; height: 0px; line-height: 0px; margin: 0; padding: 0; clear: both;\"><\/div>","protected":false},"excerpt":{"rendered":"<p>A Subprefeitura Santana\/Tucuruvi eleger\u00e1 seus candidatos ao Conselho Regional do Meio Ambiente, Desenvolvimento Sustent\u00e1vel e Cultura de Paz no pr\u00f3ximo domingo, 27, das 9 \u00e0s 16h, em sua sede, \u00e0 Av. Tucuruvi, 808. A fun\u00e7\u00e3o do Conselho \u00e9 discutir as quest\u00f5es ambientais da regi\u00e3o administrativa a que pertence e propor a\u00e7\u00f5es de interesse da comunidade. O mandato dos conselheiros e dos suplentes ser\u00e1 por per\u00edodo de dois anos e n\u00e3o contar\u00e1 com remunera\u00e7\u00e3o e benef\u00edcios de qualquer esp\u00e9cie. Como votar Para eleger seu candidato, basta ser maior de 16 anos e morar ou trabalhar nos distritos que comp\u00f5e a Subprefeitura <\/p>\n","protected":false},"author":1,"featured_media":0,"comment_status":"open","ping_status":"closed","sticky":false,"template":"","format":"standard","meta":{"footnotes":""},"categories":[3],"tags":[],"class_list":["post-127","post","type-post","status-publish","format-standard","hentry","category-noticias-em-santana"],"aioseo_notices":[],"aioseo_head":"\n\t\t<!-- All in One SEO 5.0.0.1 - aioseo.com -->\n\t<meta name=\"description\" content=\"A Subprefeitura Santana\/Tucuruvi eleger\u00e1 seus candidatos ao Conselho Regional do Meio Ambiente, Desenvolvimento Sustent\u00e1vel e Cultura de Paz no pr\u00f3ximo domingo, 27, das 9 \u00e0s 16h, em sua sede, \u00e0 Av. Tucuruvi, 808. A fun\u00e7\u00e3o do Conselho \u00e9 discutir as quest\u00f5es ambientais da regi\u00e3o administrativa a que pertence e propor a\u00e7\u00f5es de interesse da comunidade.\" \/>\n\t<meta name=\"robots\" content=\"max-image-preview:large\" \/>\n\t<meta name=\"author\" content=\"Encontra Santana\"\/>\n\t<link rel=\"canonical\" href=\"https:\/\/www.encontrasantana.com.br\/sobre\/conselho-do-meio-ambiente-tem-eleicao-na-subprefeitura-santanatucuruvi\/\" \/>\n\t<meta name=\"generator\" content=\"All in One SEO (AIOSEO) 5.0.0.1\" \/>\n\t\t<meta property=\"og:locale\" content=\"pt_BR\" \/>\n\t\t<meta property=\"og:site_name\" content=\"Encontra Santana | Not\u00edcias, eventos, informa\u00e7\u00f5es e dicas no bairro de Santana e regi\u00e3o.\" \/>\n\t\t<meta property=\"og:type\" content=\"article\" \/>\n\t\t<meta property=\"og:title\" content=\"Conselho do Meio Ambiente tem elei\u00e7\u00e3o na Subprefeitura Santana\/Tucuruvi \u00bb Encontra Santana\" \/>\n\t\t<meta property=\"og:description\" content=\"A Subprefeitura Santana\/Tucuruvi eleger\u00e1 seus candidatos ao Conselho Regional do Meio Ambiente, Desenvolvimento Sustent\u00e1vel e Cultura de Paz no pr\u00f3ximo domingo, 27, das 9 \u00e0s 16h, em sua sede, \u00e0 Av. Tucuruvi, 808. A fun\u00e7\u00e3o do Conselho \u00e9 discutir as quest\u00f5es ambientais da regi\u00e3o administrativa a que pertence e propor a\u00e7\u00f5es de interesse da comunidade.\" \/>\n\t\t<meta property=\"og:url\" content=\"https:\/\/www.encontrasantana.com.br\/sobre\/conselho-do-meio-ambiente-tem-eleicao-na-subprefeitura-santanatucuruvi\/\" \/>\n\t\t<meta property=\"article:published_time\" content=\"2009-09-25T21:32:18+00:00\" \/>\n\t\t<meta property=\"article:modified_time\" content=\"2019-04-15T13:06:09+00:00\" \/>\n\t\t<meta name=\"twitter:card\" content=\"summary\" \/>\n\t\t<meta name=\"twitter:title\" content=\"Conselho do Meio Ambiente tem elei\u00e7\u00e3o na Subprefeitura Santana\/Tucuruvi \u00bb Encontra Santana\" \/>\n\t\t<meta name=\"twitter:description\" content=\"A Subprefeitura Santana\/Tucuruvi eleger\u00e1 seus candidatos ao Conselho Regional do Meio Ambiente, Desenvolvimento Sustent\u00e1vel e Cultura de Paz no pr\u00f3ximo domingo, 27, das 9 \u00e0s 16h, em sua sede, \u00e0 Av. Tucuruvi, 808. A fun\u00e7\u00e3o do Conselho \u00e9 discutir as quest\u00f5es ambientais da regi\u00e3o administrativa a que pertence e propor a\u00e7\u00f5es de interesse da comunidade.\" \/>\n\t\t<script type=\"application\/ld+json\" class=\"aioseo-schema\">\n\t\t\t{\"@context\":\"https:\\\/\\\/schema.org\",\"@graph\":[{\"@type\":\"Article\",\"@id\":\"https:\\\/\\\/www.encontrasantana.com.br\\\/sobre\\\/conselho-do-meio-ambiente-tem-eleicao-na-subprefeitura-santanatucuruvi\\\/#article\",\"name\":\"Conselho do Meio Ambiente tem elei\\u00e7\\u00e3o na Subprefeitura Santana\\\/Tucuruvi \\u00bb Encontra Santana\",\"headline\":\"Conselho do Meio Ambiente tem elei\\u00e7\\u00e3o na Subprefeitura Santana\\\/Tucuruvi\",\"author\":{\"@id\":\"https:\\\/\\\/www.encontrasantana.com.br\\\/sobre\\\/author\\\/esantana\\\/#author\"},\"publisher\":{\"@id\":\"https:\\\/\\\/www.encontrasantana.com.br\\\/sobre\\\/#organization\"},\"datePublished\":\"2009-09-25T18:32:18-03:00\",\"dateModified\":\"2019-04-15T10:06:09-03:00\",\"inLanguage\":\"pt-BR\",\"mainEntityOfPage\":{\"@id\":\"https:\\\/\\\/www.encontrasantana.com.br\\\/sobre\\\/conselho-do-meio-ambiente-tem-eleicao-na-subprefeitura-santanatucuruvi\\\/#webpage\"},\"isPartOf\":{\"@id\":\"https:\\\/\\\/www.encontrasantana.com.br\\\/sobre\\\/conselho-do-meio-ambiente-tem-eleicao-na-subprefeitura-santanatucuruvi\\\/#webpage\"},\"articleSection\":\"Not\\u00edcias Santana\"},{\"@type\":\"BreadcrumbList\",\"@id\":\"https:\\\/\\\/www.encontrasantana.com.br\\\/sobre\\\/conselho-do-meio-ambiente-tem-eleicao-na-subprefeitura-santanatucuruvi\\\/#breadcrumblist\",\"itemListElement\":[{\"@type\":\"ListItem\",\"@id\":\"https:\\\/\\\/www.encontrasantana.com.br\\\/sobre#listItem\",\"position\":1,\"name\":\"In\\u00edcio\",\"item\":\"https:\\\/\\\/www.encontrasantana.com.br\\\/sobre\",\"nextItem\":{\"@type\":\"ListItem\",\"@id\":\"https:\\\/\\\/www.encontrasantana.com.br\\\/sobre\\\/noticias-em-santana\\\/#listItem\",\"name\":\"Not\\u00edcias Santana\"}},{\"@type\":\"ListItem\",\"@id\":\"https:\\\/\\\/www.encontrasantana.com.br\\\/sobre\\\/noticias-em-santana\\\/#listItem\",\"position\":2,\"name\":\"Not\\u00edcias Santana\",\"item\":\"https:\\\/\\\/www.encontrasantana.com.br\\\/sobre\\\/noticias-em-santana\\\/\",\"nextItem\":{\"@type\":\"ListItem\",\"@id\":\"https:\\\/\\\/www.encontrasantana.com.br\\\/sobre\\\/conselho-do-meio-ambiente-tem-eleicao-na-subprefeitura-santanatucuruvi\\\/#listItem\",\"name\":\"Conselho do Meio Ambiente tem elei\\u00e7\\u00e3o na Subprefeitura Santana\\\/Tucuruvi\"},\"previousItem\":{\"@type\":\"ListItem\",\"@id\":\"https:\\\/\\\/www.encontrasantana.com.br\\\/sobre#listItem\",\"name\":\"In\\u00edcio\"}},{\"@type\":\"ListItem\",\"@id\":\"https:\\\/\\\/www.encontrasantana.com.br\\\/sobre\\\/conselho-do-meio-ambiente-tem-eleicao-na-subprefeitura-santanatucuruvi\\\/#listItem\",\"position\":3,\"name\":\"Conselho do Meio Ambiente tem elei\\u00e7\\u00e3o na Subprefeitura Santana\\\/Tucuruvi\",\"previousItem\":{\"@type\":\"ListItem\",\"@id\":\"https:\\\/\\\/www.encontrasantana.com.br\\\/sobre\\\/noticias-em-santana\\\/#listItem\",\"name\":\"Not\\u00edcias Santana\"}}]},{\"@type\":\"Organization\",\"@id\":\"https:\\\/\\\/www.encontrasantana.com.br\\\/sobre\\\/#organization\",\"name\":\"Encontra Santana\",\"description\":\"Not\\u00edcias, eventos, informa\\u00e7\\u00f5es e dicas no bairro de Santana e regi\\u00e3o.\",\"url\":\"https:\\\/\\\/www.encontrasantana.com.br\\\/sobre\\\/\"},{\"@type\":\"Person\",\"@id\":\"https:\\\/\\\/www.encontrasantana.com.br\\\/sobre\\\/author\\\/esantana\\\/#author\",\"url\":\"https:\\\/\\\/www.encontrasantana.com.br\\\/sobre\\\/author\\\/esantana\\\/\",\"name\":\"Encontra Santana\",\"image\":{\"@type\":\"ImageObject\",\"@id\":\"https:\\\/\\\/www.encontrasantana.com.br\\\/sobre\\\/conselho-do-meio-ambiente-tem-eleicao-na-subprefeitura-santanatucuruvi\\\/#authorImage\",\"url\":\"https:\\\/\\\/secure.gravatar.com\\\/avatar\\\/0fbed662e37531ae23e68f85f9517b2454e50c1dfebf80eb9b721449ac95e0b9?s=96&d=mm&r=g\",\"width\":96,\"height\":96,\"caption\":\"Encontra Santana\"}},{\"@type\":\"WebPage\",\"@id\":\"https:\\\/\\\/www.encontrasantana.com.br\\\/sobre\\\/conselho-do-meio-ambiente-tem-eleicao-na-subprefeitura-santanatucuruvi\\\/#webpage\",\"url\":\"https:\\\/\\\/www.encontrasantana.com.br\\\/sobre\\\/conselho-do-meio-ambiente-tem-eleicao-na-subprefeitura-santanatucuruvi\\\/\",\"name\":\"Conselho do Meio Ambiente tem elei\\u00e7\\u00e3o na Subprefeitura Santana\\\/Tucuruvi \\u00bb Encontra Santana\",\"description\":\"A Subprefeitura Santana\\\/Tucuruvi eleger\\u00e1 seus candidatos ao Conselho Regional do Meio Ambiente, Desenvolvimento Sustent\\u00e1vel e Cultura de Paz no pr\\u00f3ximo domingo, 27, das 9 \\u00e0s 16h, em sua sede, \\u00e0 Av. Tucuruvi, 808. A fun\\u00e7\\u00e3o do Conselho \\u00e9 discutir as quest\\u00f5es ambientais da regi\\u00e3o administrativa a que pertence e propor a\\u00e7\\u00f5es de interesse da comunidade.\",\"inLanguage\":\"pt-BR\",\"isPartOf\":{\"@id\":\"https:\\\/\\\/www.encontrasantana.com.br\\\/sobre\\\/#website\"},\"breadcrumb\":{\"@id\":\"https:\\\/\\\/www.encontrasantana.com.br\\\/sobre\\\/conselho-do-meio-ambiente-tem-eleicao-na-subprefeitura-santanatucuruvi\\\/#breadcrumblist\"},\"author\":{\"@id\":\"https:\\\/\\\/www.encontrasantana.com.br\\\/sobre\\\/author\\\/esantana\\\/#author\"},\"creator\":{\"@id\":\"https:\\\/\\\/www.encontrasantana.com.br\\\/sobre\\\/author\\\/esantana\\\/#author\"},\"datePublished\":\"2009-09-25T18:32:18-03:00\",\"dateModified\":\"2019-04-15T10:06:09-03:00\"},{\"@type\":\"WebSite\",\"@id\":\"https:\\\/\\\/www.encontrasantana.com.br\\\/sobre\\\/#website\",\"url\":\"https:\\\/\\\/www.encontrasantana.com.br\\\/sobre\\\/\",\"name\":\"Encontra Santana\",\"description\":\"Not\\u00edcias, eventos, informa\\u00e7\\u00f5es e dicas no bairro de Santana e regi\\u00e3o.\",\"inLanguage\":\"pt-BR\",\"publisher\":{\"@id\":\"https:\\\/\\\/www.encontrasantana.com.br\\\/sobre\\\/#organization\"}}]}\n\t\t<\/script>\n\t\t<!-- All in One SEO -->\n\n","aioseo_head_json":{"title":"Conselho do Meio Ambiente tem elei\u00e7\u00e3o na Subprefeitura Santana\/Tucuruvi \u00bb Encontra Santana","description":"A Subprefeitura Santana\/Tucuruvi eleger\u00e1 seus candidatos ao Conselho Regional do Meio Ambiente, Desenvolvimento Sustent\u00e1vel e Cultura de Paz no pr\u00f3ximo domingo, 27, das 9 \u00e0s 16h, em sua sede, \u00e0 Av. Tucuruvi, 808. A fun\u00e7\u00e3o do Conselho \u00e9 discutir as quest\u00f5es ambientais da regi\u00e3o administrativa a que pertence e propor a\u00e7\u00f5es de interesse da comunidade.","canonical_url":"https:\/\/www.encontrasantana.com.br\/sobre\/conselho-do-meio-ambiente-tem-eleicao-na-subprefeitura-santanatucuruvi\/","robots":"max-image-preview:large","keywords":"","webmasterTools":{"miscellaneous":""},"schema":{"@context":"https:\/\/schema.org","@graph":[{"@type":"Article","@id":"https:\/\/www.encontrasantana.com.br\/sobre\/conselho-do-meio-ambiente-tem-eleicao-na-subprefeitura-santanatucuruvi\/#article","name":"Conselho do Meio Ambiente tem elei\u00e7\u00e3o na Subprefeitura Santana\/Tucuruvi \u00bb Encontra Santana","headline":"Conselho do Meio Ambiente tem elei\u00e7\u00e3o na Subprefeitura Santana\/Tucuruvi","author":{"@id":"https:\/\/www.encontrasantana.com.br\/sobre\/author\/esantana\/#author"},"publisher":{"@id":"https:\/\/www.encontrasantana.com.br\/sobre\/#organization"},"datePublished":"2009-09-25T18:32:18-03:00","dateModified":"2019-04-15T10:06:09-03:00","inLanguage":"pt-BR","mainEntityOfPage":{"@id":"https:\/\/www.encontrasantana.com.br\/sobre\/conselho-do-meio-ambiente-tem-eleicao-na-subprefeitura-santanatucuruvi\/#webpage"},"isPartOf":{"@id":"https:\/\/www.encontrasantana.com.br\/sobre\/conselho-do-meio-ambiente-tem-eleicao-na-subprefeitura-santanatucuruvi\/#webpage"},"articleSection":"Not\u00edcias Santana"},{"@type":"BreadcrumbList","@id":"https:\/\/www.encontrasantana.com.br\/sobre\/conselho-do-meio-ambiente-tem-eleicao-na-subprefeitura-santanatucuruvi\/#breadcrumblist","itemListElement":[{"@type":"ListItem","@id":"https:\/\/www.encontrasantana.com.br\/sobre#listItem","position":1,"name":"In\u00edcio","item":"https:\/\/www.encontrasantana.com.br\/sobre","nextItem":{"@type":"ListItem","@id":"https:\/\/www.encontrasantana.com.br\/sobre\/noticias-em-santana\/#listItem","name":"Not\u00edcias Santana"}},{"@type":"ListItem","@id":"https:\/\/www.encontrasantana.com.br\/sobre\/noticias-em-santana\/#listItem","position":2,"name":"Not\u00edcias Santana","item":"https:\/\/www.encontrasantana.com.br\/sobre\/noticias-em-santana\/","nextItem":{"@type":"ListItem","@id":"https:\/\/www.encontrasantana.com.br\/sobre\/conselho-do-meio-ambiente-tem-eleicao-na-subprefeitura-santanatucuruvi\/#listItem","name":"Conselho do Meio Ambiente tem elei\u00e7\u00e3o na Subprefeitura Santana\/Tucuruvi"},"previousItem":{"@type":"ListItem","@id":"https:\/\/www.encontrasantana.com.br\/sobre#listItem","name":"In\u00edcio"}},{"@type":"ListItem","@id":"https:\/\/www.encontrasantana.com.br\/sobre\/conselho-do-meio-ambiente-tem-eleicao-na-subprefeitura-santanatucuruvi\/#listItem","position":3,"name":"Conselho do Meio Ambiente tem elei\u00e7\u00e3o na Subprefeitura Santana\/Tucuruvi","previousItem":{"@type":"ListItem","@id":"https:\/\/www.encontrasantana.com.br\/sobre\/noticias-em-santana\/#listItem","name":"Not\u00edcias Santana"}}]},{"@type":"Organization","@id":"https:\/\/www.encontrasantana.com.br\/sobre\/#organization","name":"Encontra Santana","description":"Not\u00edcias, eventos, informa\u00e7\u00f5es e dicas no bairro de Santana e regi\u00e3o.","url":"https:\/\/www.encontrasantana.com.br\/sobre\/"},{"@type":"Person","@id":"https:\/\/www.encontrasantana.com.br\/sobre\/author\/esantana\/#author","url":"https:\/\/www.encontrasantana.com.br\/sobre\/author\/esantana\/","name":"Encontra Santana","image":{"@type":"ImageObject","@id":"https:\/\/www.encontrasantana.com.br\/sobre\/conselho-do-meio-ambiente-tem-eleicao-na-subprefeitura-santanatucuruvi\/#authorImage","url":"https:\/\/secure.gravatar.com\/avatar\/0fbed662e37531ae23e68f85f9517b2454e50c1dfebf80eb9b721449ac95e0b9?s=96&d=mm&r=g","width":96,"height":96,"caption":"Encontra Santana"}},{"@type":"WebPage","@id":"https:\/\/www.encontrasantana.com.br\/sobre\/conselho-do-meio-ambiente-tem-eleicao-na-subprefeitura-santanatucuruvi\/#webpage","url":"https:\/\/www.encontrasantana.com.br\/sobre\/conselho-do-meio-ambiente-tem-eleicao-na-subprefeitura-santanatucuruvi\/","name":"Conselho do Meio Ambiente tem elei\u00e7\u00e3o na Subprefeitura Santana\/Tucuruvi \u00bb Encontra Santana","description":"A Subprefeitura Santana\/Tucuruvi eleger\u00e1 seus candidatos ao Conselho Regional do Meio Ambiente, Desenvolvimento Sustent\u00e1vel e Cultura de Paz no pr\u00f3ximo domingo, 27, das 9 \u00e0s 16h, em sua sede, \u00e0 Av. Tucuruvi, 808. A fun\u00e7\u00e3o do Conselho \u00e9 discutir as quest\u00f5es ambientais da regi\u00e3o administrativa a que pertence e propor a\u00e7\u00f5es de interesse da comunidade.","inLanguage":"pt-BR","isPartOf":{"@id":"https:\/\/www.encontrasantana.com.br\/sobre\/#website"},"breadcrumb":{"@id":"https:\/\/www.encontrasantana.com.br\/sobre\/conselho-do-meio-ambiente-tem-eleicao-na-subprefeitura-santanatucuruvi\/#breadcrumblist"},"author":{"@id":"https:\/\/www.encontrasantana.com.br\/sobre\/author\/esantana\/#author"},"creator":{"@id":"https:\/\/www.encontrasantana.com.br\/sobre\/author\/esantana\/#author"},"datePublished":"2009-09-25T18:32:18-03:00","dateModified":"2019-04-15T10:06:09-03:00"},{"@type":"WebSite","@id":"https:\/\/www.encontrasantana.com.br\/sobre\/#website","url":"https:\/\/www.encontrasantana.com.br\/sobre\/","name":"Encontra Santana","description":"Not\u00edcias, eventos, informa\u00e7\u00f5es e dicas no bairro de Santana e regi\u00e3o.","inLanguage":"pt-BR","publisher":{"@id":"https:\/\/www.encontrasantana.com.br\/sobre\/#organization"}}]},"og:locale":"pt_BR","og:site_name":"Encontra Santana | Not\u00edcias, eventos, informa\u00e7\u00f5es e dicas no bairro de Santana e regi\u00e3o.","og:type":"article","og:title":"Conselho do Meio Ambiente tem elei\u00e7\u00e3o na Subprefeitura Santana\/Tucuruvi \u00bb Encontra Santana","og:description":"A Subprefeitura Santana\/Tucuruvi eleger\u00e1 seus candidatos ao Conselho Regional do Meio Ambiente, Desenvolvimento Sustent\u00e1vel e Cultura de Paz no pr\u00f3ximo domingo, 27, das 9 \u00e0s 16h, em sua sede, \u00e0 Av. Tucuruvi, 808. A fun\u00e7\u00e3o do Conselho \u00e9 discutir as quest\u00f5es ambientais da regi\u00e3o administrativa a que pertence e propor a\u00e7\u00f5es de interesse da comunidade.","og:url":"https:\/\/www.encontrasantana.com.br\/sobre\/conselho-do-meio-ambiente-tem-eleicao-na-subprefeitura-santanatucuruvi\/","article:published_time":"2009-09-25T21:32:18+00:00","article:modified_time":"2019-04-15T13:06:09+00:00","twitter:card":"summary","twitter:title":"Conselho do Meio Ambiente tem elei\u00e7\u00e3o na Subprefeitura Santana\/Tucuruvi \u00bb Encontra Santana","twitter:description":"A Subprefeitura Santana\/Tucuruvi eleger\u00e1 seus candidatos ao Conselho Regional do Meio Ambiente, Desenvolvimento Sustent\u00e1vel e Cultura de Paz no pr\u00f3ximo domingo, 27, das 9 \u00e0s 16h, em sua sede, \u00e0 Av. Tucuruvi, 808. A fun\u00e7\u00e3o do Conselho \u00e9 discutir as quest\u00f5es ambientais da regi\u00e3o administrativa a que pertence e propor a\u00e7\u00f5es de interesse da comunidade."},"aioseo_meta_data":{"post_id":"127","title":null,"description":null,"keywords":null,"keyphrases":null,"primary_term":null,"canonical_url":null,"og_title":null,"og_description":null,"og_object_type":"default","og_image_type":"default","og_image_url":null,"og_image_width":null,"og_image_height":null,"og_image_custom_url":null,"og_image_custom_fields":null,"og_video":null,"og_custom_url":null,"og_article_section":null,"og_article_tags":null,"twitter_use_og":false,"twitter_card":"default","twitter_image_type":"default","twitter_image_url":null,"twitter_image_custom_url":null,"twitter_image_custom_fields":null,"twitter_title":null,"twitter_description":null,"schema":{"blockGraphs":[],"customGraphs":[],"default":{"data":{"Article":[],"Course":[],"Dataset":[],"FAQPage":[],"Movie":[],"Person":[],"Product":[],"ProductReview":[],"Car":[],"Recipe":[],"Service":[],"SoftwareApplication":[],"WebPage":[]},"graphName":"Article","isEnabled":true},"graphs":[]},"schema_type":null,"schema_type_options":null,"pillar_content":false,"robots_default":true,"robots_noindex":false,"robots_noarchive":false,"robots_nosnippet":false,"robots_nofollow":false,"robots_noimageindex":false,"robots_noodp":false,"robots_notranslate":false,"robots_max_snippet":null,"robots_max_videopreview":null,"robots_max_imagepreview":"large","priority":null,"frequency":null,"local_seo":null,"limit_modified_date":false,"created":"2021-04-20 18:48:39","updated":"2026-08-06 03:03:34","focus_keyword":null,"additional_keywords":null,"truseo_locale":null,"ai":null,"breadcrumb_settings":null,"seo_analyzer_scan_date":null},"aioseo_breadcrumb":"<div class=\"aioseo-breadcrumbs\"><span class=\"aioseo-breadcrumb\">\n\t\t\t<a href=\"https:\/\/www.encontrasantana.com.br\/sobre\" title=\"In\u00edcio\">In\u00edcio<\/a>\n\t\t<\/span><span class=\"aioseo-breadcrumb-separator\">&raquo;<\/span><span class=\"aioseo-breadcrumb\">\n\t\t\t<a href=\"https:\/\/www.encontrasantana.com.br\/sobre\/noticias-em-santana\/\" title=\"Not\u00edcias Santana\">Not\u00edcias Santana<\/a>\n\t\t<\/span><span class=\"aioseo-breadcrumb-separator\">&raquo;<\/span><span class=\"aioseo-breadcrumb\">\n\t\t\tConselho do Meio Ambiente tem elei\u00e7\u00e3o na Subprefeitura Santana\/Tucuruvi\n\t\t<\/span><\/div>","aioseo_breadcrumb_json":[{"label":"In\u00edcio","link":"https:\/\/www.encontrasantana.com.br\/sobre"},{"label":"Not\u00edcias Santana","link":"https:\/\/www.encontrasantana.com.br\/sobre\/noticias-em-santana\/"},{"label":"Conselho do Meio Ambiente tem elei\u00e7\u00e3o na Subprefeitura Santana\/Tucuruvi","link":"https:\/\/www.encontrasantana.com.br\/sobre\/conselho-do-meio-ambiente-tem-eleicao-na-subprefeitura-santanatucuruvi\/"}],"_links":{"self":[{"href":"https:\/\/www.encontrasantana.com.br\/sobre\/wp-json\/wp\/v2\/posts\/127","targetHints":{"allow":["GET"]}}],"collection":[{"href":"https:\/\/www.encontrasantana.com.br\/sobre\/wp-json\/wp\/v2\/posts"}],"about":[{"href":"https:\/\/www.encontrasantana.com.br\/sobre\/wp-json\/wp\/v2\/types\/post"}],"author":[{"embeddable":true,"href":"https:\/\/www.encontrasantana.com.br\/sobre\/wp-json\/wp\/v2\/users\/1"}],"replies":[{"embeddable":true,"href":"https:\/\/www.encontrasantana.com.br\/sobre\/wp-json\/wp\/v2\/comments?post=127"}],"version-history":[{"count":0,"href":"https:\/\/www.encontrasantana.com.br\/sobre\/wp-json\/wp\/v2\/posts\/127\/revisions"}],"wp:attachment":[{"href":"https:\/\/www.encontrasantana.com.br\/sobre\/wp-json\/wp\/v2\/media?parent=127"}],"wp:term":[{"taxonomy":"category","embeddable":true,"href":"https:\/\/www.encontrasantana.com.br\/sobre\/wp-json\/wp\/v2\/categories?post=127"},{"taxonomy":"post_tag","embeddable":true,"href":"https:\/\/www.encontrasantana.com.br\/sobre\/wp-json\/wp\/v2\/tags?post=127"}],"curies":[{"name":"wp","href":"https:\/\/api.w.org\/{rel}","templated":true}]}}