{"id":1272,"date":"2011-08-24T12:19:17","date_gmt":"2011-08-24T15:19:17","guid":{"rendered":"http:\/\/www.encontrasantana.com.br\/blog\/?p=1272"},"modified":"2019-04-15T10:01:58","modified_gmt":"2019-04-15T13:01:58","slug":"via-de-santana-recebe-obras-apos-reclamacao-de-morador","status":"publish","type":"post","link":"https:\/\/www.encontrasantana.com.br\/sobre\/via-de-santana-recebe-obras-apos-reclamacao-de-morador\/","title":{"rendered":"Via de Santana recebe obras ap\u00f3s reclama\u00e7\u00e3o de morador"},"content":{"rendered":"<div class=\"1acf8468e559fd3cbeec5aee3a269a52\" data-index=\"1\" style=\"float: none; margin:0px;\">\n<!-- Anuncio display - global -->\r\n<ins class=\"adsbygoogle\"\r\n     style=\"display:block\"\r\n     data-ad-client=\"ca-pub-8585364105181520\"\r\n     data-ad-slot=\"8789329856\"\r\n     data-ad-format=\"auto\"\r\n     data-full-width-responsive=\"true\"><\/ins>\r\n<script>\r\n     (adsbygoogle = window.adsbygoogle || []).push({});\r\n<\/script>\n<\/div>\n<p>Ap\u00f3s reclama\u00e7\u00e3o de um morador, a Rua Jos\u00e9 Debieux, no bairro de Santana, passa por reparos. A via\u00a0encontra-se danificada por causa do excesso de ve\u00edculos que transitam por ali diariamente, principalmente\u00a0\u00f4nibus. No local, est\u00e1 sendo refeita uma sarjeta e, posteriormente, ser\u00e1 realizada uma concord\u00e2ncia asf\u00e1ltica para a finaliza\u00e7\u00e3o do servi\u00e7o. Equipes vistoriam outras vias. A reclama\u00e7\u00e3o do\u00a0morador foi feita pessoalmente no atendimento da <a href=\"http:\/\/www.encontrasantana.com.br\/santana\/subprefeitura-santana.shtml\" target=\"_blank\">Subprefeitura de Santana\/Tucuruvi<\/a> (Avenida Tucuruvi, 808).<\/p>\n<p><em>Fonte: Di\u00e1rio de S. Paulo<\/em><\/p>\n\n<div style=\"font-size: 0px; height: 0px; line-height: 0px; margin: 0; padding: 0; clear: both;\"><\/div>","protected":false},"excerpt":{"rendered":"<p>Ap\u00f3s reclama\u00e7\u00e3o de um morador, a Rua Jos\u00e9 Debieux, no bairro de Santana, passa por reparos. A via\u00a0encontra-se danificada por causa do excesso de ve\u00edculos que transitam por ali diariamente, principalmente\u00a0\u00f4nibus. No local, est\u00e1 sendo refeita uma sarjeta e, posteriormente, ser\u00e1 realizada uma concord\u00e2ncia asf\u00e1ltica para a finaliza\u00e7\u00e3o do servi\u00e7o. Equipes vistoriam outras vias. A reclama\u00e7\u00e3o do\u00a0morador foi feita pessoalmente no atendimento da Subprefeitura de Santana\/Tucuruvi (Avenida Tucuruvi, 808). Fonte: Di\u00e1rio de S. Paulo<\/p>\n","protected":false},"author":1,"featured_media":0,"comment_status":"open","ping_status":"closed","sticky":false,"template":"","format":"standard","meta":{"footnotes":""},"categories":[3],"tags":[10],"class_list":["post-1272","post","type-post","status-publish","format-standard","hentry","category-noticias-em-santana","tag-santana"],"aioseo_notices":[],"aioseo_head":"\n\t\t<!-- All in One SEO 5.0.0.1 - aioseo.com -->\n\t<meta name=\"description\" content=\"Ap\u00f3s reclama\u00e7\u00e3o de um morador, a Rua Jos\u00e9 Debieux, no bairro de Santana, passa por reparos. A via encontra-se danificada por causa do excesso de ve\u00edculos que transitam por ali diariamente, principalmente \u00f4nibus. No local, est\u00e1 sendo refeita uma sarjeta e, posteriormente, ser\u00e1 realizada uma concord\u00e2ncia asf\u00e1ltica para a finaliza\u00e7\u00e3o do servi\u00e7o. Equipes vistoriam outras vias. A\" \/>\n\t<meta name=\"robots\" content=\"max-image-preview:large\" \/>\n\t<meta name=\"author\" content=\"Encontra Santana\"\/>\n\t<link rel=\"canonical\" href=\"https:\/\/www.encontrasantana.com.br\/sobre\/via-de-santana-recebe-obras-apos-reclamacao-de-morador\/\" \/>\n\t<meta name=\"generator\" content=\"All in One SEO (AIOSEO) 5.0.0.1\" \/>\n\t\t<meta property=\"og:locale\" content=\"pt_BR\" \/>\n\t\t<meta property=\"og:site_name\" content=\"Encontra Santana | Not\u00edcias, eventos, informa\u00e7\u00f5es e dicas no bairro de Santana e regi\u00e3o.\" \/>\n\t\t<meta property=\"og:type\" content=\"article\" \/>\n\t\t<meta property=\"og:title\" content=\"Via de Santana recebe obras ap\u00f3s reclama\u00e7\u00e3o de morador \u00bb Encontra Santana\" \/>\n\t\t<meta property=\"og:description\" content=\"Ap\u00f3s reclama\u00e7\u00e3o de um morador, a Rua Jos\u00e9 Debieux, no bairro de Santana, passa por reparos. A via encontra-se danificada por causa do excesso de ve\u00edculos que transitam por ali diariamente, principalmente \u00f4nibus. No local, est\u00e1 sendo refeita uma sarjeta e, posteriormente, ser\u00e1 realizada uma concord\u00e2ncia asf\u00e1ltica para a finaliza\u00e7\u00e3o do servi\u00e7o. Equipes vistoriam outras vias. A\" \/>\n\t\t<meta property=\"og:url\" content=\"https:\/\/www.encontrasantana.com.br\/sobre\/via-de-santana-recebe-obras-apos-reclamacao-de-morador\/\" \/>\n\t\t<meta property=\"article:published_time\" content=\"2011-08-24T15:19:17+00:00\" \/>\n\t\t<meta property=\"article:modified_time\" content=\"2019-04-15T13:01:58+00:00\" \/>\n\t\t<meta name=\"twitter:card\" content=\"summary\" \/>\n\t\t<meta name=\"twitter:title\" content=\"Via de Santana recebe obras ap\u00f3s reclama\u00e7\u00e3o de morador \u00bb Encontra Santana\" \/>\n\t\t<meta name=\"twitter:description\" content=\"Ap\u00f3s reclama\u00e7\u00e3o de um morador, a Rua Jos\u00e9 Debieux, no bairro de Santana, passa por reparos. A via encontra-se danificada por causa do excesso de ve\u00edculos que transitam por ali diariamente, principalmente \u00f4nibus. No local, est\u00e1 sendo refeita uma sarjeta e, posteriormente, ser\u00e1 realizada uma concord\u00e2ncia asf\u00e1ltica para a finaliza\u00e7\u00e3o do servi\u00e7o. Equipes vistoriam outras vias. A\" \/>\n\t\t<script type=\"application\/ld+json\" class=\"aioseo-schema\">\n\t\t\t{\"@context\":\"https:\\\/\\\/schema.org\",\"@graph\":[{\"@type\":\"Article\",\"@id\":\"https:\\\/\\\/www.encontrasantana.com.br\\\/sobre\\\/via-de-santana-recebe-obras-apos-reclamacao-de-morador\\\/#article\",\"name\":\"Via de Santana recebe obras ap\\u00f3s reclama\\u00e7\\u00e3o de morador \\u00bb Encontra Santana\",\"headline\":\"Via de Santana recebe obras ap\\u00f3s reclama\\u00e7\\u00e3o de morador\",\"author\":{\"@id\":\"https:\\\/\\\/www.encontrasantana.com.br\\\/sobre\\\/author\\\/esantana\\\/#author\"},\"publisher\":{\"@id\":\"https:\\\/\\\/www.encontrasantana.com.br\\\/sobre\\\/#organization\"},\"datePublished\":\"2011-08-24T12:19:17-03:00\",\"dateModified\":\"2019-04-15T10:01:58-03:00\",\"inLanguage\":\"pt-BR\",\"mainEntityOfPage\":{\"@id\":\"https:\\\/\\\/www.encontrasantana.com.br\\\/sobre\\\/via-de-santana-recebe-obras-apos-reclamacao-de-morador\\\/#webpage\"},\"isPartOf\":{\"@id\":\"https:\\\/\\\/www.encontrasantana.com.br\\\/sobre\\\/via-de-santana-recebe-obras-apos-reclamacao-de-morador\\\/#webpage\"},\"articleSection\":\"Not\\u00edcias Santana, Santana\"},{\"@type\":\"BreadcrumbList\",\"@id\":\"https:\\\/\\\/www.encontrasantana.com.br\\\/sobre\\\/via-de-santana-recebe-obras-apos-reclamacao-de-morador\\\/#breadcrumblist\",\"itemListElement\":[{\"@type\":\"ListItem\",\"@id\":\"https:\\\/\\\/www.encontrasantana.com.br\\\/sobre#listItem\",\"position\":1,\"name\":\"In\\u00edcio\",\"item\":\"https:\\\/\\\/www.encontrasantana.com.br\\\/sobre\",\"nextItem\":{\"@type\":\"ListItem\",\"@id\":\"https:\\\/\\\/www.encontrasantana.com.br\\\/sobre\\\/noticias-em-santana\\\/#listItem\",\"name\":\"Not\\u00edcias Santana\"}},{\"@type\":\"ListItem\",\"@id\":\"https:\\\/\\\/www.encontrasantana.com.br\\\/sobre\\\/noticias-em-santana\\\/#listItem\",\"position\":2,\"name\":\"Not\\u00edcias Santana\",\"item\":\"https:\\\/\\\/www.encontrasantana.com.br\\\/sobre\\\/noticias-em-santana\\\/\",\"nextItem\":{\"@type\":\"ListItem\",\"@id\":\"https:\\\/\\\/www.encontrasantana.com.br\\\/sobre\\\/via-de-santana-recebe-obras-apos-reclamacao-de-morador\\\/#listItem\",\"name\":\"Via de Santana recebe obras ap\\u00f3s reclama\\u00e7\\u00e3o de morador\"},\"previousItem\":{\"@type\":\"ListItem\",\"@id\":\"https:\\\/\\\/www.encontrasantana.com.br\\\/sobre#listItem\",\"name\":\"In\\u00edcio\"}},{\"@type\":\"ListItem\",\"@id\":\"https:\\\/\\\/www.encontrasantana.com.br\\\/sobre\\\/via-de-santana-recebe-obras-apos-reclamacao-de-morador\\\/#listItem\",\"position\":3,\"name\":\"Via de Santana recebe obras ap\\u00f3s reclama\\u00e7\\u00e3o de morador\",\"previousItem\":{\"@type\":\"ListItem\",\"@id\":\"https:\\\/\\\/www.encontrasantana.com.br\\\/sobre\\\/noticias-em-santana\\\/#listItem\",\"name\":\"Not\\u00edcias Santana\"}}]},{\"@type\":\"Organization\",\"@id\":\"https:\\\/\\\/www.encontrasantana.com.br\\\/sobre\\\/#organization\",\"name\":\"Encontra Santana\",\"description\":\"Not\\u00edcias, eventos, informa\\u00e7\\u00f5es e dicas no bairro de Santana e regi\\u00e3o.\",\"url\":\"https:\\\/\\\/www.encontrasantana.com.br\\\/sobre\\\/\"},{\"@type\":\"Person\",\"@id\":\"https:\\\/\\\/www.encontrasantana.com.br\\\/sobre\\\/author\\\/esantana\\\/#author\",\"url\":\"https:\\\/\\\/www.encontrasantana.com.br\\\/sobre\\\/author\\\/esantana\\\/\",\"name\":\"Encontra Santana\",\"image\":{\"@type\":\"ImageObject\",\"@id\":\"https:\\\/\\\/www.encontrasantana.com.br\\\/sobre\\\/via-de-santana-recebe-obras-apos-reclamacao-de-morador\\\/#authorImage\",\"url\":\"https:\\\/\\\/secure.gravatar.com\\\/avatar\\\/0fbed662e37531ae23e68f85f9517b2454e50c1dfebf80eb9b721449ac95e0b9?s=96&d=mm&r=g\",\"width\":96,\"height\":96,\"caption\":\"Encontra Santana\"}},{\"@type\":\"WebPage\",\"@id\":\"https:\\\/\\\/www.encontrasantana.com.br\\\/sobre\\\/via-de-santana-recebe-obras-apos-reclamacao-de-morador\\\/#webpage\",\"url\":\"https:\\\/\\\/www.encontrasantana.com.br\\\/sobre\\\/via-de-santana-recebe-obras-apos-reclamacao-de-morador\\\/\",\"name\":\"Via de Santana recebe obras ap\\u00f3s reclama\\u00e7\\u00e3o de morador \\u00bb Encontra Santana\",\"description\":\"Ap\\u00f3s reclama\\u00e7\\u00e3o de um morador, a Rua Jos\\u00e9 Debieux, no bairro de Santana, passa por reparos. A via encontra-se danificada por causa do excesso de ve\\u00edculos que transitam por ali diariamente, principalmente \\u00f4nibus. No local, est\\u00e1 sendo refeita uma sarjeta e, posteriormente, ser\\u00e1 realizada uma concord\\u00e2ncia asf\\u00e1ltica para a finaliza\\u00e7\\u00e3o do servi\\u00e7o. Equipes vistoriam outras vias. A\",\"inLanguage\":\"pt-BR\",\"isPartOf\":{\"@id\":\"https:\\\/\\\/www.encontrasantana.com.br\\\/sobre\\\/#website\"},\"breadcrumb\":{\"@id\":\"https:\\\/\\\/www.encontrasantana.com.br\\\/sobre\\\/via-de-santana-recebe-obras-apos-reclamacao-de-morador\\\/#breadcrumblist\"},\"author\":{\"@id\":\"https:\\\/\\\/www.encontrasantana.com.br\\\/sobre\\\/author\\\/esantana\\\/#author\"},\"creator\":{\"@id\":\"https:\\\/\\\/www.encontrasantana.com.br\\\/sobre\\\/author\\\/esantana\\\/#author\"},\"datePublished\":\"2011-08-24T12:19:17-03:00\",\"dateModified\":\"2019-04-15T10:01:58-03:00\"},{\"@type\":\"WebSite\",\"@id\":\"https:\\\/\\\/www.encontrasantana.com.br\\\/sobre\\\/#website\",\"url\":\"https:\\\/\\\/www.encontrasantana.com.br\\\/sobre\\\/\",\"name\":\"Encontra Santana\",\"description\":\"Not\\u00edcias, eventos, informa\\u00e7\\u00f5es e dicas no bairro de Santana e regi\\u00e3o.\",\"inLanguage\":\"pt-BR\",\"publisher\":{\"@id\":\"https:\\\/\\\/www.encontrasantana.com.br\\\/sobre\\\/#organization\"}}]}\n\t\t<\/script>\n\t\t<!-- All in One SEO -->\n\n","aioseo_head_json":{"title":"Via de Santana recebe obras ap\u00f3s reclama\u00e7\u00e3o de morador \u00bb Encontra Santana","description":"Ap\u00f3s reclama\u00e7\u00e3o de um morador, a Rua Jos\u00e9 Debieux, no bairro de Santana, passa por reparos. A via encontra-se danificada por causa do excesso de ve\u00edculos que transitam por ali diariamente, principalmente \u00f4nibus. No local, est\u00e1 sendo refeita uma sarjeta e, posteriormente, ser\u00e1 realizada uma concord\u00e2ncia asf\u00e1ltica para a finaliza\u00e7\u00e3o do servi\u00e7o. Equipes vistoriam outras vias. A","canonical_url":"https:\/\/www.encontrasantana.com.br\/sobre\/via-de-santana-recebe-obras-apos-reclamacao-de-morador\/","robots":"max-image-preview:large","keywords":"","webmasterTools":{"miscellaneous":""},"schema":{"@context":"https:\/\/schema.org","@graph":[{"@type":"Article","@id":"https:\/\/www.encontrasantana.com.br\/sobre\/via-de-santana-recebe-obras-apos-reclamacao-de-morador\/#article","name":"Via de Santana recebe obras ap\u00f3s reclama\u00e7\u00e3o de morador \u00bb Encontra Santana","headline":"Via de Santana recebe obras ap\u00f3s reclama\u00e7\u00e3o de morador","author":{"@id":"https:\/\/www.encontrasantana.com.br\/sobre\/author\/esantana\/#author"},"publisher":{"@id":"https:\/\/www.encontrasantana.com.br\/sobre\/#organization"},"datePublished":"2011-08-24T12:19:17-03:00","dateModified":"2019-04-15T10:01:58-03:00","inLanguage":"pt-BR","mainEntityOfPage":{"@id":"https:\/\/www.encontrasantana.com.br\/sobre\/via-de-santana-recebe-obras-apos-reclamacao-de-morador\/#webpage"},"isPartOf":{"@id":"https:\/\/www.encontrasantana.com.br\/sobre\/via-de-santana-recebe-obras-apos-reclamacao-de-morador\/#webpage"},"articleSection":"Not\u00edcias Santana, Santana"},{"@type":"BreadcrumbList","@id":"https:\/\/www.encontrasantana.com.br\/sobre\/via-de-santana-recebe-obras-apos-reclamacao-de-morador\/#breadcrumblist","itemListElement":[{"@type":"ListItem","@id":"https:\/\/www.encontrasantana.com.br\/sobre#listItem","position":1,"name":"In\u00edcio","item":"https:\/\/www.encontrasantana.com.br\/sobre","nextItem":{"@type":"ListItem","@id":"https:\/\/www.encontrasantana.com.br\/sobre\/noticias-em-santana\/#listItem","name":"Not\u00edcias Santana"}},{"@type":"ListItem","@id":"https:\/\/www.encontrasantana.com.br\/sobre\/noticias-em-santana\/#listItem","position":2,"name":"Not\u00edcias Santana","item":"https:\/\/www.encontrasantana.com.br\/sobre\/noticias-em-santana\/","nextItem":{"@type":"ListItem","@id":"https:\/\/www.encontrasantana.com.br\/sobre\/via-de-santana-recebe-obras-apos-reclamacao-de-morador\/#listItem","name":"Via de Santana recebe obras ap\u00f3s reclama\u00e7\u00e3o de morador"},"previousItem":{"@type":"ListItem","@id":"https:\/\/www.encontrasantana.com.br\/sobre#listItem","name":"In\u00edcio"}},{"@type":"ListItem","@id":"https:\/\/www.encontrasantana.com.br\/sobre\/via-de-santana-recebe-obras-apos-reclamacao-de-morador\/#listItem","position":3,"name":"Via de Santana recebe obras ap\u00f3s reclama\u00e7\u00e3o de morador","previousItem":{"@type":"ListItem","@id":"https:\/\/www.encontrasantana.com.br\/sobre\/noticias-em-santana\/#listItem","name":"Not\u00edcias Santana"}}]},{"@type":"Organization","@id":"https:\/\/www.encontrasantana.com.br\/sobre\/#organization","name":"Encontra Santana","description":"Not\u00edcias, eventos, informa\u00e7\u00f5es e dicas no bairro de Santana e regi\u00e3o.","url":"https:\/\/www.encontrasantana.com.br\/sobre\/"},{"@type":"Person","@id":"https:\/\/www.encontrasantana.com.br\/sobre\/author\/esantana\/#author","url":"https:\/\/www.encontrasantana.com.br\/sobre\/author\/esantana\/","name":"Encontra Santana","image":{"@type":"ImageObject","@id":"https:\/\/www.encontrasantana.com.br\/sobre\/via-de-santana-recebe-obras-apos-reclamacao-de-morador\/#authorImage","url":"https:\/\/secure.gravatar.com\/avatar\/0fbed662e37531ae23e68f85f9517b2454e50c1dfebf80eb9b721449ac95e0b9?s=96&d=mm&r=g","width":96,"height":96,"caption":"Encontra Santana"}},{"@type":"WebPage","@id":"https:\/\/www.encontrasantana.com.br\/sobre\/via-de-santana-recebe-obras-apos-reclamacao-de-morador\/#webpage","url":"https:\/\/www.encontrasantana.com.br\/sobre\/via-de-santana-recebe-obras-apos-reclamacao-de-morador\/","name":"Via de Santana recebe obras ap\u00f3s reclama\u00e7\u00e3o de morador \u00bb Encontra Santana","description":"Ap\u00f3s reclama\u00e7\u00e3o de um morador, a Rua Jos\u00e9 Debieux, no bairro de Santana, passa por reparos. A via encontra-se danificada por causa do excesso de ve\u00edculos que transitam por ali diariamente, principalmente \u00f4nibus. No local, est\u00e1 sendo refeita uma sarjeta e, posteriormente, ser\u00e1 realizada uma concord\u00e2ncia asf\u00e1ltica para a finaliza\u00e7\u00e3o do servi\u00e7o. Equipes vistoriam outras vias. A","inLanguage":"pt-BR","isPartOf":{"@id":"https:\/\/www.encontrasantana.com.br\/sobre\/#website"},"breadcrumb":{"@id":"https:\/\/www.encontrasantana.com.br\/sobre\/via-de-santana-recebe-obras-apos-reclamacao-de-morador\/#breadcrumblist"},"author":{"@id":"https:\/\/www.encontrasantana.com.br\/sobre\/author\/esantana\/#author"},"creator":{"@id":"https:\/\/www.encontrasantana.com.br\/sobre\/author\/esantana\/#author"},"datePublished":"2011-08-24T12:19:17-03:00","dateModified":"2019-04-15T10:01:58-03:00"},{"@type":"WebSite","@id":"https:\/\/www.encontrasantana.com.br\/sobre\/#website","url":"https:\/\/www.encontrasantana.com.br\/sobre\/","name":"Encontra Santana","description":"Not\u00edcias, eventos, informa\u00e7\u00f5es e dicas no bairro de Santana e regi\u00e3o.","inLanguage":"pt-BR","publisher":{"@id":"https:\/\/www.encontrasantana.com.br\/sobre\/#organization"}}]},"og:locale":"pt_BR","og:site_name":"Encontra Santana | Not\u00edcias, eventos, informa\u00e7\u00f5es e dicas no bairro de Santana e regi\u00e3o.","og:type":"article","og:title":"Via de Santana recebe obras ap\u00f3s reclama\u00e7\u00e3o de morador \u00bb Encontra Santana","og:description":"Ap\u00f3s reclama\u00e7\u00e3o de um morador, a Rua Jos\u00e9 Debieux, no bairro de Santana, passa por reparos. A via encontra-se danificada por causa do excesso de ve\u00edculos que transitam por ali diariamente, principalmente \u00f4nibus. No local, est\u00e1 sendo refeita uma sarjeta e, posteriormente, ser\u00e1 realizada uma concord\u00e2ncia asf\u00e1ltica para a finaliza\u00e7\u00e3o do servi\u00e7o. Equipes vistoriam outras vias. A","og:url":"https:\/\/www.encontrasantana.com.br\/sobre\/via-de-santana-recebe-obras-apos-reclamacao-de-morador\/","article:published_time":"2011-08-24T15:19:17+00:00","article:modified_time":"2019-04-15T13:01:58+00:00","twitter:card":"summary","twitter:title":"Via de Santana recebe obras ap\u00f3s reclama\u00e7\u00e3o de morador \u00bb Encontra Santana","twitter:description":"Ap\u00f3s reclama\u00e7\u00e3o de um morador, a Rua Jos\u00e9 Debieux, no bairro de Santana, passa por reparos. A via encontra-se danificada por causa do excesso de ve\u00edculos que transitam por ali diariamente, principalmente \u00f4nibus. No local, est\u00e1 sendo refeita uma sarjeta e, posteriormente, ser\u00e1 realizada uma concord\u00e2ncia asf\u00e1ltica para a finaliza\u00e7\u00e3o do servi\u00e7o. Equipes vistoriam outras vias. A"},"aioseo_meta_data":{"post_id":"1272","title":null,"description":null,"keywords":null,"keyphrases":null,"primary_term":null,"canonical_url":null,"og_title":null,"og_description":null,"og_object_type":"default","og_image_type":"default","og_image_url":null,"og_image_width":null,"og_image_height":null,"og_image_custom_url":null,"og_image_custom_fields":null,"og_video":null,"og_custom_url":null,"og_article_section":null,"og_article_tags":null,"twitter_use_og":false,"twitter_card":"default","twitter_image_type":"default","twitter_image_url":null,"twitter_image_custom_url":null,"twitter_image_custom_fields":null,"twitter_title":null,"twitter_description":null,"schema":{"blockGraphs":[],"customGraphs":[],"default":{"data":{"Article":[],"Course":[],"Dataset":[],"FAQPage":[],"Movie":[],"Person":[],"Product":[],"ProductReview":[],"Car":[],"Recipe":[],"Service":[],"SoftwareApplication":[],"WebPage":[]},"graphName":"Article","isEnabled":true},"graphs":[]},"schema_type":null,"schema_type_options":null,"pillar_content":false,"robots_default":true,"robots_noindex":false,"robots_noarchive":false,"robots_nosnippet":false,"robots_nofollow":false,"robots_noimageindex":false,"robots_noodp":false,"robots_notranslate":false,"robots_max_snippet":null,"robots_max_videopreview":null,"robots_max_imagepreview":"large","priority":null,"frequency":null,"local_seo":null,"limit_modified_date":false,"created":"2021-04-20 23:34:05","updated":"2026-08-06 09:27:44","focus_keyword":null,"additional_keywords":null,"truseo_locale":null,"ai":null,"breadcrumb_settings":null,"seo_analyzer_scan_date":null},"aioseo_breadcrumb":"<div class=\"aioseo-breadcrumbs\"><span class=\"aioseo-breadcrumb\">\n\t\t\t<a href=\"https:\/\/www.encontrasantana.com.br\/sobre\" title=\"In\u00edcio\">In\u00edcio<\/a>\n\t\t<\/span><span class=\"aioseo-breadcrumb-separator\">&raquo;<\/span><span class=\"aioseo-breadcrumb\">\n\t\t\t<a href=\"https:\/\/www.encontrasantana.com.br\/sobre\/noticias-em-santana\/\" title=\"Not\u00edcias Santana\">Not\u00edcias Santana<\/a>\n\t\t<\/span><span class=\"aioseo-breadcrumb-separator\">&raquo;<\/span><span class=\"aioseo-breadcrumb\">\n\t\t\tVia de Santana recebe obras ap\u00f3s reclama\u00e7\u00e3o de morador\n\t\t<\/span><\/div>","aioseo_breadcrumb_json":[{"label":"In\u00edcio","link":"https:\/\/www.encontrasantana.com.br\/sobre"},{"label":"Not\u00edcias Santana","link":"https:\/\/www.encontrasantana.com.br\/sobre\/noticias-em-santana\/"},{"label":"Via de Santana recebe obras ap\u00f3s reclama\u00e7\u00e3o de morador","link":"https:\/\/www.encontrasantana.com.br\/sobre\/via-de-santana-recebe-obras-apos-reclamacao-de-morador\/"}],"_links":{"self":[{"href":"https:\/\/www.encontrasantana.com.br\/sobre\/wp-json\/wp\/v2\/posts\/1272","targetHints":{"allow":["GET"]}}],"collection":[{"href":"https:\/\/www.encontrasantana.com.br\/sobre\/wp-json\/wp\/v2\/posts"}],"about":[{"href":"https:\/\/www.encontrasantana.com.br\/sobre\/wp-json\/wp\/v2\/types\/post"}],"author":[{"embeddable":true,"href":"https:\/\/www.encontrasantana.com.br\/sobre\/wp-json\/wp\/v2\/users\/1"}],"replies":[{"embeddable":true,"href":"https:\/\/www.encontrasantana.com.br\/sobre\/wp-json\/wp\/v2\/comments?post=1272"}],"version-history":[{"count":0,"href":"https:\/\/www.encontrasantana.com.br\/sobre\/wp-json\/wp\/v2\/posts\/1272\/revisions"}],"wp:attachment":[{"href":"https:\/\/www.encontrasantana.com.br\/sobre\/wp-json\/wp\/v2\/media?parent=1272"}],"wp:term":[{"taxonomy":"category","embeddable":true,"href":"https:\/\/www.encontrasantana.com.br\/sobre\/wp-json\/wp\/v2\/categories?post=1272"},{"taxonomy":"post_tag","embeddable":true,"href":"https:\/\/www.encontrasantana.com.br\/sobre\/wp-json\/wp\/v2\/tags?post=1272"}],"curies":[{"name":"wp","href":"https:\/\/api.w.org\/{rel}","templated":true}]}}