{"id":1282,"date":"2011-08-26T13:21:46","date_gmt":"2011-08-26T16:21:46","guid":{"rendered":"http:\/\/www.encontrasantana.com.br\/blog\/?p=1282"},"modified":"2019-04-15T10:01:57","modified_gmt":"2019-04-15T13:01:57","slug":"comeca-nesta-sexta-em-santana-a-feira-guia-do-estudante-2011","status":"publish","type":"post","link":"https:\/\/www.encontrasantana.com.br\/sobre\/comeca-nesta-sexta-em-santana-a-feira-guia-do-estudante-2011\/","title":{"rendered":"Come\u00e7a nesta sexta em Santana a Feira Guia do Estudante 2011"},"content":{"rendered":"<div class=\"1acf8468e559fd3cbeec5aee3a269a52\" data-index=\"1\" style=\"float: none; margin:0px;\">\n<!-- Anuncio display - global -->\r\n<ins class=\"adsbygoogle\"\r\n     style=\"display:block\"\r\n     data-ad-client=\"ca-pub-8585364105181520\"\r\n     data-ad-slot=\"8789329856\"\r\n     data-ad-format=\"auto\"\r\n     data-full-width-responsive=\"true\"><\/ins>\r\n<script>\r\n     (adsbygoogle = window.adsbygoogle || []).push({});\r\n<\/script>\n<\/div>\n<p>Come\u00e7a nesta sexta-feira (26) a Feira Guia do Estudante 2011. Com entrada gratuita, os vestibulandos, universit\u00e1rios e jovens profissionais poder\u00e3o participar de uma s\u00e9rie de atividades que visam ajudar os jovens a escolher\u00a0qual\u00a0carreira seguir e como ingressar no mercado de trabalho.<\/p>\n<p>Al\u00e9m de bancadas de exposi\u00e7\u00f5es de universidades como Anhembi Morumbi, Belas Artes, C\u00e1sper L\u00edbero,\u00a0Faculdades Integradas Rio Branco,\u00a0FEI,\u00a0FMU,\u00a0IGC &#8211; USP, Instituto Mau\u00e1, Mackenzie, Metodista, PUC, Santa Marcelina, S\u00e3o Camilo, S\u00e3o Judas, SENAC, UNIP, Universidade Cruzeiro do Sul e\u00a0UNISAL,\u00a0os visitantes tamb\u00e9m\u00a0poder\u00e3o fazer um simulado, participar de uma oficina de reda\u00e7\u00e3o, e\u00a0se cadastrar para vagas de est\u00e1gio.<\/p>\n<p>Entre os convidados especiais est\u00e3o os jornalistas Caco Barcellos, Marcelo Rezende e Paulo Vin\u00edcius Coelho; a atriz e rep\u00f3rter M\u00f4nica Iozzi; o preparador f\u00edsico Marcio Atalla; o ator Mario Frias, o ex-Secret\u00e1rio de Educa\u00e7\u00e3o do Estado de S\u00e3o Paulo Gabriel Chalita; o medalhista ol\u00edmpico e empres\u00e1rio Gustavo Borges; o astronauta brasileiro Marcos Pontes; a apresentadora Michelle Gianella, e os irm\u00e3os e Col\u00edrios CAPRICHO Dudu e Emilinho Surita.<\/p>\n<p>Cerca de 40 mil estudantes devem participar do evento. A feira \u00e9 gratuita e acontece at\u00e9 domingo (28),\u00a0no Pavilh\u00e3o Amarelo do Expo Center Norte (avenida Otto Baumgart, n\u00famero\u00a01.000, guia de Santana), das 9h \u00e0s 19h. Para ver mais informa\u00e7\u00f5es e\u00a0realizar sua inscri\u00e7\u00e3o gratuita, acesse o site:\u00a0guiadoestudante.abril.com.br\/feira-do-estudante\/.<\/p>\n<p><em>Fonte: R7<\/em><\/p>\n\n<div style=\"font-size: 0px; height: 0px; line-height: 0px; margin: 0; padding: 0; clear: both;\"><\/div>","protected":false},"excerpt":{"rendered":"<p>Come\u00e7a nesta sexta-feira (26) a Feira Guia do Estudante 2011. Com entrada gratuita, os vestibulandos, universit\u00e1rios e jovens profissionais poder\u00e3o participar de uma s\u00e9rie de atividades que visam ajudar os jovens a escolher\u00a0qual\u00a0carreira seguir e como ingressar no mercado de trabalho. Al\u00e9m de bancadas de exposi\u00e7\u00f5es de universidades como Anhembi Morumbi, Belas Artes, C\u00e1sper L\u00edbero,\u00a0Faculdades Integradas Rio Branco,\u00a0FEI,\u00a0FMU,\u00a0IGC &#8211; USP, Instituto Mau\u00e1, Mackenzie, Metodista, PUC, Santa Marcelina, S\u00e3o Camilo, S\u00e3o Judas, SENAC, UNIP, Universidade Cruzeiro do Sul e\u00a0UNISAL,\u00a0os visitantes tamb\u00e9m\u00a0poder\u00e3o fazer um simulado, participar de uma oficina de reda\u00e7\u00e3o, e\u00a0se cadastrar para vagas de est\u00e1gio. Entre os convidados especiais est\u00e3o <\/p>\n","protected":false},"author":1,"featured_media":0,"comment_status":"open","ping_status":"closed","sticky":false,"template":"","format":"standard","meta":{"footnotes":""},"categories":[3],"tags":[10],"class_list":["post-1282","post","type-post","status-publish","format-standard","hentry","category-noticias-em-santana","tag-santana"],"aioseo_notices":[],"aioseo_head":"\n\t\t<!-- All in One SEO 5.0.0.1 - aioseo.com -->\n\t<meta name=\"description\" content=\"Come\u00e7a nesta sexta-feira (26) a Feira Guia do Estudante 2011. Com entrada gratuita, os vestibulandos, universit\u00e1rios e jovens profissionais poder\u00e3o participar de uma s\u00e9rie de atividades que visam ajudar os jovens a escolher qual carreira seguir e como ingressar no mercado de trabalho. Al\u00e9m de bancadas de exposi\u00e7\u00f5es de universidades como Anhembi Morumbi, Belas Artes, C\u00e1sper L\u00edbero, Faculdades\" \/>\n\t<meta name=\"robots\" content=\"max-image-preview:large\" \/>\n\t<meta name=\"author\" content=\"Encontra Santana\"\/>\n\t<link rel=\"canonical\" href=\"https:\/\/www.encontrasantana.com.br\/sobre\/comeca-nesta-sexta-em-santana-a-feira-guia-do-estudante-2011\/\" \/>\n\t<meta name=\"generator\" content=\"All in One SEO (AIOSEO) 5.0.0.1\" \/>\n\t\t<meta property=\"og:locale\" content=\"pt_BR\" \/>\n\t\t<meta property=\"og:site_name\" content=\"Encontra Santana | Not\u00edcias, eventos, informa\u00e7\u00f5es e dicas no bairro de Santana e regi\u00e3o.\" \/>\n\t\t<meta property=\"og:type\" content=\"article\" \/>\n\t\t<meta property=\"og:title\" content=\"Come\u00e7a nesta sexta em Santana a Feira Guia do Estudante 2011 \u00bb Encontra Santana\" \/>\n\t\t<meta property=\"og:description\" content=\"Come\u00e7a nesta sexta-feira (26) a Feira Guia do Estudante 2011. Com entrada gratuita, os vestibulandos, universit\u00e1rios e jovens profissionais poder\u00e3o participar de uma s\u00e9rie de atividades que visam ajudar os jovens a escolher qual carreira seguir e como ingressar no mercado de trabalho. Al\u00e9m de bancadas de exposi\u00e7\u00f5es de universidades como Anhembi Morumbi, Belas Artes, C\u00e1sper L\u00edbero, Faculdades\" \/>\n\t\t<meta property=\"og:url\" content=\"https:\/\/www.encontrasantana.com.br\/sobre\/comeca-nesta-sexta-em-santana-a-feira-guia-do-estudante-2011\/\" \/>\n\t\t<meta property=\"article:published_time\" content=\"2011-08-26T16:21:46+00:00\" \/>\n\t\t<meta property=\"article:modified_time\" content=\"2019-04-15T13:01:57+00:00\" \/>\n\t\t<meta name=\"twitter:card\" content=\"summary\" \/>\n\t\t<meta name=\"twitter:title\" content=\"Come\u00e7a nesta sexta em Santana a Feira Guia do Estudante 2011 \u00bb Encontra Santana\" \/>\n\t\t<meta name=\"twitter:description\" content=\"Come\u00e7a nesta sexta-feira (26) a Feira Guia do Estudante 2011. Com entrada gratuita, os vestibulandos, universit\u00e1rios e jovens profissionais poder\u00e3o participar de uma s\u00e9rie de atividades que visam ajudar os jovens a escolher qual carreira seguir e como ingressar no mercado de trabalho. Al\u00e9m de bancadas de exposi\u00e7\u00f5es de universidades como Anhembi Morumbi, Belas Artes, C\u00e1sper L\u00edbero, Faculdades\" \/>\n\t\t<script type=\"application\/ld+json\" class=\"aioseo-schema\">\n\t\t\t{\"@context\":\"https:\\\/\\\/schema.org\",\"@graph\":[{\"@type\":\"Article\",\"@id\":\"https:\\\/\\\/www.encontrasantana.com.br\\\/sobre\\\/comeca-nesta-sexta-em-santana-a-feira-guia-do-estudante-2011\\\/#article\",\"name\":\"Come\\u00e7a nesta sexta em Santana a Feira Guia do Estudante 2011 \\u00bb Encontra Santana\",\"headline\":\"Come\\u00e7a nesta sexta em Santana a Feira Guia do Estudante 2011\",\"author\":{\"@id\":\"https:\\\/\\\/www.encontrasantana.com.br\\\/sobre\\\/author\\\/esantana\\\/#author\"},\"publisher\":{\"@id\":\"https:\\\/\\\/www.encontrasantana.com.br\\\/sobre\\\/#organization\"},\"datePublished\":\"2011-08-26T13:21:46-03:00\",\"dateModified\":\"2019-04-15T10:01:57-03:00\",\"inLanguage\":\"pt-BR\",\"mainEntityOfPage\":{\"@id\":\"https:\\\/\\\/www.encontrasantana.com.br\\\/sobre\\\/comeca-nesta-sexta-em-santana-a-feira-guia-do-estudante-2011\\\/#webpage\"},\"isPartOf\":{\"@id\":\"https:\\\/\\\/www.encontrasantana.com.br\\\/sobre\\\/comeca-nesta-sexta-em-santana-a-feira-guia-do-estudante-2011\\\/#webpage\"},\"articleSection\":\"Not\\u00edcias Santana, Santana\"},{\"@type\":\"BreadcrumbList\",\"@id\":\"https:\\\/\\\/www.encontrasantana.com.br\\\/sobre\\\/comeca-nesta-sexta-em-santana-a-feira-guia-do-estudante-2011\\\/#breadcrumblist\",\"itemListElement\":[{\"@type\":\"ListItem\",\"@id\":\"https:\\\/\\\/www.encontrasantana.com.br\\\/sobre#listItem\",\"position\":1,\"name\":\"In\\u00edcio\",\"item\":\"https:\\\/\\\/www.encontrasantana.com.br\\\/sobre\",\"nextItem\":{\"@type\":\"ListItem\",\"@id\":\"https:\\\/\\\/www.encontrasantana.com.br\\\/sobre\\\/noticias-em-santana\\\/#listItem\",\"name\":\"Not\\u00edcias Santana\"}},{\"@type\":\"ListItem\",\"@id\":\"https:\\\/\\\/www.encontrasantana.com.br\\\/sobre\\\/noticias-em-santana\\\/#listItem\",\"position\":2,\"name\":\"Not\\u00edcias Santana\",\"item\":\"https:\\\/\\\/www.encontrasantana.com.br\\\/sobre\\\/noticias-em-santana\\\/\",\"nextItem\":{\"@type\":\"ListItem\",\"@id\":\"https:\\\/\\\/www.encontrasantana.com.br\\\/sobre\\\/comeca-nesta-sexta-em-santana-a-feira-guia-do-estudante-2011\\\/#listItem\",\"name\":\"Come\\u00e7a nesta sexta em Santana a Feira Guia do Estudante 2011\"},\"previousItem\":{\"@type\":\"ListItem\",\"@id\":\"https:\\\/\\\/www.encontrasantana.com.br\\\/sobre#listItem\",\"name\":\"In\\u00edcio\"}},{\"@type\":\"ListItem\",\"@id\":\"https:\\\/\\\/www.encontrasantana.com.br\\\/sobre\\\/comeca-nesta-sexta-em-santana-a-feira-guia-do-estudante-2011\\\/#listItem\",\"position\":3,\"name\":\"Come\\u00e7a nesta sexta em Santana a Feira Guia do Estudante 2011\",\"previousItem\":{\"@type\":\"ListItem\",\"@id\":\"https:\\\/\\\/www.encontrasantana.com.br\\\/sobre\\\/noticias-em-santana\\\/#listItem\",\"name\":\"Not\\u00edcias Santana\"}}]},{\"@type\":\"Organization\",\"@id\":\"https:\\\/\\\/www.encontrasantana.com.br\\\/sobre\\\/#organization\",\"name\":\"Encontra Santana\",\"description\":\"Not\\u00edcias, eventos, informa\\u00e7\\u00f5es e dicas no bairro de Santana e regi\\u00e3o.\",\"url\":\"https:\\\/\\\/www.encontrasantana.com.br\\\/sobre\\\/\"},{\"@type\":\"Person\",\"@id\":\"https:\\\/\\\/www.encontrasantana.com.br\\\/sobre\\\/author\\\/esantana\\\/#author\",\"url\":\"https:\\\/\\\/www.encontrasantana.com.br\\\/sobre\\\/author\\\/esantana\\\/\",\"name\":\"Encontra Santana\",\"image\":{\"@type\":\"ImageObject\",\"@id\":\"https:\\\/\\\/www.encontrasantana.com.br\\\/sobre\\\/comeca-nesta-sexta-em-santana-a-feira-guia-do-estudante-2011\\\/#authorImage\",\"url\":\"https:\\\/\\\/secure.gravatar.com\\\/avatar\\\/0fbed662e37531ae23e68f85f9517b2454e50c1dfebf80eb9b721449ac95e0b9?s=96&d=mm&r=g\",\"width\":96,\"height\":96,\"caption\":\"Encontra Santana\"}},{\"@type\":\"WebPage\",\"@id\":\"https:\\\/\\\/www.encontrasantana.com.br\\\/sobre\\\/comeca-nesta-sexta-em-santana-a-feira-guia-do-estudante-2011\\\/#webpage\",\"url\":\"https:\\\/\\\/www.encontrasantana.com.br\\\/sobre\\\/comeca-nesta-sexta-em-santana-a-feira-guia-do-estudante-2011\\\/\",\"name\":\"Come\\u00e7a nesta sexta em Santana a Feira Guia do Estudante 2011 \\u00bb Encontra Santana\",\"description\":\"Come\\u00e7a nesta sexta-feira (26) a Feira Guia do Estudante 2011. Com entrada gratuita, os vestibulandos, universit\\u00e1rios e jovens profissionais poder\\u00e3o participar de uma s\\u00e9rie de atividades que visam ajudar os jovens a escolher qual carreira seguir e como ingressar no mercado de trabalho. Al\\u00e9m de bancadas de exposi\\u00e7\\u00f5es de universidades como Anhembi Morumbi, Belas Artes, C\\u00e1sper L\\u00edbero, Faculdades\",\"inLanguage\":\"pt-BR\",\"isPartOf\":{\"@id\":\"https:\\\/\\\/www.encontrasantana.com.br\\\/sobre\\\/#website\"},\"breadcrumb\":{\"@id\":\"https:\\\/\\\/www.encontrasantana.com.br\\\/sobre\\\/comeca-nesta-sexta-em-santana-a-feira-guia-do-estudante-2011\\\/#breadcrumblist\"},\"author\":{\"@id\":\"https:\\\/\\\/www.encontrasantana.com.br\\\/sobre\\\/author\\\/esantana\\\/#author\"},\"creator\":{\"@id\":\"https:\\\/\\\/www.encontrasantana.com.br\\\/sobre\\\/author\\\/esantana\\\/#author\"},\"datePublished\":\"2011-08-26T13:21:46-03:00\",\"dateModified\":\"2019-04-15T10:01:57-03:00\"},{\"@type\":\"WebSite\",\"@id\":\"https:\\\/\\\/www.encontrasantana.com.br\\\/sobre\\\/#website\",\"url\":\"https:\\\/\\\/www.encontrasantana.com.br\\\/sobre\\\/\",\"name\":\"Encontra Santana\",\"description\":\"Not\\u00edcias, eventos, informa\\u00e7\\u00f5es e dicas no bairro de Santana e regi\\u00e3o.\",\"inLanguage\":\"pt-BR\",\"publisher\":{\"@id\":\"https:\\\/\\\/www.encontrasantana.com.br\\\/sobre\\\/#organization\"}}]}\n\t\t<\/script>\n\t\t<!-- All in One SEO -->\n\n","aioseo_head_json":{"title":"Come\u00e7a nesta sexta em Santana a Feira Guia do Estudante 2011 \u00bb Encontra Santana","description":"Come\u00e7a nesta sexta-feira (26) a Feira Guia do Estudante 2011. Com entrada gratuita, os vestibulandos, universit\u00e1rios e jovens profissionais poder\u00e3o participar de uma s\u00e9rie de atividades que visam ajudar os jovens a escolher qual carreira seguir e como ingressar no mercado de trabalho. Al\u00e9m de bancadas de exposi\u00e7\u00f5es de universidades como Anhembi Morumbi, Belas Artes, C\u00e1sper L\u00edbero, Faculdades","canonical_url":"https:\/\/www.encontrasantana.com.br\/sobre\/comeca-nesta-sexta-em-santana-a-feira-guia-do-estudante-2011\/","robots":"max-image-preview:large","keywords":"","webmasterTools":{"miscellaneous":""},"schema":{"@context":"https:\/\/schema.org","@graph":[{"@type":"Article","@id":"https:\/\/www.encontrasantana.com.br\/sobre\/comeca-nesta-sexta-em-santana-a-feira-guia-do-estudante-2011\/#article","name":"Come\u00e7a nesta sexta em Santana a Feira Guia do Estudante 2011 \u00bb Encontra Santana","headline":"Come\u00e7a nesta sexta em Santana a Feira Guia do Estudante 2011","author":{"@id":"https:\/\/www.encontrasantana.com.br\/sobre\/author\/esantana\/#author"},"publisher":{"@id":"https:\/\/www.encontrasantana.com.br\/sobre\/#organization"},"datePublished":"2011-08-26T13:21:46-03:00","dateModified":"2019-04-15T10:01:57-03:00","inLanguage":"pt-BR","mainEntityOfPage":{"@id":"https:\/\/www.encontrasantana.com.br\/sobre\/comeca-nesta-sexta-em-santana-a-feira-guia-do-estudante-2011\/#webpage"},"isPartOf":{"@id":"https:\/\/www.encontrasantana.com.br\/sobre\/comeca-nesta-sexta-em-santana-a-feira-guia-do-estudante-2011\/#webpage"},"articleSection":"Not\u00edcias Santana, Santana"},{"@type":"BreadcrumbList","@id":"https:\/\/www.encontrasantana.com.br\/sobre\/comeca-nesta-sexta-em-santana-a-feira-guia-do-estudante-2011\/#breadcrumblist","itemListElement":[{"@type":"ListItem","@id":"https:\/\/www.encontrasantana.com.br\/sobre#listItem","position":1,"name":"In\u00edcio","item":"https:\/\/www.encontrasantana.com.br\/sobre","nextItem":{"@type":"ListItem","@id":"https:\/\/www.encontrasantana.com.br\/sobre\/noticias-em-santana\/#listItem","name":"Not\u00edcias Santana"}},{"@type":"ListItem","@id":"https:\/\/www.encontrasantana.com.br\/sobre\/noticias-em-santana\/#listItem","position":2,"name":"Not\u00edcias Santana","item":"https:\/\/www.encontrasantana.com.br\/sobre\/noticias-em-santana\/","nextItem":{"@type":"ListItem","@id":"https:\/\/www.encontrasantana.com.br\/sobre\/comeca-nesta-sexta-em-santana-a-feira-guia-do-estudante-2011\/#listItem","name":"Come\u00e7a nesta sexta em Santana a Feira Guia do Estudante 2011"},"previousItem":{"@type":"ListItem","@id":"https:\/\/www.encontrasantana.com.br\/sobre#listItem","name":"In\u00edcio"}},{"@type":"ListItem","@id":"https:\/\/www.encontrasantana.com.br\/sobre\/comeca-nesta-sexta-em-santana-a-feira-guia-do-estudante-2011\/#listItem","position":3,"name":"Come\u00e7a nesta sexta em Santana a Feira Guia do Estudante 2011","previousItem":{"@type":"ListItem","@id":"https:\/\/www.encontrasantana.com.br\/sobre\/noticias-em-santana\/#listItem","name":"Not\u00edcias Santana"}}]},{"@type":"Organization","@id":"https:\/\/www.encontrasantana.com.br\/sobre\/#organization","name":"Encontra Santana","description":"Not\u00edcias, eventos, informa\u00e7\u00f5es e dicas no bairro de Santana e regi\u00e3o.","url":"https:\/\/www.encontrasantana.com.br\/sobre\/"},{"@type":"Person","@id":"https:\/\/www.encontrasantana.com.br\/sobre\/author\/esantana\/#author","url":"https:\/\/www.encontrasantana.com.br\/sobre\/author\/esantana\/","name":"Encontra Santana","image":{"@type":"ImageObject","@id":"https:\/\/www.encontrasantana.com.br\/sobre\/comeca-nesta-sexta-em-santana-a-feira-guia-do-estudante-2011\/#authorImage","url":"https:\/\/secure.gravatar.com\/avatar\/0fbed662e37531ae23e68f85f9517b2454e50c1dfebf80eb9b721449ac95e0b9?s=96&d=mm&r=g","width":96,"height":96,"caption":"Encontra Santana"}},{"@type":"WebPage","@id":"https:\/\/www.encontrasantana.com.br\/sobre\/comeca-nesta-sexta-em-santana-a-feira-guia-do-estudante-2011\/#webpage","url":"https:\/\/www.encontrasantana.com.br\/sobre\/comeca-nesta-sexta-em-santana-a-feira-guia-do-estudante-2011\/","name":"Come\u00e7a nesta sexta em Santana a Feira Guia do Estudante 2011 \u00bb Encontra Santana","description":"Come\u00e7a nesta sexta-feira (26) a Feira Guia do Estudante 2011. Com entrada gratuita, os vestibulandos, universit\u00e1rios e jovens profissionais poder\u00e3o participar de uma s\u00e9rie de atividades que visam ajudar os jovens a escolher qual carreira seguir e como ingressar no mercado de trabalho. Al\u00e9m de bancadas de exposi\u00e7\u00f5es de universidades como Anhembi Morumbi, Belas Artes, C\u00e1sper L\u00edbero, Faculdades","inLanguage":"pt-BR","isPartOf":{"@id":"https:\/\/www.encontrasantana.com.br\/sobre\/#website"},"breadcrumb":{"@id":"https:\/\/www.encontrasantana.com.br\/sobre\/comeca-nesta-sexta-em-santana-a-feira-guia-do-estudante-2011\/#breadcrumblist"},"author":{"@id":"https:\/\/www.encontrasantana.com.br\/sobre\/author\/esantana\/#author"},"creator":{"@id":"https:\/\/www.encontrasantana.com.br\/sobre\/author\/esantana\/#author"},"datePublished":"2011-08-26T13:21:46-03:00","dateModified":"2019-04-15T10:01:57-03:00"},{"@type":"WebSite","@id":"https:\/\/www.encontrasantana.com.br\/sobre\/#website","url":"https:\/\/www.encontrasantana.com.br\/sobre\/","name":"Encontra Santana","description":"Not\u00edcias, eventos, informa\u00e7\u00f5es e dicas no bairro de Santana e regi\u00e3o.","inLanguage":"pt-BR","publisher":{"@id":"https:\/\/www.encontrasantana.com.br\/sobre\/#organization"}}]},"og:locale":"pt_BR","og:site_name":"Encontra Santana | Not\u00edcias, eventos, informa\u00e7\u00f5es e dicas no bairro de Santana e regi\u00e3o.","og:type":"article","og:title":"Come\u00e7a nesta sexta em Santana a Feira Guia do Estudante 2011 \u00bb Encontra Santana","og:description":"Come\u00e7a nesta sexta-feira (26) a Feira Guia do Estudante 2011. Com entrada gratuita, os vestibulandos, universit\u00e1rios e jovens profissionais poder\u00e3o participar de uma s\u00e9rie de atividades que visam ajudar os jovens a escolher qual carreira seguir e como ingressar no mercado de trabalho. Al\u00e9m de bancadas de exposi\u00e7\u00f5es de universidades como Anhembi Morumbi, Belas Artes, C\u00e1sper L\u00edbero, Faculdades","og:url":"https:\/\/www.encontrasantana.com.br\/sobre\/comeca-nesta-sexta-em-santana-a-feira-guia-do-estudante-2011\/","article:published_time":"2011-08-26T16:21:46+00:00","article:modified_time":"2019-04-15T13:01:57+00:00","twitter:card":"summary","twitter:title":"Come\u00e7a nesta sexta em Santana a Feira Guia do Estudante 2011 \u00bb Encontra Santana","twitter:description":"Come\u00e7a nesta sexta-feira (26) a Feira Guia do Estudante 2011. Com entrada gratuita, os vestibulandos, universit\u00e1rios e jovens profissionais poder\u00e3o participar de uma s\u00e9rie de atividades que visam ajudar os jovens a escolher qual carreira seguir e como ingressar no mercado de trabalho. Al\u00e9m de bancadas de exposi\u00e7\u00f5es de universidades como Anhembi Morumbi, Belas Artes, C\u00e1sper L\u00edbero, Faculdades"},"aioseo_meta_data":{"post_id":"1282","title":null,"description":null,"keywords":null,"keyphrases":null,"primary_term":null,"canonical_url":null,"og_title":null,"og_description":null,"og_object_type":"default","og_image_type":"default","og_image_url":null,"og_image_width":null,"og_image_height":null,"og_image_custom_url":null,"og_image_custom_fields":null,"og_video":null,"og_custom_url":null,"og_article_section":null,"og_article_tags":null,"twitter_use_og":false,"twitter_card":"default","twitter_image_type":"default","twitter_image_url":null,"twitter_image_custom_url":null,"twitter_image_custom_fields":null,"twitter_title":null,"twitter_description":null,"schema":{"blockGraphs":[],"customGraphs":[],"default":{"data":{"Article":[],"Course":[],"Dataset":[],"FAQPage":[],"Movie":[],"Person":[],"Product":[],"ProductReview":[],"Car":[],"Recipe":[],"Service":[],"SoftwareApplication":[],"WebPage":[]},"graphName":"Article","isEnabled":true},"graphs":[]},"schema_type":null,"schema_type_options":null,"pillar_content":false,"robots_default":true,"robots_noindex":false,"robots_noarchive":false,"robots_nosnippet":false,"robots_nofollow":false,"robots_noimageindex":false,"robots_noodp":false,"robots_notranslate":false,"robots_max_snippet":null,"robots_max_videopreview":null,"robots_max_imagepreview":"large","priority":null,"frequency":null,"local_seo":null,"limit_modified_date":false,"created":"2021-04-20 23:49:13","updated":"2026-08-06 09:27:44","focus_keyword":null,"additional_keywords":null,"truseo_locale":null,"ai":null,"breadcrumb_settings":null,"seo_analyzer_scan_date":null},"aioseo_breadcrumb":"<div class=\"aioseo-breadcrumbs\"><span class=\"aioseo-breadcrumb\">\n\t\t\t<a href=\"https:\/\/www.encontrasantana.com.br\/sobre\" title=\"In\u00edcio\">In\u00edcio<\/a>\n\t\t<\/span><span class=\"aioseo-breadcrumb-separator\">&raquo;<\/span><span class=\"aioseo-breadcrumb\">\n\t\t\t<a href=\"https:\/\/www.encontrasantana.com.br\/sobre\/noticias-em-santana\/\" title=\"Not\u00edcias Santana\">Not\u00edcias Santana<\/a>\n\t\t<\/span><span class=\"aioseo-breadcrumb-separator\">&raquo;<\/span><span class=\"aioseo-breadcrumb\">\n\t\t\tCome\u00e7a nesta sexta em Santana a Feira Guia do Estudante 2011\n\t\t<\/span><\/div>","aioseo_breadcrumb_json":[{"label":"In\u00edcio","link":"https:\/\/www.encontrasantana.com.br\/sobre"},{"label":"Not\u00edcias Santana","link":"https:\/\/www.encontrasantana.com.br\/sobre\/noticias-em-santana\/"},{"label":"Come\u00e7a nesta sexta em Santana a Feira Guia do Estudante 2011","link":"https:\/\/www.encontrasantana.com.br\/sobre\/comeca-nesta-sexta-em-santana-a-feira-guia-do-estudante-2011\/"}],"_links":{"self":[{"href":"https:\/\/www.encontrasantana.com.br\/sobre\/wp-json\/wp\/v2\/posts\/1282","targetHints":{"allow":["GET"]}}],"collection":[{"href":"https:\/\/www.encontrasantana.com.br\/sobre\/wp-json\/wp\/v2\/posts"}],"about":[{"href":"https:\/\/www.encontrasantana.com.br\/sobre\/wp-json\/wp\/v2\/types\/post"}],"author":[{"embeddable":true,"href":"https:\/\/www.encontrasantana.com.br\/sobre\/wp-json\/wp\/v2\/users\/1"}],"replies":[{"embeddable":true,"href":"https:\/\/www.encontrasantana.com.br\/sobre\/wp-json\/wp\/v2\/comments?post=1282"}],"version-history":[{"count":0,"href":"https:\/\/www.encontrasantana.com.br\/sobre\/wp-json\/wp\/v2\/posts\/1282\/revisions"}],"wp:attachment":[{"href":"https:\/\/www.encontrasantana.com.br\/sobre\/wp-json\/wp\/v2\/media?parent=1282"}],"wp:term":[{"taxonomy":"category","embeddable":true,"href":"https:\/\/www.encontrasantana.com.br\/sobre\/wp-json\/wp\/v2\/categories?post=1282"},{"taxonomy":"post_tag","embeddable":true,"href":"https:\/\/www.encontrasantana.com.br\/sobre\/wp-json\/wp\/v2\/tags?post=1282"}],"curies":[{"name":"wp","href":"https:\/\/api.w.org\/{rel}","templated":true}]}}