{"id":12859,"date":"2012-02-27T18:42:00","date_gmt":"2012-02-27T21:42:00","guid":{"rendered":"http:\/\/www.encontrasantana.com.br\/blog\/?p=12859"},"modified":"2019-04-15T10:00:27","modified_gmt":"2019-04-15T13:00:27","slug":"ironia-pedidos-de-desculpa-e-samba-marcam-desfile-das-campeas-em-santana","status":"publish","type":"post","link":"https:\/\/www.encontrasantana.com.br\/sobre\/ironia-pedidos-de-desculpa-e-samba-marcam-desfile-das-campeas-em-santana\/","title":{"rendered":"Ironia, pedidos de desculpa e samba marcam desfile das campe\u00e3s em Santana"},"content":{"rendered":"<div class=\"1acf8468e559fd3cbeec5aee3a269a52\" data-index=\"1\" style=\"float: none; margin:0px;\">\n<!-- Anuncio display - global -->\r\n<ins class=\"adsbygoogle\"\r\n     style=\"display:block\"\r\n     data-ad-client=\"ca-pub-8585364105181520\"\r\n     data-ad-slot=\"8789329856\"\r\n     data-ad-format=\"auto\"\r\n     data-full-width-responsive=\"true\"><\/ins>\r\n<script>\r\n     (adsbygoogle = window.adsbygoogle || []).push({});\r\n<\/script>\n<\/div>\n<p>Discursos inflamados, pedidos de desculpa, trocas de farpa e muito samba marcaram o desfile das escolas campe\u00e3s do carnaval de S\u00e3o Paulo, realizado entre a noite de sexta-feira (24) e a madrugada deste s\u00e1bado (25), no <a href=\"http:\/\/www.encontrasantana.com.br\/santana\/sambodromo-santana.shtml\" target=\"_blank\">Samb\u00f3dromo do Anhembi<\/a>, Zona Norte de S\u00e3o Paulo.<\/p>\n<p>As apresenta\u00e7\u00f5es aconteceram dias depois da apura\u00e7\u00e3o das notas das escolas \u2013evento marcado por um incidente de depreda\u00e7\u00e3o e destrui\u00e7\u00e3o de algumas notas que n\u00e3o haviam sido anunciadas. O caso terminou com vandalismo, pris\u00f5es e investiga\u00e7\u00e3o contra diretores de escolas.<\/p>\n<p>O desfile das duas escolas vencedoras do Grupo de Acesso e das cinco mais bem colocadas do Grupo Especial come\u00e7ou por volta das 22h30 de sexta (24) e terminou \u00e0s 6h40 de s\u00e1bado (25). A primeira a entrar na avenida foi a Acad\u00eamicos do Tatuap\u00e9.<\/p>\n<p>Vice-campe\u00e3 do Acesso, a escola, que completou 60 anos em 2012, trouxe como tema a hist\u00f3ria da compositora e cantora Leci Brand\u00e3o. \u201cA m\u00e3o de Deus esteve o tempo todo com a gente\u201d, afirmou a compositora.<\/p>\n<p>Muito emocionada, ela desfilou como destaque do \u00faltimo carro, ao lado da m\u00e3e e do trof\u00e9u da escola. Leci aproveitou para dizer que \u00e9 muito grata \u00e0 comunidade do Tatuap\u00e9, que a homenageou, e ao estado de S\u00e3o Paulo. \u201cEu devo tudo a esse estado. Tenho muita gratid\u00e3o a S\u00e3o Paulo.\u201d<\/p>\n<p>Na sequ\u00eancia, desfilou pelo Anhembi a grande campe\u00e3 do Acesso, a Nen\u00ea de Vila Matilde. A letra do samba da escola homenageou Seu Nen\u00ea, fundador da agremia\u00e7\u00e3o, que morreu em 2010. Uma alegoria com o rosto do fundador foi um dos destaques.<\/p>\n<p>Segundo o presidente da escola, Rinaldo Jos\u00e9 Andrade, o Manteiga, o desfile que levou \u00e0 vit\u00f3ria foi \u201cmuito importante e significou o resgate ao amor da comunidade\u201d.<\/p>\n<p>Questionado sobre a confus\u00e3o ocorrida na apura\u00e7\u00e3o das notas do Grupo Especial, ele lamentou o fato ocorrido, mas evitou criticar as escolas envolvidas. \u201cNossa preocupa\u00e7\u00e3o \u00e9 com o carnaval.\u201d<\/p>\n<p><strong>Desculpas<\/strong><br \/>\nA primeira escola de samba do Grupo Especial a desfilar foi a\u00a0Unidos de Vila Maria. O presidente da agremia\u00e7\u00e3o, Paulo S\u00e9rgio Ferreira, que tamb\u00e9m comanda a Liga Independente das Escolas de Samba de S\u00e3o Paulo, pediu desculpas pela confus\u00e3o e disse que o incidente n\u00e3o ir\u00e1 afetar os pr\u00f3ximos carnavais paulistanos.<\/p>\n<p>\u201cVamos provar para voc\u00eas que em 2013 o nosso carnaval n\u00e3o vai ser abalado em nada. Pode acreditar em n\u00f3s\u201d, disse o presidente da Liga. \u201cViemos aqui em respeito n\u00e3o s\u00f3 ao p\u00fablico, mas a todos esses sambistas que acreditam no carnaval paulistano.\u201d<\/p>\n<p>O presidente da\u00a0Mancha Verde, Paulo Serdan, tamb\u00e9m pediu perd\u00e3o pela confus\u00e3o. Sua escola ficou em quarto lugar.<\/p>\n<p>Sobraram ironias e farpas no discurso do presidente da Vai-Vai, Darly Silva, conhecido como Neguit\u00e3o. Ele afirmou que iria brigar por sua comunidade, &#8220;doa a quem doer&#8221;, e que faltava muito para outras agremia\u00e7\u00f5es alcan\u00e7arem a Vai-Vai em mat\u00e9ria de samba. &#8220;Para alcan\u00e7ar nossa escola, tem mais oito ou dez anos pela frente&#8221;, afirmou. Neguit\u00e3o havia negado ter participado da invas\u00e3o do Anhembi. Para ele, a troca de jurados na apura\u00e7\u00e3o motivou a confus\u00e3o.<\/p>\n<p><strong>\u2018Presidentas\u2019<\/strong><br \/>\nOs dois \u00faltimos desfiles foram os mais marcantes \u2013n\u00e3o apenas pela beleza do samba e das alegorias, como tamb\u00e9m pelos discursos das presidentes. Angelina Bas\u00edlio, que preside a Rosas de Ouro, disse que se sente a verdadeira campe\u00e3 do carnaval de S\u00e3o Paulo. A agremia\u00e7\u00e3o ficou em segundo lugar neste ano, com 159,8 pontos \u2013 0,2 a menos que a vencedora, a\u00a0Mocidade Alegre.<\/p>\n<p>Angelina, que havia prometido fazer um protesto durante o desfile das campe\u00e3s por conta da confus\u00e3o na apura\u00e7\u00e3o das notas, decidiu antes de entrar na avenida que sua agremia\u00e7\u00e3o faria uma apresenta\u00e7\u00e3o \u201cexemplar\u201d. \u201cNosso protesto foi de muita alegria, de muita beleza. Com certeza me sinto hoje a verdadeira campe\u00e3 do carnaval.\u201d A escola desfilou sem incidentes no Samb\u00f3dromo.<\/p>\n<p>A presidente da\u00a0Rosas de Ouro\u00a0disse se sentir injusti\u00e7ada pelo fato de as notas dos \u00faltimos dois jurados do quesito comiss\u00e3o de frente n\u00e3o terem sido computadas. Para ela, sua escola poderia passar a Mocidade. \u201cTenho a consci\u00eancia limpa. Quando deito no travesseiro, durmo tranquilamente. Porque essa presidente n\u00e3o tem rabo preso\u201d, disse.<\/p>\n<p>Questionada sobre a fala de Angelina, a presidente da Mocidade, Solange Bichara, rebateu dizendo inicialmente: &#8220;Deixa ela [Angelina] falar&#8221;. Ap\u00f3s alguns minutos, Solange afirmou que a Rosas tamb\u00e9m \u00e9 &#8220;uma campe\u00e3&#8221;. &#8220;\u00c9 s\u00f3 chegar at\u00e9 aqui para ser campe\u00e3.&#8221;<\/p>\n<p><em>Fonte: G1<\/em><\/p>\n\n<div style=\"font-size: 0px; height: 0px; line-height: 0px; margin: 0; padding: 0; clear: both;\"><\/div>","protected":false},"excerpt":{"rendered":"<p>Discursos inflamados, pedidos de desculpa, trocas de farpa e muito samba marcaram o desfile das escolas campe\u00e3s do carnaval de S\u00e3o Paulo, realizado entre a noite de sexta-feira (24) e a madrugada deste s\u00e1bado (25), no Samb\u00f3dromo do Anhembi, Zona Norte de S\u00e3o Paulo. As apresenta\u00e7\u00f5es aconteceram dias depois da apura\u00e7\u00e3o das notas das escolas \u2013evento marcado por um incidente de depreda\u00e7\u00e3o e destrui\u00e7\u00e3o de algumas notas que n\u00e3o haviam sido anunciadas. O caso terminou com vandalismo, pris\u00f5es e investiga\u00e7\u00e3o contra diretores de escolas. O desfile das duas escolas vencedoras do Grupo de Acesso e das cinco mais bem colocadas <\/p>\n","protected":false},"author":1,"featured_media":0,"comment_status":"open","ping_status":"closed","sticky":false,"template":"","format":"standard","meta":{"footnotes":""},"categories":[3],"tags":[10],"class_list":["post-12859","post","type-post","status-publish","format-standard","hentry","category-noticias-em-santana","tag-santana"],"aioseo_notices":[],"_links":{"self":[{"href":"https:\/\/www.encontrasantana.com.br\/sobre\/wp-json\/wp\/v2\/posts\/12859"}],"collection":[{"href":"https:\/\/www.encontrasantana.com.br\/sobre\/wp-json\/wp\/v2\/posts"}],"about":[{"href":"https:\/\/www.encontrasantana.com.br\/sobre\/wp-json\/wp\/v2\/types\/post"}],"author":[{"embeddable":true,"href":"https:\/\/www.encontrasantana.com.br\/sobre\/wp-json\/wp\/v2\/users\/1"}],"replies":[{"embeddable":true,"href":"https:\/\/www.encontrasantana.com.br\/sobre\/wp-json\/wp\/v2\/comments?post=12859"}],"version-history":[{"count":0,"href":"https:\/\/www.encontrasantana.com.br\/sobre\/wp-json\/wp\/v2\/posts\/12859\/revisions"}],"wp:attachment":[{"href":"https:\/\/www.encontrasantana.com.br\/sobre\/wp-json\/wp\/v2\/media?parent=12859"}],"wp:term":[{"taxonomy":"category","embeddable":true,"href":"https:\/\/www.encontrasantana.com.br\/sobre\/wp-json\/wp\/v2\/categories?post=12859"},{"taxonomy":"post_tag","embeddable":true,"href":"https:\/\/www.encontrasantana.com.br\/sobre\/wp-json\/wp\/v2\/tags?post=12859"}],"curies":[{"name":"wp","href":"https:\/\/api.w.org\/{rel}","templated":true}]}}