{"id":138,"date":"2009-12-02T09:46:07","date_gmt":"2009-12-02T12:46:07","guid":{"rendered":"http:\/\/www.encontrasantana.com.br\/blog\/?p=138"},"modified":"2019-04-15T10:06:08","modified_gmt":"2019-04-15T13:06:08","slug":"santana-recebe-feiras-exposicoes-e-megaloja-no-parque-anhembi-em-dezembro","status":"publish","type":"post","link":"https:\/\/www.encontrasantana.com.br\/sobre\/santana-recebe-feiras-exposicoes-e-megaloja-no-parque-anhembi-em-dezembro\/","title":{"rendered":"Santana recebe feiras, exposi\u00e7\u00f5es e megaloja no Parque Anhembi em dezembro"},"content":{"rendered":"<div class=\"1acf8468e559fd3cbeec5aee3a269a52\" data-index=\"1\" style=\"float: none; margin:0px;\">\n<!-- Anuncio display - global -->\r\n<ins class=\"adsbygoogle\"\r\n     style=\"display:block\"\r\n     data-ad-client=\"ca-pub-8585364105181520\"\r\n     data-ad-slot=\"8789329856\"\r\n     data-ad-format=\"auto\"\r\n     data-full-width-responsive=\"true\"><\/ins>\r\n<script>\r\n     (adsbygoogle = window.adsbygoogle || []).push({});\r\n<\/script>\n<\/div>\n<p>Confira a programa\u00e7\u00e3o de eventos abertos ao p\u00fablico do <a href=\"..\/..\/santana\/anhembi-em-santana.shtml\" target=\"_blank\">Complexo do Anhembi<\/a>, localizado em Santana, Zona Norte de S\u00e3o Paulo:<\/p>\n<p><strong>Auto Show &#8211; Feira de Autom\u00f3veis Antigos e Especiais<\/strong><\/p>\n<p>Dias 8, 15, 22 e 29 de dezembro, no P\u00f3lo Cultural<\/p>\n<p><strong>Exposystems 2009<\/strong><\/p>\n<p>De 2 a 4 de dezembro, no Pal\u00e1cio das Conven\u00e7\u00f5es<\/p>\n<p><strong>Super Casas Bahia 2009<\/strong><\/p>\n<p>De 4 a 6, de 10 a 13, de 17 a 24, de 26 a 31 de dezembro, no Pavilh\u00e3o de Exposi\u00e7\u00f5es<\/p>\n<p><strong>Feira Livre do Autom\u00f3vel<\/strong><\/p>\n<p>Dias 6, 13, 20 e 27 de dezembro, no Pavilh\u00e3o de Exposi\u00e7\u00f5es<\/p>\n<p><strong>Feir\u00e3o de Autom\u00f3veis<\/strong><\/p>\n<p>Dias 19 e 20 de dezembro, no P\u00f3lo Cultural<\/p>\n<p><em>Fonte: Parque Anhembi<\/em><\/p>\n\n<div style=\"font-size: 0px; height: 0px; line-height: 0px; margin: 0; padding: 0; clear: both;\"><\/div>","protected":false},"excerpt":{"rendered":"<p>Confira a programa\u00e7\u00e3o de eventos abertos ao p\u00fablico do Complexo do Anhembi, localizado em Santana, Zona Norte de S\u00e3o Paulo: Auto Show &#8211; Feira de Autom\u00f3veis Antigos e Especiais Dias 8, 15, 22 e 29 de dezembro, no P\u00f3lo Cultural Exposystems 2009 De 2 a 4 de dezembro, no Pal\u00e1cio das Conven\u00e7\u00f5es Super Casas Bahia 2009 De 4 a 6, de 10 a 13, de 17 a 24, de 26 a 31 de dezembro, no Pavilh\u00e3o de Exposi\u00e7\u00f5es Feira Livre do Autom\u00f3vel Dias 6, 13, 20 e 27 de dezembro, no Pavilh\u00e3o de Exposi\u00e7\u00f5es Feir\u00e3o de Autom\u00f3veis Dias 19 e <\/p>\n","protected":false},"author":1,"featured_media":0,"comment_status":"open","ping_status":"closed","sticky":false,"template":"","format":"standard","meta":{"footnotes":""},"categories":[3],"tags":[10],"class_list":["post-138","post","type-post","status-publish","format-standard","hentry","category-noticias-em-santana","tag-santana"],"aioseo_notices":[],"_links":{"self":[{"href":"https:\/\/www.encontrasantana.com.br\/sobre\/wp-json\/wp\/v2\/posts\/138"}],"collection":[{"href":"https:\/\/www.encontrasantana.com.br\/sobre\/wp-json\/wp\/v2\/posts"}],"about":[{"href":"https:\/\/www.encontrasantana.com.br\/sobre\/wp-json\/wp\/v2\/types\/post"}],"author":[{"embeddable":true,"href":"https:\/\/www.encontrasantana.com.br\/sobre\/wp-json\/wp\/v2\/users\/1"}],"replies":[{"embeddable":true,"href":"https:\/\/www.encontrasantana.com.br\/sobre\/wp-json\/wp\/v2\/comments?post=138"}],"version-history":[{"count":0,"href":"https:\/\/www.encontrasantana.com.br\/sobre\/wp-json\/wp\/v2\/posts\/138\/revisions"}],"wp:attachment":[{"href":"https:\/\/www.encontrasantana.com.br\/sobre\/wp-json\/wp\/v2\/media?parent=138"}],"wp:term":[{"taxonomy":"category","embeddable":true,"href":"https:\/\/www.encontrasantana.com.br\/sobre\/wp-json\/wp\/v2\/categories?post=138"},{"taxonomy":"post_tag","embeddable":true,"href":"https:\/\/www.encontrasantana.com.br\/sobre\/wp-json\/wp\/v2\/tags?post=138"}],"curies":[{"name":"wp","href":"https:\/\/api.w.org\/{rel}","templated":true}]}}