{"id":150,"date":"2009-12-18T17:01:46","date_gmt":"2009-12-18T20:01:46","guid":{"rendered":"http:\/\/www.encontrasantana.com.br\/blog\/?p=150"},"modified":"2019-04-15T10:06:07","modified_gmt":"2019-04-15T13:06:07","slug":"ingressos-para-carnaval-no-anhembi-ja-estao-a-venda","status":"publish","type":"post","link":"https:\/\/www.encontrasantana.com.br\/sobre\/ingressos-para-carnaval-no-anhembi-ja-estao-a-venda\/","title":{"rendered":"Ingressos para carnaval no Anhembi j\u00e1 est\u00e3o \u00e0 venda"},"content":{"rendered":"<div class=\"1acf8468e559fd3cbeec5aee3a269a52\" data-index=\"1\" style=\"float: none; margin:0px;\">\n<!-- Anuncio display - global -->\r\n<ins class=\"adsbygoogle\"\r\n     style=\"display:block\"\r\n     data-ad-client=\"ca-pub-8585364105181520\"\r\n     data-ad-slot=\"8789329856\"\r\n     data-ad-format=\"auto\"\r\n     data-full-width-responsive=\"true\"><\/ins>\r\n<script>\r\n     (adsbygoogle = window.adsbygoogle || []).push({});\r\n<\/script>\n<\/div>\n<p>Os foli\u00f5es de plant\u00e3o j\u00e1 podem garantir seus lugares no <a href=\"http:\/\/www.encontrasantana.com.br\/santana\/sambodromo-santana.shtml\" target=\"_blank\">Samb\u00f3dromo do Anhembi<\/a>, em Santana, para o Carnaval do ano que vem, que acontece entre os dias 12 e 15 de fevereiro. \u00c9 que come\u00e7ou, na \u00faltima segunda-feira, a venda de ingressos para os desfiles das escolas de samba no Samb\u00f3dromo do Anhembi. Os ingressos podem ser adquiridos nos postos de venda (veja a lista nesta p\u00e1gina) ou pela internet, no site da empresa Ingresso F\u00e1cil.<\/p>\n<p>Para o desfile do grupo especial, os pre\u00e7os da arquibancada variam de R$ 45 a R$ 145; cadeira de pista, de R$ 155 a R$ 375; mesa de pista, com quatro lugares, de R$ 770 a R$ 1.760.<\/p>\n<p>No camarote, as entradas atingem seus valores mais altos. Para dez pessoas, os pre\u00e7os variam entre R$ 9.600 e R$ 19.200. Os camarotes para 25 pessoas custam entre R$ 22.000 e R$ 38.280.<\/p>\n<p><strong>Locais de venda:<\/strong><\/p>\n<p><strong>Gin\u00e1sio do Ibirapuera<\/strong><br \/>\nHor\u00e1rio: de segunda a domingo, das 11h \u00e0s 17h.<\/p>\n<p><strong>Est\u00e1dio Jos\u00e9 Bruno Daniel (Santo Andr\u00e9)<\/strong><br \/>\nHor\u00e1rio: de segunda a domingo, das 11h \u00e0s 17h. Aos s\u00e1bados, das 10h \u00e0s 16h.<\/p>\n<p><strong>Parque S\u00e3o Jorge<\/strong><br \/>\nHor\u00e1rio: de segunda a domingo, das 11h \u00e0s 17h.<\/p>\n<p><strong>Est\u00e1dio do Canind\u00e9<\/strong><br \/>\nHor\u00e1rio: de segunda a s\u00e1bado, das 11h \u00e0s 17h.<\/p>\n<p><strong>Gin\u00e1sio de Esportes Jos\u00e9 Corr\u00eaa (Barueri)<\/strong><br \/>\nHor\u00e1rio: de segunda a s\u00e1bado, das 11h \u00e0s 17h.<\/p>\n<p><strong>Est\u00e1dio do Pacaembu<\/strong><br \/>\nHor\u00e1rio: de segunda a s\u00e1bado, das 11h \u00e0s 17h.<\/p>\n<p><strong>Loja Pitta Sports<\/strong><br \/>\nHor\u00e1rio: de segunda \u00e0 sexta, das 11h \u00e0s 17h. Aos s\u00e1bados, das 10h \u00e0s 13:30h.<\/p>\n<p><strong>Loja Santos Mania<\/strong><br \/>\nHor\u00e1rio: de segunda \u00e0 sexta, das 10h \u00e0s 20h. Aos s\u00e1bados, das 10h \u00e0s 17h.<\/p>\n<p><em>Fonte: Prefeitura de S\u00e3o Paulo<\/em><\/p>\n\n<div style=\"font-size: 0px; height: 0px; line-height: 0px; margin: 0; padding: 0; clear: both;\"><\/div>","protected":false},"excerpt":{"rendered":"<p>Os foli\u00f5es de plant\u00e3o j\u00e1 podem garantir seus lugares no Samb\u00f3dromo do Anhembi, em Santana, para o Carnaval do ano que vem, que acontece entre os dias 12 e 15 de fevereiro. \u00c9 que come\u00e7ou, na \u00faltima segunda-feira, a venda de ingressos para os desfiles das escolas de samba no Samb\u00f3dromo do Anhembi. Os ingressos podem ser adquiridos nos postos de venda (veja a lista nesta p\u00e1gina) ou pela internet, no site da empresa Ingresso F\u00e1cil. Para o desfile do grupo especial, os pre\u00e7os da arquibancada variam de R$ 45 a R$ 145; cadeira de pista, de R$ 155 a <\/p>\n","protected":false},"author":1,"featured_media":0,"comment_status":"open","ping_status":"closed","sticky":false,"template":"","format":"standard","meta":{"footnotes":""},"categories":[3],"tags":[10],"class_list":["post-150","post","type-post","status-publish","format-standard","hentry","category-noticias-em-santana","tag-santana"],"aioseo_notices":[],"aioseo_head":"\n\t\t<!-- All in One SEO 5.0.0.1 - aioseo.com -->\n\t<meta name=\"description\" content=\"Os foli\u00f5es de plant\u00e3o j\u00e1 podem garantir seus lugares no Samb\u00f3dromo do Anhembi, em Santana, para o Carnaval do ano que vem, que acontece entre os dias 12 e 15 de fevereiro. \u00c9 que come\u00e7ou, na \u00faltima segunda-feira, a venda de ingressos para os desfiles das escolas de samba no Samb\u00f3dromo do Anhembi. Os ingressos\" \/>\n\t<meta name=\"robots\" content=\"max-image-preview:large\" \/>\n\t<meta name=\"author\" content=\"Encontra Santana\"\/>\n\t<link rel=\"canonical\" href=\"https:\/\/www.encontrasantana.com.br\/sobre\/ingressos-para-carnaval-no-anhembi-ja-estao-a-venda\/\" \/>\n\t<meta name=\"generator\" content=\"All in One SEO (AIOSEO) 5.0.0.1\" \/>\n\t\t<meta property=\"og:locale\" content=\"pt_BR\" \/>\n\t\t<meta property=\"og:site_name\" content=\"Encontra Santana | Not\u00edcias, eventos, informa\u00e7\u00f5es e dicas no bairro de Santana e regi\u00e3o.\" \/>\n\t\t<meta property=\"og:type\" content=\"article\" \/>\n\t\t<meta property=\"og:title\" content=\"Ingressos para carnaval no Anhembi j\u00e1 est\u00e3o \u00e0 venda \u00bb Encontra Santana\" \/>\n\t\t<meta property=\"og:description\" content=\"Os foli\u00f5es de plant\u00e3o j\u00e1 podem garantir seus lugares no Samb\u00f3dromo do Anhembi, em Santana, para o Carnaval do ano que vem, que acontece entre os dias 12 e 15 de fevereiro. \u00c9 que come\u00e7ou, na \u00faltima segunda-feira, a venda de ingressos para os desfiles das escolas de samba no Samb\u00f3dromo do Anhembi. Os ingressos\" \/>\n\t\t<meta property=\"og:url\" content=\"https:\/\/www.encontrasantana.com.br\/sobre\/ingressos-para-carnaval-no-anhembi-ja-estao-a-venda\/\" \/>\n\t\t<meta property=\"article:published_time\" content=\"2009-12-18T20:01:46+00:00\" \/>\n\t\t<meta property=\"article:modified_time\" content=\"2019-04-15T13:06:07+00:00\" \/>\n\t\t<meta name=\"twitter:card\" content=\"summary\" \/>\n\t\t<meta name=\"twitter:title\" content=\"Ingressos para carnaval no Anhembi j\u00e1 est\u00e3o \u00e0 venda \u00bb Encontra Santana\" \/>\n\t\t<meta name=\"twitter:description\" content=\"Os foli\u00f5es de plant\u00e3o j\u00e1 podem garantir seus lugares no Samb\u00f3dromo do Anhembi, em Santana, para o Carnaval do ano que vem, que acontece entre os dias 12 e 15 de fevereiro. \u00c9 que come\u00e7ou, na \u00faltima segunda-feira, a venda de ingressos para os desfiles das escolas de samba no Samb\u00f3dromo do Anhembi. Os ingressos\" \/>\n\t\t<script type=\"application\/ld+json\" class=\"aioseo-schema\">\n\t\t\t{\"@context\":\"https:\\\/\\\/schema.org\",\"@graph\":[{\"@type\":\"Article\",\"@id\":\"https:\\\/\\\/www.encontrasantana.com.br\\\/sobre\\\/ingressos-para-carnaval-no-anhembi-ja-estao-a-venda\\\/#article\",\"name\":\"Ingressos para carnaval no Anhembi j\\u00e1 est\\u00e3o \\u00e0 venda \\u00bb Encontra Santana\",\"headline\":\"Ingressos para carnaval no Anhembi j\\u00e1 est\\u00e3o \\u00e0 venda\",\"author\":{\"@id\":\"https:\\\/\\\/www.encontrasantana.com.br\\\/sobre\\\/author\\\/esantana\\\/#author\"},\"publisher\":{\"@id\":\"https:\\\/\\\/www.encontrasantana.com.br\\\/sobre\\\/#organization\"},\"datePublished\":\"2009-12-18T17:01:46-03:00\",\"dateModified\":\"2019-04-15T10:06:07-03:00\",\"inLanguage\":\"pt-BR\",\"mainEntityOfPage\":{\"@id\":\"https:\\\/\\\/www.encontrasantana.com.br\\\/sobre\\\/ingressos-para-carnaval-no-anhembi-ja-estao-a-venda\\\/#webpage\"},\"isPartOf\":{\"@id\":\"https:\\\/\\\/www.encontrasantana.com.br\\\/sobre\\\/ingressos-para-carnaval-no-anhembi-ja-estao-a-venda\\\/#webpage\"},\"articleSection\":\"Not\\u00edcias Santana, Santana\"},{\"@type\":\"BreadcrumbList\",\"@id\":\"https:\\\/\\\/www.encontrasantana.com.br\\\/sobre\\\/ingressos-para-carnaval-no-anhembi-ja-estao-a-venda\\\/#breadcrumblist\",\"itemListElement\":[{\"@type\":\"ListItem\",\"@id\":\"https:\\\/\\\/www.encontrasantana.com.br\\\/sobre#listItem\",\"position\":1,\"name\":\"In\\u00edcio\",\"item\":\"https:\\\/\\\/www.encontrasantana.com.br\\\/sobre\",\"nextItem\":{\"@type\":\"ListItem\",\"@id\":\"https:\\\/\\\/www.encontrasantana.com.br\\\/sobre\\\/noticias-em-santana\\\/#listItem\",\"name\":\"Not\\u00edcias Santana\"}},{\"@type\":\"ListItem\",\"@id\":\"https:\\\/\\\/www.encontrasantana.com.br\\\/sobre\\\/noticias-em-santana\\\/#listItem\",\"position\":2,\"name\":\"Not\\u00edcias Santana\",\"item\":\"https:\\\/\\\/www.encontrasantana.com.br\\\/sobre\\\/noticias-em-santana\\\/\",\"nextItem\":{\"@type\":\"ListItem\",\"@id\":\"https:\\\/\\\/www.encontrasantana.com.br\\\/sobre\\\/ingressos-para-carnaval-no-anhembi-ja-estao-a-venda\\\/#listItem\",\"name\":\"Ingressos para carnaval no Anhembi j\\u00e1 est\\u00e3o \\u00e0 venda\"},\"previousItem\":{\"@type\":\"ListItem\",\"@id\":\"https:\\\/\\\/www.encontrasantana.com.br\\\/sobre#listItem\",\"name\":\"In\\u00edcio\"}},{\"@type\":\"ListItem\",\"@id\":\"https:\\\/\\\/www.encontrasantana.com.br\\\/sobre\\\/ingressos-para-carnaval-no-anhembi-ja-estao-a-venda\\\/#listItem\",\"position\":3,\"name\":\"Ingressos para carnaval no Anhembi j\\u00e1 est\\u00e3o \\u00e0 venda\",\"previousItem\":{\"@type\":\"ListItem\",\"@id\":\"https:\\\/\\\/www.encontrasantana.com.br\\\/sobre\\\/noticias-em-santana\\\/#listItem\",\"name\":\"Not\\u00edcias Santana\"}}]},{\"@type\":\"Organization\",\"@id\":\"https:\\\/\\\/www.encontrasantana.com.br\\\/sobre\\\/#organization\",\"name\":\"Encontra Santana\",\"description\":\"Not\\u00edcias, eventos, informa\\u00e7\\u00f5es e dicas no bairro de Santana e regi\\u00e3o.\",\"url\":\"https:\\\/\\\/www.encontrasantana.com.br\\\/sobre\\\/\"},{\"@type\":\"Person\",\"@id\":\"https:\\\/\\\/www.encontrasantana.com.br\\\/sobre\\\/author\\\/esantana\\\/#author\",\"url\":\"https:\\\/\\\/www.encontrasantana.com.br\\\/sobre\\\/author\\\/esantana\\\/\",\"name\":\"Encontra Santana\",\"image\":{\"@type\":\"ImageObject\",\"@id\":\"https:\\\/\\\/www.encontrasantana.com.br\\\/sobre\\\/ingressos-para-carnaval-no-anhembi-ja-estao-a-venda\\\/#authorImage\",\"url\":\"https:\\\/\\\/secure.gravatar.com\\\/avatar\\\/0fbed662e37531ae23e68f85f9517b2454e50c1dfebf80eb9b721449ac95e0b9?s=96&d=mm&r=g\",\"width\":96,\"height\":96,\"caption\":\"Encontra Santana\"}},{\"@type\":\"WebPage\",\"@id\":\"https:\\\/\\\/www.encontrasantana.com.br\\\/sobre\\\/ingressos-para-carnaval-no-anhembi-ja-estao-a-venda\\\/#webpage\",\"url\":\"https:\\\/\\\/www.encontrasantana.com.br\\\/sobre\\\/ingressos-para-carnaval-no-anhembi-ja-estao-a-venda\\\/\",\"name\":\"Ingressos para carnaval no Anhembi j\\u00e1 est\\u00e3o \\u00e0 venda \\u00bb Encontra Santana\",\"description\":\"Os foli\\u00f5es de plant\\u00e3o j\\u00e1 podem garantir seus lugares no Samb\\u00f3dromo do Anhembi, em Santana, para o Carnaval do ano que vem, que acontece entre os dias 12 e 15 de fevereiro. \\u00c9 que come\\u00e7ou, na \\u00faltima segunda-feira, a venda de ingressos para os desfiles das escolas de samba no Samb\\u00f3dromo do Anhembi. Os ingressos\",\"inLanguage\":\"pt-BR\",\"isPartOf\":{\"@id\":\"https:\\\/\\\/www.encontrasantana.com.br\\\/sobre\\\/#website\"},\"breadcrumb\":{\"@id\":\"https:\\\/\\\/www.encontrasantana.com.br\\\/sobre\\\/ingressos-para-carnaval-no-anhembi-ja-estao-a-venda\\\/#breadcrumblist\"},\"author\":{\"@id\":\"https:\\\/\\\/www.encontrasantana.com.br\\\/sobre\\\/author\\\/esantana\\\/#author\"},\"creator\":{\"@id\":\"https:\\\/\\\/www.encontrasantana.com.br\\\/sobre\\\/author\\\/esantana\\\/#author\"},\"datePublished\":\"2009-12-18T17:01:46-03:00\",\"dateModified\":\"2019-04-15T10:06:07-03:00\"},{\"@type\":\"WebSite\",\"@id\":\"https:\\\/\\\/www.encontrasantana.com.br\\\/sobre\\\/#website\",\"url\":\"https:\\\/\\\/www.encontrasantana.com.br\\\/sobre\\\/\",\"name\":\"Encontra Santana\",\"description\":\"Not\\u00edcias, eventos, informa\\u00e7\\u00f5es e dicas no bairro de Santana e regi\\u00e3o.\",\"inLanguage\":\"pt-BR\",\"publisher\":{\"@id\":\"https:\\\/\\\/www.encontrasantana.com.br\\\/sobre\\\/#organization\"}}]}\n\t\t<\/script>\n\t\t<!-- All in One SEO -->\n\n","aioseo_head_json":{"title":"Ingressos para carnaval no Anhembi j\u00e1 est\u00e3o \u00e0 venda \u00bb Encontra Santana","description":"Os foli\u00f5es de plant\u00e3o j\u00e1 podem garantir seus lugares no Samb\u00f3dromo do Anhembi, em Santana, para o Carnaval do ano que vem, que acontece entre os dias 12 e 15 de fevereiro. \u00c9 que come\u00e7ou, na \u00faltima segunda-feira, a venda de ingressos para os desfiles das escolas de samba no Samb\u00f3dromo do Anhembi. Os ingressos","canonical_url":"https:\/\/www.encontrasantana.com.br\/sobre\/ingressos-para-carnaval-no-anhembi-ja-estao-a-venda\/","robots":"max-image-preview:large","keywords":"","webmasterTools":{"miscellaneous":""},"schema":{"@context":"https:\/\/schema.org","@graph":[{"@type":"Article","@id":"https:\/\/www.encontrasantana.com.br\/sobre\/ingressos-para-carnaval-no-anhembi-ja-estao-a-venda\/#article","name":"Ingressos para carnaval no Anhembi j\u00e1 est\u00e3o \u00e0 venda \u00bb Encontra Santana","headline":"Ingressos para carnaval no Anhembi j\u00e1 est\u00e3o \u00e0 venda","author":{"@id":"https:\/\/www.encontrasantana.com.br\/sobre\/author\/esantana\/#author"},"publisher":{"@id":"https:\/\/www.encontrasantana.com.br\/sobre\/#organization"},"datePublished":"2009-12-18T17:01:46-03:00","dateModified":"2019-04-15T10:06:07-03:00","inLanguage":"pt-BR","mainEntityOfPage":{"@id":"https:\/\/www.encontrasantana.com.br\/sobre\/ingressos-para-carnaval-no-anhembi-ja-estao-a-venda\/#webpage"},"isPartOf":{"@id":"https:\/\/www.encontrasantana.com.br\/sobre\/ingressos-para-carnaval-no-anhembi-ja-estao-a-venda\/#webpage"},"articleSection":"Not\u00edcias Santana, Santana"},{"@type":"BreadcrumbList","@id":"https:\/\/www.encontrasantana.com.br\/sobre\/ingressos-para-carnaval-no-anhembi-ja-estao-a-venda\/#breadcrumblist","itemListElement":[{"@type":"ListItem","@id":"https:\/\/www.encontrasantana.com.br\/sobre#listItem","position":1,"name":"In\u00edcio","item":"https:\/\/www.encontrasantana.com.br\/sobre","nextItem":{"@type":"ListItem","@id":"https:\/\/www.encontrasantana.com.br\/sobre\/noticias-em-santana\/#listItem","name":"Not\u00edcias Santana"}},{"@type":"ListItem","@id":"https:\/\/www.encontrasantana.com.br\/sobre\/noticias-em-santana\/#listItem","position":2,"name":"Not\u00edcias Santana","item":"https:\/\/www.encontrasantana.com.br\/sobre\/noticias-em-santana\/","nextItem":{"@type":"ListItem","@id":"https:\/\/www.encontrasantana.com.br\/sobre\/ingressos-para-carnaval-no-anhembi-ja-estao-a-venda\/#listItem","name":"Ingressos para carnaval no Anhembi j\u00e1 est\u00e3o \u00e0 venda"},"previousItem":{"@type":"ListItem","@id":"https:\/\/www.encontrasantana.com.br\/sobre#listItem","name":"In\u00edcio"}},{"@type":"ListItem","@id":"https:\/\/www.encontrasantana.com.br\/sobre\/ingressos-para-carnaval-no-anhembi-ja-estao-a-venda\/#listItem","position":3,"name":"Ingressos para carnaval no Anhembi j\u00e1 est\u00e3o \u00e0 venda","previousItem":{"@type":"ListItem","@id":"https:\/\/www.encontrasantana.com.br\/sobre\/noticias-em-santana\/#listItem","name":"Not\u00edcias Santana"}}]},{"@type":"Organization","@id":"https:\/\/www.encontrasantana.com.br\/sobre\/#organization","name":"Encontra Santana","description":"Not\u00edcias, eventos, informa\u00e7\u00f5es e dicas no bairro de Santana e regi\u00e3o.","url":"https:\/\/www.encontrasantana.com.br\/sobre\/"},{"@type":"Person","@id":"https:\/\/www.encontrasantana.com.br\/sobre\/author\/esantana\/#author","url":"https:\/\/www.encontrasantana.com.br\/sobre\/author\/esantana\/","name":"Encontra Santana","image":{"@type":"ImageObject","@id":"https:\/\/www.encontrasantana.com.br\/sobre\/ingressos-para-carnaval-no-anhembi-ja-estao-a-venda\/#authorImage","url":"https:\/\/secure.gravatar.com\/avatar\/0fbed662e37531ae23e68f85f9517b2454e50c1dfebf80eb9b721449ac95e0b9?s=96&d=mm&r=g","width":96,"height":96,"caption":"Encontra Santana"}},{"@type":"WebPage","@id":"https:\/\/www.encontrasantana.com.br\/sobre\/ingressos-para-carnaval-no-anhembi-ja-estao-a-venda\/#webpage","url":"https:\/\/www.encontrasantana.com.br\/sobre\/ingressos-para-carnaval-no-anhembi-ja-estao-a-venda\/","name":"Ingressos para carnaval no Anhembi j\u00e1 est\u00e3o \u00e0 venda \u00bb Encontra Santana","description":"Os foli\u00f5es de plant\u00e3o j\u00e1 podem garantir seus lugares no Samb\u00f3dromo do Anhembi, em Santana, para o Carnaval do ano que vem, que acontece entre os dias 12 e 15 de fevereiro. \u00c9 que come\u00e7ou, na \u00faltima segunda-feira, a venda de ingressos para os desfiles das escolas de samba no Samb\u00f3dromo do Anhembi. Os ingressos","inLanguage":"pt-BR","isPartOf":{"@id":"https:\/\/www.encontrasantana.com.br\/sobre\/#website"},"breadcrumb":{"@id":"https:\/\/www.encontrasantana.com.br\/sobre\/ingressos-para-carnaval-no-anhembi-ja-estao-a-venda\/#breadcrumblist"},"author":{"@id":"https:\/\/www.encontrasantana.com.br\/sobre\/author\/esantana\/#author"},"creator":{"@id":"https:\/\/www.encontrasantana.com.br\/sobre\/author\/esantana\/#author"},"datePublished":"2009-12-18T17:01:46-03:00","dateModified":"2019-04-15T10:06:07-03:00"},{"@type":"WebSite","@id":"https:\/\/www.encontrasantana.com.br\/sobre\/#website","url":"https:\/\/www.encontrasantana.com.br\/sobre\/","name":"Encontra Santana","description":"Not\u00edcias, eventos, informa\u00e7\u00f5es e dicas no bairro de Santana e regi\u00e3o.","inLanguage":"pt-BR","publisher":{"@id":"https:\/\/www.encontrasantana.com.br\/sobre\/#organization"}}]},"og:locale":"pt_BR","og:site_name":"Encontra Santana | Not\u00edcias, eventos, informa\u00e7\u00f5es e dicas no bairro de Santana e regi\u00e3o.","og:type":"article","og:title":"Ingressos para carnaval no Anhembi j\u00e1 est\u00e3o \u00e0 venda \u00bb Encontra Santana","og:description":"Os foli\u00f5es de plant\u00e3o j\u00e1 podem garantir seus lugares no Samb\u00f3dromo do Anhembi, em Santana, para o Carnaval do ano que vem, que acontece entre os dias 12 e 15 de fevereiro. \u00c9 que come\u00e7ou, na \u00faltima segunda-feira, a venda de ingressos para os desfiles das escolas de samba no Samb\u00f3dromo do Anhembi. Os ingressos","og:url":"https:\/\/www.encontrasantana.com.br\/sobre\/ingressos-para-carnaval-no-anhembi-ja-estao-a-venda\/","article:published_time":"2009-12-18T20:01:46+00:00","article:modified_time":"2019-04-15T13:06:07+00:00","twitter:card":"summary","twitter:title":"Ingressos para carnaval no Anhembi j\u00e1 est\u00e3o \u00e0 venda \u00bb Encontra Santana","twitter:description":"Os foli\u00f5es de plant\u00e3o j\u00e1 podem garantir seus lugares no Samb\u00f3dromo do Anhembi, em Santana, para o Carnaval do ano que vem, que acontece entre os dias 12 e 15 de fevereiro. \u00c9 que come\u00e7ou, na \u00faltima segunda-feira, a venda de ingressos para os desfiles das escolas de samba no Samb\u00f3dromo do Anhembi. Os ingressos"},"aioseo_meta_data":{"post_id":"150","title":null,"description":null,"keywords":null,"keyphrases":null,"primary_term":null,"canonical_url":null,"og_title":null,"og_description":null,"og_object_type":"default","og_image_type":"default","og_image_url":null,"og_image_width":null,"og_image_height":null,"og_image_custom_url":null,"og_image_custom_fields":null,"og_video":null,"og_custom_url":null,"og_article_section":null,"og_article_tags":null,"twitter_use_og":false,"twitter_card":"default","twitter_image_type":"default","twitter_image_url":null,"twitter_image_custom_url":null,"twitter_image_custom_fields":null,"twitter_title":null,"twitter_description":null,"schema":{"blockGraphs":[],"customGraphs":[],"default":{"data":{"Article":[],"Course":[],"Dataset":[],"FAQPage":[],"Movie":[],"Person":[],"Product":[],"ProductReview":[],"Car":[],"Recipe":[],"Service":[],"SoftwareApplication":[],"WebPage":[]},"graphName":"Article","isEnabled":true},"graphs":[]},"schema_type":null,"schema_type_options":null,"pillar_content":false,"robots_default":true,"robots_noindex":false,"robots_noarchive":false,"robots_nosnippet":false,"robots_nofollow":false,"robots_noimageindex":false,"robots_noodp":false,"robots_notranslate":false,"robots_max_snippet":null,"robots_max_videopreview":null,"robots_max_imagepreview":"large","priority":null,"frequency":null,"local_seo":null,"limit_modified_date":false,"created":"2021-04-20 18:50:42","updated":"2026-08-06 03:12:03","focus_keyword":null,"additional_keywords":null,"truseo_locale":null,"ai":null,"breadcrumb_settings":null,"seo_analyzer_scan_date":null},"aioseo_breadcrumb":"<div class=\"aioseo-breadcrumbs\"><span class=\"aioseo-breadcrumb\">\n\t\t\t<a href=\"https:\/\/www.encontrasantana.com.br\/sobre\" title=\"In\u00edcio\">In\u00edcio<\/a>\n\t\t<\/span><span class=\"aioseo-breadcrumb-separator\">&raquo;<\/span><span class=\"aioseo-breadcrumb\">\n\t\t\t<a href=\"https:\/\/www.encontrasantana.com.br\/sobre\/noticias-em-santana\/\" title=\"Not\u00edcias Santana\">Not\u00edcias Santana<\/a>\n\t\t<\/span><span class=\"aioseo-breadcrumb-separator\">&raquo;<\/span><span class=\"aioseo-breadcrumb\">\n\t\t\tIngressos para carnaval no Anhembi j\u00e1 est\u00e3o \u00e0 venda\n\t\t<\/span><\/div>","aioseo_breadcrumb_json":[{"label":"In\u00edcio","link":"https:\/\/www.encontrasantana.com.br\/sobre"},{"label":"Not\u00edcias Santana","link":"https:\/\/www.encontrasantana.com.br\/sobre\/noticias-em-santana\/"},{"label":"Ingressos para carnaval no Anhembi j\u00e1 est\u00e3o \u00e0 venda","link":"https:\/\/www.encontrasantana.com.br\/sobre\/ingressos-para-carnaval-no-anhembi-ja-estao-a-venda\/"}],"_links":{"self":[{"href":"https:\/\/www.encontrasantana.com.br\/sobre\/wp-json\/wp\/v2\/posts\/150","targetHints":{"allow":["GET"]}}],"collection":[{"href":"https:\/\/www.encontrasantana.com.br\/sobre\/wp-json\/wp\/v2\/posts"}],"about":[{"href":"https:\/\/www.encontrasantana.com.br\/sobre\/wp-json\/wp\/v2\/types\/post"}],"author":[{"embeddable":true,"href":"https:\/\/www.encontrasantana.com.br\/sobre\/wp-json\/wp\/v2\/users\/1"}],"replies":[{"embeddable":true,"href":"https:\/\/www.encontrasantana.com.br\/sobre\/wp-json\/wp\/v2\/comments?post=150"}],"version-history":[{"count":0,"href":"https:\/\/www.encontrasantana.com.br\/sobre\/wp-json\/wp\/v2\/posts\/150\/revisions"}],"wp:attachment":[{"href":"https:\/\/www.encontrasantana.com.br\/sobre\/wp-json\/wp\/v2\/media?parent=150"}],"wp:term":[{"taxonomy":"category","embeddable":true,"href":"https:\/\/www.encontrasantana.com.br\/sobre\/wp-json\/wp\/v2\/categories?post=150"},{"taxonomy":"post_tag","embeddable":true,"href":"https:\/\/www.encontrasantana.com.br\/sobre\/wp-json\/wp\/v2\/tags?post=150"}],"curies":[{"name":"wp","href":"https:\/\/api.w.org\/{rel}","templated":true}]}}