{"id":1503,"date":"2011-09-09T16:44:53","date_gmt":"2011-09-09T19:44:53","guid":{"rendered":"http:\/\/www.encontrasantana.com.br\/blog\/?p=1503"},"modified":"2019-04-15T10:01:56","modified_gmt":"2019-04-15T13:01:56","slug":"candidatos-ao-cades-poderao-se-inscrever-a-partir-de-segunda-na-subprefeitura-santanatucuruvi","status":"publish","type":"post","link":"https:\/\/www.encontrasantana.com.br\/sobre\/candidatos-ao-cades-poderao-se-inscrever-a-partir-de-segunda-na-subprefeitura-santanatucuruvi\/","title":{"rendered":"Candidatos ao CADES poder\u00e3o se inscrever a partir de segunda na Subprefeitura Santana\/Tucuruvi"},"content":{"rendered":"<div class=\"1acf8468e559fd3cbeec5aee3a269a52\" data-index=\"1\" style=\"float: none; margin:0px;\">\n<!-- Anuncio display - global -->\r\n<ins class=\"adsbygoogle\"\r\n     style=\"display:block\"\r\n     data-ad-client=\"ca-pub-8585364105181520\"\r\n     data-ad-slot=\"8789329856\"\r\n     data-ad-format=\"auto\"\r\n     data-full-width-responsive=\"true\"><\/ins>\r\n<script>\r\n     (adsbygoogle = window.adsbygoogle || []).push({});\r\n<\/script>\n<\/div>\n<p>Quem quiser se candidatar ao Conselho Regional de Meio Ambiente, Desenvolvimento Sustent\u00e1vel e Cultura de Paz (CADES) em guia de Santana\/Tucuruvi dever\u00e1 comparecer a partir da pr\u00f3xima segunda-feira (12) na Subprefeitura para se inscrever. As inscri\u00e7\u00f5es se encerram em 6 de outubro.<\/p>\n<p>O candidato ter\u00e1 que morar ou trabalhar na regi\u00e3o, ter mais de 18 anos de idade, trazer documento de identifica\u00e7\u00e3o com foto, comprovante de endere\u00e7o ou trabalho, uma foto 3X4 e apresentar uma carta de inten\u00e7\u00e3o de proposta no formato A4.<\/p>\n<p>O CADES \u00e9 um f\u00f3rum institucional cujo objetivo \u00e9 planejar e executar a\u00e7\u00f5es que contribuam para a melhoria da qualidade s\u00f3cio-ambiental da regi\u00e3o, colaborando com a formula\u00e7\u00e3o de pol\u00edticas p\u00fablicas sempre promovendo e incentivando a participa\u00e7\u00e3o social. \u00c9 constitu\u00eddo por membros eleitos da sociedade civil e por representantes do poder p\u00fablico. O mandato dos conselheiros \u00e9 de dois anos, que podem ser reconduzidos outras duas vezes. O trabalho dos conselheiros n\u00e3o pode ser remunerado e \u00e9 considerado servi\u00e7o p\u00fablico relevante.<\/p>\n<p>Servi\u00e7o:<\/p>\n<p><a href=\"http:\/\/www.encontrasantana.com.br\/santana\/subprefeitura-santana.shtml\" target=\"_blank\">Subprefeitura Santana\/Tucuruvi<\/a><\/p>\n<p>Av. Tucuruvi, 808<\/p>\n<p>Inscri\u00e7\u00f5es: de 12\/09 at\u00e9 06\/10 das 9h \u00e0s 18h<\/p>\n<p><em>Fonte: Prefeitura de S\u00e3o Paulo<\/em><\/p>\n\n<div style=\"font-size: 0px; height: 0px; line-height: 0px; margin: 0; padding: 0; clear: both;\"><\/div>","protected":false},"excerpt":{"rendered":"<p>Quem quiser se candidatar ao Conselho Regional de Meio Ambiente, Desenvolvimento Sustent\u00e1vel e Cultura de Paz (CADES) em guia de Santana\/Tucuruvi dever\u00e1 comparecer a partir da pr\u00f3xima segunda-feira (12) na Subprefeitura para se inscrever. As inscri\u00e7\u00f5es se encerram em 6 de outubro. O candidato ter\u00e1 que morar ou trabalhar na regi\u00e3o, ter mais de 18 anos de idade, trazer documento de identifica\u00e7\u00e3o com foto, comprovante de endere\u00e7o ou trabalho, uma foto 3X4 e apresentar uma carta de inten\u00e7\u00e3o de proposta no formato A4. O CADES \u00e9 um f\u00f3rum institucional cujo objetivo \u00e9 planejar e executar a\u00e7\u00f5es que contribuam para a <\/p>\n","protected":false},"author":1,"featured_media":0,"comment_status":"open","ping_status":"closed","sticky":false,"template":"","format":"standard","meta":{"footnotes":""},"categories":[3],"tags":[10],"class_list":["post-1503","post","type-post","status-publish","format-standard","hentry","category-noticias-em-santana","tag-santana"],"aioseo_notices":[],"aioseo_head":"\n\t\t<!-- All in One SEO 5.0.0.1 - aioseo.com -->\n\t<meta name=\"description\" content=\"Quem quiser se candidatar ao Conselho Regional de Meio Ambiente, Desenvolvimento Sustent\u00e1vel e Cultura de Paz (CADES) em guia de Santana\/Tucuruvi dever\u00e1 comparecer a partir da pr\u00f3xima segunda-feira (12) na Subprefeitura para se inscrever. As inscri\u00e7\u00f5es se encerram em 6 de outubro. O candidato ter\u00e1 que morar ou trabalhar na regi\u00e3o, ter mais de 18\" \/>\n\t<meta name=\"robots\" content=\"max-image-preview:large\" \/>\n\t<meta name=\"author\" content=\"Encontra Santana\"\/>\n\t<link rel=\"canonical\" href=\"https:\/\/www.encontrasantana.com.br\/sobre\/candidatos-ao-cades-poderao-se-inscrever-a-partir-de-segunda-na-subprefeitura-santanatucuruvi\/\" \/>\n\t<meta name=\"generator\" content=\"All in One SEO (AIOSEO) 5.0.0.1\" \/>\n\t\t<meta property=\"og:locale\" content=\"pt_BR\" \/>\n\t\t<meta property=\"og:site_name\" content=\"Encontra Santana | Not\u00edcias, eventos, informa\u00e7\u00f5es e dicas no bairro de Santana e regi\u00e3o.\" \/>\n\t\t<meta property=\"og:type\" content=\"article\" \/>\n\t\t<meta property=\"og:title\" content=\"Candidatos ao CADES poder\u00e3o se inscrever a partir de segunda na Subprefeitura Santana\/Tucuruvi \u00bb Encontra Santana\" \/>\n\t\t<meta property=\"og:description\" content=\"Quem quiser se candidatar ao Conselho Regional de Meio Ambiente, Desenvolvimento Sustent\u00e1vel e Cultura de Paz (CADES) em guia de Santana\/Tucuruvi dever\u00e1 comparecer a partir da pr\u00f3xima segunda-feira (12) na Subprefeitura para se inscrever. As inscri\u00e7\u00f5es se encerram em 6 de outubro. O candidato ter\u00e1 que morar ou trabalhar na regi\u00e3o, ter mais de 18\" \/>\n\t\t<meta property=\"og:url\" content=\"https:\/\/www.encontrasantana.com.br\/sobre\/candidatos-ao-cades-poderao-se-inscrever-a-partir-de-segunda-na-subprefeitura-santanatucuruvi\/\" \/>\n\t\t<meta property=\"article:published_time\" content=\"2011-09-09T19:44:53+00:00\" \/>\n\t\t<meta property=\"article:modified_time\" content=\"2019-04-15T13:01:56+00:00\" \/>\n\t\t<meta name=\"twitter:card\" content=\"summary\" \/>\n\t\t<meta name=\"twitter:title\" content=\"Candidatos ao CADES poder\u00e3o se inscrever a partir de segunda na Subprefeitura Santana\/Tucuruvi \u00bb Encontra Santana\" \/>\n\t\t<meta name=\"twitter:description\" content=\"Quem quiser se candidatar ao Conselho Regional de Meio Ambiente, Desenvolvimento Sustent\u00e1vel e Cultura de Paz (CADES) em guia de Santana\/Tucuruvi dever\u00e1 comparecer a partir da pr\u00f3xima segunda-feira (12) na Subprefeitura para se inscrever. As inscri\u00e7\u00f5es se encerram em 6 de outubro. O candidato ter\u00e1 que morar ou trabalhar na regi\u00e3o, ter mais de 18\" \/>\n\t\t<script type=\"application\/ld+json\" class=\"aioseo-schema\">\n\t\t\t{\"@context\":\"https:\\\/\\\/schema.org\",\"@graph\":[{\"@type\":\"Article\",\"@id\":\"https:\\\/\\\/www.encontrasantana.com.br\\\/sobre\\\/candidatos-ao-cades-poderao-se-inscrever-a-partir-de-segunda-na-subprefeitura-santanatucuruvi\\\/#article\",\"name\":\"Candidatos ao CADES poder\\u00e3o se inscrever a partir de segunda na Subprefeitura Santana\\\/Tucuruvi \\u00bb Encontra Santana\",\"headline\":\"Candidatos ao CADES poder\\u00e3o se inscrever a partir de segunda na Subprefeitura Santana\\\/Tucuruvi\",\"author\":{\"@id\":\"https:\\\/\\\/www.encontrasantana.com.br\\\/sobre\\\/author\\\/esantana\\\/#author\"},\"publisher\":{\"@id\":\"https:\\\/\\\/www.encontrasantana.com.br\\\/sobre\\\/#organization\"},\"datePublished\":\"2011-09-09T16:44:53-03:00\",\"dateModified\":\"2019-04-15T10:01:56-03:00\",\"inLanguage\":\"pt-BR\",\"mainEntityOfPage\":{\"@id\":\"https:\\\/\\\/www.encontrasantana.com.br\\\/sobre\\\/candidatos-ao-cades-poderao-se-inscrever-a-partir-de-segunda-na-subprefeitura-santanatucuruvi\\\/#webpage\"},\"isPartOf\":{\"@id\":\"https:\\\/\\\/www.encontrasantana.com.br\\\/sobre\\\/candidatos-ao-cades-poderao-se-inscrever-a-partir-de-segunda-na-subprefeitura-santanatucuruvi\\\/#webpage\"},\"articleSection\":\"Not\\u00edcias Santana, Santana\"},{\"@type\":\"BreadcrumbList\",\"@id\":\"https:\\\/\\\/www.encontrasantana.com.br\\\/sobre\\\/candidatos-ao-cades-poderao-se-inscrever-a-partir-de-segunda-na-subprefeitura-santanatucuruvi\\\/#breadcrumblist\",\"itemListElement\":[{\"@type\":\"ListItem\",\"@id\":\"https:\\\/\\\/www.encontrasantana.com.br\\\/sobre#listItem\",\"position\":1,\"name\":\"In\\u00edcio\",\"item\":\"https:\\\/\\\/www.encontrasantana.com.br\\\/sobre\",\"nextItem\":{\"@type\":\"ListItem\",\"@id\":\"https:\\\/\\\/www.encontrasantana.com.br\\\/sobre\\\/noticias-em-santana\\\/#listItem\",\"name\":\"Not\\u00edcias Santana\"}},{\"@type\":\"ListItem\",\"@id\":\"https:\\\/\\\/www.encontrasantana.com.br\\\/sobre\\\/noticias-em-santana\\\/#listItem\",\"position\":2,\"name\":\"Not\\u00edcias Santana\",\"item\":\"https:\\\/\\\/www.encontrasantana.com.br\\\/sobre\\\/noticias-em-santana\\\/\",\"nextItem\":{\"@type\":\"ListItem\",\"@id\":\"https:\\\/\\\/www.encontrasantana.com.br\\\/sobre\\\/candidatos-ao-cades-poderao-se-inscrever-a-partir-de-segunda-na-subprefeitura-santanatucuruvi\\\/#listItem\",\"name\":\"Candidatos ao CADES poder\\u00e3o se inscrever a partir de segunda na Subprefeitura Santana\\\/Tucuruvi\"},\"previousItem\":{\"@type\":\"ListItem\",\"@id\":\"https:\\\/\\\/www.encontrasantana.com.br\\\/sobre#listItem\",\"name\":\"In\\u00edcio\"}},{\"@type\":\"ListItem\",\"@id\":\"https:\\\/\\\/www.encontrasantana.com.br\\\/sobre\\\/candidatos-ao-cades-poderao-se-inscrever-a-partir-de-segunda-na-subprefeitura-santanatucuruvi\\\/#listItem\",\"position\":3,\"name\":\"Candidatos ao CADES poder\\u00e3o se inscrever a partir de segunda na Subprefeitura Santana\\\/Tucuruvi\",\"previousItem\":{\"@type\":\"ListItem\",\"@id\":\"https:\\\/\\\/www.encontrasantana.com.br\\\/sobre\\\/noticias-em-santana\\\/#listItem\",\"name\":\"Not\\u00edcias Santana\"}}]},{\"@type\":\"Organization\",\"@id\":\"https:\\\/\\\/www.encontrasantana.com.br\\\/sobre\\\/#organization\",\"name\":\"Encontra Santana\",\"description\":\"Not\\u00edcias, eventos, informa\\u00e7\\u00f5es e dicas no bairro de Santana e regi\\u00e3o.\",\"url\":\"https:\\\/\\\/www.encontrasantana.com.br\\\/sobre\\\/\"},{\"@type\":\"Person\",\"@id\":\"https:\\\/\\\/www.encontrasantana.com.br\\\/sobre\\\/author\\\/esantana\\\/#author\",\"url\":\"https:\\\/\\\/www.encontrasantana.com.br\\\/sobre\\\/author\\\/esantana\\\/\",\"name\":\"Encontra Santana\",\"image\":{\"@type\":\"ImageObject\",\"@id\":\"https:\\\/\\\/www.encontrasantana.com.br\\\/sobre\\\/candidatos-ao-cades-poderao-se-inscrever-a-partir-de-segunda-na-subprefeitura-santanatucuruvi\\\/#authorImage\",\"url\":\"https:\\\/\\\/secure.gravatar.com\\\/avatar\\\/0fbed662e37531ae23e68f85f9517b2454e50c1dfebf80eb9b721449ac95e0b9?s=96&d=mm&r=g\",\"width\":96,\"height\":96,\"caption\":\"Encontra Santana\"}},{\"@type\":\"WebPage\",\"@id\":\"https:\\\/\\\/www.encontrasantana.com.br\\\/sobre\\\/candidatos-ao-cades-poderao-se-inscrever-a-partir-de-segunda-na-subprefeitura-santanatucuruvi\\\/#webpage\",\"url\":\"https:\\\/\\\/www.encontrasantana.com.br\\\/sobre\\\/candidatos-ao-cades-poderao-se-inscrever-a-partir-de-segunda-na-subprefeitura-santanatucuruvi\\\/\",\"name\":\"Candidatos ao CADES poder\\u00e3o se inscrever a partir de segunda na Subprefeitura Santana\\\/Tucuruvi \\u00bb Encontra Santana\",\"description\":\"Quem quiser se candidatar ao Conselho Regional de Meio Ambiente, Desenvolvimento Sustent\\u00e1vel e Cultura de Paz (CADES) em guia de Santana\\\/Tucuruvi dever\\u00e1 comparecer a partir da pr\\u00f3xima segunda-feira (12) na Subprefeitura para se inscrever. As inscri\\u00e7\\u00f5es se encerram em 6 de outubro. O candidato ter\\u00e1 que morar ou trabalhar na regi\\u00e3o, ter mais de 18\",\"inLanguage\":\"pt-BR\",\"isPartOf\":{\"@id\":\"https:\\\/\\\/www.encontrasantana.com.br\\\/sobre\\\/#website\"},\"breadcrumb\":{\"@id\":\"https:\\\/\\\/www.encontrasantana.com.br\\\/sobre\\\/candidatos-ao-cades-poderao-se-inscrever-a-partir-de-segunda-na-subprefeitura-santanatucuruvi\\\/#breadcrumblist\"},\"author\":{\"@id\":\"https:\\\/\\\/www.encontrasantana.com.br\\\/sobre\\\/author\\\/esantana\\\/#author\"},\"creator\":{\"@id\":\"https:\\\/\\\/www.encontrasantana.com.br\\\/sobre\\\/author\\\/esantana\\\/#author\"},\"datePublished\":\"2011-09-09T16:44:53-03:00\",\"dateModified\":\"2019-04-15T10:01:56-03:00\"},{\"@type\":\"WebSite\",\"@id\":\"https:\\\/\\\/www.encontrasantana.com.br\\\/sobre\\\/#website\",\"url\":\"https:\\\/\\\/www.encontrasantana.com.br\\\/sobre\\\/\",\"name\":\"Encontra Santana\",\"description\":\"Not\\u00edcias, eventos, informa\\u00e7\\u00f5es e dicas no bairro de Santana e regi\\u00e3o.\",\"inLanguage\":\"pt-BR\",\"publisher\":{\"@id\":\"https:\\\/\\\/www.encontrasantana.com.br\\\/sobre\\\/#organization\"}}]}\n\t\t<\/script>\n\t\t<!-- All in One SEO -->\n\n","aioseo_head_json":{"title":"Candidatos ao CADES poder\u00e3o se inscrever a partir de segunda na Subprefeitura Santana\/Tucuruvi \u00bb Encontra Santana","description":"Quem quiser se candidatar ao Conselho Regional de Meio Ambiente, Desenvolvimento Sustent\u00e1vel e Cultura de Paz (CADES) em guia de Santana\/Tucuruvi dever\u00e1 comparecer a partir da pr\u00f3xima segunda-feira (12) na Subprefeitura para se inscrever. As inscri\u00e7\u00f5es se encerram em 6 de outubro. O candidato ter\u00e1 que morar ou trabalhar na regi\u00e3o, ter mais de 18","canonical_url":"https:\/\/www.encontrasantana.com.br\/sobre\/candidatos-ao-cades-poderao-se-inscrever-a-partir-de-segunda-na-subprefeitura-santanatucuruvi\/","robots":"max-image-preview:large","keywords":"","webmasterTools":{"miscellaneous":""},"schema":{"@context":"https:\/\/schema.org","@graph":[{"@type":"Article","@id":"https:\/\/www.encontrasantana.com.br\/sobre\/candidatos-ao-cades-poderao-se-inscrever-a-partir-de-segunda-na-subprefeitura-santanatucuruvi\/#article","name":"Candidatos ao CADES poder\u00e3o se inscrever a partir de segunda na Subprefeitura Santana\/Tucuruvi \u00bb Encontra Santana","headline":"Candidatos ao CADES poder\u00e3o se inscrever a partir de segunda na Subprefeitura Santana\/Tucuruvi","author":{"@id":"https:\/\/www.encontrasantana.com.br\/sobre\/author\/esantana\/#author"},"publisher":{"@id":"https:\/\/www.encontrasantana.com.br\/sobre\/#organization"},"datePublished":"2011-09-09T16:44:53-03:00","dateModified":"2019-04-15T10:01:56-03:00","inLanguage":"pt-BR","mainEntityOfPage":{"@id":"https:\/\/www.encontrasantana.com.br\/sobre\/candidatos-ao-cades-poderao-se-inscrever-a-partir-de-segunda-na-subprefeitura-santanatucuruvi\/#webpage"},"isPartOf":{"@id":"https:\/\/www.encontrasantana.com.br\/sobre\/candidatos-ao-cades-poderao-se-inscrever-a-partir-de-segunda-na-subprefeitura-santanatucuruvi\/#webpage"},"articleSection":"Not\u00edcias Santana, Santana"},{"@type":"BreadcrumbList","@id":"https:\/\/www.encontrasantana.com.br\/sobre\/candidatos-ao-cades-poderao-se-inscrever-a-partir-de-segunda-na-subprefeitura-santanatucuruvi\/#breadcrumblist","itemListElement":[{"@type":"ListItem","@id":"https:\/\/www.encontrasantana.com.br\/sobre#listItem","position":1,"name":"In\u00edcio","item":"https:\/\/www.encontrasantana.com.br\/sobre","nextItem":{"@type":"ListItem","@id":"https:\/\/www.encontrasantana.com.br\/sobre\/noticias-em-santana\/#listItem","name":"Not\u00edcias Santana"}},{"@type":"ListItem","@id":"https:\/\/www.encontrasantana.com.br\/sobre\/noticias-em-santana\/#listItem","position":2,"name":"Not\u00edcias Santana","item":"https:\/\/www.encontrasantana.com.br\/sobre\/noticias-em-santana\/","nextItem":{"@type":"ListItem","@id":"https:\/\/www.encontrasantana.com.br\/sobre\/candidatos-ao-cades-poderao-se-inscrever-a-partir-de-segunda-na-subprefeitura-santanatucuruvi\/#listItem","name":"Candidatos ao CADES poder\u00e3o se inscrever a partir de segunda na Subprefeitura Santana\/Tucuruvi"},"previousItem":{"@type":"ListItem","@id":"https:\/\/www.encontrasantana.com.br\/sobre#listItem","name":"In\u00edcio"}},{"@type":"ListItem","@id":"https:\/\/www.encontrasantana.com.br\/sobre\/candidatos-ao-cades-poderao-se-inscrever-a-partir-de-segunda-na-subprefeitura-santanatucuruvi\/#listItem","position":3,"name":"Candidatos ao CADES poder\u00e3o se inscrever a partir de segunda na Subprefeitura Santana\/Tucuruvi","previousItem":{"@type":"ListItem","@id":"https:\/\/www.encontrasantana.com.br\/sobre\/noticias-em-santana\/#listItem","name":"Not\u00edcias Santana"}}]},{"@type":"Organization","@id":"https:\/\/www.encontrasantana.com.br\/sobre\/#organization","name":"Encontra Santana","description":"Not\u00edcias, eventos, informa\u00e7\u00f5es e dicas no bairro de Santana e regi\u00e3o.","url":"https:\/\/www.encontrasantana.com.br\/sobre\/"},{"@type":"Person","@id":"https:\/\/www.encontrasantana.com.br\/sobre\/author\/esantana\/#author","url":"https:\/\/www.encontrasantana.com.br\/sobre\/author\/esantana\/","name":"Encontra Santana","image":{"@type":"ImageObject","@id":"https:\/\/www.encontrasantana.com.br\/sobre\/candidatos-ao-cades-poderao-se-inscrever-a-partir-de-segunda-na-subprefeitura-santanatucuruvi\/#authorImage","url":"https:\/\/secure.gravatar.com\/avatar\/0fbed662e37531ae23e68f85f9517b2454e50c1dfebf80eb9b721449ac95e0b9?s=96&d=mm&r=g","width":96,"height":96,"caption":"Encontra Santana"}},{"@type":"WebPage","@id":"https:\/\/www.encontrasantana.com.br\/sobre\/candidatos-ao-cades-poderao-se-inscrever-a-partir-de-segunda-na-subprefeitura-santanatucuruvi\/#webpage","url":"https:\/\/www.encontrasantana.com.br\/sobre\/candidatos-ao-cades-poderao-se-inscrever-a-partir-de-segunda-na-subprefeitura-santanatucuruvi\/","name":"Candidatos ao CADES poder\u00e3o se inscrever a partir de segunda na Subprefeitura Santana\/Tucuruvi \u00bb Encontra Santana","description":"Quem quiser se candidatar ao Conselho Regional de Meio Ambiente, Desenvolvimento Sustent\u00e1vel e Cultura de Paz (CADES) em guia de Santana\/Tucuruvi dever\u00e1 comparecer a partir da pr\u00f3xima segunda-feira (12) na Subprefeitura para se inscrever. As inscri\u00e7\u00f5es se encerram em 6 de outubro. O candidato ter\u00e1 que morar ou trabalhar na regi\u00e3o, ter mais de 18","inLanguage":"pt-BR","isPartOf":{"@id":"https:\/\/www.encontrasantana.com.br\/sobre\/#website"},"breadcrumb":{"@id":"https:\/\/www.encontrasantana.com.br\/sobre\/candidatos-ao-cades-poderao-se-inscrever-a-partir-de-segunda-na-subprefeitura-santanatucuruvi\/#breadcrumblist"},"author":{"@id":"https:\/\/www.encontrasantana.com.br\/sobre\/author\/esantana\/#author"},"creator":{"@id":"https:\/\/www.encontrasantana.com.br\/sobre\/author\/esantana\/#author"},"datePublished":"2011-09-09T16:44:53-03:00","dateModified":"2019-04-15T10:01:56-03:00"},{"@type":"WebSite","@id":"https:\/\/www.encontrasantana.com.br\/sobre\/#website","url":"https:\/\/www.encontrasantana.com.br\/sobre\/","name":"Encontra Santana","description":"Not\u00edcias, eventos, informa\u00e7\u00f5es e dicas no bairro de Santana e regi\u00e3o.","inLanguage":"pt-BR","publisher":{"@id":"https:\/\/www.encontrasantana.com.br\/sobre\/#organization"}}]},"og:locale":"pt_BR","og:site_name":"Encontra Santana | Not\u00edcias, eventos, informa\u00e7\u00f5es e dicas no bairro de Santana e regi\u00e3o.","og:type":"article","og:title":"Candidatos ao CADES poder\u00e3o se inscrever a partir de segunda na Subprefeitura Santana\/Tucuruvi \u00bb Encontra Santana","og:description":"Quem quiser se candidatar ao Conselho Regional de Meio Ambiente, Desenvolvimento Sustent\u00e1vel e Cultura de Paz (CADES) em guia de Santana\/Tucuruvi dever\u00e1 comparecer a partir da pr\u00f3xima segunda-feira (12) na Subprefeitura para se inscrever. As inscri\u00e7\u00f5es se encerram em 6 de outubro. O candidato ter\u00e1 que morar ou trabalhar na regi\u00e3o, ter mais de 18","og:url":"https:\/\/www.encontrasantana.com.br\/sobre\/candidatos-ao-cades-poderao-se-inscrever-a-partir-de-segunda-na-subprefeitura-santanatucuruvi\/","article:published_time":"2011-09-09T19:44:53+00:00","article:modified_time":"2019-04-15T13:01:56+00:00","twitter:card":"summary","twitter:title":"Candidatos ao CADES poder\u00e3o se inscrever a partir de segunda na Subprefeitura Santana\/Tucuruvi \u00bb Encontra Santana","twitter:description":"Quem quiser se candidatar ao Conselho Regional de Meio Ambiente, Desenvolvimento Sustent\u00e1vel e Cultura de Paz (CADES) em guia de Santana\/Tucuruvi dever\u00e1 comparecer a partir da pr\u00f3xima segunda-feira (12) na Subprefeitura para se inscrever. As inscri\u00e7\u00f5es se encerram em 6 de outubro. O candidato ter\u00e1 que morar ou trabalhar na regi\u00e3o, ter mais de 18"},"aioseo_meta_data":{"post_id":"1503","title":null,"description":null,"keywords":null,"keyphrases":null,"primary_term":null,"canonical_url":null,"og_title":null,"og_description":null,"og_object_type":"default","og_image_type":"default","og_image_url":null,"og_image_width":null,"og_image_height":null,"og_image_custom_url":null,"og_image_custom_fields":null,"og_video":null,"og_custom_url":null,"og_article_section":null,"og_article_tags":null,"twitter_use_og":false,"twitter_card":"default","twitter_image_type":"default","twitter_image_url":null,"twitter_image_custom_url":null,"twitter_image_custom_fields":null,"twitter_title":null,"twitter_description":null,"schema":{"blockGraphs":[],"customGraphs":[],"default":{"data":{"Article":[],"Course":[],"Dataset":[],"FAQPage":[],"Movie":[],"Person":[],"Product":[],"ProductReview":[],"Car":[],"Recipe":[],"Service":[],"SoftwareApplication":[],"WebPage":[]},"graphName":"Article","isEnabled":true},"graphs":[]},"schema_type":null,"schema_type_options":null,"pillar_content":false,"robots_default":true,"robots_noindex":false,"robots_noarchive":false,"robots_nosnippet":false,"robots_nofollow":false,"robots_noimageindex":false,"robots_noodp":false,"robots_notranslate":false,"robots_max_snippet":null,"robots_max_videopreview":null,"robots_max_imagepreview":"large","priority":null,"frequency":null,"local_seo":null,"limit_modified_date":false,"created":"2021-04-20 23:57:25","updated":"2026-08-06 09:44:44","focus_keyword":null,"additional_keywords":null,"truseo_locale":null,"ai":null,"breadcrumb_settings":null,"seo_analyzer_scan_date":null},"aioseo_breadcrumb":"<div class=\"aioseo-breadcrumbs\"><span class=\"aioseo-breadcrumb\">\n\t\t\t<a href=\"https:\/\/www.encontrasantana.com.br\/sobre\" title=\"In\u00edcio\">In\u00edcio<\/a>\n\t\t<\/span><span class=\"aioseo-breadcrumb-separator\">&raquo;<\/span><span class=\"aioseo-breadcrumb\">\n\t\t\t<a href=\"https:\/\/www.encontrasantana.com.br\/sobre\/noticias-em-santana\/\" title=\"Not\u00edcias Santana\">Not\u00edcias Santana<\/a>\n\t\t<\/span><span class=\"aioseo-breadcrumb-separator\">&raquo;<\/span><span class=\"aioseo-breadcrumb\">\n\t\t\tCandidatos ao CADES poder\u00e3o se inscrever a partir de segunda na Subprefeitura Santana\/Tucuruvi\n\t\t<\/span><\/div>","aioseo_breadcrumb_json":[{"label":"In\u00edcio","link":"https:\/\/www.encontrasantana.com.br\/sobre"},{"label":"Not\u00edcias Santana","link":"https:\/\/www.encontrasantana.com.br\/sobre\/noticias-em-santana\/"},{"label":"Candidatos ao CADES poder\u00e3o se inscrever a partir de segunda na Subprefeitura Santana\/Tucuruvi","link":"https:\/\/www.encontrasantana.com.br\/sobre\/candidatos-ao-cades-poderao-se-inscrever-a-partir-de-segunda-na-subprefeitura-santanatucuruvi\/"}],"_links":{"self":[{"href":"https:\/\/www.encontrasantana.com.br\/sobre\/wp-json\/wp\/v2\/posts\/1503","targetHints":{"allow":["GET"]}}],"collection":[{"href":"https:\/\/www.encontrasantana.com.br\/sobre\/wp-json\/wp\/v2\/posts"}],"about":[{"href":"https:\/\/www.encontrasantana.com.br\/sobre\/wp-json\/wp\/v2\/types\/post"}],"author":[{"embeddable":true,"href":"https:\/\/www.encontrasantana.com.br\/sobre\/wp-json\/wp\/v2\/users\/1"}],"replies":[{"embeddable":true,"href":"https:\/\/www.encontrasantana.com.br\/sobre\/wp-json\/wp\/v2\/comments?post=1503"}],"version-history":[{"count":0,"href":"https:\/\/www.encontrasantana.com.br\/sobre\/wp-json\/wp\/v2\/posts\/1503\/revisions"}],"wp:attachment":[{"href":"https:\/\/www.encontrasantana.com.br\/sobre\/wp-json\/wp\/v2\/media?parent=1503"}],"wp:term":[{"taxonomy":"category","embeddable":true,"href":"https:\/\/www.encontrasantana.com.br\/sobre\/wp-json\/wp\/v2\/categories?post=1503"},{"taxonomy":"post_tag","embeddable":true,"href":"https:\/\/www.encontrasantana.com.br\/sobre\/wp-json\/wp\/v2\/tags?post=1503"}],"curies":[{"name":"wp","href":"https:\/\/api.w.org\/{rel}","templated":true}]}}