{"id":156,"date":"2010-01-04T18:25:35","date_gmt":"2010-01-04T21:25:35","guid":{"rendered":"http:\/\/www.encontrasantana.com.br\/blog\/?p=156"},"modified":"2019-04-15T10:06:06","modified_gmt":"2019-04-15T13:06:06","slug":"secretaria-da-saude-promove-encontro-de-conselhos-gestores-em-santana","status":"publish","type":"post","link":"https:\/\/www.encontrasantana.com.br\/sobre\/secretaria-da-saude-promove-encontro-de-conselhos-gestores-em-santana\/","title":{"rendered":"Secretaria da Sa\u00fade promove Encontro de Conselhos Gestores em Santana"},"content":{"rendered":"<div class=\"1acf8468e559fd3cbeec5aee3a269a52\" data-index=\"1\" style=\"float: none; margin:0px;\">\n<!-- Anuncio display - global -->\r\n<ins class=\"adsbygoogle\"\r\n     style=\"display:block\"\r\n     data-ad-client=\"ca-pub-8585364105181520\"\r\n     data-ad-slot=\"8789329856\"\r\n     data-ad-format=\"auto\"\r\n     data-full-width-responsive=\"true\"><\/ins>\r\n<script>\r\n     (adsbygoogle = window.adsbygoogle || []).push({});\r\n<\/script>\n<\/div>\n<p>Nos pr\u00f3ximos dias 8 e 9 de janeiro, a Secretaria Municipal da Sa\u00fade de S\u00e3o Paulo (SMS) promover\u00e1 o &#8220;I Encontro Municipal de Conselhos Gestores da Sa\u00fade&#8221;. Mais de 2.500 conselheiros de toda a capital devem se reunir para discutir pol\u00edticas p\u00fablicas de sa\u00fade no evento que acontece no <a href=\"http:\/\/www.encontrasantana.com.br\/santana\/anhembi-em-santana.shtml\" target=\"_blank\">Parque Anhembi<\/a>, em Santana.<\/p>\n<p>Tamb\u00e9m haver\u00e1 homenagem aos Conselheiros e a entrega de trof\u00e9us para premiar as &#8220;Experi\u00eancias Exitosas de Participa\u00e7\u00e3o dos Conselhos Gestores nas regi\u00f5es&#8221;.<\/p>\n<p>O objetivo do Encontro \u00e9 de iniciar um processo de valoriza\u00e7\u00e3o e integra\u00e7\u00e3o entre os conselhos e a secretaria de S\u00e1ude. No evento ser\u00e3o apresentados as diretrizes do Plano de Sa\u00fade do Munic\u00edpio de S\u00e3o Paulo de 2008 e 2009 e os resultados preliminares dos indicadores do Pacto pela Vida 2009. &#8220;Nossa expectativa \u00e9 que sejam fortalecidos os mecanismos para ampliar a capacidade de acompanhamento e fiscaliza\u00e7\u00e3o das unidades, principalmente as gerenciadas pelas Organiza\u00e7\u00f5es Sociais&#8221;, enfatiza o secret\u00e1rio Municipal de Sa\u00fade.<\/p>\n<p>Os membros dos conselhos gestores da sa\u00fade est\u00e3o vinculados aos servi\u00e7os do Sistema \u00danico de Sa\u00fade. Somente na capital paulista, existem 476 Conselhos Gestores em atividade na SMS. Cada servi\u00e7o, Unidade B\u00e1sica de Sa\u00fade, ou Hospital deve possuir um grupo de pessoas, respons\u00e1veis pelo planejamento, avalia\u00e7\u00e3o, fiscaliza\u00e7\u00e3o e controle da execu\u00e7\u00e3o das pol\u00edticas e das a\u00e7\u00f5es de sa\u00fade, em sua \u00e1rea de abrang\u00eancia.<\/p>\n<p>Cada Conselho \u00e9 composto por 50% de usu\u00e1rios, 25% de profissionais da sa\u00fade e 25% de representantes da dire\u00e7\u00e3o da unidade onde est\u00e3o vinculados.<\/p>\n<p><span style=\"font-weight: bold;\">SERVI\u00c7O<\/span><\/p>\n<p><span style=\"font-weight: bold;\">I Encontro Municipal de Conselhos Gestores da Sa\u00fade<\/span><br \/>\n<span style=\"font-weight: bold;\">Data:<\/span> 8 e 9 de janeiro<br \/>\n<span style=\"font-weight: bold;\">Hor\u00e1rio:<\/span> das 8h30 as 17h<br \/>\n<span style=\"font-weight: bold;\">Local:<\/span> Grande  Audit\u00f3rio  Celso Furtado<br \/>\n<span style=\"font-weight: bold;\">Endere\u00e7o:<\/span> Avenida Olavo Fontoura, 1.209, Anhembi Parque &#8211; Santana<\/p>\n<p><em>Fonte: Prefeitura de S\u00e3o Paulo<\/em><\/p>\n\n<div style=\"font-size: 0px; height: 0px; line-height: 0px; margin: 0; padding: 0; clear: both;\"><\/div>","protected":false},"excerpt":{"rendered":"<p>Nos pr\u00f3ximos dias 8 e 9 de janeiro, a Secretaria Municipal da Sa\u00fade de S\u00e3o Paulo (SMS) promover\u00e1 o &#8220;I Encontro Municipal de Conselhos Gestores da Sa\u00fade&#8221;. Mais de 2.500 conselheiros de toda a capital devem se reunir para discutir pol\u00edticas p\u00fablicas de sa\u00fade no evento que acontece no Parque Anhembi, em Santana. Tamb\u00e9m haver\u00e1 homenagem aos Conselheiros e a entrega de trof\u00e9us para premiar as &#8220;Experi\u00eancias Exitosas de Participa\u00e7\u00e3o dos Conselhos Gestores nas regi\u00f5es&#8221;. O objetivo do Encontro \u00e9 de iniciar um processo de valoriza\u00e7\u00e3o e integra\u00e7\u00e3o entre os conselhos e a secretaria de S\u00e1ude. No evento ser\u00e3o apresentados <\/p>\n","protected":false},"author":1,"featured_media":0,"comment_status":"open","ping_status":"closed","sticky":false,"template":"","format":"standard","meta":{"footnotes":""},"categories":[3],"tags":[10],"class_list":["post-156","post","type-post","status-publish","format-standard","hentry","category-noticias-em-santana","tag-santana"],"aioseo_notices":[],"aioseo_head":"\n\t\t<!-- All in One SEO 5.0.0.1 - aioseo.com -->\n\t<meta name=\"description\" content=\"Nos pr\u00f3ximos dias 8 e 9 de janeiro, a Secretaria Municipal da Sa\u00fade de S\u00e3o Paulo (SMS) promover\u00e1 o &quot;I Encontro Municipal de Conselhos Gestores da Sa\u00fade&quot;. Mais de 2.500 conselheiros de toda a capital devem se reunir para discutir pol\u00edticas p\u00fablicas de sa\u00fade no evento que acontece no Parque Anhembi, em Santana. Tamb\u00e9m haver\u00e1\" \/>\n\t<meta name=\"robots\" content=\"max-image-preview:large\" \/>\n\t<meta name=\"author\" content=\"Encontra Santana\"\/>\n\t<link rel=\"canonical\" href=\"https:\/\/www.encontrasantana.com.br\/sobre\/secretaria-da-saude-promove-encontro-de-conselhos-gestores-em-santana\/\" \/>\n\t<meta name=\"generator\" content=\"All in One SEO (AIOSEO) 5.0.0.1\" \/>\n\t\t<meta property=\"og:locale\" content=\"pt_BR\" \/>\n\t\t<meta property=\"og:site_name\" content=\"Encontra Santana | Not\u00edcias, eventos, informa\u00e7\u00f5es e dicas no bairro de Santana e regi\u00e3o.\" \/>\n\t\t<meta property=\"og:type\" content=\"article\" \/>\n\t\t<meta property=\"og:title\" content=\"Secretaria da Sa\u00fade promove Encontro de Conselhos Gestores em Santana \u00bb Encontra Santana\" \/>\n\t\t<meta property=\"og:description\" content=\"Nos pr\u00f3ximos dias 8 e 9 de janeiro, a Secretaria Municipal da Sa\u00fade de S\u00e3o Paulo (SMS) promover\u00e1 o &quot;I Encontro Municipal de Conselhos Gestores da Sa\u00fade&quot;. Mais de 2.500 conselheiros de toda a capital devem se reunir para discutir pol\u00edticas p\u00fablicas de sa\u00fade no evento que acontece no Parque Anhembi, em Santana. Tamb\u00e9m haver\u00e1\" \/>\n\t\t<meta property=\"og:url\" content=\"https:\/\/www.encontrasantana.com.br\/sobre\/secretaria-da-saude-promove-encontro-de-conselhos-gestores-em-santana\/\" \/>\n\t\t<meta property=\"article:published_time\" content=\"2010-01-04T21:25:35+00:00\" \/>\n\t\t<meta property=\"article:modified_time\" content=\"2019-04-15T13:06:06+00:00\" \/>\n\t\t<meta name=\"twitter:card\" content=\"summary\" \/>\n\t\t<meta name=\"twitter:title\" content=\"Secretaria da Sa\u00fade promove Encontro de Conselhos Gestores em Santana \u00bb Encontra Santana\" \/>\n\t\t<meta name=\"twitter:description\" content=\"Nos pr\u00f3ximos dias 8 e 9 de janeiro, a Secretaria Municipal da Sa\u00fade de S\u00e3o Paulo (SMS) promover\u00e1 o &quot;I Encontro Municipal de Conselhos Gestores da Sa\u00fade&quot;. Mais de 2.500 conselheiros de toda a capital devem se reunir para discutir pol\u00edticas p\u00fablicas de sa\u00fade no evento que acontece no Parque Anhembi, em Santana. Tamb\u00e9m haver\u00e1\" \/>\n\t\t<script type=\"application\/ld+json\" class=\"aioseo-schema\">\n\t\t\t{\"@context\":\"https:\\\/\\\/schema.org\",\"@graph\":[{\"@type\":\"Article\",\"@id\":\"https:\\\/\\\/www.encontrasantana.com.br\\\/sobre\\\/secretaria-da-saude-promove-encontro-de-conselhos-gestores-em-santana\\\/#article\",\"name\":\"Secretaria da Sa\\u00fade promove Encontro de Conselhos Gestores em Santana \\u00bb Encontra Santana\",\"headline\":\"Secretaria da Sa\\u00fade promove Encontro de Conselhos Gestores em Santana\",\"author\":{\"@id\":\"https:\\\/\\\/www.encontrasantana.com.br\\\/sobre\\\/author\\\/esantana\\\/#author\"},\"publisher\":{\"@id\":\"https:\\\/\\\/www.encontrasantana.com.br\\\/sobre\\\/#organization\"},\"datePublished\":\"2010-01-04T18:25:35-03:00\",\"dateModified\":\"2019-04-15T10:06:06-03:00\",\"inLanguage\":\"pt-BR\",\"mainEntityOfPage\":{\"@id\":\"https:\\\/\\\/www.encontrasantana.com.br\\\/sobre\\\/secretaria-da-saude-promove-encontro-de-conselhos-gestores-em-santana\\\/#webpage\"},\"isPartOf\":{\"@id\":\"https:\\\/\\\/www.encontrasantana.com.br\\\/sobre\\\/secretaria-da-saude-promove-encontro-de-conselhos-gestores-em-santana\\\/#webpage\"},\"articleSection\":\"Not\\u00edcias Santana, Santana\"},{\"@type\":\"BreadcrumbList\",\"@id\":\"https:\\\/\\\/www.encontrasantana.com.br\\\/sobre\\\/secretaria-da-saude-promove-encontro-de-conselhos-gestores-em-santana\\\/#breadcrumblist\",\"itemListElement\":[{\"@type\":\"ListItem\",\"@id\":\"https:\\\/\\\/www.encontrasantana.com.br\\\/sobre#listItem\",\"position\":1,\"name\":\"In\\u00edcio\",\"item\":\"https:\\\/\\\/www.encontrasantana.com.br\\\/sobre\",\"nextItem\":{\"@type\":\"ListItem\",\"@id\":\"https:\\\/\\\/www.encontrasantana.com.br\\\/sobre\\\/noticias-em-santana\\\/#listItem\",\"name\":\"Not\\u00edcias Santana\"}},{\"@type\":\"ListItem\",\"@id\":\"https:\\\/\\\/www.encontrasantana.com.br\\\/sobre\\\/noticias-em-santana\\\/#listItem\",\"position\":2,\"name\":\"Not\\u00edcias Santana\",\"item\":\"https:\\\/\\\/www.encontrasantana.com.br\\\/sobre\\\/noticias-em-santana\\\/\",\"nextItem\":{\"@type\":\"ListItem\",\"@id\":\"https:\\\/\\\/www.encontrasantana.com.br\\\/sobre\\\/secretaria-da-saude-promove-encontro-de-conselhos-gestores-em-santana\\\/#listItem\",\"name\":\"Secretaria da Sa\\u00fade promove Encontro de Conselhos Gestores em Santana\"},\"previousItem\":{\"@type\":\"ListItem\",\"@id\":\"https:\\\/\\\/www.encontrasantana.com.br\\\/sobre#listItem\",\"name\":\"In\\u00edcio\"}},{\"@type\":\"ListItem\",\"@id\":\"https:\\\/\\\/www.encontrasantana.com.br\\\/sobre\\\/secretaria-da-saude-promove-encontro-de-conselhos-gestores-em-santana\\\/#listItem\",\"position\":3,\"name\":\"Secretaria da Sa\\u00fade promove Encontro de Conselhos Gestores em Santana\",\"previousItem\":{\"@type\":\"ListItem\",\"@id\":\"https:\\\/\\\/www.encontrasantana.com.br\\\/sobre\\\/noticias-em-santana\\\/#listItem\",\"name\":\"Not\\u00edcias Santana\"}}]},{\"@type\":\"Organization\",\"@id\":\"https:\\\/\\\/www.encontrasantana.com.br\\\/sobre\\\/#organization\",\"name\":\"Encontra Santana\",\"description\":\"Not\\u00edcias, eventos, informa\\u00e7\\u00f5es e dicas no bairro de Santana e regi\\u00e3o.\",\"url\":\"https:\\\/\\\/www.encontrasantana.com.br\\\/sobre\\\/\"},{\"@type\":\"Person\",\"@id\":\"https:\\\/\\\/www.encontrasantana.com.br\\\/sobre\\\/author\\\/esantana\\\/#author\",\"url\":\"https:\\\/\\\/www.encontrasantana.com.br\\\/sobre\\\/author\\\/esantana\\\/\",\"name\":\"Encontra Santana\",\"image\":{\"@type\":\"ImageObject\",\"@id\":\"https:\\\/\\\/www.encontrasantana.com.br\\\/sobre\\\/secretaria-da-saude-promove-encontro-de-conselhos-gestores-em-santana\\\/#authorImage\",\"url\":\"https:\\\/\\\/secure.gravatar.com\\\/avatar\\\/0fbed662e37531ae23e68f85f9517b2454e50c1dfebf80eb9b721449ac95e0b9?s=96&d=mm&r=g\",\"width\":96,\"height\":96,\"caption\":\"Encontra Santana\"}},{\"@type\":\"WebPage\",\"@id\":\"https:\\\/\\\/www.encontrasantana.com.br\\\/sobre\\\/secretaria-da-saude-promove-encontro-de-conselhos-gestores-em-santana\\\/#webpage\",\"url\":\"https:\\\/\\\/www.encontrasantana.com.br\\\/sobre\\\/secretaria-da-saude-promove-encontro-de-conselhos-gestores-em-santana\\\/\",\"name\":\"Secretaria da Sa\\u00fade promove Encontro de Conselhos Gestores em Santana \\u00bb Encontra Santana\",\"description\":\"Nos pr\\u00f3ximos dias 8 e 9 de janeiro, a Secretaria Municipal da Sa\\u00fade de S\\u00e3o Paulo (SMS) promover\\u00e1 o \\\"I Encontro Municipal de Conselhos Gestores da Sa\\u00fade\\\". Mais de 2.500 conselheiros de toda a capital devem se reunir para discutir pol\\u00edticas p\\u00fablicas de sa\\u00fade no evento que acontece no Parque Anhembi, em Santana. Tamb\\u00e9m haver\\u00e1\",\"inLanguage\":\"pt-BR\",\"isPartOf\":{\"@id\":\"https:\\\/\\\/www.encontrasantana.com.br\\\/sobre\\\/#website\"},\"breadcrumb\":{\"@id\":\"https:\\\/\\\/www.encontrasantana.com.br\\\/sobre\\\/secretaria-da-saude-promove-encontro-de-conselhos-gestores-em-santana\\\/#breadcrumblist\"},\"author\":{\"@id\":\"https:\\\/\\\/www.encontrasantana.com.br\\\/sobre\\\/author\\\/esantana\\\/#author\"},\"creator\":{\"@id\":\"https:\\\/\\\/www.encontrasantana.com.br\\\/sobre\\\/author\\\/esantana\\\/#author\"},\"datePublished\":\"2010-01-04T18:25:35-03:00\",\"dateModified\":\"2019-04-15T10:06:06-03:00\"},{\"@type\":\"WebSite\",\"@id\":\"https:\\\/\\\/www.encontrasantana.com.br\\\/sobre\\\/#website\",\"url\":\"https:\\\/\\\/www.encontrasantana.com.br\\\/sobre\\\/\",\"name\":\"Encontra Santana\",\"description\":\"Not\\u00edcias, eventos, informa\\u00e7\\u00f5es e dicas no bairro de Santana e regi\\u00e3o.\",\"inLanguage\":\"pt-BR\",\"publisher\":{\"@id\":\"https:\\\/\\\/www.encontrasantana.com.br\\\/sobre\\\/#organization\"}}]}\n\t\t<\/script>\n\t\t<!-- All in One SEO -->\n\n","aioseo_head_json":{"title":"Secretaria da Sa\u00fade promove Encontro de Conselhos Gestores em Santana \u00bb Encontra Santana","description":"Nos pr\u00f3ximos dias 8 e 9 de janeiro, a Secretaria Municipal da Sa\u00fade de S\u00e3o Paulo (SMS) promover\u00e1 o \"I Encontro Municipal de Conselhos Gestores da Sa\u00fade\". Mais de 2.500 conselheiros de toda a capital devem se reunir para discutir pol\u00edticas p\u00fablicas de sa\u00fade no evento que acontece no Parque Anhembi, em Santana. Tamb\u00e9m haver\u00e1","canonical_url":"https:\/\/www.encontrasantana.com.br\/sobre\/secretaria-da-saude-promove-encontro-de-conselhos-gestores-em-santana\/","robots":"max-image-preview:large","keywords":"","webmasterTools":{"miscellaneous":""},"schema":{"@context":"https:\/\/schema.org","@graph":[{"@type":"Article","@id":"https:\/\/www.encontrasantana.com.br\/sobre\/secretaria-da-saude-promove-encontro-de-conselhos-gestores-em-santana\/#article","name":"Secretaria da Sa\u00fade promove Encontro de Conselhos Gestores em Santana \u00bb Encontra Santana","headline":"Secretaria da Sa\u00fade promove Encontro de Conselhos Gestores em Santana","author":{"@id":"https:\/\/www.encontrasantana.com.br\/sobre\/author\/esantana\/#author"},"publisher":{"@id":"https:\/\/www.encontrasantana.com.br\/sobre\/#organization"},"datePublished":"2010-01-04T18:25:35-03:00","dateModified":"2019-04-15T10:06:06-03:00","inLanguage":"pt-BR","mainEntityOfPage":{"@id":"https:\/\/www.encontrasantana.com.br\/sobre\/secretaria-da-saude-promove-encontro-de-conselhos-gestores-em-santana\/#webpage"},"isPartOf":{"@id":"https:\/\/www.encontrasantana.com.br\/sobre\/secretaria-da-saude-promove-encontro-de-conselhos-gestores-em-santana\/#webpage"},"articleSection":"Not\u00edcias Santana, Santana"},{"@type":"BreadcrumbList","@id":"https:\/\/www.encontrasantana.com.br\/sobre\/secretaria-da-saude-promove-encontro-de-conselhos-gestores-em-santana\/#breadcrumblist","itemListElement":[{"@type":"ListItem","@id":"https:\/\/www.encontrasantana.com.br\/sobre#listItem","position":1,"name":"In\u00edcio","item":"https:\/\/www.encontrasantana.com.br\/sobre","nextItem":{"@type":"ListItem","@id":"https:\/\/www.encontrasantana.com.br\/sobre\/noticias-em-santana\/#listItem","name":"Not\u00edcias Santana"}},{"@type":"ListItem","@id":"https:\/\/www.encontrasantana.com.br\/sobre\/noticias-em-santana\/#listItem","position":2,"name":"Not\u00edcias Santana","item":"https:\/\/www.encontrasantana.com.br\/sobre\/noticias-em-santana\/","nextItem":{"@type":"ListItem","@id":"https:\/\/www.encontrasantana.com.br\/sobre\/secretaria-da-saude-promove-encontro-de-conselhos-gestores-em-santana\/#listItem","name":"Secretaria da Sa\u00fade promove Encontro de Conselhos Gestores em Santana"},"previousItem":{"@type":"ListItem","@id":"https:\/\/www.encontrasantana.com.br\/sobre#listItem","name":"In\u00edcio"}},{"@type":"ListItem","@id":"https:\/\/www.encontrasantana.com.br\/sobre\/secretaria-da-saude-promove-encontro-de-conselhos-gestores-em-santana\/#listItem","position":3,"name":"Secretaria da Sa\u00fade promove Encontro de Conselhos Gestores em Santana","previousItem":{"@type":"ListItem","@id":"https:\/\/www.encontrasantana.com.br\/sobre\/noticias-em-santana\/#listItem","name":"Not\u00edcias Santana"}}]},{"@type":"Organization","@id":"https:\/\/www.encontrasantana.com.br\/sobre\/#organization","name":"Encontra Santana","description":"Not\u00edcias, eventos, informa\u00e7\u00f5es e dicas no bairro de Santana e regi\u00e3o.","url":"https:\/\/www.encontrasantana.com.br\/sobre\/"},{"@type":"Person","@id":"https:\/\/www.encontrasantana.com.br\/sobre\/author\/esantana\/#author","url":"https:\/\/www.encontrasantana.com.br\/sobre\/author\/esantana\/","name":"Encontra Santana","image":{"@type":"ImageObject","@id":"https:\/\/www.encontrasantana.com.br\/sobre\/secretaria-da-saude-promove-encontro-de-conselhos-gestores-em-santana\/#authorImage","url":"https:\/\/secure.gravatar.com\/avatar\/0fbed662e37531ae23e68f85f9517b2454e50c1dfebf80eb9b721449ac95e0b9?s=96&d=mm&r=g","width":96,"height":96,"caption":"Encontra Santana"}},{"@type":"WebPage","@id":"https:\/\/www.encontrasantana.com.br\/sobre\/secretaria-da-saude-promove-encontro-de-conselhos-gestores-em-santana\/#webpage","url":"https:\/\/www.encontrasantana.com.br\/sobre\/secretaria-da-saude-promove-encontro-de-conselhos-gestores-em-santana\/","name":"Secretaria da Sa\u00fade promove Encontro de Conselhos Gestores em Santana \u00bb Encontra Santana","description":"Nos pr\u00f3ximos dias 8 e 9 de janeiro, a Secretaria Municipal da Sa\u00fade de S\u00e3o Paulo (SMS) promover\u00e1 o \"I Encontro Municipal de Conselhos Gestores da Sa\u00fade\". Mais de 2.500 conselheiros de toda a capital devem se reunir para discutir pol\u00edticas p\u00fablicas de sa\u00fade no evento que acontece no Parque Anhembi, em Santana. Tamb\u00e9m haver\u00e1","inLanguage":"pt-BR","isPartOf":{"@id":"https:\/\/www.encontrasantana.com.br\/sobre\/#website"},"breadcrumb":{"@id":"https:\/\/www.encontrasantana.com.br\/sobre\/secretaria-da-saude-promove-encontro-de-conselhos-gestores-em-santana\/#breadcrumblist"},"author":{"@id":"https:\/\/www.encontrasantana.com.br\/sobre\/author\/esantana\/#author"},"creator":{"@id":"https:\/\/www.encontrasantana.com.br\/sobre\/author\/esantana\/#author"},"datePublished":"2010-01-04T18:25:35-03:00","dateModified":"2019-04-15T10:06:06-03:00"},{"@type":"WebSite","@id":"https:\/\/www.encontrasantana.com.br\/sobre\/#website","url":"https:\/\/www.encontrasantana.com.br\/sobre\/","name":"Encontra Santana","description":"Not\u00edcias, eventos, informa\u00e7\u00f5es e dicas no bairro de Santana e regi\u00e3o.","inLanguage":"pt-BR","publisher":{"@id":"https:\/\/www.encontrasantana.com.br\/sobre\/#organization"}}]},"og:locale":"pt_BR","og:site_name":"Encontra Santana | Not\u00edcias, eventos, informa\u00e7\u00f5es e dicas no bairro de Santana e regi\u00e3o.","og:type":"article","og:title":"Secretaria da Sa\u00fade promove Encontro de Conselhos Gestores em Santana \u00bb Encontra Santana","og:description":"Nos pr\u00f3ximos dias 8 e 9 de janeiro, a Secretaria Municipal da Sa\u00fade de S\u00e3o Paulo (SMS) promover\u00e1 o &quot;I Encontro Municipal de Conselhos Gestores da Sa\u00fade&quot;. Mais de 2.500 conselheiros de toda a capital devem se reunir para discutir pol\u00edticas p\u00fablicas de sa\u00fade no evento que acontece no Parque Anhembi, em Santana. Tamb\u00e9m haver\u00e1","og:url":"https:\/\/www.encontrasantana.com.br\/sobre\/secretaria-da-saude-promove-encontro-de-conselhos-gestores-em-santana\/","article:published_time":"2010-01-04T21:25:35+00:00","article:modified_time":"2019-04-15T13:06:06+00:00","twitter:card":"summary","twitter:title":"Secretaria da Sa\u00fade promove Encontro de Conselhos Gestores em Santana \u00bb Encontra Santana","twitter:description":"Nos pr\u00f3ximos dias 8 e 9 de janeiro, a Secretaria Municipal da Sa\u00fade de S\u00e3o Paulo (SMS) promover\u00e1 o &quot;I Encontro Municipal de Conselhos Gestores da Sa\u00fade&quot;. Mais de 2.500 conselheiros de toda a capital devem se reunir para discutir pol\u00edticas p\u00fablicas de sa\u00fade no evento que acontece no Parque Anhembi, em Santana. Tamb\u00e9m haver\u00e1"},"aioseo_meta_data":{"post_id":"156","title":null,"description":null,"keywords":null,"keyphrases":null,"primary_term":null,"canonical_url":null,"og_title":null,"og_description":null,"og_object_type":"default","og_image_type":"default","og_image_url":null,"og_image_width":null,"og_image_height":null,"og_image_custom_url":null,"og_image_custom_fields":null,"og_video":null,"og_custom_url":null,"og_article_section":null,"og_article_tags":null,"twitter_use_og":false,"twitter_card":"default","twitter_image_type":"default","twitter_image_url":null,"twitter_image_custom_url":null,"twitter_image_custom_fields":null,"twitter_title":null,"twitter_description":null,"schema":{"blockGraphs":[],"customGraphs":[],"default":{"data":{"Article":[],"Course":[],"Dataset":[],"FAQPage":[],"Movie":[],"Person":[],"Product":[],"ProductReview":[],"Car":[],"Recipe":[],"Service":[],"SoftwareApplication":[],"WebPage":[]},"graphName":"Article","isEnabled":true},"graphs":[]},"schema_type":null,"schema_type_options":null,"pillar_content":false,"robots_default":true,"robots_noindex":false,"robots_noarchive":false,"robots_nosnippet":false,"robots_nofollow":false,"robots_noimageindex":false,"robots_noodp":false,"robots_notranslate":false,"robots_max_snippet":null,"robots_max_videopreview":null,"robots_max_imagepreview":"large","priority":null,"frequency":null,"local_seo":null,"limit_modified_date":false,"created":"2021-04-20 18:50:42","updated":"2026-08-06 03:15:01","focus_keyword":null,"additional_keywords":null,"truseo_locale":null,"ai":null,"breadcrumb_settings":null,"seo_analyzer_scan_date":null},"aioseo_breadcrumb":"<div class=\"aioseo-breadcrumbs\"><span class=\"aioseo-breadcrumb\">\n\t\t\t<a href=\"https:\/\/www.encontrasantana.com.br\/sobre\" title=\"In\u00edcio\">In\u00edcio<\/a>\n\t\t<\/span><span class=\"aioseo-breadcrumb-separator\">&raquo;<\/span><span class=\"aioseo-breadcrumb\">\n\t\t\t<a href=\"https:\/\/www.encontrasantana.com.br\/sobre\/noticias-em-santana\/\" title=\"Not\u00edcias Santana\">Not\u00edcias Santana<\/a>\n\t\t<\/span><span class=\"aioseo-breadcrumb-separator\">&raquo;<\/span><span class=\"aioseo-breadcrumb\">\n\t\t\tSecretaria da Sa\u00fade promove Encontro de Conselhos Gestores em Santana\n\t\t<\/span><\/div>","aioseo_breadcrumb_json":[{"label":"In\u00edcio","link":"https:\/\/www.encontrasantana.com.br\/sobre"},{"label":"Not\u00edcias Santana","link":"https:\/\/www.encontrasantana.com.br\/sobre\/noticias-em-santana\/"},{"label":"Secretaria da Sa\u00fade promove Encontro de Conselhos Gestores em Santana","link":"https:\/\/www.encontrasantana.com.br\/sobre\/secretaria-da-saude-promove-encontro-de-conselhos-gestores-em-santana\/"}],"_links":{"self":[{"href":"https:\/\/www.encontrasantana.com.br\/sobre\/wp-json\/wp\/v2\/posts\/156","targetHints":{"allow":["GET"]}}],"collection":[{"href":"https:\/\/www.encontrasantana.com.br\/sobre\/wp-json\/wp\/v2\/posts"}],"about":[{"href":"https:\/\/www.encontrasantana.com.br\/sobre\/wp-json\/wp\/v2\/types\/post"}],"author":[{"embeddable":true,"href":"https:\/\/www.encontrasantana.com.br\/sobre\/wp-json\/wp\/v2\/users\/1"}],"replies":[{"embeddable":true,"href":"https:\/\/www.encontrasantana.com.br\/sobre\/wp-json\/wp\/v2\/comments?post=156"}],"version-history":[{"count":0,"href":"https:\/\/www.encontrasantana.com.br\/sobre\/wp-json\/wp\/v2\/posts\/156\/revisions"}],"wp:attachment":[{"href":"https:\/\/www.encontrasantana.com.br\/sobre\/wp-json\/wp\/v2\/media?parent=156"}],"wp:term":[{"taxonomy":"category","embeddable":true,"href":"https:\/\/www.encontrasantana.com.br\/sobre\/wp-json\/wp\/v2\/categories?post=156"},{"taxonomy":"post_tag","embeddable":true,"href":"https:\/\/www.encontrasantana.com.br\/sobre\/wp-json\/wp\/v2\/tags?post=156"}],"curies":[{"name":"wp","href":"https:\/\/api.w.org\/{rel}","templated":true}]}}