{"id":1583,"date":"2011-10-07T17:21:00","date_gmt":"2011-10-07T20:21:00","guid":{"rendered":"http:\/\/www.encontrasantana.com.br\/blog\/?p=1583"},"modified":"2019-04-15T10:01:50","modified_gmt":"2019-04-15T13:01:50","slug":"servico-de-orientacao-ao-microempreendedor-segue-nas-estacoes-santana-luz-e-ana-rosa","status":"publish","type":"post","link":"https:\/\/www.encontrasantana.com.br\/sobre\/servico-de-orientacao-ao-microempreendedor-segue-nas-estacoes-santana-luz-e-ana-rosa\/","title":{"rendered":"Servi\u00e7o de orienta\u00e7\u00e3o ao microempreendedor segue nas esta\u00e7\u00f5es Santana, Luz e Ana Rosa"},"content":{"rendered":"<div class=\"1acf8468e559fd3cbeec5aee3a269a52\" data-index=\"1\" style=\"float: none; margin:0px;\">\n<!-- Anuncio display - global -->\r\n<ins class=\"adsbygoogle\"\r\n     style=\"display:block\"\r\n     data-ad-client=\"ca-pub-8585364105181520\"\r\n     data-ad-slot=\"8789329856\"\r\n     data-ad-format=\"auto\"\r\n     data-full-width-responsive=\"true\"><\/ins>\r\n<script>\r\n     (adsbygoogle = window.adsbygoogle || []).push({});\r\n<\/script>\n<\/div>\n<p>Durante o m\u00eas de outubro, os agentes de formaliza\u00e7\u00e3o do microempreendedor individual (MEI) estar\u00e3o na <a href=\"http:\/\/www.encontrasantana.com.br\/santana\/metro-santana.shtml\" target=\"_blank\">esta\u00e7\u00e3o Santana<\/a>, esta\u00e7\u00e3o Luz e esta\u00e7\u00e3o Ana Rosa &#8211; da linha norte-sul do Metr\u00f4 -, atendendo aos interessados em abrir um neg\u00f3cio pr\u00f3prio ou sair da informalidade. A pessoa pode esclarecer d\u00favidas sobre o programa do MEI, conhecer os benef\u00edcios da formaliza\u00e7\u00e3o, as normas e exig\u00eancias da legisla\u00e7\u00e3o municipal e, se for o caso, deixar encaminhado o seu pedido de registro, de forma segura e sem nenhum custo. O atendimento \u00e9 realizado de segunda a sexta-feira, entre 9h e 18h, nos balc\u00f5es montados nas esta\u00e7\u00f5es.<\/p>\n<p>A a\u00e7\u00e3o \u00e9 uma parceria entre a Secretaria Especial do Microempreendedor Individual (Semei) e a Secretaria Estadual dos Transportes Metropolitanos, por meio da Companhia do Metropolitano de S\u00e3o Paulo, e a inten\u00e7\u00e3o \u00e9 levar o servi\u00e7o a v\u00e1rias esta\u00e7\u00f5es do Metr\u00f4 da capital, locais onde circulam milhares de pessoas e, consequentemente, h\u00e1 uma grande demanda por atendimento.<\/p>\n<p>A programa\u00e7\u00e3o teve in\u00edcio no m\u00eas de setembro, nas esta\u00e7\u00f5es Rep\u00fablica e Br\u00e1s, da linha leste-oeste, e o servi\u00e7o j\u00e1 mostrou um resultado positivo. Nas duas esta\u00e7\u00f5es, durante todo o m\u00eas, foram 223 atendimentos e 107 formaliza\u00e7\u00f5es de pequenos neg\u00f3cios.<\/p>\n<p>\u201cA cidade de S\u00e3o Paulo j\u00e1 tem 124 mil microempreendedores formalizados. Trabalhamos para fazer com que mais pessoas ingressem no mercado formal, por meio de pol\u00edticas p\u00fablicas integradas no \u00e2mbito da administra\u00e7\u00e3o municipal, al\u00e9m de parcerias com outras esferas de governo e institui\u00e7\u00f5es privadas, visando facilitar o acesso dessas pessoas \u00e0s informa\u00e7\u00f5es e meios para a formaliza\u00e7\u00e3o\u201d, diz o secret\u00e1rio Especial do Microempreendedor Individual.<\/p>\n<p>Os agentes da Secretaria do Microempreendedor Individual (Semei) e Federa\u00e7\u00e3o das Associa\u00e7\u00f5es Comerciais do Estado de S\u00e3o Paulo (Facesp) t\u00eam conhecimento espec\u00edfico sobre a legisla\u00e7\u00e3o paulistana para a formaliza\u00e7\u00e3o do MEI. Essa orienta\u00e7\u00e3o \u00e9 importante para que a pessoa efetue o seu registro de forma segura e sem erros, evitando uma peregrina\u00e7\u00e3o em v\u00e1rios \u00f3rg\u00e3os para cancelar um registro feito sem consulta pr\u00e9via \u00e0 Prefeitura<\/p>\n<p>A programa\u00e7\u00e3o segue em novembro na esta\u00e7\u00e3o S\u00e3o Bento e, no m\u00eas de dezembro, na esta\u00e7\u00e3o Barra Funda, Br\u00e1s, Tiet\u00ea e esta\u00e7\u00e3o Corinthians-Itaquera.<\/p>\n<p><em>Fonte: Prefeitura de S\u00e3o Paulo<\/em><\/p>\n\n<div style=\"font-size: 0px; height: 0px; line-height: 0px; margin: 0; padding: 0; clear: both;\"><\/div>","protected":false},"excerpt":{"rendered":"<p>Durante o m\u00eas de outubro, os agentes de formaliza\u00e7\u00e3o do microempreendedor individual (MEI) estar\u00e3o na esta\u00e7\u00e3o Santana, esta\u00e7\u00e3o Luz e esta\u00e7\u00e3o Ana Rosa &#8211; da linha norte-sul do Metr\u00f4 -, atendendo aos interessados em abrir um neg\u00f3cio pr\u00f3prio ou sair da informalidade. A pessoa pode esclarecer d\u00favidas sobre o programa do MEI, conhecer os benef\u00edcios da formaliza\u00e7\u00e3o, as normas e exig\u00eancias da legisla\u00e7\u00e3o municipal e, se for o caso, deixar encaminhado o seu pedido de registro, de forma segura e sem nenhum custo. O atendimento \u00e9 realizado de segunda a sexta-feira, entre 9h e 18h, nos balc\u00f5es montados nas esta\u00e7\u00f5es. <\/p>\n","protected":false},"author":1,"featured_media":0,"comment_status":"open","ping_status":"closed","sticky":false,"template":"","format":"standard","meta":{"footnotes":""},"categories":[15],"tags":[10],"class_list":["post-1583","post","type-post","status-publish","format-standard","hentry","category-servicos-em-santana","tag-santana"],"aioseo_notices":[],"aioseo_head":"\n\t\t<!-- All in One SEO 5.0.0.1 - aioseo.com -->\n\t<meta name=\"description\" content=\"Durante o m\u00eas de outubro, os agentes de formaliza\u00e7\u00e3o do microempreendedor individual (MEI) estar\u00e3o na esta\u00e7\u00e3o Santana, esta\u00e7\u00e3o Luz e esta\u00e7\u00e3o Ana Rosa - da linha norte-sul do Metr\u00f4 -, atendendo aos interessados em abrir um neg\u00f3cio pr\u00f3prio ou sair da informalidade. A pessoa pode esclarecer d\u00favidas sobre o programa do MEI, conhecer os benef\u00edcios\" \/>\n\t<meta name=\"robots\" content=\"max-image-preview:large\" \/>\n\t<meta name=\"author\" content=\"Encontra Santana\"\/>\n\t<link rel=\"canonical\" href=\"https:\/\/www.encontrasantana.com.br\/sobre\/servico-de-orientacao-ao-microempreendedor-segue-nas-estacoes-santana-luz-e-ana-rosa\/\" \/>\n\t<meta name=\"generator\" content=\"All in One SEO (AIOSEO) 5.0.0.1\" \/>\n\t\t<meta property=\"og:locale\" content=\"pt_BR\" \/>\n\t\t<meta property=\"og:site_name\" content=\"Encontra Santana | Not\u00edcias, eventos, informa\u00e7\u00f5es e dicas no bairro de Santana e regi\u00e3o.\" \/>\n\t\t<meta property=\"og:type\" content=\"article\" \/>\n\t\t<meta property=\"og:title\" content=\"Servi\u00e7o de orienta\u00e7\u00e3o ao microempreendedor segue nas esta\u00e7\u00f5es Santana, Luz e Ana Rosa \u00bb Encontra Santana\" \/>\n\t\t<meta property=\"og:description\" content=\"Durante o m\u00eas de outubro, os agentes de formaliza\u00e7\u00e3o do microempreendedor individual (MEI) estar\u00e3o na esta\u00e7\u00e3o Santana, esta\u00e7\u00e3o Luz e esta\u00e7\u00e3o Ana Rosa - da linha norte-sul do Metr\u00f4 -, atendendo aos interessados em abrir um neg\u00f3cio pr\u00f3prio ou sair da informalidade. A pessoa pode esclarecer d\u00favidas sobre o programa do MEI, conhecer os benef\u00edcios\" \/>\n\t\t<meta property=\"og:url\" content=\"https:\/\/www.encontrasantana.com.br\/sobre\/servico-de-orientacao-ao-microempreendedor-segue-nas-estacoes-santana-luz-e-ana-rosa\/\" \/>\n\t\t<meta property=\"article:published_time\" content=\"2011-10-07T20:21:00+00:00\" \/>\n\t\t<meta property=\"article:modified_time\" content=\"2019-04-15T13:01:50+00:00\" \/>\n\t\t<meta name=\"twitter:card\" content=\"summary\" \/>\n\t\t<meta name=\"twitter:title\" content=\"Servi\u00e7o de orienta\u00e7\u00e3o ao microempreendedor segue nas esta\u00e7\u00f5es Santana, Luz e Ana Rosa \u00bb Encontra Santana\" \/>\n\t\t<meta name=\"twitter:description\" content=\"Durante o m\u00eas de outubro, os agentes de formaliza\u00e7\u00e3o do microempreendedor individual (MEI) estar\u00e3o na esta\u00e7\u00e3o Santana, esta\u00e7\u00e3o Luz e esta\u00e7\u00e3o Ana Rosa - da linha norte-sul do Metr\u00f4 -, atendendo aos interessados em abrir um neg\u00f3cio pr\u00f3prio ou sair da informalidade. A pessoa pode esclarecer d\u00favidas sobre o programa do MEI, conhecer os benef\u00edcios\" \/>\n\t\t<script type=\"application\/ld+json\" class=\"aioseo-schema\">\n\t\t\t{\"@context\":\"https:\\\/\\\/schema.org\",\"@graph\":[{\"@type\":\"Article\",\"@id\":\"https:\\\/\\\/www.encontrasantana.com.br\\\/sobre\\\/servico-de-orientacao-ao-microempreendedor-segue-nas-estacoes-santana-luz-e-ana-rosa\\\/#article\",\"name\":\"Servi\\u00e7o de orienta\\u00e7\\u00e3o ao microempreendedor segue nas esta\\u00e7\\u00f5es Santana, Luz e Ana Rosa \\u00bb Encontra Santana\",\"headline\":\"Servi\\u00e7o de orienta\\u00e7\\u00e3o ao microempreendedor segue nas esta\\u00e7\\u00f5es Santana, Luz e Ana Rosa\",\"author\":{\"@id\":\"https:\\\/\\\/www.encontrasantana.com.br\\\/sobre\\\/author\\\/esantana\\\/#author\"},\"publisher\":{\"@id\":\"https:\\\/\\\/www.encontrasantana.com.br\\\/sobre\\\/#organization\"},\"datePublished\":\"2011-10-07T17:21:00-03:00\",\"dateModified\":\"2019-04-15T10:01:50-03:00\",\"inLanguage\":\"pt-BR\",\"mainEntityOfPage\":{\"@id\":\"https:\\\/\\\/www.encontrasantana.com.br\\\/sobre\\\/servico-de-orientacao-ao-microempreendedor-segue-nas-estacoes-santana-luz-e-ana-rosa\\\/#webpage\"},\"isPartOf\":{\"@id\":\"https:\\\/\\\/www.encontrasantana.com.br\\\/sobre\\\/servico-de-orientacao-ao-microempreendedor-segue-nas-estacoes-santana-luz-e-ana-rosa\\\/#webpage\"},\"articleSection\":\"Servi\\u00e7os Santana, Santana\"},{\"@type\":\"BreadcrumbList\",\"@id\":\"https:\\\/\\\/www.encontrasantana.com.br\\\/sobre\\\/servico-de-orientacao-ao-microempreendedor-segue-nas-estacoes-santana-luz-e-ana-rosa\\\/#breadcrumblist\",\"itemListElement\":[{\"@type\":\"ListItem\",\"@id\":\"https:\\\/\\\/www.encontrasantana.com.br\\\/sobre#listItem\",\"position\":1,\"name\":\"In\\u00edcio\",\"item\":\"https:\\\/\\\/www.encontrasantana.com.br\\\/sobre\",\"nextItem\":{\"@type\":\"ListItem\",\"@id\":\"https:\\\/\\\/www.encontrasantana.com.br\\\/sobre\\\/servicos-em-santana\\\/#listItem\",\"name\":\"Servi\\u00e7os Santana\"}},{\"@type\":\"ListItem\",\"@id\":\"https:\\\/\\\/www.encontrasantana.com.br\\\/sobre\\\/servicos-em-santana\\\/#listItem\",\"position\":2,\"name\":\"Servi\\u00e7os Santana\",\"item\":\"https:\\\/\\\/www.encontrasantana.com.br\\\/sobre\\\/servicos-em-santana\\\/\",\"nextItem\":{\"@type\":\"ListItem\",\"@id\":\"https:\\\/\\\/www.encontrasantana.com.br\\\/sobre\\\/servico-de-orientacao-ao-microempreendedor-segue-nas-estacoes-santana-luz-e-ana-rosa\\\/#listItem\",\"name\":\"Servi\\u00e7o de orienta\\u00e7\\u00e3o ao microempreendedor segue nas esta\\u00e7\\u00f5es Santana, Luz e Ana Rosa\"},\"previousItem\":{\"@type\":\"ListItem\",\"@id\":\"https:\\\/\\\/www.encontrasantana.com.br\\\/sobre#listItem\",\"name\":\"In\\u00edcio\"}},{\"@type\":\"ListItem\",\"@id\":\"https:\\\/\\\/www.encontrasantana.com.br\\\/sobre\\\/servico-de-orientacao-ao-microempreendedor-segue-nas-estacoes-santana-luz-e-ana-rosa\\\/#listItem\",\"position\":3,\"name\":\"Servi\\u00e7o de orienta\\u00e7\\u00e3o ao microempreendedor segue nas esta\\u00e7\\u00f5es Santana, Luz e Ana Rosa\",\"previousItem\":{\"@type\":\"ListItem\",\"@id\":\"https:\\\/\\\/www.encontrasantana.com.br\\\/sobre\\\/servicos-em-santana\\\/#listItem\",\"name\":\"Servi\\u00e7os Santana\"}}]},{\"@type\":\"Organization\",\"@id\":\"https:\\\/\\\/www.encontrasantana.com.br\\\/sobre\\\/#organization\",\"name\":\"Encontra Santana\",\"description\":\"Not\\u00edcias, eventos, informa\\u00e7\\u00f5es e dicas no bairro de Santana e regi\\u00e3o.\",\"url\":\"https:\\\/\\\/www.encontrasantana.com.br\\\/sobre\\\/\"},{\"@type\":\"Person\",\"@id\":\"https:\\\/\\\/www.encontrasantana.com.br\\\/sobre\\\/author\\\/esantana\\\/#author\",\"url\":\"https:\\\/\\\/www.encontrasantana.com.br\\\/sobre\\\/author\\\/esantana\\\/\",\"name\":\"Encontra Santana\",\"image\":{\"@type\":\"ImageObject\",\"@id\":\"https:\\\/\\\/www.encontrasantana.com.br\\\/sobre\\\/servico-de-orientacao-ao-microempreendedor-segue-nas-estacoes-santana-luz-e-ana-rosa\\\/#authorImage\",\"url\":\"https:\\\/\\\/secure.gravatar.com\\\/avatar\\\/0fbed662e37531ae23e68f85f9517b2454e50c1dfebf80eb9b721449ac95e0b9?s=96&d=mm&r=g\",\"width\":96,\"height\":96,\"caption\":\"Encontra Santana\"}},{\"@type\":\"WebPage\",\"@id\":\"https:\\\/\\\/www.encontrasantana.com.br\\\/sobre\\\/servico-de-orientacao-ao-microempreendedor-segue-nas-estacoes-santana-luz-e-ana-rosa\\\/#webpage\",\"url\":\"https:\\\/\\\/www.encontrasantana.com.br\\\/sobre\\\/servico-de-orientacao-ao-microempreendedor-segue-nas-estacoes-santana-luz-e-ana-rosa\\\/\",\"name\":\"Servi\\u00e7o de orienta\\u00e7\\u00e3o ao microempreendedor segue nas esta\\u00e7\\u00f5es Santana, Luz e Ana Rosa \\u00bb Encontra Santana\",\"description\":\"Durante o m\\u00eas de outubro, os agentes de formaliza\\u00e7\\u00e3o do microempreendedor individual (MEI) estar\\u00e3o na esta\\u00e7\\u00e3o Santana, esta\\u00e7\\u00e3o Luz e esta\\u00e7\\u00e3o Ana Rosa - da linha norte-sul do Metr\\u00f4 -, atendendo aos interessados em abrir um neg\\u00f3cio pr\\u00f3prio ou sair da informalidade. A pessoa pode esclarecer d\\u00favidas sobre o programa do MEI, conhecer os benef\\u00edcios\",\"inLanguage\":\"pt-BR\",\"isPartOf\":{\"@id\":\"https:\\\/\\\/www.encontrasantana.com.br\\\/sobre\\\/#website\"},\"breadcrumb\":{\"@id\":\"https:\\\/\\\/www.encontrasantana.com.br\\\/sobre\\\/servico-de-orientacao-ao-microempreendedor-segue-nas-estacoes-santana-luz-e-ana-rosa\\\/#breadcrumblist\"},\"author\":{\"@id\":\"https:\\\/\\\/www.encontrasantana.com.br\\\/sobre\\\/author\\\/esantana\\\/#author\"},\"creator\":{\"@id\":\"https:\\\/\\\/www.encontrasantana.com.br\\\/sobre\\\/author\\\/esantana\\\/#author\"},\"datePublished\":\"2011-10-07T17:21:00-03:00\",\"dateModified\":\"2019-04-15T10:01:50-03:00\"},{\"@type\":\"WebSite\",\"@id\":\"https:\\\/\\\/www.encontrasantana.com.br\\\/sobre\\\/#website\",\"url\":\"https:\\\/\\\/www.encontrasantana.com.br\\\/sobre\\\/\",\"name\":\"Encontra Santana\",\"description\":\"Not\\u00edcias, eventos, informa\\u00e7\\u00f5es e dicas no bairro de Santana e regi\\u00e3o.\",\"inLanguage\":\"pt-BR\",\"publisher\":{\"@id\":\"https:\\\/\\\/www.encontrasantana.com.br\\\/sobre\\\/#organization\"}}]}\n\t\t<\/script>\n\t\t<!-- All in One SEO -->\n\n","aioseo_head_json":{"title":"Servi\u00e7o de orienta\u00e7\u00e3o ao microempreendedor segue nas esta\u00e7\u00f5es Santana, Luz e Ana Rosa \u00bb Encontra Santana","description":"Durante o m\u00eas de outubro, os agentes de formaliza\u00e7\u00e3o do microempreendedor individual (MEI) estar\u00e3o na esta\u00e7\u00e3o Santana, esta\u00e7\u00e3o Luz e esta\u00e7\u00e3o Ana Rosa - da linha norte-sul do Metr\u00f4 -, atendendo aos interessados em abrir um neg\u00f3cio pr\u00f3prio ou sair da informalidade. A pessoa pode esclarecer d\u00favidas sobre o programa do MEI, conhecer os benef\u00edcios","canonical_url":"https:\/\/www.encontrasantana.com.br\/sobre\/servico-de-orientacao-ao-microempreendedor-segue-nas-estacoes-santana-luz-e-ana-rosa\/","robots":"max-image-preview:large","keywords":"","webmasterTools":{"miscellaneous":""},"schema":{"@context":"https:\/\/schema.org","@graph":[{"@type":"Article","@id":"https:\/\/www.encontrasantana.com.br\/sobre\/servico-de-orientacao-ao-microempreendedor-segue-nas-estacoes-santana-luz-e-ana-rosa\/#article","name":"Servi\u00e7o de orienta\u00e7\u00e3o ao microempreendedor segue nas esta\u00e7\u00f5es Santana, Luz e Ana Rosa \u00bb Encontra Santana","headline":"Servi\u00e7o de orienta\u00e7\u00e3o ao microempreendedor segue nas esta\u00e7\u00f5es Santana, Luz e Ana Rosa","author":{"@id":"https:\/\/www.encontrasantana.com.br\/sobre\/author\/esantana\/#author"},"publisher":{"@id":"https:\/\/www.encontrasantana.com.br\/sobre\/#organization"},"datePublished":"2011-10-07T17:21:00-03:00","dateModified":"2019-04-15T10:01:50-03:00","inLanguage":"pt-BR","mainEntityOfPage":{"@id":"https:\/\/www.encontrasantana.com.br\/sobre\/servico-de-orientacao-ao-microempreendedor-segue-nas-estacoes-santana-luz-e-ana-rosa\/#webpage"},"isPartOf":{"@id":"https:\/\/www.encontrasantana.com.br\/sobre\/servico-de-orientacao-ao-microempreendedor-segue-nas-estacoes-santana-luz-e-ana-rosa\/#webpage"},"articleSection":"Servi\u00e7os Santana, Santana"},{"@type":"BreadcrumbList","@id":"https:\/\/www.encontrasantana.com.br\/sobre\/servico-de-orientacao-ao-microempreendedor-segue-nas-estacoes-santana-luz-e-ana-rosa\/#breadcrumblist","itemListElement":[{"@type":"ListItem","@id":"https:\/\/www.encontrasantana.com.br\/sobre#listItem","position":1,"name":"In\u00edcio","item":"https:\/\/www.encontrasantana.com.br\/sobre","nextItem":{"@type":"ListItem","@id":"https:\/\/www.encontrasantana.com.br\/sobre\/servicos-em-santana\/#listItem","name":"Servi\u00e7os Santana"}},{"@type":"ListItem","@id":"https:\/\/www.encontrasantana.com.br\/sobre\/servicos-em-santana\/#listItem","position":2,"name":"Servi\u00e7os Santana","item":"https:\/\/www.encontrasantana.com.br\/sobre\/servicos-em-santana\/","nextItem":{"@type":"ListItem","@id":"https:\/\/www.encontrasantana.com.br\/sobre\/servico-de-orientacao-ao-microempreendedor-segue-nas-estacoes-santana-luz-e-ana-rosa\/#listItem","name":"Servi\u00e7o de orienta\u00e7\u00e3o ao microempreendedor segue nas esta\u00e7\u00f5es Santana, Luz e Ana Rosa"},"previousItem":{"@type":"ListItem","@id":"https:\/\/www.encontrasantana.com.br\/sobre#listItem","name":"In\u00edcio"}},{"@type":"ListItem","@id":"https:\/\/www.encontrasantana.com.br\/sobre\/servico-de-orientacao-ao-microempreendedor-segue-nas-estacoes-santana-luz-e-ana-rosa\/#listItem","position":3,"name":"Servi\u00e7o de orienta\u00e7\u00e3o ao microempreendedor segue nas esta\u00e7\u00f5es Santana, Luz e Ana Rosa","previousItem":{"@type":"ListItem","@id":"https:\/\/www.encontrasantana.com.br\/sobre\/servicos-em-santana\/#listItem","name":"Servi\u00e7os Santana"}}]},{"@type":"Organization","@id":"https:\/\/www.encontrasantana.com.br\/sobre\/#organization","name":"Encontra Santana","description":"Not\u00edcias, eventos, informa\u00e7\u00f5es e dicas no bairro de Santana e regi\u00e3o.","url":"https:\/\/www.encontrasantana.com.br\/sobre\/"},{"@type":"Person","@id":"https:\/\/www.encontrasantana.com.br\/sobre\/author\/esantana\/#author","url":"https:\/\/www.encontrasantana.com.br\/sobre\/author\/esantana\/","name":"Encontra Santana","image":{"@type":"ImageObject","@id":"https:\/\/www.encontrasantana.com.br\/sobre\/servico-de-orientacao-ao-microempreendedor-segue-nas-estacoes-santana-luz-e-ana-rosa\/#authorImage","url":"https:\/\/secure.gravatar.com\/avatar\/0fbed662e37531ae23e68f85f9517b2454e50c1dfebf80eb9b721449ac95e0b9?s=96&d=mm&r=g","width":96,"height":96,"caption":"Encontra Santana"}},{"@type":"WebPage","@id":"https:\/\/www.encontrasantana.com.br\/sobre\/servico-de-orientacao-ao-microempreendedor-segue-nas-estacoes-santana-luz-e-ana-rosa\/#webpage","url":"https:\/\/www.encontrasantana.com.br\/sobre\/servico-de-orientacao-ao-microempreendedor-segue-nas-estacoes-santana-luz-e-ana-rosa\/","name":"Servi\u00e7o de orienta\u00e7\u00e3o ao microempreendedor segue nas esta\u00e7\u00f5es Santana, Luz e Ana Rosa \u00bb Encontra Santana","description":"Durante o m\u00eas de outubro, os agentes de formaliza\u00e7\u00e3o do microempreendedor individual (MEI) estar\u00e3o na esta\u00e7\u00e3o Santana, esta\u00e7\u00e3o Luz e esta\u00e7\u00e3o Ana Rosa - da linha norte-sul do Metr\u00f4 -, atendendo aos interessados em abrir um neg\u00f3cio pr\u00f3prio ou sair da informalidade. A pessoa pode esclarecer d\u00favidas sobre o programa do MEI, conhecer os benef\u00edcios","inLanguage":"pt-BR","isPartOf":{"@id":"https:\/\/www.encontrasantana.com.br\/sobre\/#website"},"breadcrumb":{"@id":"https:\/\/www.encontrasantana.com.br\/sobre\/servico-de-orientacao-ao-microempreendedor-segue-nas-estacoes-santana-luz-e-ana-rosa\/#breadcrumblist"},"author":{"@id":"https:\/\/www.encontrasantana.com.br\/sobre\/author\/esantana\/#author"},"creator":{"@id":"https:\/\/www.encontrasantana.com.br\/sobre\/author\/esantana\/#author"},"datePublished":"2011-10-07T17:21:00-03:00","dateModified":"2019-04-15T10:01:50-03:00"},{"@type":"WebSite","@id":"https:\/\/www.encontrasantana.com.br\/sobre\/#website","url":"https:\/\/www.encontrasantana.com.br\/sobre\/","name":"Encontra Santana","description":"Not\u00edcias, eventos, informa\u00e7\u00f5es e dicas no bairro de Santana e regi\u00e3o.","inLanguage":"pt-BR","publisher":{"@id":"https:\/\/www.encontrasantana.com.br\/sobre\/#organization"}}]},"og:locale":"pt_BR","og:site_name":"Encontra Santana | Not\u00edcias, eventos, informa\u00e7\u00f5es e dicas no bairro de Santana e regi\u00e3o.","og:type":"article","og:title":"Servi\u00e7o de orienta\u00e7\u00e3o ao microempreendedor segue nas esta\u00e7\u00f5es Santana, Luz e Ana Rosa \u00bb Encontra Santana","og:description":"Durante o m\u00eas de outubro, os agentes de formaliza\u00e7\u00e3o do microempreendedor individual (MEI) estar\u00e3o na esta\u00e7\u00e3o Santana, esta\u00e7\u00e3o Luz e esta\u00e7\u00e3o Ana Rosa - da linha norte-sul do Metr\u00f4 -, atendendo aos interessados em abrir um neg\u00f3cio pr\u00f3prio ou sair da informalidade. A pessoa pode esclarecer d\u00favidas sobre o programa do MEI, conhecer os benef\u00edcios","og:url":"https:\/\/www.encontrasantana.com.br\/sobre\/servico-de-orientacao-ao-microempreendedor-segue-nas-estacoes-santana-luz-e-ana-rosa\/","article:published_time":"2011-10-07T20:21:00+00:00","article:modified_time":"2019-04-15T13:01:50+00:00","twitter:card":"summary","twitter:title":"Servi\u00e7o de orienta\u00e7\u00e3o ao microempreendedor segue nas esta\u00e7\u00f5es Santana, Luz e Ana Rosa \u00bb Encontra Santana","twitter:description":"Durante o m\u00eas de outubro, os agentes de formaliza\u00e7\u00e3o do microempreendedor individual (MEI) estar\u00e3o na esta\u00e7\u00e3o Santana, esta\u00e7\u00e3o Luz e esta\u00e7\u00e3o Ana Rosa - da linha norte-sul do Metr\u00f4 -, atendendo aos interessados em abrir um neg\u00f3cio pr\u00f3prio ou sair da informalidade. A pessoa pode esclarecer d\u00favidas sobre o programa do MEI, conhecer os benef\u00edcios"},"aioseo_meta_data":{"post_id":"1583","title":null,"description":null,"keywords":null,"keyphrases":null,"primary_term":null,"canonical_url":null,"og_title":null,"og_description":null,"og_object_type":"default","og_image_type":"default","og_image_url":null,"og_image_width":null,"og_image_height":null,"og_image_custom_url":null,"og_image_custom_fields":null,"og_video":null,"og_custom_url":null,"og_article_section":null,"og_article_tags":null,"twitter_use_og":false,"twitter_card":"default","twitter_image_type":"default","twitter_image_url":null,"twitter_image_custom_url":null,"twitter_image_custom_fields":null,"twitter_title":null,"twitter_description":null,"schema":{"blockGraphs":[],"customGraphs":[],"default":{"data":{"Article":[],"Course":[],"Dataset":[],"FAQPage":[],"Movie":[],"Person":[],"Product":[],"ProductReview":[],"Car":[],"Recipe":[],"Service":[],"SoftwareApplication":[],"WebPage":[]},"graphName":"Article","isEnabled":true},"graphs":[]},"schema_type":null,"schema_type_options":null,"pillar_content":false,"robots_default":true,"robots_noindex":false,"robots_noarchive":false,"robots_nosnippet":false,"robots_nofollow":false,"robots_noimageindex":false,"robots_noodp":false,"robots_notranslate":false,"robots_max_snippet":null,"robots_max_videopreview":null,"robots_max_imagepreview":"large","priority":null,"frequency":null,"local_seo":null,"limit_modified_date":false,"created":"2021-04-20 23:54:38","updated":"2026-08-06 09:35:36","focus_keyword":null,"additional_keywords":null,"truseo_locale":null,"ai":null,"breadcrumb_settings":null,"seo_analyzer_scan_date":null},"aioseo_breadcrumb":"<div class=\"aioseo-breadcrumbs\"><span class=\"aioseo-breadcrumb\">\n\t\t\t<a href=\"https:\/\/www.encontrasantana.com.br\/sobre\" title=\"In\u00edcio\">In\u00edcio<\/a>\n\t\t<\/span><span class=\"aioseo-breadcrumb-separator\">&raquo;<\/span><span class=\"aioseo-breadcrumb\">\n\t\t\t<a href=\"https:\/\/www.encontrasantana.com.br\/sobre\/servicos-em-santana\/\" title=\"Servi\u00e7os Santana\">Servi\u00e7os Santana<\/a>\n\t\t<\/span><span class=\"aioseo-breadcrumb-separator\">&raquo;<\/span><span class=\"aioseo-breadcrumb\">\n\t\t\tServi\u00e7o de orienta\u00e7\u00e3o ao microempreendedor segue nas esta\u00e7\u00f5es Santana, Luz e Ana Rosa\n\t\t<\/span><\/div>","aioseo_breadcrumb_json":[{"label":"In\u00edcio","link":"https:\/\/www.encontrasantana.com.br\/sobre"},{"label":"Servi\u00e7os Santana","link":"https:\/\/www.encontrasantana.com.br\/sobre\/servicos-em-santana\/"},{"label":"Servi\u00e7o de orienta\u00e7\u00e3o ao microempreendedor segue nas esta\u00e7\u00f5es Santana, Luz e Ana Rosa","link":"https:\/\/www.encontrasantana.com.br\/sobre\/servico-de-orientacao-ao-microempreendedor-segue-nas-estacoes-santana-luz-e-ana-rosa\/"}],"_links":{"self":[{"href":"https:\/\/www.encontrasantana.com.br\/sobre\/wp-json\/wp\/v2\/posts\/1583","targetHints":{"allow":["GET"]}}],"collection":[{"href":"https:\/\/www.encontrasantana.com.br\/sobre\/wp-json\/wp\/v2\/posts"}],"about":[{"href":"https:\/\/www.encontrasantana.com.br\/sobre\/wp-json\/wp\/v2\/types\/post"}],"author":[{"embeddable":true,"href":"https:\/\/www.encontrasantana.com.br\/sobre\/wp-json\/wp\/v2\/users\/1"}],"replies":[{"embeddable":true,"href":"https:\/\/www.encontrasantana.com.br\/sobre\/wp-json\/wp\/v2\/comments?post=1583"}],"version-history":[{"count":0,"href":"https:\/\/www.encontrasantana.com.br\/sobre\/wp-json\/wp\/v2\/posts\/1583\/revisions"}],"wp:attachment":[{"href":"https:\/\/www.encontrasantana.com.br\/sobre\/wp-json\/wp\/v2\/media?parent=1583"}],"wp:term":[{"taxonomy":"category","embeddable":true,"href":"https:\/\/www.encontrasantana.com.br\/sobre\/wp-json\/wp\/v2\/categories?post=1583"},{"taxonomy":"post_tag","embeddable":true,"href":"https:\/\/www.encontrasantana.com.br\/sobre\/wp-json\/wp\/v2\/tags?post=1583"}],"curies":[{"name":"wp","href":"https:\/\/api.w.org\/{rel}","templated":true}]}}