{"id":1596,"date":"2011-10-19T17:38:06","date_gmt":"2011-10-19T20:38:06","guid":{"rendered":"http:\/\/www.encontrasantana.com.br\/blog\/?p=1596"},"modified":"2019-04-15T10:01:49","modified_gmt":"2019-04-15T13:01:49","slug":"ccz-promove-acao-animal-em-santana-em-prol-da-adocao-de-caes-e-gatos","status":"publish","type":"post","link":"https:\/\/www.encontrasantana.com.br\/sobre\/ccz-promove-acao-animal-em-santana-em-prol-da-adocao-de-caes-e-gatos\/","title":{"rendered":"CCZ promove A\u00e7\u00e3o Animal em Santana em prol da ado\u00e7\u00e3o de c\u00e3es e gatos"},"content":{"rendered":"<div class=\"1acf8468e559fd3cbeec5aee3a269a52\" data-index=\"1\" style=\"float: none; margin:0px;\">\n<!-- Anuncio display - global -->\r\n<ins class=\"adsbygoogle\"\r\n     style=\"display:block\"\r\n     data-ad-client=\"ca-pub-8585364105181520\"\r\n     data-ad-slot=\"8789329856\"\r\n     data-ad-format=\"auto\"\r\n     data-full-width-responsive=\"true\"><\/ins>\r\n<script>\r\n     (adsbygoogle = window.adsbygoogle || []).push({});\r\n<\/script>\n<\/div>\n<p>Que tal passar um dia divertido com toda a fam\u00edlia, em um lugar cheio de atra\u00e7\u00f5es, e sair de l\u00e1 com um novo bichinho de estima\u00e7\u00e3o? A chance pode ser neste s\u00e1bado (22\/10), durante a A\u00e7\u00e3o Animal, evento que tem o objetivo de promover a guarda respons\u00e1vel, conscientizar sobre os cuidados necess\u00e1rios com os animais e a legisla\u00e7\u00e3o vigente, promover a ado\u00e7\u00e3o consciente e a orienta\u00e7\u00e3o sobre o conv\u00edvio harmonioso com os animais da fauna sinantr\u00f3pica.<\/p>\n<p>Organizada pelo Centro de Controle de Zoonoses (CCZ), \u00f3rg\u00e3o vinculado \u00e0 Coordena\u00e7\u00e3o de Vigil\u00e2ncia em Sa\u00fade (Covisa), a\u00a0A\u00e7\u00e3o Animal, que tamb\u00e9m celebra o Dia Mundial dos Animais (4\/10), pela primeira vez permitir\u00e1 ao visitante levar seu bicho de estima\u00e7\u00e3o a um evento do CCZ \u2013 lembrando que, para os c\u00e3es, s\u00e3o necess\u00e1rios coleira e guia; para os gatos, caixa de transporte. E esse p\u00fablico poder\u00e1 usufruir de alguns servi\u00e7os, como a emiss\u00e3o do Registro Geral Animal (RGA), que \u00e9 o \u201cRG\u201d do Animal (custo de R$ 4,25), a microchipagem, a emiss\u00e3o de guia para castra\u00e7\u00e3o gratuita e algumas orienta\u00e7\u00f5es veterin\u00e1rias. As inscri\u00e7\u00f5es para a castra\u00e7\u00e3o de c\u00e3es e gatos ser\u00e3o feitas ao longo do dia, durante o evento. Os interessados dever\u00e3o levar CPF, RG e comprovante de resid\u00eancia.<\/p>\n<p><strong>Quer conhecer o animal antes de levar pra casa?<\/strong><\/p>\n<p>Repetindo o sucesso da \u00faltima festa de ado\u00e7\u00e3o do CCZ, no primeiro semestre deste ano, quem tiver interesse em adotar um bichinho poder\u00e1 fazer o Test Dog ou o Test Cat, uma esp\u00e9cie de \u201ctest-drive\u201d em que as pessoas poder\u00e3o passear com os c\u00e3es e ter maior intera\u00e7\u00e3o com os gatos. \u201cNeste curto contato, os futuros donos costumam decidir se adotam, j\u00e1 que a afinidade surge quase que de imediato\u201d, explica a dra. Ana Claudia Furlan Mori, gerente do CCZ.<\/p>\n<p>Al\u00e9m de tudo isso, haver\u00e1 mais uma novidade: o\u00a0Guia Pet, em que volunt\u00e1rios e funcion\u00e1rios acompanham o futuro adotante para esclarecer sobre o comportamento e a personalidade dos animais para ado\u00e7\u00e3o.<\/p>\n<p><strong>Mais atra\u00e7\u00f5es<\/strong><\/p>\n<p>Para as crian\u00e7as foi reservado o Espa\u00e7o Crian\u00e7a, que trar\u00e1 atividades l\u00fadicas, com direito a pipoca e algod\u00e3o doce, pintura facial e escultura em bal\u00f5es e origami. Ser\u00e1 ainda exibida a pe\u00e7a\u00a0As aventuras do C\u00e3o Tobi e da Gata Mimi, dramatiza\u00e7\u00e3o produzida pelo CCZ e premiada pela Organiza\u00e7\u00e3o Pan Americana de Sa\u00fade (OPAS).<\/p>\n<p>Os animais dispon\u00edveis para ado\u00e7\u00e3o v\u00e3o participar de um desfile, haver\u00e1 demonstra\u00e7\u00e3o de adestramento de c\u00e3es de grande porte e de guarda, como pastor-alem\u00e3o, rotweillers e pit bulls, al\u00e9m de uma exposi\u00e7\u00e3o de fotos.<\/p>\n<p>J\u00e1 quem se amarra em videogames poder\u00e1 visitar o estande do\u00a0The Sims 3 Pets, da Warner, marca que est\u00e1 apoiando o evento.\u00a0 O p\u00fablico poder\u00e1 jogar o novo game, que tem mais de cem ra\u00e7as de cachorros e gatos control\u00e1veis. Quem adotar um pet na A\u00e7\u00e3o Animal ganhar\u00e1 brindes exclusivos do\u00a0The Sims 3 Pets\u00a0para o bichinho.<\/p>\n<p>A\u00a0A\u00e7\u00e3o Animal\u00a0contar\u00e1 com outras parcerias e com os volunt\u00e1rios que atuam no CCZ nas atividades de banho e tosa, bem-estar e passeadores.<\/p>\n<p><strong>Adotar faz bem<\/strong><\/p>\n<p>Atualmente, h\u00e1 370 c\u00e3es e 80 gatos no CCZ esperando por um dono. Os animais s\u00e3o vacinados, esterilizados, microchipados, tratados contra pulga e carrapato e vermifugados. Os interessados devem levar coleira para os c\u00e3es e caixa de transporte para os gatos, al\u00e9m de CPF, RG e comprovante de resid\u00eancia.<\/p>\n<p>A taxa municipal referente \u00e0 ado\u00e7\u00e3o \u00e9 de R$ 15,25, incluindo o RGA, que \u00e9 emitido na hora. Os novos propriet\u00e1rios receber\u00e3o tamb\u00e9m informa\u00e7\u00f5es sobre guarda respons\u00e1vel e demais orienta\u00e7\u00f5es que ser\u00e3o fornecidas pelos funcion\u00e1rios do CCZ.<\/p>\n<p>Os visitantes poder\u00e3o vivenciar e testemunhar a grata experi\u00eancia de um dos momentos mais ternos do evento, ou seja, o momento em que a ado\u00e7\u00e3o se concretiza e, juntos, donos e animais, deixam o CCZ para seu novo lar.<\/p>\n<p><strong>Servi\u00e7o<\/strong><\/p>\n<p><strong>A\u00e7\u00e3o Animal <\/strong><br \/>\nData:\u00a022 de outubro de 2011<br \/>\nHor\u00e1rio:\u00a0das 10h \u00e0s 16h<br \/>\nLocal:\u00a0Centro de Controle de Zoonoses (CCZ)<br \/>\nEndere\u00e7o:\u00a0Rua Santa Eul\u00e1lia, 86, Guia de Santana (pr\u00f3ximo ao Campo de Marte)<\/p>\n<p><em>Fonte: Prefeitura de S\u00e3o Paulo<\/em><\/p>\n\n<div style=\"font-size: 0px; height: 0px; line-height: 0px; margin: 0; padding: 0; clear: both;\"><\/div>","protected":false},"excerpt":{"rendered":"<p>Que tal passar um dia divertido com toda a fam\u00edlia, em um lugar cheio de atra\u00e7\u00f5es, e sair de l\u00e1 com um novo bichinho de estima\u00e7\u00e3o? A chance pode ser neste s\u00e1bado (22\/10), durante a A\u00e7\u00e3o Animal, evento que tem o objetivo de promover a guarda respons\u00e1vel, conscientizar sobre os cuidados necess\u00e1rios com os animais e a legisla\u00e7\u00e3o vigente, promover a ado\u00e7\u00e3o consciente e a orienta\u00e7\u00e3o sobre o conv\u00edvio harmonioso com os animais da fauna sinantr\u00f3pica. Organizada pelo Centro de Controle de Zoonoses (CCZ), \u00f3rg\u00e3o vinculado \u00e0 Coordena\u00e7\u00e3o de Vigil\u00e2ncia em Sa\u00fade (Covisa), a\u00a0A\u00e7\u00e3o Animal, que tamb\u00e9m celebra o Dia <\/p>\n","protected":false},"author":1,"featured_media":0,"comment_status":"open","ping_status":"closed","sticky":false,"template":"","format":"standard","meta":{"footnotes":""},"categories":[3],"tags":[10],"class_list":["post-1596","post","type-post","status-publish","format-standard","hentry","category-noticias-em-santana","tag-santana"],"aioseo_notices":[],"aioseo_head":"\n\t\t<!-- All in One SEO 5.0.0.1 - aioseo.com -->\n\t<meta name=\"description\" content=\"Que tal passar um dia divertido com toda a fam\u00edlia, em um lugar cheio de atra\u00e7\u00f5es, e sair de l\u00e1 com um novo bichinho de estima\u00e7\u00e3o? A chance pode ser neste s\u00e1bado (22\/10), durante a A\u00e7\u00e3o Animal, evento que tem o objetivo de promover a guarda respons\u00e1vel, conscientizar sobre os cuidados necess\u00e1rios com os animais\" \/>\n\t<meta name=\"robots\" content=\"max-image-preview:large\" \/>\n\t<meta name=\"author\" content=\"Encontra Santana\"\/>\n\t<link rel=\"canonical\" href=\"https:\/\/www.encontrasantana.com.br\/sobre\/ccz-promove-acao-animal-em-santana-em-prol-da-adocao-de-caes-e-gatos\/\" \/>\n\t<meta name=\"generator\" content=\"All in One SEO (AIOSEO) 5.0.0.1\" \/>\n\t\t<meta property=\"og:locale\" content=\"pt_BR\" \/>\n\t\t<meta property=\"og:site_name\" content=\"Encontra Santana | Not\u00edcias, eventos, informa\u00e7\u00f5es e dicas no bairro de Santana e regi\u00e3o.\" \/>\n\t\t<meta property=\"og:type\" content=\"article\" \/>\n\t\t<meta property=\"og:title\" content=\"CCZ promove A\u00e7\u00e3o Animal em Santana em prol da ado\u00e7\u00e3o de c\u00e3es e gatos \u00bb Encontra Santana\" \/>\n\t\t<meta property=\"og:description\" content=\"Que tal passar um dia divertido com toda a fam\u00edlia, em um lugar cheio de atra\u00e7\u00f5es, e sair de l\u00e1 com um novo bichinho de estima\u00e7\u00e3o? A chance pode ser neste s\u00e1bado (22\/10), durante a A\u00e7\u00e3o Animal, evento que tem o objetivo de promover a guarda respons\u00e1vel, conscientizar sobre os cuidados necess\u00e1rios com os animais\" \/>\n\t\t<meta property=\"og:url\" content=\"https:\/\/www.encontrasantana.com.br\/sobre\/ccz-promove-acao-animal-em-santana-em-prol-da-adocao-de-caes-e-gatos\/\" \/>\n\t\t<meta property=\"article:published_time\" content=\"2011-10-19T20:38:06+00:00\" \/>\n\t\t<meta property=\"article:modified_time\" content=\"2019-04-15T13:01:49+00:00\" \/>\n\t\t<meta name=\"twitter:card\" content=\"summary\" \/>\n\t\t<meta name=\"twitter:title\" content=\"CCZ promove A\u00e7\u00e3o Animal em Santana em prol da ado\u00e7\u00e3o de c\u00e3es e gatos \u00bb Encontra Santana\" \/>\n\t\t<meta name=\"twitter:description\" content=\"Que tal passar um dia divertido com toda a fam\u00edlia, em um lugar cheio de atra\u00e7\u00f5es, e sair de l\u00e1 com um novo bichinho de estima\u00e7\u00e3o? A chance pode ser neste s\u00e1bado (22\/10), durante a A\u00e7\u00e3o Animal, evento que tem o objetivo de promover a guarda respons\u00e1vel, conscientizar sobre os cuidados necess\u00e1rios com os animais\" \/>\n\t\t<script type=\"application\/ld+json\" class=\"aioseo-schema\">\n\t\t\t{\"@context\":\"https:\\\/\\\/schema.org\",\"@graph\":[{\"@type\":\"Article\",\"@id\":\"https:\\\/\\\/www.encontrasantana.com.br\\\/sobre\\\/ccz-promove-acao-animal-em-santana-em-prol-da-adocao-de-caes-e-gatos\\\/#article\",\"name\":\"CCZ promove A\\u00e7\\u00e3o Animal em Santana em prol da ado\\u00e7\\u00e3o de c\\u00e3es e gatos \\u00bb Encontra Santana\",\"headline\":\"CCZ promove A\\u00e7\\u00e3o Animal em Santana em prol da ado\\u00e7\\u00e3o de c\\u00e3es e gatos\",\"author\":{\"@id\":\"https:\\\/\\\/www.encontrasantana.com.br\\\/sobre\\\/author\\\/esantana\\\/#author\"},\"publisher\":{\"@id\":\"https:\\\/\\\/www.encontrasantana.com.br\\\/sobre\\\/#organization\"},\"datePublished\":\"2011-10-19T17:38:06-03:00\",\"dateModified\":\"2019-04-15T10:01:49-03:00\",\"inLanguage\":\"pt-BR\",\"mainEntityOfPage\":{\"@id\":\"https:\\\/\\\/www.encontrasantana.com.br\\\/sobre\\\/ccz-promove-acao-animal-em-santana-em-prol-da-adocao-de-caes-e-gatos\\\/#webpage\"},\"isPartOf\":{\"@id\":\"https:\\\/\\\/www.encontrasantana.com.br\\\/sobre\\\/ccz-promove-acao-animal-em-santana-em-prol-da-adocao-de-caes-e-gatos\\\/#webpage\"},\"articleSection\":\"Not\\u00edcias Santana, Santana\"},{\"@type\":\"BreadcrumbList\",\"@id\":\"https:\\\/\\\/www.encontrasantana.com.br\\\/sobre\\\/ccz-promove-acao-animal-em-santana-em-prol-da-adocao-de-caes-e-gatos\\\/#breadcrumblist\",\"itemListElement\":[{\"@type\":\"ListItem\",\"@id\":\"https:\\\/\\\/www.encontrasantana.com.br\\\/sobre#listItem\",\"position\":1,\"name\":\"In\\u00edcio\",\"item\":\"https:\\\/\\\/www.encontrasantana.com.br\\\/sobre\",\"nextItem\":{\"@type\":\"ListItem\",\"@id\":\"https:\\\/\\\/www.encontrasantana.com.br\\\/sobre\\\/noticias-em-santana\\\/#listItem\",\"name\":\"Not\\u00edcias Santana\"}},{\"@type\":\"ListItem\",\"@id\":\"https:\\\/\\\/www.encontrasantana.com.br\\\/sobre\\\/noticias-em-santana\\\/#listItem\",\"position\":2,\"name\":\"Not\\u00edcias Santana\",\"item\":\"https:\\\/\\\/www.encontrasantana.com.br\\\/sobre\\\/noticias-em-santana\\\/\",\"nextItem\":{\"@type\":\"ListItem\",\"@id\":\"https:\\\/\\\/www.encontrasantana.com.br\\\/sobre\\\/ccz-promove-acao-animal-em-santana-em-prol-da-adocao-de-caes-e-gatos\\\/#listItem\",\"name\":\"CCZ promove A\\u00e7\\u00e3o Animal em Santana em prol da ado\\u00e7\\u00e3o de c\\u00e3es e gatos\"},\"previousItem\":{\"@type\":\"ListItem\",\"@id\":\"https:\\\/\\\/www.encontrasantana.com.br\\\/sobre#listItem\",\"name\":\"In\\u00edcio\"}},{\"@type\":\"ListItem\",\"@id\":\"https:\\\/\\\/www.encontrasantana.com.br\\\/sobre\\\/ccz-promove-acao-animal-em-santana-em-prol-da-adocao-de-caes-e-gatos\\\/#listItem\",\"position\":3,\"name\":\"CCZ promove A\\u00e7\\u00e3o Animal em Santana em prol da ado\\u00e7\\u00e3o de c\\u00e3es e gatos\",\"previousItem\":{\"@type\":\"ListItem\",\"@id\":\"https:\\\/\\\/www.encontrasantana.com.br\\\/sobre\\\/noticias-em-santana\\\/#listItem\",\"name\":\"Not\\u00edcias Santana\"}}]},{\"@type\":\"Organization\",\"@id\":\"https:\\\/\\\/www.encontrasantana.com.br\\\/sobre\\\/#organization\",\"name\":\"Encontra Santana\",\"description\":\"Not\\u00edcias, eventos, informa\\u00e7\\u00f5es e dicas no bairro de Santana e regi\\u00e3o.\",\"url\":\"https:\\\/\\\/www.encontrasantana.com.br\\\/sobre\\\/\"},{\"@type\":\"Person\",\"@id\":\"https:\\\/\\\/www.encontrasantana.com.br\\\/sobre\\\/author\\\/esantana\\\/#author\",\"url\":\"https:\\\/\\\/www.encontrasantana.com.br\\\/sobre\\\/author\\\/esantana\\\/\",\"name\":\"Encontra Santana\",\"image\":{\"@type\":\"ImageObject\",\"@id\":\"https:\\\/\\\/www.encontrasantana.com.br\\\/sobre\\\/ccz-promove-acao-animal-em-santana-em-prol-da-adocao-de-caes-e-gatos\\\/#authorImage\",\"url\":\"https:\\\/\\\/secure.gravatar.com\\\/avatar\\\/0fbed662e37531ae23e68f85f9517b2454e50c1dfebf80eb9b721449ac95e0b9?s=96&d=mm&r=g\",\"width\":96,\"height\":96,\"caption\":\"Encontra Santana\"}},{\"@type\":\"WebPage\",\"@id\":\"https:\\\/\\\/www.encontrasantana.com.br\\\/sobre\\\/ccz-promove-acao-animal-em-santana-em-prol-da-adocao-de-caes-e-gatos\\\/#webpage\",\"url\":\"https:\\\/\\\/www.encontrasantana.com.br\\\/sobre\\\/ccz-promove-acao-animal-em-santana-em-prol-da-adocao-de-caes-e-gatos\\\/\",\"name\":\"CCZ promove A\\u00e7\\u00e3o Animal em Santana em prol da ado\\u00e7\\u00e3o de c\\u00e3es e gatos \\u00bb Encontra Santana\",\"description\":\"Que tal passar um dia divertido com toda a fam\\u00edlia, em um lugar cheio de atra\\u00e7\\u00f5es, e sair de l\\u00e1 com um novo bichinho de estima\\u00e7\\u00e3o? A chance pode ser neste s\\u00e1bado (22\\\/10), durante a A\\u00e7\\u00e3o Animal, evento que tem o objetivo de promover a guarda respons\\u00e1vel, conscientizar sobre os cuidados necess\\u00e1rios com os animais\",\"inLanguage\":\"pt-BR\",\"isPartOf\":{\"@id\":\"https:\\\/\\\/www.encontrasantana.com.br\\\/sobre\\\/#website\"},\"breadcrumb\":{\"@id\":\"https:\\\/\\\/www.encontrasantana.com.br\\\/sobre\\\/ccz-promove-acao-animal-em-santana-em-prol-da-adocao-de-caes-e-gatos\\\/#breadcrumblist\"},\"author\":{\"@id\":\"https:\\\/\\\/www.encontrasantana.com.br\\\/sobre\\\/author\\\/esantana\\\/#author\"},\"creator\":{\"@id\":\"https:\\\/\\\/www.encontrasantana.com.br\\\/sobre\\\/author\\\/esantana\\\/#author\"},\"datePublished\":\"2011-10-19T17:38:06-03:00\",\"dateModified\":\"2019-04-15T10:01:49-03:00\"},{\"@type\":\"WebSite\",\"@id\":\"https:\\\/\\\/www.encontrasantana.com.br\\\/sobre\\\/#website\",\"url\":\"https:\\\/\\\/www.encontrasantana.com.br\\\/sobre\\\/\",\"name\":\"Encontra Santana\",\"description\":\"Not\\u00edcias, eventos, informa\\u00e7\\u00f5es e dicas no bairro de Santana e regi\\u00e3o.\",\"inLanguage\":\"pt-BR\",\"publisher\":{\"@id\":\"https:\\\/\\\/www.encontrasantana.com.br\\\/sobre\\\/#organization\"}}]}\n\t\t<\/script>\n\t\t<!-- All in One SEO -->\n\n","aioseo_head_json":{"title":"CCZ promove A\u00e7\u00e3o Animal em Santana em prol da ado\u00e7\u00e3o de c\u00e3es e gatos \u00bb Encontra Santana","description":"Que tal passar um dia divertido com toda a fam\u00edlia, em um lugar cheio de atra\u00e7\u00f5es, e sair de l\u00e1 com um novo bichinho de estima\u00e7\u00e3o? A chance pode ser neste s\u00e1bado (22\/10), durante a A\u00e7\u00e3o Animal, evento que tem o objetivo de promover a guarda respons\u00e1vel, conscientizar sobre os cuidados necess\u00e1rios com os animais","canonical_url":"https:\/\/www.encontrasantana.com.br\/sobre\/ccz-promove-acao-animal-em-santana-em-prol-da-adocao-de-caes-e-gatos\/","robots":"max-image-preview:large","keywords":"","webmasterTools":{"miscellaneous":""},"schema":{"@context":"https:\/\/schema.org","@graph":[{"@type":"Article","@id":"https:\/\/www.encontrasantana.com.br\/sobre\/ccz-promove-acao-animal-em-santana-em-prol-da-adocao-de-caes-e-gatos\/#article","name":"CCZ promove A\u00e7\u00e3o Animal em Santana em prol da ado\u00e7\u00e3o de c\u00e3es e gatos \u00bb Encontra Santana","headline":"CCZ promove A\u00e7\u00e3o Animal em Santana em prol da ado\u00e7\u00e3o de c\u00e3es e gatos","author":{"@id":"https:\/\/www.encontrasantana.com.br\/sobre\/author\/esantana\/#author"},"publisher":{"@id":"https:\/\/www.encontrasantana.com.br\/sobre\/#organization"},"datePublished":"2011-10-19T17:38:06-03:00","dateModified":"2019-04-15T10:01:49-03:00","inLanguage":"pt-BR","mainEntityOfPage":{"@id":"https:\/\/www.encontrasantana.com.br\/sobre\/ccz-promove-acao-animal-em-santana-em-prol-da-adocao-de-caes-e-gatos\/#webpage"},"isPartOf":{"@id":"https:\/\/www.encontrasantana.com.br\/sobre\/ccz-promove-acao-animal-em-santana-em-prol-da-adocao-de-caes-e-gatos\/#webpage"},"articleSection":"Not\u00edcias Santana, Santana"},{"@type":"BreadcrumbList","@id":"https:\/\/www.encontrasantana.com.br\/sobre\/ccz-promove-acao-animal-em-santana-em-prol-da-adocao-de-caes-e-gatos\/#breadcrumblist","itemListElement":[{"@type":"ListItem","@id":"https:\/\/www.encontrasantana.com.br\/sobre#listItem","position":1,"name":"In\u00edcio","item":"https:\/\/www.encontrasantana.com.br\/sobre","nextItem":{"@type":"ListItem","@id":"https:\/\/www.encontrasantana.com.br\/sobre\/noticias-em-santana\/#listItem","name":"Not\u00edcias Santana"}},{"@type":"ListItem","@id":"https:\/\/www.encontrasantana.com.br\/sobre\/noticias-em-santana\/#listItem","position":2,"name":"Not\u00edcias Santana","item":"https:\/\/www.encontrasantana.com.br\/sobre\/noticias-em-santana\/","nextItem":{"@type":"ListItem","@id":"https:\/\/www.encontrasantana.com.br\/sobre\/ccz-promove-acao-animal-em-santana-em-prol-da-adocao-de-caes-e-gatos\/#listItem","name":"CCZ promove A\u00e7\u00e3o Animal em Santana em prol da ado\u00e7\u00e3o de c\u00e3es e gatos"},"previousItem":{"@type":"ListItem","@id":"https:\/\/www.encontrasantana.com.br\/sobre#listItem","name":"In\u00edcio"}},{"@type":"ListItem","@id":"https:\/\/www.encontrasantana.com.br\/sobre\/ccz-promove-acao-animal-em-santana-em-prol-da-adocao-de-caes-e-gatos\/#listItem","position":3,"name":"CCZ promove A\u00e7\u00e3o Animal em Santana em prol da ado\u00e7\u00e3o de c\u00e3es e gatos","previousItem":{"@type":"ListItem","@id":"https:\/\/www.encontrasantana.com.br\/sobre\/noticias-em-santana\/#listItem","name":"Not\u00edcias Santana"}}]},{"@type":"Organization","@id":"https:\/\/www.encontrasantana.com.br\/sobre\/#organization","name":"Encontra Santana","description":"Not\u00edcias, eventos, informa\u00e7\u00f5es e dicas no bairro de Santana e regi\u00e3o.","url":"https:\/\/www.encontrasantana.com.br\/sobre\/"},{"@type":"Person","@id":"https:\/\/www.encontrasantana.com.br\/sobre\/author\/esantana\/#author","url":"https:\/\/www.encontrasantana.com.br\/sobre\/author\/esantana\/","name":"Encontra Santana","image":{"@type":"ImageObject","@id":"https:\/\/www.encontrasantana.com.br\/sobre\/ccz-promove-acao-animal-em-santana-em-prol-da-adocao-de-caes-e-gatos\/#authorImage","url":"https:\/\/secure.gravatar.com\/avatar\/0fbed662e37531ae23e68f85f9517b2454e50c1dfebf80eb9b721449ac95e0b9?s=96&d=mm&r=g","width":96,"height":96,"caption":"Encontra Santana"}},{"@type":"WebPage","@id":"https:\/\/www.encontrasantana.com.br\/sobre\/ccz-promove-acao-animal-em-santana-em-prol-da-adocao-de-caes-e-gatos\/#webpage","url":"https:\/\/www.encontrasantana.com.br\/sobre\/ccz-promove-acao-animal-em-santana-em-prol-da-adocao-de-caes-e-gatos\/","name":"CCZ promove A\u00e7\u00e3o Animal em Santana em prol da ado\u00e7\u00e3o de c\u00e3es e gatos \u00bb Encontra Santana","description":"Que tal passar um dia divertido com toda a fam\u00edlia, em um lugar cheio de atra\u00e7\u00f5es, e sair de l\u00e1 com um novo bichinho de estima\u00e7\u00e3o? A chance pode ser neste s\u00e1bado (22\/10), durante a A\u00e7\u00e3o Animal, evento que tem o objetivo de promover a guarda respons\u00e1vel, conscientizar sobre os cuidados necess\u00e1rios com os animais","inLanguage":"pt-BR","isPartOf":{"@id":"https:\/\/www.encontrasantana.com.br\/sobre\/#website"},"breadcrumb":{"@id":"https:\/\/www.encontrasantana.com.br\/sobre\/ccz-promove-acao-animal-em-santana-em-prol-da-adocao-de-caes-e-gatos\/#breadcrumblist"},"author":{"@id":"https:\/\/www.encontrasantana.com.br\/sobre\/author\/esantana\/#author"},"creator":{"@id":"https:\/\/www.encontrasantana.com.br\/sobre\/author\/esantana\/#author"},"datePublished":"2011-10-19T17:38:06-03:00","dateModified":"2019-04-15T10:01:49-03:00"},{"@type":"WebSite","@id":"https:\/\/www.encontrasantana.com.br\/sobre\/#website","url":"https:\/\/www.encontrasantana.com.br\/sobre\/","name":"Encontra Santana","description":"Not\u00edcias, eventos, informa\u00e7\u00f5es e dicas no bairro de Santana e regi\u00e3o.","inLanguage":"pt-BR","publisher":{"@id":"https:\/\/www.encontrasantana.com.br\/sobre\/#organization"}}]},"og:locale":"pt_BR","og:site_name":"Encontra Santana | Not\u00edcias, eventos, informa\u00e7\u00f5es e dicas no bairro de Santana e regi\u00e3o.","og:type":"article","og:title":"CCZ promove A\u00e7\u00e3o Animal em Santana em prol da ado\u00e7\u00e3o de c\u00e3es e gatos \u00bb Encontra Santana","og:description":"Que tal passar um dia divertido com toda a fam\u00edlia, em um lugar cheio de atra\u00e7\u00f5es, e sair de l\u00e1 com um novo bichinho de estima\u00e7\u00e3o? A chance pode ser neste s\u00e1bado (22\/10), durante a A\u00e7\u00e3o Animal, evento que tem o objetivo de promover a guarda respons\u00e1vel, conscientizar sobre os cuidados necess\u00e1rios com os animais","og:url":"https:\/\/www.encontrasantana.com.br\/sobre\/ccz-promove-acao-animal-em-santana-em-prol-da-adocao-de-caes-e-gatos\/","article:published_time":"2011-10-19T20:38:06+00:00","article:modified_time":"2019-04-15T13:01:49+00:00","twitter:card":"summary","twitter:title":"CCZ promove A\u00e7\u00e3o Animal em Santana em prol da ado\u00e7\u00e3o de c\u00e3es e gatos \u00bb Encontra Santana","twitter:description":"Que tal passar um dia divertido com toda a fam\u00edlia, em um lugar cheio de atra\u00e7\u00f5es, e sair de l\u00e1 com um novo bichinho de estima\u00e7\u00e3o? A chance pode ser neste s\u00e1bado (22\/10), durante a A\u00e7\u00e3o Animal, evento que tem o objetivo de promover a guarda respons\u00e1vel, conscientizar sobre os cuidados necess\u00e1rios com os animais"},"aioseo_meta_data":{"post_id":"1596","title":null,"description":null,"keywords":null,"keyphrases":null,"primary_term":null,"canonical_url":null,"og_title":null,"og_description":null,"og_object_type":"default","og_image_type":"default","og_image_url":null,"og_image_width":null,"og_image_height":null,"og_image_custom_url":null,"og_image_custom_fields":null,"og_video":null,"og_custom_url":null,"og_article_section":null,"og_article_tags":null,"twitter_use_og":false,"twitter_card":"default","twitter_image_type":"default","twitter_image_url":null,"twitter_image_custom_url":null,"twitter_image_custom_fields":null,"twitter_title":null,"twitter_description":null,"schema":{"blockGraphs":[],"customGraphs":[],"default":{"data":{"Article":[],"Course":[],"Dataset":[],"FAQPage":[],"Movie":[],"Person":[],"Product":[],"ProductReview":[],"Car":[],"Recipe":[],"Service":[],"SoftwareApplication":[],"WebPage":[]},"graphName":"Article","isEnabled":true},"graphs":[]},"schema_type":null,"schema_type_options":null,"pillar_content":false,"robots_default":true,"robots_noindex":false,"robots_noarchive":false,"robots_nosnippet":false,"robots_nofollow":false,"robots_noimageindex":false,"robots_noodp":false,"robots_notranslate":false,"robots_max_snippet":null,"robots_max_videopreview":null,"robots_max_imagepreview":"large","priority":null,"frequency":null,"local_seo":null,"limit_modified_date":false,"created":"2021-04-21 00:12:18","updated":"2026-08-06 09:58:11","focus_keyword":null,"additional_keywords":null,"truseo_locale":null,"ai":null,"breadcrumb_settings":null,"seo_analyzer_scan_date":null},"aioseo_breadcrumb":"<div class=\"aioseo-breadcrumbs\"><span class=\"aioseo-breadcrumb\">\n\t\t\t<a href=\"https:\/\/www.encontrasantana.com.br\/sobre\" title=\"In\u00edcio\">In\u00edcio<\/a>\n\t\t<\/span><span class=\"aioseo-breadcrumb-separator\">&raquo;<\/span><span class=\"aioseo-breadcrumb\">\n\t\t\t<a href=\"https:\/\/www.encontrasantana.com.br\/sobre\/noticias-em-santana\/\" title=\"Not\u00edcias Santana\">Not\u00edcias Santana<\/a>\n\t\t<\/span><span class=\"aioseo-breadcrumb-separator\">&raquo;<\/span><span class=\"aioseo-breadcrumb\">\n\t\t\tCCZ promove A\u00e7\u00e3o Animal em Santana em prol da ado\u00e7\u00e3o de c\u00e3es e gatos\n\t\t<\/span><\/div>","aioseo_breadcrumb_json":[{"label":"In\u00edcio","link":"https:\/\/www.encontrasantana.com.br\/sobre"},{"label":"Not\u00edcias Santana","link":"https:\/\/www.encontrasantana.com.br\/sobre\/noticias-em-santana\/"},{"label":"CCZ promove A\u00e7\u00e3o Animal em Santana em prol da ado\u00e7\u00e3o de c\u00e3es e gatos","link":"https:\/\/www.encontrasantana.com.br\/sobre\/ccz-promove-acao-animal-em-santana-em-prol-da-adocao-de-caes-e-gatos\/"}],"_links":{"self":[{"href":"https:\/\/www.encontrasantana.com.br\/sobre\/wp-json\/wp\/v2\/posts\/1596","targetHints":{"allow":["GET"]}}],"collection":[{"href":"https:\/\/www.encontrasantana.com.br\/sobre\/wp-json\/wp\/v2\/posts"}],"about":[{"href":"https:\/\/www.encontrasantana.com.br\/sobre\/wp-json\/wp\/v2\/types\/post"}],"author":[{"embeddable":true,"href":"https:\/\/www.encontrasantana.com.br\/sobre\/wp-json\/wp\/v2\/users\/1"}],"replies":[{"embeddable":true,"href":"https:\/\/www.encontrasantana.com.br\/sobre\/wp-json\/wp\/v2\/comments?post=1596"}],"version-history":[{"count":0,"href":"https:\/\/www.encontrasantana.com.br\/sobre\/wp-json\/wp\/v2\/posts\/1596\/revisions"}],"wp:attachment":[{"href":"https:\/\/www.encontrasantana.com.br\/sobre\/wp-json\/wp\/v2\/media?parent=1596"}],"wp:term":[{"taxonomy":"category","embeddable":true,"href":"https:\/\/www.encontrasantana.com.br\/sobre\/wp-json\/wp\/v2\/categories?post=1596"},{"taxonomy":"post_tag","embeddable":true,"href":"https:\/\/www.encontrasantana.com.br\/sobre\/wp-json\/wp\/v2\/tags?post=1596"}],"curies":[{"name":"wp","href":"https:\/\/api.w.org\/{rel}","templated":true}]}}