{"id":15993,"date":"2012-03-23T17:08:59","date_gmt":"2012-03-23T20:08:59","guid":{"rendered":"http:\/\/www.encontrasantana.com.br\/blog\/?p=15993"},"modified":"2019-04-15T10:00:23","modified_gmt":"2019-04-15T13:00:23","slug":"cartorio-de-santana-altera-locais-de-votacao","status":"publish","type":"post","link":"https:\/\/www.encontrasantana.com.br\/sobre\/cartorio-de-santana-altera-locais-de-votacao\/","title":{"rendered":"Cart\u00f3rio de Santana altera locais de vota\u00e7\u00e3o"},"content":{"rendered":"<div class=\"1acf8468e559fd3cbeec5aee3a269a52\" data-index=\"1\" style=\"float: none; margin:0px;\">\n<!-- Anuncio display - global -->\r\n<ins class=\"adsbygoogle\"\r\n     style=\"display:block\"\r\n     data-ad-client=\"ca-pub-8585364105181520\"\r\n     data-ad-slot=\"8789329856\"\r\n     data-ad-format=\"auto\"\r\n     data-full-width-responsive=\"true\"><\/ins>\r\n<script>\r\n     (adsbygoogle = window.adsbygoogle || []).push({});\r\n<\/script>\n<\/div>\n<p>Os eleitores dos Col\u00e9gios Aliado (unidade Santana) e Salete, da zona norte de SP, votar\u00e3o em novos locais nas pr\u00f3ximas elei\u00e7\u00f5es (<em>veja abaixo<\/em>).<\/p>\n<p>Segundo a chefe substituta do Cart\u00f3rio, Aparecida Barbosa, o Col\u00e9gio Aliado, particular, teve o seu contrato de loca\u00e7\u00e3o encerrado, impondo o remanejamento dos alunos para outro endere\u00e7o. J\u00e1 o Salete, tamb\u00e9m particular, com o pr\u00e9dio vendido e depois demolido, teve suas atividades encerradas.<\/p>\n<p>Para evitar poss\u00edveis transtornos, o cart\u00f3rio eleitoral providenciar\u00e1, com a devida anteced\u00eancia, afixa\u00e7\u00e3o de faixas de aviso nesses locais. Mas no dia da elei\u00e7\u00e3o, o cart\u00f3rio promete intensificar a divulga\u00e7\u00e3o: mais faixas nos arredores e um servidor do cart\u00f3rio em cada um dos antigos locais para informar a quem l\u00e1 se dirigir.<\/p>\n<p>Caso o eleitor transferido prefira outro local, dever\u00e1 comparecer ao Cart\u00f3rio de Santana, localizado na Av. Le\u00f4ncio de Magalh\u00e3es, n\u00ba 357\/363, Jardim S\u00e3o Paulo, nesta capital, de segunda a sexta-feira, das 12 \u00e0s 18 horas, at\u00e9 o dia 9 de maio.<\/p>\n<p>Mais informa\u00e7\u00f5es podem ser obtidas no cart\u00f3rio da 249\u00aa ZE (3130-2710 e 2976-7535) ou na Central de Atendimento ao Eleitor, por meio do telefone\u00a0(11) 3130-2100\u00a0ou 148.<\/p>\n<table width=\"500\" border=\"1\" cellspacing=\"1\" cellpadding=\"0\">\n<tbody>\n<tr>\n<td valign=\"top\" width=\"29%\">\n<p align=\"center\">DE (Antigo Endere\u00e7o)<\/p>\n<\/td>\n<td valign=\"top\" width=\"31%\">\n<p align=\"center\">SE\u00c7\u00d5ES<\/p>\n<\/td>\n<td valign=\"top\" width=\"40%\">\n<p align=\"center\">PARA (Novo Endere\u00e7o)<\/p>\n<\/td>\n<\/tr>\n<tr>\n<td valign=\"top\" width=\"29%\">\n<p align=\"center\"><strong>Col\u00e9gio Aliado<\/strong><\/p>\n<\/td>\n<td valign=\"top\" width=\"31%\">\n<p align=\"center\"><strong>461\u00aa, 480\u00aa, 500\u00aa, 534\u00aa, 566\u00aa, 600\u00aa, 621\u00aa e 633\u00aa<\/strong><\/p>\n<\/td>\n<td valign=\"top\" width=\"40%\">\n<p align=\"center\"><strong>Col\u00e9gio Alexandre de Gusm\u00e3o \u2013 Rua Dr. Zuquim, n\u00ba 1932<\/strong><\/p>\n<\/td>\n<\/tr>\n<tr>\n<td valign=\"top\" width=\"29%\">\n<p align=\"center\"><strong>Col\u00e9gio Salete<\/strong><\/p>\n<\/td>\n<td valign=\"top\" width=\"31%\">\n<p align=\"center\"><strong>38\u00aa a 45\u00aa<\/strong><\/p>\n<\/td>\n<td valign=\"top\" width=\"40%\">\n<p align=\"center\"><strong>CEI Prof\u00aa Anita Castaldi Zampirollo \u2013 Rua Dr. Cesar, n\u00ba 485<\/strong><\/p>\n<\/td>\n<\/tr>\n<tr>\n<td valign=\"top\" width=\"29%\">\n<p align=\"center\"><strong>Col\u00e9gio Salete<\/strong><\/p>\n<\/td>\n<td valign=\"top\" width=\"31%\">\n<p align=\"center\"><strong>46\u00aa a 48\u00aa, 367\u00aa a 369 e 604\u00aa<\/strong><\/p>\n<\/td>\n<td valign=\"top\" width=\"40%\">\n<p align=\"center\"><strong>EMEI Jos\u00e9 Bonif\u00e1cio de Andrade e Silva \u2013 Rua Dr. Cesar, n\u00ba 581<\/strong><\/p>\n<\/td>\n<\/tr>\n<\/tbody>\n<\/table>\n\n<div style=\"font-size: 0px; height: 0px; line-height: 0px; margin: 0; padding: 0; clear: both;\"><\/div>","protected":false},"excerpt":{"rendered":"<p>Os eleitores dos Col\u00e9gios Aliado (unidade Santana) e Salete, da zona norte de SP, votar\u00e3o em novos locais nas pr\u00f3ximas elei\u00e7\u00f5es (veja abaixo). Segundo a chefe substituta do Cart\u00f3rio, Aparecida Barbosa, o Col\u00e9gio Aliado, particular, teve o seu contrato de loca\u00e7\u00e3o encerrado, impondo o remanejamento dos alunos para outro endere\u00e7o. J\u00e1 o Salete, tamb\u00e9m particular, com o pr\u00e9dio vendido e depois demolido, teve suas atividades encerradas. Para evitar poss\u00edveis transtornos, o cart\u00f3rio eleitoral providenciar\u00e1, com a devida anteced\u00eancia, afixa\u00e7\u00e3o de faixas de aviso nesses locais. Mas no dia da elei\u00e7\u00e3o, o cart\u00f3rio promete intensificar a divulga\u00e7\u00e3o: mais faixas nos arredores <\/p>\n","protected":false},"author":1,"featured_media":0,"comment_status":"open","ping_status":"closed","sticky":false,"template":"","format":"standard","meta":{"footnotes":""},"categories":[3],"tags":[],"class_list":["post-15993","post","type-post","status-publish","format-standard","hentry","category-noticias-em-santana"],"aioseo_notices":[],"aioseo_head":"\n\t\t<!-- All in One SEO 5.0.0.1 - aioseo.com -->\n\t<meta name=\"description\" content=\"Os eleitores dos Col\u00e9gios Aliado (unidade Santana) e Salete, da zona norte de SP, votar\u00e3o em novos locais nas pr\u00f3ximas elei\u00e7\u00f5es (veja abaixo). Segundo a chefe substituta do Cart\u00f3rio, Aparecida Barbosa, o Col\u00e9gio Aliado, particular, teve o seu contrato de loca\u00e7\u00e3o encerrado, impondo o remanejamento dos alunos para outro endere\u00e7o. J\u00e1 o Salete, tamb\u00e9m particular,\" \/>\n\t<meta name=\"robots\" content=\"max-image-preview:large\" \/>\n\t<meta name=\"author\" content=\"Encontra Santana\"\/>\n\t<link rel=\"canonical\" href=\"https:\/\/www.encontrasantana.com.br\/sobre\/cartorio-de-santana-altera-locais-de-votacao\/\" \/>\n\t<meta name=\"generator\" content=\"All in One SEO (AIOSEO) 5.0.0.1\" \/>\n\t\t<meta property=\"og:locale\" content=\"pt_BR\" \/>\n\t\t<meta property=\"og:site_name\" content=\"Encontra Santana | Not\u00edcias, eventos, informa\u00e7\u00f5es e dicas no bairro de Santana e regi\u00e3o.\" \/>\n\t\t<meta property=\"og:type\" content=\"article\" \/>\n\t\t<meta property=\"og:title\" content=\"Cart\u00f3rio de Santana altera locais de vota\u00e7\u00e3o \u00bb Encontra Santana\" \/>\n\t\t<meta property=\"og:description\" content=\"Os eleitores dos Col\u00e9gios Aliado (unidade Santana) e Salete, da zona norte de SP, votar\u00e3o em novos locais nas pr\u00f3ximas elei\u00e7\u00f5es (veja abaixo). Segundo a chefe substituta do Cart\u00f3rio, Aparecida Barbosa, o Col\u00e9gio Aliado, particular, teve o seu contrato de loca\u00e7\u00e3o encerrado, impondo o remanejamento dos alunos para outro endere\u00e7o. J\u00e1 o Salete, tamb\u00e9m particular,\" \/>\n\t\t<meta property=\"og:url\" content=\"https:\/\/www.encontrasantana.com.br\/sobre\/cartorio-de-santana-altera-locais-de-votacao\/\" \/>\n\t\t<meta property=\"article:published_time\" content=\"2012-03-23T20:08:59+00:00\" \/>\n\t\t<meta property=\"article:modified_time\" content=\"2019-04-15T13:00:23+00:00\" \/>\n\t\t<meta name=\"twitter:card\" content=\"summary\" \/>\n\t\t<meta name=\"twitter:title\" content=\"Cart\u00f3rio de Santana altera locais de vota\u00e7\u00e3o \u00bb Encontra Santana\" \/>\n\t\t<meta name=\"twitter:description\" content=\"Os eleitores dos Col\u00e9gios Aliado (unidade Santana) e Salete, da zona norte de SP, votar\u00e3o em novos locais nas pr\u00f3ximas elei\u00e7\u00f5es (veja abaixo). Segundo a chefe substituta do Cart\u00f3rio, Aparecida Barbosa, o Col\u00e9gio Aliado, particular, teve o seu contrato de loca\u00e7\u00e3o encerrado, impondo o remanejamento dos alunos para outro endere\u00e7o. J\u00e1 o Salete, tamb\u00e9m particular,\" \/>\n\t\t<script type=\"application\/ld+json\" class=\"aioseo-schema\">\n\t\t\t{\"@context\":\"https:\\\/\\\/schema.org\",\"@graph\":[{\"@type\":\"Article\",\"@id\":\"https:\\\/\\\/www.encontrasantana.com.br\\\/sobre\\\/cartorio-de-santana-altera-locais-de-votacao\\\/#article\",\"name\":\"Cart\\u00f3rio de Santana altera locais de vota\\u00e7\\u00e3o \\u00bb Encontra Santana\",\"headline\":\"Cart\\u00f3rio de Santana altera locais de vota\\u00e7\\u00e3o\",\"author\":{\"@id\":\"https:\\\/\\\/www.encontrasantana.com.br\\\/sobre\\\/author\\\/esantana\\\/#author\"},\"publisher\":{\"@id\":\"https:\\\/\\\/www.encontrasantana.com.br\\\/sobre\\\/#organization\"},\"datePublished\":\"2012-03-23T17:08:59-03:00\",\"dateModified\":\"2019-04-15T10:00:23-03:00\",\"inLanguage\":\"pt-BR\",\"mainEntityOfPage\":{\"@id\":\"https:\\\/\\\/www.encontrasantana.com.br\\\/sobre\\\/cartorio-de-santana-altera-locais-de-votacao\\\/#webpage\"},\"isPartOf\":{\"@id\":\"https:\\\/\\\/www.encontrasantana.com.br\\\/sobre\\\/cartorio-de-santana-altera-locais-de-votacao\\\/#webpage\"},\"articleSection\":\"Not\\u00edcias Santana\"},{\"@type\":\"BreadcrumbList\",\"@id\":\"https:\\\/\\\/www.encontrasantana.com.br\\\/sobre\\\/cartorio-de-santana-altera-locais-de-votacao\\\/#breadcrumblist\",\"itemListElement\":[{\"@type\":\"ListItem\",\"@id\":\"https:\\\/\\\/www.encontrasantana.com.br\\\/sobre#listItem\",\"position\":1,\"name\":\"In\\u00edcio\",\"item\":\"https:\\\/\\\/www.encontrasantana.com.br\\\/sobre\",\"nextItem\":{\"@type\":\"ListItem\",\"@id\":\"https:\\\/\\\/www.encontrasantana.com.br\\\/sobre\\\/noticias-em-santana\\\/#listItem\",\"name\":\"Not\\u00edcias Santana\"}},{\"@type\":\"ListItem\",\"@id\":\"https:\\\/\\\/www.encontrasantana.com.br\\\/sobre\\\/noticias-em-santana\\\/#listItem\",\"position\":2,\"name\":\"Not\\u00edcias Santana\",\"item\":\"https:\\\/\\\/www.encontrasantana.com.br\\\/sobre\\\/noticias-em-santana\\\/\",\"nextItem\":{\"@type\":\"ListItem\",\"@id\":\"https:\\\/\\\/www.encontrasantana.com.br\\\/sobre\\\/cartorio-de-santana-altera-locais-de-votacao\\\/#listItem\",\"name\":\"Cart\\u00f3rio de Santana altera locais de vota\\u00e7\\u00e3o\"},\"previousItem\":{\"@type\":\"ListItem\",\"@id\":\"https:\\\/\\\/www.encontrasantana.com.br\\\/sobre#listItem\",\"name\":\"In\\u00edcio\"}},{\"@type\":\"ListItem\",\"@id\":\"https:\\\/\\\/www.encontrasantana.com.br\\\/sobre\\\/cartorio-de-santana-altera-locais-de-votacao\\\/#listItem\",\"position\":3,\"name\":\"Cart\\u00f3rio de Santana altera locais de vota\\u00e7\\u00e3o\",\"previousItem\":{\"@type\":\"ListItem\",\"@id\":\"https:\\\/\\\/www.encontrasantana.com.br\\\/sobre\\\/noticias-em-santana\\\/#listItem\",\"name\":\"Not\\u00edcias Santana\"}}]},{\"@type\":\"Organization\",\"@id\":\"https:\\\/\\\/www.encontrasantana.com.br\\\/sobre\\\/#organization\",\"name\":\"Encontra Santana\",\"description\":\"Not\\u00edcias, eventos, informa\\u00e7\\u00f5es e dicas no bairro de Santana e regi\\u00e3o.\",\"url\":\"https:\\\/\\\/www.encontrasantana.com.br\\\/sobre\\\/\"},{\"@type\":\"Person\",\"@id\":\"https:\\\/\\\/www.encontrasantana.com.br\\\/sobre\\\/author\\\/esantana\\\/#author\",\"url\":\"https:\\\/\\\/www.encontrasantana.com.br\\\/sobre\\\/author\\\/esantana\\\/\",\"name\":\"Encontra Santana\",\"image\":{\"@type\":\"ImageObject\",\"@id\":\"https:\\\/\\\/www.encontrasantana.com.br\\\/sobre\\\/cartorio-de-santana-altera-locais-de-votacao\\\/#authorImage\",\"url\":\"https:\\\/\\\/secure.gravatar.com\\\/avatar\\\/0fbed662e37531ae23e68f85f9517b2454e50c1dfebf80eb9b721449ac95e0b9?s=96&d=mm&r=g\",\"width\":96,\"height\":96,\"caption\":\"Encontra Santana\"}},{\"@type\":\"WebPage\",\"@id\":\"https:\\\/\\\/www.encontrasantana.com.br\\\/sobre\\\/cartorio-de-santana-altera-locais-de-votacao\\\/#webpage\",\"url\":\"https:\\\/\\\/www.encontrasantana.com.br\\\/sobre\\\/cartorio-de-santana-altera-locais-de-votacao\\\/\",\"name\":\"Cart\\u00f3rio de Santana altera locais de vota\\u00e7\\u00e3o \\u00bb Encontra Santana\",\"description\":\"Os eleitores dos Col\\u00e9gios Aliado (unidade Santana) e Salete, da zona norte de SP, votar\\u00e3o em novos locais nas pr\\u00f3ximas elei\\u00e7\\u00f5es (veja abaixo). Segundo a chefe substituta do Cart\\u00f3rio, Aparecida Barbosa, o Col\\u00e9gio Aliado, particular, teve o seu contrato de loca\\u00e7\\u00e3o encerrado, impondo o remanejamento dos alunos para outro endere\\u00e7o. J\\u00e1 o Salete, tamb\\u00e9m particular,\",\"inLanguage\":\"pt-BR\",\"isPartOf\":{\"@id\":\"https:\\\/\\\/www.encontrasantana.com.br\\\/sobre\\\/#website\"},\"breadcrumb\":{\"@id\":\"https:\\\/\\\/www.encontrasantana.com.br\\\/sobre\\\/cartorio-de-santana-altera-locais-de-votacao\\\/#breadcrumblist\"},\"author\":{\"@id\":\"https:\\\/\\\/www.encontrasantana.com.br\\\/sobre\\\/author\\\/esantana\\\/#author\"},\"creator\":{\"@id\":\"https:\\\/\\\/www.encontrasantana.com.br\\\/sobre\\\/author\\\/esantana\\\/#author\"},\"datePublished\":\"2012-03-23T17:08:59-03:00\",\"dateModified\":\"2019-04-15T10:00:23-03:00\"},{\"@type\":\"WebSite\",\"@id\":\"https:\\\/\\\/www.encontrasantana.com.br\\\/sobre\\\/#website\",\"url\":\"https:\\\/\\\/www.encontrasantana.com.br\\\/sobre\\\/\",\"name\":\"Encontra Santana\",\"description\":\"Not\\u00edcias, eventos, informa\\u00e7\\u00f5es e dicas no bairro de Santana e regi\\u00e3o.\",\"inLanguage\":\"pt-BR\",\"publisher\":{\"@id\":\"https:\\\/\\\/www.encontrasantana.com.br\\\/sobre\\\/#organization\"}}]}\n\t\t<\/script>\n\t\t<!-- All in One SEO -->\n\n","aioseo_head_json":{"title":"Cart\u00f3rio de Santana altera locais de vota\u00e7\u00e3o \u00bb Encontra Santana","description":"Os eleitores dos Col\u00e9gios Aliado (unidade Santana) e Salete, da zona norte de SP, votar\u00e3o em novos locais nas pr\u00f3ximas elei\u00e7\u00f5es (veja abaixo). Segundo a chefe substituta do Cart\u00f3rio, Aparecida Barbosa, o Col\u00e9gio Aliado, particular, teve o seu contrato de loca\u00e7\u00e3o encerrado, impondo o remanejamento dos alunos para outro endere\u00e7o. J\u00e1 o Salete, tamb\u00e9m particular,","canonical_url":"https:\/\/www.encontrasantana.com.br\/sobre\/cartorio-de-santana-altera-locais-de-votacao\/","robots":"max-image-preview:large","keywords":"","webmasterTools":{"miscellaneous":""},"schema":{"@context":"https:\/\/schema.org","@graph":[{"@type":"Article","@id":"https:\/\/www.encontrasantana.com.br\/sobre\/cartorio-de-santana-altera-locais-de-votacao\/#article","name":"Cart\u00f3rio de Santana altera locais de vota\u00e7\u00e3o \u00bb Encontra Santana","headline":"Cart\u00f3rio de Santana altera locais de vota\u00e7\u00e3o","author":{"@id":"https:\/\/www.encontrasantana.com.br\/sobre\/author\/esantana\/#author"},"publisher":{"@id":"https:\/\/www.encontrasantana.com.br\/sobre\/#organization"},"datePublished":"2012-03-23T17:08:59-03:00","dateModified":"2019-04-15T10:00:23-03:00","inLanguage":"pt-BR","mainEntityOfPage":{"@id":"https:\/\/www.encontrasantana.com.br\/sobre\/cartorio-de-santana-altera-locais-de-votacao\/#webpage"},"isPartOf":{"@id":"https:\/\/www.encontrasantana.com.br\/sobre\/cartorio-de-santana-altera-locais-de-votacao\/#webpage"},"articleSection":"Not\u00edcias Santana"},{"@type":"BreadcrumbList","@id":"https:\/\/www.encontrasantana.com.br\/sobre\/cartorio-de-santana-altera-locais-de-votacao\/#breadcrumblist","itemListElement":[{"@type":"ListItem","@id":"https:\/\/www.encontrasantana.com.br\/sobre#listItem","position":1,"name":"In\u00edcio","item":"https:\/\/www.encontrasantana.com.br\/sobre","nextItem":{"@type":"ListItem","@id":"https:\/\/www.encontrasantana.com.br\/sobre\/noticias-em-santana\/#listItem","name":"Not\u00edcias Santana"}},{"@type":"ListItem","@id":"https:\/\/www.encontrasantana.com.br\/sobre\/noticias-em-santana\/#listItem","position":2,"name":"Not\u00edcias Santana","item":"https:\/\/www.encontrasantana.com.br\/sobre\/noticias-em-santana\/","nextItem":{"@type":"ListItem","@id":"https:\/\/www.encontrasantana.com.br\/sobre\/cartorio-de-santana-altera-locais-de-votacao\/#listItem","name":"Cart\u00f3rio de Santana altera locais de vota\u00e7\u00e3o"},"previousItem":{"@type":"ListItem","@id":"https:\/\/www.encontrasantana.com.br\/sobre#listItem","name":"In\u00edcio"}},{"@type":"ListItem","@id":"https:\/\/www.encontrasantana.com.br\/sobre\/cartorio-de-santana-altera-locais-de-votacao\/#listItem","position":3,"name":"Cart\u00f3rio de Santana altera locais de vota\u00e7\u00e3o","previousItem":{"@type":"ListItem","@id":"https:\/\/www.encontrasantana.com.br\/sobre\/noticias-em-santana\/#listItem","name":"Not\u00edcias Santana"}}]},{"@type":"Organization","@id":"https:\/\/www.encontrasantana.com.br\/sobre\/#organization","name":"Encontra Santana","description":"Not\u00edcias, eventos, informa\u00e7\u00f5es e dicas no bairro de Santana e regi\u00e3o.","url":"https:\/\/www.encontrasantana.com.br\/sobre\/"},{"@type":"Person","@id":"https:\/\/www.encontrasantana.com.br\/sobre\/author\/esantana\/#author","url":"https:\/\/www.encontrasantana.com.br\/sobre\/author\/esantana\/","name":"Encontra Santana","image":{"@type":"ImageObject","@id":"https:\/\/www.encontrasantana.com.br\/sobre\/cartorio-de-santana-altera-locais-de-votacao\/#authorImage","url":"https:\/\/secure.gravatar.com\/avatar\/0fbed662e37531ae23e68f85f9517b2454e50c1dfebf80eb9b721449ac95e0b9?s=96&d=mm&r=g","width":96,"height":96,"caption":"Encontra Santana"}},{"@type":"WebPage","@id":"https:\/\/www.encontrasantana.com.br\/sobre\/cartorio-de-santana-altera-locais-de-votacao\/#webpage","url":"https:\/\/www.encontrasantana.com.br\/sobre\/cartorio-de-santana-altera-locais-de-votacao\/","name":"Cart\u00f3rio de Santana altera locais de vota\u00e7\u00e3o \u00bb Encontra Santana","description":"Os eleitores dos Col\u00e9gios Aliado (unidade Santana) e Salete, da zona norte de SP, votar\u00e3o em novos locais nas pr\u00f3ximas elei\u00e7\u00f5es (veja abaixo). Segundo a chefe substituta do Cart\u00f3rio, Aparecida Barbosa, o Col\u00e9gio Aliado, particular, teve o seu contrato de loca\u00e7\u00e3o encerrado, impondo o remanejamento dos alunos para outro endere\u00e7o. J\u00e1 o Salete, tamb\u00e9m particular,","inLanguage":"pt-BR","isPartOf":{"@id":"https:\/\/www.encontrasantana.com.br\/sobre\/#website"},"breadcrumb":{"@id":"https:\/\/www.encontrasantana.com.br\/sobre\/cartorio-de-santana-altera-locais-de-votacao\/#breadcrumblist"},"author":{"@id":"https:\/\/www.encontrasantana.com.br\/sobre\/author\/esantana\/#author"},"creator":{"@id":"https:\/\/www.encontrasantana.com.br\/sobre\/author\/esantana\/#author"},"datePublished":"2012-03-23T17:08:59-03:00","dateModified":"2019-04-15T10:00:23-03:00"},{"@type":"WebSite","@id":"https:\/\/www.encontrasantana.com.br\/sobre\/#website","url":"https:\/\/www.encontrasantana.com.br\/sobre\/","name":"Encontra Santana","description":"Not\u00edcias, eventos, informa\u00e7\u00f5es e dicas no bairro de Santana e regi\u00e3o.","inLanguage":"pt-BR","publisher":{"@id":"https:\/\/www.encontrasantana.com.br\/sobre\/#organization"}}]},"og:locale":"pt_BR","og:site_name":"Encontra Santana | Not\u00edcias, eventos, informa\u00e7\u00f5es e dicas no bairro de Santana e regi\u00e3o.","og:type":"article","og:title":"Cart\u00f3rio de Santana altera locais de vota\u00e7\u00e3o \u00bb Encontra Santana","og:description":"Os eleitores dos Col\u00e9gios Aliado (unidade Santana) e Salete, da zona norte de SP, votar\u00e3o em novos locais nas pr\u00f3ximas elei\u00e7\u00f5es (veja abaixo). Segundo a chefe substituta do Cart\u00f3rio, Aparecida Barbosa, o Col\u00e9gio Aliado, particular, teve o seu contrato de loca\u00e7\u00e3o encerrado, impondo o remanejamento dos alunos para outro endere\u00e7o. J\u00e1 o Salete, tamb\u00e9m particular,","og:url":"https:\/\/www.encontrasantana.com.br\/sobre\/cartorio-de-santana-altera-locais-de-votacao\/","article:published_time":"2012-03-23T20:08:59+00:00","article:modified_time":"2019-04-15T13:00:23+00:00","twitter:card":"summary","twitter:title":"Cart\u00f3rio de Santana altera locais de vota\u00e7\u00e3o \u00bb Encontra Santana","twitter:description":"Os eleitores dos Col\u00e9gios Aliado (unidade Santana) e Salete, da zona norte de SP, votar\u00e3o em novos locais nas pr\u00f3ximas elei\u00e7\u00f5es (veja abaixo). Segundo a chefe substituta do Cart\u00f3rio, Aparecida Barbosa, o Col\u00e9gio Aliado, particular, teve o seu contrato de loca\u00e7\u00e3o encerrado, impondo o remanejamento dos alunos para outro endere\u00e7o. J\u00e1 o Salete, tamb\u00e9m particular,"},"aioseo_meta_data":{"post_id":"15993","title":null,"description":null,"keywords":null,"keyphrases":null,"primary_term":null,"canonical_url":null,"og_title":null,"og_description":null,"og_object_type":"default","og_image_type":"default","og_image_url":null,"og_image_width":null,"og_image_height":null,"og_image_custom_url":null,"og_image_custom_fields":null,"og_video":null,"og_custom_url":null,"og_article_section":null,"og_article_tags":null,"twitter_use_og":false,"twitter_card":"default","twitter_image_type":"default","twitter_image_url":null,"twitter_image_custom_url":null,"twitter_image_custom_fields":null,"twitter_title":null,"twitter_description":null,"schema":{"blockGraphs":[],"customGraphs":[],"default":{"data":{"Article":[],"Course":[],"Dataset":[],"FAQPage":[],"Movie":[],"Person":[],"Product":[],"ProductReview":[],"Car":[],"Recipe":[],"Service":[],"SoftwareApplication":[],"WebPage":[]},"graphName":"Article","isEnabled":true},"graphs":[]},"schema_type":null,"schema_type_options":null,"pillar_content":false,"robots_default":true,"robots_noindex":false,"robots_noarchive":false,"robots_nosnippet":false,"robots_nofollow":false,"robots_noimageindex":false,"robots_noodp":false,"robots_notranslate":false,"robots_max_snippet":null,"robots_max_videopreview":null,"robots_max_imagepreview":"large","priority":null,"frequency":null,"local_seo":null,"limit_modified_date":false,"created":"2021-04-20 22:01:54","updated":"2026-08-06 16:24:42","focus_keyword":null,"additional_keywords":null,"truseo_locale":null,"ai":null,"breadcrumb_settings":null,"seo_analyzer_scan_date":null},"aioseo_breadcrumb":"<div class=\"aioseo-breadcrumbs\"><span class=\"aioseo-breadcrumb\">\n\t\t\t<a href=\"https:\/\/www.encontrasantana.com.br\/sobre\" title=\"In\u00edcio\">In\u00edcio<\/a>\n\t\t<\/span><span class=\"aioseo-breadcrumb-separator\">&raquo;<\/span><span class=\"aioseo-breadcrumb\">\n\t\t\t<a href=\"https:\/\/www.encontrasantana.com.br\/sobre\/noticias-em-santana\/\" title=\"Not\u00edcias Santana\">Not\u00edcias Santana<\/a>\n\t\t<\/span><span class=\"aioseo-breadcrumb-separator\">&raquo;<\/span><span class=\"aioseo-breadcrumb\">\n\t\t\tCart\u00f3rio de Santana altera locais de vota\u00e7\u00e3o\n\t\t<\/span><\/div>","aioseo_breadcrumb_json":[{"label":"In\u00edcio","link":"https:\/\/www.encontrasantana.com.br\/sobre"},{"label":"Not\u00edcias Santana","link":"https:\/\/www.encontrasantana.com.br\/sobre\/noticias-em-santana\/"},{"label":"Cart\u00f3rio de Santana altera locais de vota\u00e7\u00e3o","link":"https:\/\/www.encontrasantana.com.br\/sobre\/cartorio-de-santana-altera-locais-de-votacao\/"}],"_links":{"self":[{"href":"https:\/\/www.encontrasantana.com.br\/sobre\/wp-json\/wp\/v2\/posts\/15993","targetHints":{"allow":["GET"]}}],"collection":[{"href":"https:\/\/www.encontrasantana.com.br\/sobre\/wp-json\/wp\/v2\/posts"}],"about":[{"href":"https:\/\/www.encontrasantana.com.br\/sobre\/wp-json\/wp\/v2\/types\/post"}],"author":[{"embeddable":true,"href":"https:\/\/www.encontrasantana.com.br\/sobre\/wp-json\/wp\/v2\/users\/1"}],"replies":[{"embeddable":true,"href":"https:\/\/www.encontrasantana.com.br\/sobre\/wp-json\/wp\/v2\/comments?post=15993"}],"version-history":[{"count":0,"href":"https:\/\/www.encontrasantana.com.br\/sobre\/wp-json\/wp\/v2\/posts\/15993\/revisions"}],"wp:attachment":[{"href":"https:\/\/www.encontrasantana.com.br\/sobre\/wp-json\/wp\/v2\/media?parent=15993"}],"wp:term":[{"taxonomy":"category","embeddable":true,"href":"https:\/\/www.encontrasantana.com.br\/sobre\/wp-json\/wp\/v2\/categories?post=15993"},{"taxonomy":"post_tag","embeddable":true,"href":"https:\/\/www.encontrasantana.com.br\/sobre\/wp-json\/wp\/v2\/tags?post=15993"}],"curies":[{"name":"wp","href":"https:\/\/api.w.org\/{rel}","templated":true}]}}