{"id":1607,"date":"2011-10-24T18:29:30","date_gmt":"2011-10-24T21:29:30","guid":{"rendered":"http:\/\/www.encontrasantana.com.br\/blog\/?p=1607"},"modified":"2019-04-15T10:01:48","modified_gmt":"2019-04-15T13:01:48","slug":"acao-animal-leva-publico-recorde-ao-ccz-em-santana","status":"publish","type":"post","link":"https:\/\/www.encontrasantana.com.br\/sobre\/acao-animal-leva-publico-recorde-ao-ccz-em-santana\/","title":{"rendered":"A\u00e7\u00e3o Animal leva p\u00fablico recorde ao CCZ em Santana"},"content":{"rendered":"<div class=\"1acf8468e559fd3cbeec5aee3a269a52\" data-index=\"1\" style=\"float: none; margin:0px;\">\n<!-- Anuncio display - global -->\r\n<ins class=\"adsbygoogle\"\r\n     style=\"display:block\"\r\n     data-ad-client=\"ca-pub-8585364105181520\"\r\n     data-ad-slot=\"8789329856\"\r\n     data-ad-format=\"auto\"\r\n     data-full-width-responsive=\"true\"><\/ins>\r\n<script>\r\n     (adsbygoogle = window.adsbygoogle || []).push({});\r\n<\/script>\n<\/div>\n<p>A A\u00e7\u00e3o Animal, organizada pelo Centro de Controle de Zoonoses (CCZ) (bairro de Santana) em prol da ado\u00e7\u00e3o e da posse respons\u00e1vel, atraiu p\u00fablico de 1.700 pessoas &#8211; sem contar os visitantes caninos e felinos, al\u00e9m de 200 parceiros, volunt\u00e1rios e profissionais envolvidos na realiza\u00e7\u00e3o. O evento ofereceu servi\u00e7os de registro geral animal (RGA), microchipagem e castra\u00e7\u00e3o; teve demonstra\u00e7\u00f5es de adestramento, desfile de c\u00e3es para ado\u00e7\u00e3o, Test Dog, Test Cat, Div\u00e3 Pet, pe\u00e7a teatral, videogame, muita pipoca e algod\u00e3o doce.<\/p>\n<p>Dos cerca de 400 c\u00e3es e gatos prontos para a ado\u00e7\u00e3o 47 conquistaram novos lares. Desta vez, al\u00e9m do recorde de p\u00fablico, mais um fato in\u00e9dito: pela primeira vez a ado\u00e7\u00e3o de c\u00e3es supera a de gatos. Do total de animais adotados, 24 s\u00e3o c\u00e3es e 23 s\u00e3o gatos. O casal Ricardo Avantro, 41, e Maria Aparecida Ferreira, 46, levaram a cadelinha Meg para casa. Eles estavam \u00e0 procura de uma companhia para a Golden Retriever que criam h\u00e1 quatro anos e que passa muito tempo sozinha. \u201cPoder\u00edamos comprar outro Golden, mas n\u00e3o ser\u00edamos justos com esses cachorrinhos que precisam de um lar e de carinho\u201d, reflete Ricardo. \u201cOlha bem para esse focinho\u201d, diz Maria Aparecida explicando a escolha do nome. \u201cFicamos falando v\u00e1rios nomes, que ach\u00e1vamos ter a cara dela. Quando falamos Meg, ela latiu\u201d.<\/p>\n<p>Durante as seis horas de dura\u00e7\u00e3o da A\u00e7\u00e3o Animal, al\u00e9m das 47 ado\u00e7\u00f5es, foram agendadas 251 castra\u00e7\u00f5es e feitas 215 microchipagens. Renata Siqueira, 30, levou seus quatro c\u00e3es para serem microchipados. Ela relata ficar mais segura com o procedimento: \u201cse algum deles fugir ser\u00e1 mais f\u00e1cil encontr\u00e1-lo por meio do chip\u201d. O microchip, implantado embaixo da pele, \u00e9 do tamanho de um gr\u00e3o de arroz e carrega com ele o n\u00famero do registro do animal, possibilitando a identifica\u00e7\u00e3o do bicho e do dono caso seja encontrado perdido.<\/p>\n<p>O evento contou ainda com as participa\u00e7\u00f5es de Alexandre Rossi (o Dr. Pet) e de Luiza Mel, que desfilaram com os c\u00e3es do Centro, sortearam brindes, deram dicas de cuidados, adestramento e tiraram muitas fotos com o p\u00fablico.<\/p>\n<p><strong>Outras atra\u00e7\u00f5es<\/strong><\/p>\n<p>Para as crian\u00e7as, foi reservado o Espa\u00e7o Crian\u00e7a, que trouxe atividades l\u00fadicas, com direito a pipoca e algod\u00e3o doce, pintura facial e escultura em bal\u00f5es e origami. Foi exibida a pe\u00e7a\u00a0As aventuras do C\u00e3o Tubi e da Gata Mimi, dramatiza\u00e7\u00e3o produzida pelo CCZ e premiada pela Organiza\u00e7\u00e3o Pan Americana de Sa\u00fade (OPAS).<\/p>\n<p>J\u00e1 quem se amarra em videogames p\u00f4de visitar o estande do The Sims 3 Pets. O p\u00fablico jogou o novo game, que tem mais de cem ra\u00e7as de cachorros e gatos ajust\u00e1veis e control\u00e1veis. Quem adotou um pet na A\u00e7\u00e3o Animal ganhou brindes exclusivos do The Sims 3 Pets para o bichinho.<\/p>\n<p><strong> Adotar faz bem<\/strong><\/p>\n<p>Atualmente, h\u00e1 350 c\u00e3es e 60 gatos no CCZ esperando por um dono. Os animais s\u00e3o vacinados, esterilizados, microchipados, tratados contra pulga e carrapato e vermifugados. Os interessados devem levar coleira para os c\u00e3es e caixa de transporte para os gatos, al\u00e9m de CPF, RG e comprovante de resid\u00eancia.<\/p>\n<p>A taxa municipal referente \u00e0 ado\u00e7\u00e3o \u00e9 de R$ 15,25, incluindo o RGA, que \u00e9 emitido na hora. Os novos propriet\u00e1rios receber\u00e3o tamb\u00e9m informa\u00e7\u00f5es sobre guarda respons\u00e1vel e demais orienta\u00e7\u00f5es que ser\u00e3o fornecidas pelos funcion\u00e1rios do CCZ.<\/p>\n<p><em>Fonte: Prefeitura de S\u00e3o Paulo<\/em><\/p>\n\n<div style=\"font-size: 0px; height: 0px; line-height: 0px; margin: 0; padding: 0; clear: both;\"><\/div>","protected":false},"excerpt":{"rendered":"<p>A A\u00e7\u00e3o Animal, organizada pelo Centro de Controle de Zoonoses (CCZ) (bairro de Santana) em prol da ado\u00e7\u00e3o e da posse respons\u00e1vel, atraiu p\u00fablico de 1.700 pessoas &#8211; sem contar os visitantes caninos e felinos, al\u00e9m de 200 parceiros, volunt\u00e1rios e profissionais envolvidos na realiza\u00e7\u00e3o. O evento ofereceu servi\u00e7os de registro geral animal (RGA), microchipagem e castra\u00e7\u00e3o; teve demonstra\u00e7\u00f5es de adestramento, desfile de c\u00e3es para ado\u00e7\u00e3o, Test Dog, Test Cat, Div\u00e3 Pet, pe\u00e7a teatral, videogame, muita pipoca e algod\u00e3o doce. Dos cerca de 400 c\u00e3es e gatos prontos para a ado\u00e7\u00e3o 47 conquistaram novos lares. Desta vez, al\u00e9m do recorde <\/p>\n","protected":false},"author":1,"featured_media":0,"comment_status":"open","ping_status":"closed","sticky":false,"template":"","format":"standard","meta":{"footnotes":""},"categories":[3],"tags":[10],"class_list":["post-1607","post","type-post","status-publish","format-standard","hentry","category-noticias-em-santana","tag-santana"],"aioseo_notices":[],"aioseo_head":"\n\t\t<!-- All in One SEO 5.0.0.1 - aioseo.com -->\n\t<meta name=\"description\" content=\"A A\u00e7\u00e3o Animal, organizada pelo Centro de Controle de Zoonoses (CCZ) (bairro de Santana) em prol da ado\u00e7\u00e3o e da posse respons\u00e1vel, atraiu p\u00fablico de 1.700 pessoas - sem contar os visitantes caninos e felinos, al\u00e9m de 200 parceiros, volunt\u00e1rios e profissionais envolvidos na realiza\u00e7\u00e3o. O evento ofereceu servi\u00e7os de registro geral animal (RGA), microchipagem\" \/>\n\t<meta name=\"robots\" content=\"max-image-preview:large\" \/>\n\t<meta name=\"author\" content=\"Encontra Santana\"\/>\n\t<link rel=\"canonical\" href=\"https:\/\/www.encontrasantana.com.br\/sobre\/acao-animal-leva-publico-recorde-ao-ccz-em-santana\/\" \/>\n\t<meta name=\"generator\" content=\"All in One SEO (AIOSEO) 5.0.0.1\" \/>\n\t\t<meta property=\"og:locale\" content=\"pt_BR\" \/>\n\t\t<meta property=\"og:site_name\" content=\"Encontra Santana | Not\u00edcias, eventos, informa\u00e7\u00f5es e dicas no bairro de Santana e regi\u00e3o.\" \/>\n\t\t<meta property=\"og:type\" content=\"article\" \/>\n\t\t<meta property=\"og:title\" content=\"A\u00e7\u00e3o Animal leva p\u00fablico recorde ao CCZ em Santana \u00bb Encontra Santana\" \/>\n\t\t<meta property=\"og:description\" content=\"A A\u00e7\u00e3o Animal, organizada pelo Centro de Controle de Zoonoses (CCZ) (bairro de Santana) em prol da ado\u00e7\u00e3o e da posse respons\u00e1vel, atraiu p\u00fablico de 1.700 pessoas - sem contar os visitantes caninos e felinos, al\u00e9m de 200 parceiros, volunt\u00e1rios e profissionais envolvidos na realiza\u00e7\u00e3o. O evento ofereceu servi\u00e7os de registro geral animal (RGA), microchipagem\" \/>\n\t\t<meta property=\"og:url\" content=\"https:\/\/www.encontrasantana.com.br\/sobre\/acao-animal-leva-publico-recorde-ao-ccz-em-santana\/\" \/>\n\t\t<meta property=\"article:published_time\" content=\"2011-10-24T21:29:30+00:00\" \/>\n\t\t<meta property=\"article:modified_time\" content=\"2019-04-15T13:01:48+00:00\" \/>\n\t\t<meta name=\"twitter:card\" content=\"summary\" \/>\n\t\t<meta name=\"twitter:title\" content=\"A\u00e7\u00e3o Animal leva p\u00fablico recorde ao CCZ em Santana \u00bb Encontra Santana\" \/>\n\t\t<meta name=\"twitter:description\" content=\"A A\u00e7\u00e3o Animal, organizada pelo Centro de Controle de Zoonoses (CCZ) (bairro de Santana) em prol da ado\u00e7\u00e3o e da posse respons\u00e1vel, atraiu p\u00fablico de 1.700 pessoas - sem contar os visitantes caninos e felinos, al\u00e9m de 200 parceiros, volunt\u00e1rios e profissionais envolvidos na realiza\u00e7\u00e3o. O evento ofereceu servi\u00e7os de registro geral animal (RGA), microchipagem\" \/>\n\t\t<script type=\"application\/ld+json\" class=\"aioseo-schema\">\n\t\t\t{\"@context\":\"https:\\\/\\\/schema.org\",\"@graph\":[{\"@type\":\"Article\",\"@id\":\"https:\\\/\\\/www.encontrasantana.com.br\\\/sobre\\\/acao-animal-leva-publico-recorde-ao-ccz-em-santana\\\/#article\",\"name\":\"A\\u00e7\\u00e3o Animal leva p\\u00fablico recorde ao CCZ em Santana \\u00bb Encontra Santana\",\"headline\":\"A\\u00e7\\u00e3o Animal leva p\\u00fablico recorde ao CCZ em Santana\",\"author\":{\"@id\":\"https:\\\/\\\/www.encontrasantana.com.br\\\/sobre\\\/author\\\/esantana\\\/#author\"},\"publisher\":{\"@id\":\"https:\\\/\\\/www.encontrasantana.com.br\\\/sobre\\\/#organization\"},\"datePublished\":\"2011-10-24T18:29:30-03:00\",\"dateModified\":\"2019-04-15T10:01:48-03:00\",\"inLanguage\":\"pt-BR\",\"mainEntityOfPage\":{\"@id\":\"https:\\\/\\\/www.encontrasantana.com.br\\\/sobre\\\/acao-animal-leva-publico-recorde-ao-ccz-em-santana\\\/#webpage\"},\"isPartOf\":{\"@id\":\"https:\\\/\\\/www.encontrasantana.com.br\\\/sobre\\\/acao-animal-leva-publico-recorde-ao-ccz-em-santana\\\/#webpage\"},\"articleSection\":\"Not\\u00edcias Santana, Santana\"},{\"@type\":\"BreadcrumbList\",\"@id\":\"https:\\\/\\\/www.encontrasantana.com.br\\\/sobre\\\/acao-animal-leva-publico-recorde-ao-ccz-em-santana\\\/#breadcrumblist\",\"itemListElement\":[{\"@type\":\"ListItem\",\"@id\":\"https:\\\/\\\/www.encontrasantana.com.br\\\/sobre#listItem\",\"position\":1,\"name\":\"In\\u00edcio\",\"item\":\"https:\\\/\\\/www.encontrasantana.com.br\\\/sobre\",\"nextItem\":{\"@type\":\"ListItem\",\"@id\":\"https:\\\/\\\/www.encontrasantana.com.br\\\/sobre\\\/noticias-em-santana\\\/#listItem\",\"name\":\"Not\\u00edcias Santana\"}},{\"@type\":\"ListItem\",\"@id\":\"https:\\\/\\\/www.encontrasantana.com.br\\\/sobre\\\/noticias-em-santana\\\/#listItem\",\"position\":2,\"name\":\"Not\\u00edcias Santana\",\"item\":\"https:\\\/\\\/www.encontrasantana.com.br\\\/sobre\\\/noticias-em-santana\\\/\",\"nextItem\":{\"@type\":\"ListItem\",\"@id\":\"https:\\\/\\\/www.encontrasantana.com.br\\\/sobre\\\/acao-animal-leva-publico-recorde-ao-ccz-em-santana\\\/#listItem\",\"name\":\"A\\u00e7\\u00e3o Animal leva p\\u00fablico recorde ao CCZ em Santana\"},\"previousItem\":{\"@type\":\"ListItem\",\"@id\":\"https:\\\/\\\/www.encontrasantana.com.br\\\/sobre#listItem\",\"name\":\"In\\u00edcio\"}},{\"@type\":\"ListItem\",\"@id\":\"https:\\\/\\\/www.encontrasantana.com.br\\\/sobre\\\/acao-animal-leva-publico-recorde-ao-ccz-em-santana\\\/#listItem\",\"position\":3,\"name\":\"A\\u00e7\\u00e3o Animal leva p\\u00fablico recorde ao CCZ em Santana\",\"previousItem\":{\"@type\":\"ListItem\",\"@id\":\"https:\\\/\\\/www.encontrasantana.com.br\\\/sobre\\\/noticias-em-santana\\\/#listItem\",\"name\":\"Not\\u00edcias Santana\"}}]},{\"@type\":\"Organization\",\"@id\":\"https:\\\/\\\/www.encontrasantana.com.br\\\/sobre\\\/#organization\",\"name\":\"Encontra Santana\",\"description\":\"Not\\u00edcias, eventos, informa\\u00e7\\u00f5es e dicas no bairro de Santana e regi\\u00e3o.\",\"url\":\"https:\\\/\\\/www.encontrasantana.com.br\\\/sobre\\\/\"},{\"@type\":\"Person\",\"@id\":\"https:\\\/\\\/www.encontrasantana.com.br\\\/sobre\\\/author\\\/esantana\\\/#author\",\"url\":\"https:\\\/\\\/www.encontrasantana.com.br\\\/sobre\\\/author\\\/esantana\\\/\",\"name\":\"Encontra Santana\",\"image\":{\"@type\":\"ImageObject\",\"@id\":\"https:\\\/\\\/www.encontrasantana.com.br\\\/sobre\\\/acao-animal-leva-publico-recorde-ao-ccz-em-santana\\\/#authorImage\",\"url\":\"https:\\\/\\\/secure.gravatar.com\\\/avatar\\\/0fbed662e37531ae23e68f85f9517b2454e50c1dfebf80eb9b721449ac95e0b9?s=96&d=mm&r=g\",\"width\":96,\"height\":96,\"caption\":\"Encontra Santana\"}},{\"@type\":\"WebPage\",\"@id\":\"https:\\\/\\\/www.encontrasantana.com.br\\\/sobre\\\/acao-animal-leva-publico-recorde-ao-ccz-em-santana\\\/#webpage\",\"url\":\"https:\\\/\\\/www.encontrasantana.com.br\\\/sobre\\\/acao-animal-leva-publico-recorde-ao-ccz-em-santana\\\/\",\"name\":\"A\\u00e7\\u00e3o Animal leva p\\u00fablico recorde ao CCZ em Santana \\u00bb Encontra Santana\",\"description\":\"A A\\u00e7\\u00e3o Animal, organizada pelo Centro de Controle de Zoonoses (CCZ) (bairro de Santana) em prol da ado\\u00e7\\u00e3o e da posse respons\\u00e1vel, atraiu p\\u00fablico de 1.700 pessoas - sem contar os visitantes caninos e felinos, al\\u00e9m de 200 parceiros, volunt\\u00e1rios e profissionais envolvidos na realiza\\u00e7\\u00e3o. O evento ofereceu servi\\u00e7os de registro geral animal (RGA), microchipagem\",\"inLanguage\":\"pt-BR\",\"isPartOf\":{\"@id\":\"https:\\\/\\\/www.encontrasantana.com.br\\\/sobre\\\/#website\"},\"breadcrumb\":{\"@id\":\"https:\\\/\\\/www.encontrasantana.com.br\\\/sobre\\\/acao-animal-leva-publico-recorde-ao-ccz-em-santana\\\/#breadcrumblist\"},\"author\":{\"@id\":\"https:\\\/\\\/www.encontrasantana.com.br\\\/sobre\\\/author\\\/esantana\\\/#author\"},\"creator\":{\"@id\":\"https:\\\/\\\/www.encontrasantana.com.br\\\/sobre\\\/author\\\/esantana\\\/#author\"},\"datePublished\":\"2011-10-24T18:29:30-03:00\",\"dateModified\":\"2019-04-15T10:01:48-03:00\"},{\"@type\":\"WebSite\",\"@id\":\"https:\\\/\\\/www.encontrasantana.com.br\\\/sobre\\\/#website\",\"url\":\"https:\\\/\\\/www.encontrasantana.com.br\\\/sobre\\\/\",\"name\":\"Encontra Santana\",\"description\":\"Not\\u00edcias, eventos, informa\\u00e7\\u00f5es e dicas no bairro de Santana e regi\\u00e3o.\",\"inLanguage\":\"pt-BR\",\"publisher\":{\"@id\":\"https:\\\/\\\/www.encontrasantana.com.br\\\/sobre\\\/#organization\"}}]}\n\t\t<\/script>\n\t\t<!-- All in One SEO -->\n\n","aioseo_head_json":{"title":"A\u00e7\u00e3o Animal leva p\u00fablico recorde ao CCZ em Santana \u00bb Encontra Santana","description":"A A\u00e7\u00e3o Animal, organizada pelo Centro de Controle de Zoonoses (CCZ) (bairro de Santana) em prol da ado\u00e7\u00e3o e da posse respons\u00e1vel, atraiu p\u00fablico de 1.700 pessoas - sem contar os visitantes caninos e felinos, al\u00e9m de 200 parceiros, volunt\u00e1rios e profissionais envolvidos na realiza\u00e7\u00e3o. O evento ofereceu servi\u00e7os de registro geral animal (RGA), microchipagem","canonical_url":"https:\/\/www.encontrasantana.com.br\/sobre\/acao-animal-leva-publico-recorde-ao-ccz-em-santana\/","robots":"max-image-preview:large","keywords":"","webmasterTools":{"miscellaneous":""},"schema":{"@context":"https:\/\/schema.org","@graph":[{"@type":"Article","@id":"https:\/\/www.encontrasantana.com.br\/sobre\/acao-animal-leva-publico-recorde-ao-ccz-em-santana\/#article","name":"A\u00e7\u00e3o Animal leva p\u00fablico recorde ao CCZ em Santana \u00bb Encontra Santana","headline":"A\u00e7\u00e3o Animal leva p\u00fablico recorde ao CCZ em Santana","author":{"@id":"https:\/\/www.encontrasantana.com.br\/sobre\/author\/esantana\/#author"},"publisher":{"@id":"https:\/\/www.encontrasantana.com.br\/sobre\/#organization"},"datePublished":"2011-10-24T18:29:30-03:00","dateModified":"2019-04-15T10:01:48-03:00","inLanguage":"pt-BR","mainEntityOfPage":{"@id":"https:\/\/www.encontrasantana.com.br\/sobre\/acao-animal-leva-publico-recorde-ao-ccz-em-santana\/#webpage"},"isPartOf":{"@id":"https:\/\/www.encontrasantana.com.br\/sobre\/acao-animal-leva-publico-recorde-ao-ccz-em-santana\/#webpage"},"articleSection":"Not\u00edcias Santana, Santana"},{"@type":"BreadcrumbList","@id":"https:\/\/www.encontrasantana.com.br\/sobre\/acao-animal-leva-publico-recorde-ao-ccz-em-santana\/#breadcrumblist","itemListElement":[{"@type":"ListItem","@id":"https:\/\/www.encontrasantana.com.br\/sobre#listItem","position":1,"name":"In\u00edcio","item":"https:\/\/www.encontrasantana.com.br\/sobre","nextItem":{"@type":"ListItem","@id":"https:\/\/www.encontrasantana.com.br\/sobre\/noticias-em-santana\/#listItem","name":"Not\u00edcias Santana"}},{"@type":"ListItem","@id":"https:\/\/www.encontrasantana.com.br\/sobre\/noticias-em-santana\/#listItem","position":2,"name":"Not\u00edcias Santana","item":"https:\/\/www.encontrasantana.com.br\/sobre\/noticias-em-santana\/","nextItem":{"@type":"ListItem","@id":"https:\/\/www.encontrasantana.com.br\/sobre\/acao-animal-leva-publico-recorde-ao-ccz-em-santana\/#listItem","name":"A\u00e7\u00e3o Animal leva p\u00fablico recorde ao CCZ em Santana"},"previousItem":{"@type":"ListItem","@id":"https:\/\/www.encontrasantana.com.br\/sobre#listItem","name":"In\u00edcio"}},{"@type":"ListItem","@id":"https:\/\/www.encontrasantana.com.br\/sobre\/acao-animal-leva-publico-recorde-ao-ccz-em-santana\/#listItem","position":3,"name":"A\u00e7\u00e3o Animal leva p\u00fablico recorde ao CCZ em Santana","previousItem":{"@type":"ListItem","@id":"https:\/\/www.encontrasantana.com.br\/sobre\/noticias-em-santana\/#listItem","name":"Not\u00edcias Santana"}}]},{"@type":"Organization","@id":"https:\/\/www.encontrasantana.com.br\/sobre\/#organization","name":"Encontra Santana","description":"Not\u00edcias, eventos, informa\u00e7\u00f5es e dicas no bairro de Santana e regi\u00e3o.","url":"https:\/\/www.encontrasantana.com.br\/sobre\/"},{"@type":"Person","@id":"https:\/\/www.encontrasantana.com.br\/sobre\/author\/esantana\/#author","url":"https:\/\/www.encontrasantana.com.br\/sobre\/author\/esantana\/","name":"Encontra Santana","image":{"@type":"ImageObject","@id":"https:\/\/www.encontrasantana.com.br\/sobre\/acao-animal-leva-publico-recorde-ao-ccz-em-santana\/#authorImage","url":"https:\/\/secure.gravatar.com\/avatar\/0fbed662e37531ae23e68f85f9517b2454e50c1dfebf80eb9b721449ac95e0b9?s=96&d=mm&r=g","width":96,"height":96,"caption":"Encontra Santana"}},{"@type":"WebPage","@id":"https:\/\/www.encontrasantana.com.br\/sobre\/acao-animal-leva-publico-recorde-ao-ccz-em-santana\/#webpage","url":"https:\/\/www.encontrasantana.com.br\/sobre\/acao-animal-leva-publico-recorde-ao-ccz-em-santana\/","name":"A\u00e7\u00e3o Animal leva p\u00fablico recorde ao CCZ em Santana \u00bb Encontra Santana","description":"A A\u00e7\u00e3o Animal, organizada pelo Centro de Controle de Zoonoses (CCZ) (bairro de Santana) em prol da ado\u00e7\u00e3o e da posse respons\u00e1vel, atraiu p\u00fablico de 1.700 pessoas - sem contar os visitantes caninos e felinos, al\u00e9m de 200 parceiros, volunt\u00e1rios e profissionais envolvidos na realiza\u00e7\u00e3o. O evento ofereceu servi\u00e7os de registro geral animal (RGA), microchipagem","inLanguage":"pt-BR","isPartOf":{"@id":"https:\/\/www.encontrasantana.com.br\/sobre\/#website"},"breadcrumb":{"@id":"https:\/\/www.encontrasantana.com.br\/sobre\/acao-animal-leva-publico-recorde-ao-ccz-em-santana\/#breadcrumblist"},"author":{"@id":"https:\/\/www.encontrasantana.com.br\/sobre\/author\/esantana\/#author"},"creator":{"@id":"https:\/\/www.encontrasantana.com.br\/sobre\/author\/esantana\/#author"},"datePublished":"2011-10-24T18:29:30-03:00","dateModified":"2019-04-15T10:01:48-03:00"},{"@type":"WebSite","@id":"https:\/\/www.encontrasantana.com.br\/sobre\/#website","url":"https:\/\/www.encontrasantana.com.br\/sobre\/","name":"Encontra Santana","description":"Not\u00edcias, eventos, informa\u00e7\u00f5es e dicas no bairro de Santana e regi\u00e3o.","inLanguage":"pt-BR","publisher":{"@id":"https:\/\/www.encontrasantana.com.br\/sobre\/#organization"}}]},"og:locale":"pt_BR","og:site_name":"Encontra Santana | Not\u00edcias, eventos, informa\u00e7\u00f5es e dicas no bairro de Santana e regi\u00e3o.","og:type":"article","og:title":"A\u00e7\u00e3o Animal leva p\u00fablico recorde ao CCZ em Santana \u00bb Encontra Santana","og:description":"A A\u00e7\u00e3o Animal, organizada pelo Centro de Controle de Zoonoses (CCZ) (bairro de Santana) em prol da ado\u00e7\u00e3o e da posse respons\u00e1vel, atraiu p\u00fablico de 1.700 pessoas - sem contar os visitantes caninos e felinos, al\u00e9m de 200 parceiros, volunt\u00e1rios e profissionais envolvidos na realiza\u00e7\u00e3o. O evento ofereceu servi\u00e7os de registro geral animal (RGA), microchipagem","og:url":"https:\/\/www.encontrasantana.com.br\/sobre\/acao-animal-leva-publico-recorde-ao-ccz-em-santana\/","article:published_time":"2011-10-24T21:29:30+00:00","article:modified_time":"2019-04-15T13:01:48+00:00","twitter:card":"summary","twitter:title":"A\u00e7\u00e3o Animal leva p\u00fablico recorde ao CCZ em Santana \u00bb Encontra Santana","twitter:description":"A A\u00e7\u00e3o Animal, organizada pelo Centro de Controle de Zoonoses (CCZ) (bairro de Santana) em prol da ado\u00e7\u00e3o e da posse respons\u00e1vel, atraiu p\u00fablico de 1.700 pessoas - sem contar os visitantes caninos e felinos, al\u00e9m de 200 parceiros, volunt\u00e1rios e profissionais envolvidos na realiza\u00e7\u00e3o. O evento ofereceu servi\u00e7os de registro geral animal (RGA), microchipagem"},"aioseo_meta_data":{"post_id":"1607","title":null,"description":null,"keywords":null,"keyphrases":null,"primary_term":null,"canonical_url":null,"og_title":null,"og_description":null,"og_object_type":"default","og_image_type":"default","og_image_url":null,"og_image_width":null,"og_image_height":null,"og_image_custom_url":null,"og_image_custom_fields":null,"og_video":null,"og_custom_url":null,"og_article_section":null,"og_article_tags":null,"twitter_use_og":false,"twitter_card":"default","twitter_image_type":"default","twitter_image_url":null,"twitter_image_custom_url":null,"twitter_image_custom_fields":null,"twitter_title":null,"twitter_description":null,"schema":{"blockGraphs":[],"customGraphs":[],"default":{"data":{"Article":[],"Course":[],"Dataset":[],"FAQPage":[],"Movie":[],"Person":[],"Product":[],"ProductReview":[],"Car":[],"Recipe":[],"Service":[],"SoftwareApplication":[],"WebPage":[]},"graphName":"Article","isEnabled":true},"graphs":[]},"schema_type":null,"schema_type_options":null,"pillar_content":false,"robots_default":true,"robots_noindex":false,"robots_noarchive":false,"robots_nosnippet":false,"robots_nofollow":false,"robots_noimageindex":false,"robots_noodp":false,"robots_notranslate":false,"robots_max_snippet":null,"robots_max_videopreview":null,"robots_max_imagepreview":"large","priority":null,"frequency":null,"local_seo":null,"limit_modified_date":false,"created":"2021-04-21 00:18:32","updated":"2026-08-06 10:02:22","focus_keyword":null,"additional_keywords":null,"truseo_locale":null,"ai":null,"breadcrumb_settings":null,"seo_analyzer_scan_date":null},"aioseo_breadcrumb":"<div class=\"aioseo-breadcrumbs\"><span class=\"aioseo-breadcrumb\">\n\t\t\t<a href=\"https:\/\/www.encontrasantana.com.br\/sobre\" title=\"In\u00edcio\">In\u00edcio<\/a>\n\t\t<\/span><span class=\"aioseo-breadcrumb-separator\">&raquo;<\/span><span class=\"aioseo-breadcrumb\">\n\t\t\t<a href=\"https:\/\/www.encontrasantana.com.br\/sobre\/noticias-em-santana\/\" title=\"Not\u00edcias Santana\">Not\u00edcias Santana<\/a>\n\t\t<\/span><span class=\"aioseo-breadcrumb-separator\">&raquo;<\/span><span class=\"aioseo-breadcrumb\">\n\t\t\tA\u00e7\u00e3o Animal leva p\u00fablico recorde ao CCZ em Santana\n\t\t<\/span><\/div>","aioseo_breadcrumb_json":[{"label":"In\u00edcio","link":"https:\/\/www.encontrasantana.com.br\/sobre"},{"label":"Not\u00edcias Santana","link":"https:\/\/www.encontrasantana.com.br\/sobre\/noticias-em-santana\/"},{"label":"A\u00e7\u00e3o Animal leva p\u00fablico recorde ao CCZ em Santana","link":"https:\/\/www.encontrasantana.com.br\/sobre\/acao-animal-leva-publico-recorde-ao-ccz-em-santana\/"}],"_links":{"self":[{"href":"https:\/\/www.encontrasantana.com.br\/sobre\/wp-json\/wp\/v2\/posts\/1607","targetHints":{"allow":["GET"]}}],"collection":[{"href":"https:\/\/www.encontrasantana.com.br\/sobre\/wp-json\/wp\/v2\/posts"}],"about":[{"href":"https:\/\/www.encontrasantana.com.br\/sobre\/wp-json\/wp\/v2\/types\/post"}],"author":[{"embeddable":true,"href":"https:\/\/www.encontrasantana.com.br\/sobre\/wp-json\/wp\/v2\/users\/1"}],"replies":[{"embeddable":true,"href":"https:\/\/www.encontrasantana.com.br\/sobre\/wp-json\/wp\/v2\/comments?post=1607"}],"version-history":[{"count":0,"href":"https:\/\/www.encontrasantana.com.br\/sobre\/wp-json\/wp\/v2\/posts\/1607\/revisions"}],"wp:attachment":[{"href":"https:\/\/www.encontrasantana.com.br\/sobre\/wp-json\/wp\/v2\/media?parent=1607"}],"wp:term":[{"taxonomy":"category","embeddable":true,"href":"https:\/\/www.encontrasantana.com.br\/sobre\/wp-json\/wp\/v2\/categories?post=1607"},{"taxonomy":"post_tag","embeddable":true,"href":"https:\/\/www.encontrasantana.com.br\/sobre\/wp-json\/wp\/v2\/tags?post=1607"}],"curies":[{"name":"wp","href":"https:\/\/api.w.org\/{rel}","templated":true}]}}