{"id":1625,"date":"2011-10-28T18:09:39","date_gmt":"2011-10-28T21:09:39","guid":{"rendered":"http:\/\/www.encontrasantana.com.br\/blog\/?p=1625"},"modified":"2019-04-15T10:01:47","modified_gmt":"2019-04-15T13:01:47","slug":"regiao-do-anhembi-tera-transito-monitorado-para-show-do-aerosmith-em-santana","status":"publish","type":"post","link":"https:\/\/www.encontrasantana.com.br\/sobre\/regiao-do-anhembi-tera-transito-monitorado-para-show-do-aerosmith-em-santana\/","title":{"rendered":"Regi\u00e3o do Anhembi ter\u00e1 tr\u00e2nsito monitorado para show do Aerosmith em Santana"},"content":{"rendered":"<div class=\"1acf8468e559fd3cbeec5aee3a269a52\" data-index=\"1\" style=\"float: none; margin:0px;\">\n<!-- Anuncio display - global -->\r\n<ins class=\"adsbygoogle\"\r\n     style=\"display:block\"\r\n     data-ad-client=\"ca-pub-8585364105181520\"\r\n     data-ad-slot=\"8789329856\"\r\n     data-ad-format=\"auto\"\r\n     data-full-width-responsive=\"true\"><\/ins>\r\n<script>\r\n     (adsbygoogle = window.adsbygoogle || []).push({});\r\n<\/script>\n<\/div>\n<p>Cerca de 35 mil pessoas dever\u00e3o passar pelo P\u00f3lo Cultural e Esportivo Grande Otelo (<a href=\"http:\/\/www.encontrasantana.com.br\/santana\/sambodromo-santana.shtml\" target=\"_blank\">Samb\u00f3dromo do Anhembi<\/a>), no bairro de Santana, na zona norte de S\u00e3o Paulo, para conferir o show da banda Aerosmith, que acontece no pr\u00f3ximo domingo, 30.<\/p>\n<p>Para facilitar a chegada e a sa\u00edda dos f\u00e3s, a Companhia de Engenharia de Tr\u00e1fego (CET) vai monitorar o tr\u00e2nsito na regi\u00e3o, que ter\u00e1 alguns desvios nas imedia\u00e7\u00f5es.<\/p>\n<p>O complexo Anhembi localiza-se entre a Avenida Olavo Fontoura e a Marginal Tiet\u00ea (sentido Castelo Branco), entre as pontes das Bandeiras e Casa Verde. As principais vias de acesso ao espa\u00e7o s\u00e3o a Marginal do Tiet\u00ea e as avenidas Br\u00e1s Leme e Santos Dumont.<\/p>\n<p><strong>Altera\u00e7\u00f5es e Desvios<\/strong><\/p>\n<p>Haver\u00e1 interdi\u00e7\u00e3o da Rua Professor Milton Rodrigues, sentido Marginal, e da faixa da direita da Avenida Olavo Fontoura, sentido Santana, das 20h de sexta-feira, 28, at\u00e9 as 3h de segunda, 31.<\/p>\n<p>Os motoristas que utilizam a Rua Professor Milton Rodrigues (Sentido Marginal) dever\u00e3o seguir pela Avenida Olavo Fontoura (sentido Santana), Pra\u00e7a Campo de Bagatelle, Avenida Santos Dumont (sentido Centro), Pra\u00e7a Airton de Abreu, chegando \u00e0 Rua Professor Milton Rodrigues (sentido Avenida Olavo Fontoura).<\/p>\n<p><em>Fonte: Ag\u00eancia Estado<\/em><\/p>\n\n<div style=\"font-size: 0px; height: 0px; line-height: 0px; margin: 0; padding: 0; clear: both;\"><\/div>","protected":false},"excerpt":{"rendered":"<p>Cerca de 35 mil pessoas dever\u00e3o passar pelo P\u00f3lo Cultural e Esportivo Grande Otelo (Samb\u00f3dromo do Anhembi), no bairro de Santana, na zona norte de S\u00e3o Paulo, para conferir o show da banda Aerosmith, que acontece no pr\u00f3ximo domingo, 30. Para facilitar a chegada e a sa\u00edda dos f\u00e3s, a Companhia de Engenharia de Tr\u00e1fego (CET) vai monitorar o tr\u00e2nsito na regi\u00e3o, que ter\u00e1 alguns desvios nas imedia\u00e7\u00f5es. O complexo Anhembi localiza-se entre a Avenida Olavo Fontoura e a Marginal Tiet\u00ea (sentido Castelo Branco), entre as pontes das Bandeiras e Casa Verde. As principais vias de acesso ao espa\u00e7o s\u00e3o <\/p>\n","protected":false},"author":1,"featured_media":0,"comment_status":"open","ping_status":"closed","sticky":false,"template":"","format":"standard","meta":{"footnotes":""},"categories":[3],"tags":[10],"class_list":["post-1625","post","type-post","status-publish","format-standard","hentry","category-noticias-em-santana","tag-santana"],"aioseo_notices":[],"aioseo_head":"\n\t\t<!-- All in One SEO 5.0.0.1 - aioseo.com -->\n\t<meta name=\"description\" content=\"Cerca de 35 mil pessoas dever\u00e3o passar pelo P\u00f3lo Cultural e Esportivo Grande Otelo (Samb\u00f3dromo do Anhembi), no bairro de Santana, na zona norte de S\u00e3o Paulo, para conferir o show da banda Aerosmith, que acontece no pr\u00f3ximo domingo, 30. Para facilitar a chegada e a sa\u00edda dos f\u00e3s, a Companhia de Engenharia de Tr\u00e1fego\" \/>\n\t<meta name=\"robots\" content=\"max-image-preview:large\" \/>\n\t<meta name=\"author\" content=\"Encontra Santana\"\/>\n\t<link rel=\"canonical\" href=\"https:\/\/www.encontrasantana.com.br\/sobre\/regiao-do-anhembi-tera-transito-monitorado-para-show-do-aerosmith-em-santana\/\" \/>\n\t<meta name=\"generator\" content=\"All in One SEO (AIOSEO) 5.0.0.1\" \/>\n\t\t<meta property=\"og:locale\" content=\"pt_BR\" \/>\n\t\t<meta property=\"og:site_name\" content=\"Encontra Santana | Not\u00edcias, eventos, informa\u00e7\u00f5es e dicas no bairro de Santana e regi\u00e3o.\" \/>\n\t\t<meta property=\"og:type\" content=\"article\" \/>\n\t\t<meta property=\"og:title\" content=\"Regi\u00e3o do Anhembi ter\u00e1 tr\u00e2nsito monitorado para show do Aerosmith em Santana \u00bb Encontra Santana\" \/>\n\t\t<meta property=\"og:description\" content=\"Cerca de 35 mil pessoas dever\u00e3o passar pelo P\u00f3lo Cultural e Esportivo Grande Otelo (Samb\u00f3dromo do Anhembi), no bairro de Santana, na zona norte de S\u00e3o Paulo, para conferir o show da banda Aerosmith, que acontece no pr\u00f3ximo domingo, 30. Para facilitar a chegada e a sa\u00edda dos f\u00e3s, a Companhia de Engenharia de Tr\u00e1fego\" \/>\n\t\t<meta property=\"og:url\" content=\"https:\/\/www.encontrasantana.com.br\/sobre\/regiao-do-anhembi-tera-transito-monitorado-para-show-do-aerosmith-em-santana\/\" \/>\n\t\t<meta property=\"article:published_time\" content=\"2011-10-28T21:09:39+00:00\" \/>\n\t\t<meta property=\"article:modified_time\" content=\"2019-04-15T13:01:47+00:00\" \/>\n\t\t<meta name=\"twitter:card\" content=\"summary\" \/>\n\t\t<meta name=\"twitter:title\" content=\"Regi\u00e3o do Anhembi ter\u00e1 tr\u00e2nsito monitorado para show do Aerosmith em Santana \u00bb Encontra Santana\" \/>\n\t\t<meta name=\"twitter:description\" content=\"Cerca de 35 mil pessoas dever\u00e3o passar pelo P\u00f3lo Cultural e Esportivo Grande Otelo (Samb\u00f3dromo do Anhembi), no bairro de Santana, na zona norte de S\u00e3o Paulo, para conferir o show da banda Aerosmith, que acontece no pr\u00f3ximo domingo, 30. Para facilitar a chegada e a sa\u00edda dos f\u00e3s, a Companhia de Engenharia de Tr\u00e1fego\" \/>\n\t\t<script type=\"application\/ld+json\" class=\"aioseo-schema\">\n\t\t\t{\"@context\":\"https:\\\/\\\/schema.org\",\"@graph\":[{\"@type\":\"Article\",\"@id\":\"https:\\\/\\\/www.encontrasantana.com.br\\\/sobre\\\/regiao-do-anhembi-tera-transito-monitorado-para-show-do-aerosmith-em-santana\\\/#article\",\"name\":\"Regi\\u00e3o do Anhembi ter\\u00e1 tr\\u00e2nsito monitorado para show do Aerosmith em Santana \\u00bb Encontra Santana\",\"headline\":\"Regi\\u00e3o do Anhembi ter\\u00e1 tr\\u00e2nsito monitorado para show do Aerosmith em Santana\",\"author\":{\"@id\":\"https:\\\/\\\/www.encontrasantana.com.br\\\/sobre\\\/author\\\/esantana\\\/#author\"},\"publisher\":{\"@id\":\"https:\\\/\\\/www.encontrasantana.com.br\\\/sobre\\\/#organization\"},\"datePublished\":\"2011-10-28T18:09:39-03:00\",\"dateModified\":\"2019-04-15T10:01:47-03:00\",\"inLanguage\":\"pt-BR\",\"mainEntityOfPage\":{\"@id\":\"https:\\\/\\\/www.encontrasantana.com.br\\\/sobre\\\/regiao-do-anhembi-tera-transito-monitorado-para-show-do-aerosmith-em-santana\\\/#webpage\"},\"isPartOf\":{\"@id\":\"https:\\\/\\\/www.encontrasantana.com.br\\\/sobre\\\/regiao-do-anhembi-tera-transito-monitorado-para-show-do-aerosmith-em-santana\\\/#webpage\"},\"articleSection\":\"Not\\u00edcias Santana, Santana\"},{\"@type\":\"BreadcrumbList\",\"@id\":\"https:\\\/\\\/www.encontrasantana.com.br\\\/sobre\\\/regiao-do-anhembi-tera-transito-monitorado-para-show-do-aerosmith-em-santana\\\/#breadcrumblist\",\"itemListElement\":[{\"@type\":\"ListItem\",\"@id\":\"https:\\\/\\\/www.encontrasantana.com.br\\\/sobre#listItem\",\"position\":1,\"name\":\"In\\u00edcio\",\"item\":\"https:\\\/\\\/www.encontrasantana.com.br\\\/sobre\",\"nextItem\":{\"@type\":\"ListItem\",\"@id\":\"https:\\\/\\\/www.encontrasantana.com.br\\\/sobre\\\/noticias-em-santana\\\/#listItem\",\"name\":\"Not\\u00edcias Santana\"}},{\"@type\":\"ListItem\",\"@id\":\"https:\\\/\\\/www.encontrasantana.com.br\\\/sobre\\\/noticias-em-santana\\\/#listItem\",\"position\":2,\"name\":\"Not\\u00edcias Santana\",\"item\":\"https:\\\/\\\/www.encontrasantana.com.br\\\/sobre\\\/noticias-em-santana\\\/\",\"nextItem\":{\"@type\":\"ListItem\",\"@id\":\"https:\\\/\\\/www.encontrasantana.com.br\\\/sobre\\\/regiao-do-anhembi-tera-transito-monitorado-para-show-do-aerosmith-em-santana\\\/#listItem\",\"name\":\"Regi\\u00e3o do Anhembi ter\\u00e1 tr\\u00e2nsito monitorado para show do Aerosmith em Santana\"},\"previousItem\":{\"@type\":\"ListItem\",\"@id\":\"https:\\\/\\\/www.encontrasantana.com.br\\\/sobre#listItem\",\"name\":\"In\\u00edcio\"}},{\"@type\":\"ListItem\",\"@id\":\"https:\\\/\\\/www.encontrasantana.com.br\\\/sobre\\\/regiao-do-anhembi-tera-transito-monitorado-para-show-do-aerosmith-em-santana\\\/#listItem\",\"position\":3,\"name\":\"Regi\\u00e3o do Anhembi ter\\u00e1 tr\\u00e2nsito monitorado para show do Aerosmith em Santana\",\"previousItem\":{\"@type\":\"ListItem\",\"@id\":\"https:\\\/\\\/www.encontrasantana.com.br\\\/sobre\\\/noticias-em-santana\\\/#listItem\",\"name\":\"Not\\u00edcias Santana\"}}]},{\"@type\":\"Organization\",\"@id\":\"https:\\\/\\\/www.encontrasantana.com.br\\\/sobre\\\/#organization\",\"name\":\"Encontra Santana\",\"description\":\"Not\\u00edcias, eventos, informa\\u00e7\\u00f5es e dicas no bairro de Santana e regi\\u00e3o.\",\"url\":\"https:\\\/\\\/www.encontrasantana.com.br\\\/sobre\\\/\"},{\"@type\":\"Person\",\"@id\":\"https:\\\/\\\/www.encontrasantana.com.br\\\/sobre\\\/author\\\/esantana\\\/#author\",\"url\":\"https:\\\/\\\/www.encontrasantana.com.br\\\/sobre\\\/author\\\/esantana\\\/\",\"name\":\"Encontra Santana\",\"image\":{\"@type\":\"ImageObject\",\"@id\":\"https:\\\/\\\/www.encontrasantana.com.br\\\/sobre\\\/regiao-do-anhembi-tera-transito-monitorado-para-show-do-aerosmith-em-santana\\\/#authorImage\",\"url\":\"https:\\\/\\\/secure.gravatar.com\\\/avatar\\\/0fbed662e37531ae23e68f85f9517b2454e50c1dfebf80eb9b721449ac95e0b9?s=96&d=mm&r=g\",\"width\":96,\"height\":96,\"caption\":\"Encontra Santana\"}},{\"@type\":\"WebPage\",\"@id\":\"https:\\\/\\\/www.encontrasantana.com.br\\\/sobre\\\/regiao-do-anhembi-tera-transito-monitorado-para-show-do-aerosmith-em-santana\\\/#webpage\",\"url\":\"https:\\\/\\\/www.encontrasantana.com.br\\\/sobre\\\/regiao-do-anhembi-tera-transito-monitorado-para-show-do-aerosmith-em-santana\\\/\",\"name\":\"Regi\\u00e3o do Anhembi ter\\u00e1 tr\\u00e2nsito monitorado para show do Aerosmith em Santana \\u00bb Encontra Santana\",\"description\":\"Cerca de 35 mil pessoas dever\\u00e3o passar pelo P\\u00f3lo Cultural e Esportivo Grande Otelo (Samb\\u00f3dromo do Anhembi), no bairro de Santana, na zona norte de S\\u00e3o Paulo, para conferir o show da banda Aerosmith, que acontece no pr\\u00f3ximo domingo, 30. Para facilitar a chegada e a sa\\u00edda dos f\\u00e3s, a Companhia de Engenharia de Tr\\u00e1fego\",\"inLanguage\":\"pt-BR\",\"isPartOf\":{\"@id\":\"https:\\\/\\\/www.encontrasantana.com.br\\\/sobre\\\/#website\"},\"breadcrumb\":{\"@id\":\"https:\\\/\\\/www.encontrasantana.com.br\\\/sobre\\\/regiao-do-anhembi-tera-transito-monitorado-para-show-do-aerosmith-em-santana\\\/#breadcrumblist\"},\"author\":{\"@id\":\"https:\\\/\\\/www.encontrasantana.com.br\\\/sobre\\\/author\\\/esantana\\\/#author\"},\"creator\":{\"@id\":\"https:\\\/\\\/www.encontrasantana.com.br\\\/sobre\\\/author\\\/esantana\\\/#author\"},\"datePublished\":\"2011-10-28T18:09:39-03:00\",\"dateModified\":\"2019-04-15T10:01:47-03:00\"},{\"@type\":\"WebSite\",\"@id\":\"https:\\\/\\\/www.encontrasantana.com.br\\\/sobre\\\/#website\",\"url\":\"https:\\\/\\\/www.encontrasantana.com.br\\\/sobre\\\/\",\"name\":\"Encontra Santana\",\"description\":\"Not\\u00edcias, eventos, informa\\u00e7\\u00f5es e dicas no bairro de Santana e regi\\u00e3o.\",\"inLanguage\":\"pt-BR\",\"publisher\":{\"@id\":\"https:\\\/\\\/www.encontrasantana.com.br\\\/sobre\\\/#organization\"}}]}\n\t\t<\/script>\n\t\t<!-- All in One SEO -->\n\n","aioseo_head_json":{"title":"Regi\u00e3o do Anhembi ter\u00e1 tr\u00e2nsito monitorado para show do Aerosmith em Santana \u00bb Encontra Santana","description":"Cerca de 35 mil pessoas dever\u00e3o passar pelo P\u00f3lo Cultural e Esportivo Grande Otelo (Samb\u00f3dromo do Anhembi), no bairro de Santana, na zona norte de S\u00e3o Paulo, para conferir o show da banda Aerosmith, que acontece no pr\u00f3ximo domingo, 30. Para facilitar a chegada e a sa\u00edda dos f\u00e3s, a Companhia de Engenharia de Tr\u00e1fego","canonical_url":"https:\/\/www.encontrasantana.com.br\/sobre\/regiao-do-anhembi-tera-transito-monitorado-para-show-do-aerosmith-em-santana\/","robots":"max-image-preview:large","keywords":"","webmasterTools":{"miscellaneous":""},"schema":{"@context":"https:\/\/schema.org","@graph":[{"@type":"Article","@id":"https:\/\/www.encontrasantana.com.br\/sobre\/regiao-do-anhembi-tera-transito-monitorado-para-show-do-aerosmith-em-santana\/#article","name":"Regi\u00e3o do Anhembi ter\u00e1 tr\u00e2nsito monitorado para show do Aerosmith em Santana \u00bb Encontra Santana","headline":"Regi\u00e3o do Anhembi ter\u00e1 tr\u00e2nsito monitorado para show do Aerosmith em Santana","author":{"@id":"https:\/\/www.encontrasantana.com.br\/sobre\/author\/esantana\/#author"},"publisher":{"@id":"https:\/\/www.encontrasantana.com.br\/sobre\/#organization"},"datePublished":"2011-10-28T18:09:39-03:00","dateModified":"2019-04-15T10:01:47-03:00","inLanguage":"pt-BR","mainEntityOfPage":{"@id":"https:\/\/www.encontrasantana.com.br\/sobre\/regiao-do-anhembi-tera-transito-monitorado-para-show-do-aerosmith-em-santana\/#webpage"},"isPartOf":{"@id":"https:\/\/www.encontrasantana.com.br\/sobre\/regiao-do-anhembi-tera-transito-monitorado-para-show-do-aerosmith-em-santana\/#webpage"},"articleSection":"Not\u00edcias Santana, Santana"},{"@type":"BreadcrumbList","@id":"https:\/\/www.encontrasantana.com.br\/sobre\/regiao-do-anhembi-tera-transito-monitorado-para-show-do-aerosmith-em-santana\/#breadcrumblist","itemListElement":[{"@type":"ListItem","@id":"https:\/\/www.encontrasantana.com.br\/sobre#listItem","position":1,"name":"In\u00edcio","item":"https:\/\/www.encontrasantana.com.br\/sobre","nextItem":{"@type":"ListItem","@id":"https:\/\/www.encontrasantana.com.br\/sobre\/noticias-em-santana\/#listItem","name":"Not\u00edcias Santana"}},{"@type":"ListItem","@id":"https:\/\/www.encontrasantana.com.br\/sobre\/noticias-em-santana\/#listItem","position":2,"name":"Not\u00edcias Santana","item":"https:\/\/www.encontrasantana.com.br\/sobre\/noticias-em-santana\/","nextItem":{"@type":"ListItem","@id":"https:\/\/www.encontrasantana.com.br\/sobre\/regiao-do-anhembi-tera-transito-monitorado-para-show-do-aerosmith-em-santana\/#listItem","name":"Regi\u00e3o do Anhembi ter\u00e1 tr\u00e2nsito monitorado para show do Aerosmith em Santana"},"previousItem":{"@type":"ListItem","@id":"https:\/\/www.encontrasantana.com.br\/sobre#listItem","name":"In\u00edcio"}},{"@type":"ListItem","@id":"https:\/\/www.encontrasantana.com.br\/sobre\/regiao-do-anhembi-tera-transito-monitorado-para-show-do-aerosmith-em-santana\/#listItem","position":3,"name":"Regi\u00e3o do Anhembi ter\u00e1 tr\u00e2nsito monitorado para show do Aerosmith em Santana","previousItem":{"@type":"ListItem","@id":"https:\/\/www.encontrasantana.com.br\/sobre\/noticias-em-santana\/#listItem","name":"Not\u00edcias Santana"}}]},{"@type":"Organization","@id":"https:\/\/www.encontrasantana.com.br\/sobre\/#organization","name":"Encontra Santana","description":"Not\u00edcias, eventos, informa\u00e7\u00f5es e dicas no bairro de Santana e regi\u00e3o.","url":"https:\/\/www.encontrasantana.com.br\/sobre\/"},{"@type":"Person","@id":"https:\/\/www.encontrasantana.com.br\/sobre\/author\/esantana\/#author","url":"https:\/\/www.encontrasantana.com.br\/sobre\/author\/esantana\/","name":"Encontra Santana","image":{"@type":"ImageObject","@id":"https:\/\/www.encontrasantana.com.br\/sobre\/regiao-do-anhembi-tera-transito-monitorado-para-show-do-aerosmith-em-santana\/#authorImage","url":"https:\/\/secure.gravatar.com\/avatar\/0fbed662e37531ae23e68f85f9517b2454e50c1dfebf80eb9b721449ac95e0b9?s=96&d=mm&r=g","width":96,"height":96,"caption":"Encontra Santana"}},{"@type":"WebPage","@id":"https:\/\/www.encontrasantana.com.br\/sobre\/regiao-do-anhembi-tera-transito-monitorado-para-show-do-aerosmith-em-santana\/#webpage","url":"https:\/\/www.encontrasantana.com.br\/sobre\/regiao-do-anhembi-tera-transito-monitorado-para-show-do-aerosmith-em-santana\/","name":"Regi\u00e3o do Anhembi ter\u00e1 tr\u00e2nsito monitorado para show do Aerosmith em Santana \u00bb Encontra Santana","description":"Cerca de 35 mil pessoas dever\u00e3o passar pelo P\u00f3lo Cultural e Esportivo Grande Otelo (Samb\u00f3dromo do Anhembi), no bairro de Santana, na zona norte de S\u00e3o Paulo, para conferir o show da banda Aerosmith, que acontece no pr\u00f3ximo domingo, 30. Para facilitar a chegada e a sa\u00edda dos f\u00e3s, a Companhia de Engenharia de Tr\u00e1fego","inLanguage":"pt-BR","isPartOf":{"@id":"https:\/\/www.encontrasantana.com.br\/sobre\/#website"},"breadcrumb":{"@id":"https:\/\/www.encontrasantana.com.br\/sobre\/regiao-do-anhembi-tera-transito-monitorado-para-show-do-aerosmith-em-santana\/#breadcrumblist"},"author":{"@id":"https:\/\/www.encontrasantana.com.br\/sobre\/author\/esantana\/#author"},"creator":{"@id":"https:\/\/www.encontrasantana.com.br\/sobre\/author\/esantana\/#author"},"datePublished":"2011-10-28T18:09:39-03:00","dateModified":"2019-04-15T10:01:47-03:00"},{"@type":"WebSite","@id":"https:\/\/www.encontrasantana.com.br\/sobre\/#website","url":"https:\/\/www.encontrasantana.com.br\/sobre\/","name":"Encontra Santana","description":"Not\u00edcias, eventos, informa\u00e7\u00f5es e dicas no bairro de Santana e regi\u00e3o.","inLanguage":"pt-BR","publisher":{"@id":"https:\/\/www.encontrasantana.com.br\/sobre\/#organization"}}]},"og:locale":"pt_BR","og:site_name":"Encontra Santana | Not\u00edcias, eventos, informa\u00e7\u00f5es e dicas no bairro de Santana e regi\u00e3o.","og:type":"article","og:title":"Regi\u00e3o do Anhembi ter\u00e1 tr\u00e2nsito monitorado para show do Aerosmith em Santana \u00bb Encontra Santana","og:description":"Cerca de 35 mil pessoas dever\u00e3o passar pelo P\u00f3lo Cultural e Esportivo Grande Otelo (Samb\u00f3dromo do Anhembi), no bairro de Santana, na zona norte de S\u00e3o Paulo, para conferir o show da banda Aerosmith, que acontece no pr\u00f3ximo domingo, 30. Para facilitar a chegada e a sa\u00edda dos f\u00e3s, a Companhia de Engenharia de Tr\u00e1fego","og:url":"https:\/\/www.encontrasantana.com.br\/sobre\/regiao-do-anhembi-tera-transito-monitorado-para-show-do-aerosmith-em-santana\/","article:published_time":"2011-10-28T21:09:39+00:00","article:modified_time":"2019-04-15T13:01:47+00:00","twitter:card":"summary","twitter:title":"Regi\u00e3o do Anhembi ter\u00e1 tr\u00e2nsito monitorado para show do Aerosmith em Santana \u00bb Encontra Santana","twitter:description":"Cerca de 35 mil pessoas dever\u00e3o passar pelo P\u00f3lo Cultural e Esportivo Grande Otelo (Samb\u00f3dromo do Anhembi), no bairro de Santana, na zona norte de S\u00e3o Paulo, para conferir o show da banda Aerosmith, que acontece no pr\u00f3ximo domingo, 30. Para facilitar a chegada e a sa\u00edda dos f\u00e3s, a Companhia de Engenharia de Tr\u00e1fego"},"aioseo_meta_data":{"post_id":"1625","title":null,"description":null,"keywords":null,"keyphrases":null,"primary_term":null,"canonical_url":null,"og_title":null,"og_description":null,"og_object_type":"default","og_image_type":"default","og_image_url":null,"og_image_width":null,"og_image_height":null,"og_image_custom_url":null,"og_image_custom_fields":null,"og_video":null,"og_custom_url":null,"og_article_section":null,"og_article_tags":null,"twitter_use_og":false,"twitter_card":"default","twitter_image_type":"default","twitter_image_url":null,"twitter_image_custom_url":null,"twitter_image_custom_fields":null,"twitter_title":null,"twitter_description":null,"schema":{"blockGraphs":[],"customGraphs":[],"default":{"data":{"Article":[],"Course":[],"Dataset":[],"FAQPage":[],"Movie":[],"Person":[],"Product":[],"ProductReview":[],"Car":[],"Recipe":[],"Service":[],"SoftwareApplication":[],"WebPage":[]},"graphName":"Article","isEnabled":true},"graphs":[]},"schema_type":null,"schema_type_options":null,"pillar_content":false,"robots_default":true,"robots_noindex":false,"robots_noarchive":false,"robots_nosnippet":false,"robots_nofollow":false,"robots_noimageindex":false,"robots_noodp":false,"robots_notranslate":false,"robots_max_snippet":null,"robots_max_videopreview":null,"robots_max_imagepreview":"large","priority":null,"frequency":null,"local_seo":null,"limit_modified_date":false,"created":"2021-04-21 00:18:32","updated":"2026-08-06 10:02:22","focus_keyword":null,"additional_keywords":null,"truseo_locale":null,"ai":null,"breadcrumb_settings":null,"seo_analyzer_scan_date":null},"aioseo_breadcrumb":"<div class=\"aioseo-breadcrumbs\"><span class=\"aioseo-breadcrumb\">\n\t\t\t<a href=\"https:\/\/www.encontrasantana.com.br\/sobre\" title=\"In\u00edcio\">In\u00edcio<\/a>\n\t\t<\/span><span class=\"aioseo-breadcrumb-separator\">&raquo;<\/span><span class=\"aioseo-breadcrumb\">\n\t\t\t<a href=\"https:\/\/www.encontrasantana.com.br\/sobre\/noticias-em-santana\/\" title=\"Not\u00edcias Santana\">Not\u00edcias Santana<\/a>\n\t\t<\/span><span class=\"aioseo-breadcrumb-separator\">&raquo;<\/span><span class=\"aioseo-breadcrumb\">\n\t\t\tRegi\u00e3o do Anhembi ter\u00e1 tr\u00e2nsito monitorado para show do Aerosmith em Santana\n\t\t<\/span><\/div>","aioseo_breadcrumb_json":[{"label":"In\u00edcio","link":"https:\/\/www.encontrasantana.com.br\/sobre"},{"label":"Not\u00edcias Santana","link":"https:\/\/www.encontrasantana.com.br\/sobre\/noticias-em-santana\/"},{"label":"Regi\u00e3o do Anhembi ter\u00e1 tr\u00e2nsito monitorado para show do Aerosmith em Santana","link":"https:\/\/www.encontrasantana.com.br\/sobre\/regiao-do-anhembi-tera-transito-monitorado-para-show-do-aerosmith-em-santana\/"}],"_links":{"self":[{"href":"https:\/\/www.encontrasantana.com.br\/sobre\/wp-json\/wp\/v2\/posts\/1625","targetHints":{"allow":["GET"]}}],"collection":[{"href":"https:\/\/www.encontrasantana.com.br\/sobre\/wp-json\/wp\/v2\/posts"}],"about":[{"href":"https:\/\/www.encontrasantana.com.br\/sobre\/wp-json\/wp\/v2\/types\/post"}],"author":[{"embeddable":true,"href":"https:\/\/www.encontrasantana.com.br\/sobre\/wp-json\/wp\/v2\/users\/1"}],"replies":[{"embeddable":true,"href":"https:\/\/www.encontrasantana.com.br\/sobre\/wp-json\/wp\/v2\/comments?post=1625"}],"version-history":[{"count":0,"href":"https:\/\/www.encontrasantana.com.br\/sobre\/wp-json\/wp\/v2\/posts\/1625\/revisions"}],"wp:attachment":[{"href":"https:\/\/www.encontrasantana.com.br\/sobre\/wp-json\/wp\/v2\/media?parent=1625"}],"wp:term":[{"taxonomy":"category","embeddable":true,"href":"https:\/\/www.encontrasantana.com.br\/sobre\/wp-json\/wp\/v2\/categories?post=1625"},{"taxonomy":"post_tag","embeddable":true,"href":"https:\/\/www.encontrasantana.com.br\/sobre\/wp-json\/wp\/v2\/tags?post=1625"}],"curies":[{"name":"wp","href":"https:\/\/api.w.org\/{rel}","templated":true}]}}