{"id":16540,"date":"2012-04-02T19:17:47","date_gmt":"2012-04-02T22:17:47","guid":{"rendered":"http:\/\/www.encontrasantana.com.br\/blog\/?p=16540"},"modified":"2019-04-15T10:00:22","modified_gmt":"2019-04-15T13:00:22","slug":"corrida-de-rua-agitou-santana-neste-final-de-semana","status":"publish","type":"post","link":"https:\/\/www.encontrasantana.com.br\/sobre\/corrida-de-rua-agitou-santana-neste-final-de-semana\/","title":{"rendered":"Corrida de rua agitou Santana neste final de semana"},"content":{"rendered":"<div class=\"1acf8468e559fd3cbeec5aee3a269a52\" data-index=\"1\" style=\"float: none; margin:0px;\">\n<!-- Anuncio display - global -->\r\n<ins class=\"adsbygoogle\"\r\n     style=\"display:block\"\r\n     data-ad-client=\"ca-pub-8585364105181520\"\r\n     data-ad-slot=\"8789329856\"\r\n     data-ad-format=\"auto\"\r\n     data-full-width-responsive=\"true\"><\/ins>\r\n<script>\r\n     (adsbygoogle = window.adsbygoogle || []).push({});\r\n<\/script>\n<\/div>\n<p>Neste domingo (1\u00ba\/4) foi realizada a segunda etapa do Circuito Popular de Corrida de Rua da Cidade de S\u00e3o Paulo 2012. Desta vez, os participantes tomaram as ruas e avenidas do bairro de Santana e, com muita descontra\u00e7\u00e3o e bom humor, tornaram o evento um sucesso.<\/p>\n<p>Organizada pela Secretaria Municipal de Esportes (SEME), a prova faz parte do circuito que acontecer\u00e1 at\u00e9 novembro, sempre aos domingos, nos 31 distritos da capital. Nessa etapa, o apoio e defini\u00e7\u00e3o do tra\u00e7ado ficaram a cargo da <a href=\"http:\/\/www.encontrasantana.com.br\/santana\/subprefeitura-santana.shtml\" target=\"_blank\">Subprefeitura Santana\/Tucuruvi<\/a>, sendo que a largada e chegada foram na Rua Viri, em frente ao Clube Escola Jardim S\u00e3o Paulo.<\/p>\n<p>Mais de 2.300 pessoas largaram pontualmente \u00e0s 8h participando da corrida e caminhada que aconteceram simultaneamente. As idades dos participantes eram as mais variadas, indo de 14 a 84 anos, mostrando que pelo menos em mat\u00e9ria de incentivo ao esporte e \u00e0 sa\u00fade n\u00e3o h\u00e1 conflito de gera\u00e7\u00f5es.<\/p>\n<p>Foram duas voltas, num percurso de 5 Km, passando por ruas importantes do bairro como Pedro Cacunda e Parque Domingos Luis. Entre os homens a vit\u00f3ria foi de Claudinei Souza Cerqueira com o tempo de 16m05s. J\u00e1 a grande vencedora entre as mulheres foi Edinalva da Silva Nunes que marcou 20m35s. \u00c9 a segunda vit\u00f3ria de Edinalva na temporada, pois j\u00e1 havia faturado a primeira etapa, o Circuito Popular S\u00e9, que aconteceu em 25 de mar\u00e7o.<\/p>\n<p>\u201cEstou muito feliz e vou em busca de mais vit\u00f3rias\u201d, disse a campe\u00e3. V\u00e1rias autoridades da regi\u00e3o compareceram ao evento como o subprefeito de Santana\/Tucuruvi e o supervisor de Esportes da subprefeitura, que entregaram os trof\u00e9us aos cinco primeiros colocados.<\/p>\n<p>Tamb\u00e9m marcaram presen\u00e7a o secret\u00e1rio Adjunto de Esportes, al\u00e9m do bicampe\u00e3o da S\u00e3o Silvestre, Jos\u00e9 Jo\u00e3o da Silva. De acordo com Jos\u00e9 Jo\u00e3o, essas provas s\u00e3o importantes para incentivar a atividade f\u00edsica.<\/p>\n<p>\u201cSempre que posso participo de eventos esportivos como o Circuito de corrida de Rua da Cidade de S\u00e3o Paulo incentivando e dando meu apoio\u201d explicou o ex-corredor que entregou o trof\u00e9u para a campe\u00e3 Edinalva. E como n\u00e3o poderia deixar de acontecer, v\u00e1rios competidores participaram com fantasias e perucas coloridas que acrescentaram \u00e0 prova muita descontra\u00e7\u00e3o.<\/p>\n<p>Um grupo trazia um atleta vestido de paquita e outros dois utilizavam perucas com corte moicano, no melhor estilo do jogador Neymar, do Santos. Para eles vale mesmo o ditado que o importante n\u00e3o \u00e9 vencer, e sim participar.<\/p>\n<p><em>Fonte: Prefeitura de S\u00e3o Paulo<\/em><\/p>\n\n<div style=\"font-size: 0px; height: 0px; line-height: 0px; margin: 0; padding: 0; clear: both;\"><\/div>","protected":false},"excerpt":{"rendered":"<p>Neste domingo (1\u00ba\/4) foi realizada a segunda etapa do Circuito Popular de Corrida de Rua da Cidade de S\u00e3o Paulo 2012. Desta vez, os participantes tomaram as ruas e avenidas do bairro de Santana e, com muita descontra\u00e7\u00e3o e bom humor, tornaram o evento um sucesso. Organizada pela Secretaria Municipal de Esportes (SEME), a prova faz parte do circuito que acontecer\u00e1 at\u00e9 novembro, sempre aos domingos, nos 31 distritos da capital. Nessa etapa, o apoio e defini\u00e7\u00e3o do tra\u00e7ado ficaram a cargo da Subprefeitura Santana\/Tucuruvi, sendo que a largada e chegada foram na Rua Viri, em frente ao Clube Escola <\/p>\n","protected":false},"author":1,"featured_media":0,"comment_status":"open","ping_status":"closed","sticky":false,"template":"","format":"standard","meta":{"footnotes":""},"categories":[3],"tags":[10],"class_list":["post-16540","post","type-post","status-publish","format-standard","hentry","category-noticias-em-santana","tag-santana"],"aioseo_notices":[],"aioseo_head":"\n\t\t<!-- All in One SEO 5.0.0.1 - aioseo.com -->\n\t<meta name=\"description\" content=\"Neste domingo (1\u00ba\/4) foi realizada a segunda etapa do Circuito Popular de Corrida de Rua da Cidade de S\u00e3o Paulo 2012. Desta vez, os participantes tomaram as ruas e avenidas do bairro de Santana e, com muita descontra\u00e7\u00e3o e bom humor, tornaram o evento um sucesso. Organizada pela Secretaria Municipal de Esportes (SEME), a prova\" \/>\n\t<meta name=\"robots\" content=\"max-image-preview:large\" \/>\n\t<meta name=\"author\" content=\"Encontra Santana\"\/>\n\t<link rel=\"canonical\" href=\"https:\/\/www.encontrasantana.com.br\/sobre\/corrida-de-rua-agitou-santana-neste-final-de-semana\/\" \/>\n\t<meta name=\"generator\" content=\"All in One SEO (AIOSEO) 5.0.0.1\" \/>\n\t\t<meta property=\"og:locale\" content=\"pt_BR\" \/>\n\t\t<meta property=\"og:site_name\" content=\"Encontra Santana | Not\u00edcias, eventos, informa\u00e7\u00f5es e dicas no bairro de Santana e regi\u00e3o.\" \/>\n\t\t<meta property=\"og:type\" content=\"article\" \/>\n\t\t<meta property=\"og:title\" content=\"Corrida de rua agitou Santana neste final de semana \u00bb Encontra Santana\" \/>\n\t\t<meta property=\"og:description\" content=\"Neste domingo (1\u00ba\/4) foi realizada a segunda etapa do Circuito Popular de Corrida de Rua da Cidade de S\u00e3o Paulo 2012. Desta vez, os participantes tomaram as ruas e avenidas do bairro de Santana e, com muita descontra\u00e7\u00e3o e bom humor, tornaram o evento um sucesso. Organizada pela Secretaria Municipal de Esportes (SEME), a prova\" \/>\n\t\t<meta property=\"og:url\" content=\"https:\/\/www.encontrasantana.com.br\/sobre\/corrida-de-rua-agitou-santana-neste-final-de-semana\/\" \/>\n\t\t<meta property=\"article:published_time\" content=\"2012-04-02T22:17:47+00:00\" \/>\n\t\t<meta property=\"article:modified_time\" content=\"2019-04-15T13:00:22+00:00\" \/>\n\t\t<meta name=\"twitter:card\" content=\"summary\" \/>\n\t\t<meta name=\"twitter:title\" content=\"Corrida de rua agitou Santana neste final de semana \u00bb Encontra Santana\" \/>\n\t\t<meta name=\"twitter:description\" content=\"Neste domingo (1\u00ba\/4) foi realizada a segunda etapa do Circuito Popular de Corrida de Rua da Cidade de S\u00e3o Paulo 2012. Desta vez, os participantes tomaram as ruas e avenidas do bairro de Santana e, com muita descontra\u00e7\u00e3o e bom humor, tornaram o evento um sucesso. Organizada pela Secretaria Municipal de Esportes (SEME), a prova\" \/>\n\t\t<script type=\"application\/ld+json\" class=\"aioseo-schema\">\n\t\t\t{\"@context\":\"https:\\\/\\\/schema.org\",\"@graph\":[{\"@type\":\"Article\",\"@id\":\"https:\\\/\\\/www.encontrasantana.com.br\\\/sobre\\\/corrida-de-rua-agitou-santana-neste-final-de-semana\\\/#article\",\"name\":\"Corrida de rua agitou Santana neste final de semana \\u00bb Encontra Santana\",\"headline\":\"Corrida de rua agitou Santana neste final de semana\",\"author\":{\"@id\":\"https:\\\/\\\/www.encontrasantana.com.br\\\/sobre\\\/author\\\/esantana\\\/#author\"},\"publisher\":{\"@id\":\"https:\\\/\\\/www.encontrasantana.com.br\\\/sobre\\\/#organization\"},\"datePublished\":\"2012-04-02T19:17:47-03:00\",\"dateModified\":\"2019-04-15T10:00:22-03:00\",\"inLanguage\":\"pt-BR\",\"mainEntityOfPage\":{\"@id\":\"https:\\\/\\\/www.encontrasantana.com.br\\\/sobre\\\/corrida-de-rua-agitou-santana-neste-final-de-semana\\\/#webpage\"},\"isPartOf\":{\"@id\":\"https:\\\/\\\/www.encontrasantana.com.br\\\/sobre\\\/corrida-de-rua-agitou-santana-neste-final-de-semana\\\/#webpage\"},\"articleSection\":\"Not\\u00edcias Santana, Santana\"},{\"@type\":\"BreadcrumbList\",\"@id\":\"https:\\\/\\\/www.encontrasantana.com.br\\\/sobre\\\/corrida-de-rua-agitou-santana-neste-final-de-semana\\\/#breadcrumblist\",\"itemListElement\":[{\"@type\":\"ListItem\",\"@id\":\"https:\\\/\\\/www.encontrasantana.com.br\\\/sobre#listItem\",\"position\":1,\"name\":\"In\\u00edcio\",\"item\":\"https:\\\/\\\/www.encontrasantana.com.br\\\/sobre\",\"nextItem\":{\"@type\":\"ListItem\",\"@id\":\"https:\\\/\\\/www.encontrasantana.com.br\\\/sobre\\\/noticias-em-santana\\\/#listItem\",\"name\":\"Not\\u00edcias Santana\"}},{\"@type\":\"ListItem\",\"@id\":\"https:\\\/\\\/www.encontrasantana.com.br\\\/sobre\\\/noticias-em-santana\\\/#listItem\",\"position\":2,\"name\":\"Not\\u00edcias Santana\",\"item\":\"https:\\\/\\\/www.encontrasantana.com.br\\\/sobre\\\/noticias-em-santana\\\/\",\"nextItem\":{\"@type\":\"ListItem\",\"@id\":\"https:\\\/\\\/www.encontrasantana.com.br\\\/sobre\\\/corrida-de-rua-agitou-santana-neste-final-de-semana\\\/#listItem\",\"name\":\"Corrida de rua agitou Santana neste final de semana\"},\"previousItem\":{\"@type\":\"ListItem\",\"@id\":\"https:\\\/\\\/www.encontrasantana.com.br\\\/sobre#listItem\",\"name\":\"In\\u00edcio\"}},{\"@type\":\"ListItem\",\"@id\":\"https:\\\/\\\/www.encontrasantana.com.br\\\/sobre\\\/corrida-de-rua-agitou-santana-neste-final-de-semana\\\/#listItem\",\"position\":3,\"name\":\"Corrida de rua agitou Santana neste final de semana\",\"previousItem\":{\"@type\":\"ListItem\",\"@id\":\"https:\\\/\\\/www.encontrasantana.com.br\\\/sobre\\\/noticias-em-santana\\\/#listItem\",\"name\":\"Not\\u00edcias Santana\"}}]},{\"@type\":\"Organization\",\"@id\":\"https:\\\/\\\/www.encontrasantana.com.br\\\/sobre\\\/#organization\",\"name\":\"Encontra Santana\",\"description\":\"Not\\u00edcias, eventos, informa\\u00e7\\u00f5es e dicas no bairro de Santana e regi\\u00e3o.\",\"url\":\"https:\\\/\\\/www.encontrasantana.com.br\\\/sobre\\\/\"},{\"@type\":\"Person\",\"@id\":\"https:\\\/\\\/www.encontrasantana.com.br\\\/sobre\\\/author\\\/esantana\\\/#author\",\"url\":\"https:\\\/\\\/www.encontrasantana.com.br\\\/sobre\\\/author\\\/esantana\\\/\",\"name\":\"Encontra Santana\",\"image\":{\"@type\":\"ImageObject\",\"@id\":\"https:\\\/\\\/www.encontrasantana.com.br\\\/sobre\\\/corrida-de-rua-agitou-santana-neste-final-de-semana\\\/#authorImage\",\"url\":\"https:\\\/\\\/secure.gravatar.com\\\/avatar\\\/0fbed662e37531ae23e68f85f9517b2454e50c1dfebf80eb9b721449ac95e0b9?s=96&d=mm&r=g\",\"width\":96,\"height\":96,\"caption\":\"Encontra Santana\"}},{\"@type\":\"WebPage\",\"@id\":\"https:\\\/\\\/www.encontrasantana.com.br\\\/sobre\\\/corrida-de-rua-agitou-santana-neste-final-de-semana\\\/#webpage\",\"url\":\"https:\\\/\\\/www.encontrasantana.com.br\\\/sobre\\\/corrida-de-rua-agitou-santana-neste-final-de-semana\\\/\",\"name\":\"Corrida de rua agitou Santana neste final de semana \\u00bb Encontra Santana\",\"description\":\"Neste domingo (1\\u00ba\\\/4) foi realizada a segunda etapa do Circuito Popular de Corrida de Rua da Cidade de S\\u00e3o Paulo 2012. Desta vez, os participantes tomaram as ruas e avenidas do bairro de Santana e, com muita descontra\\u00e7\\u00e3o e bom humor, tornaram o evento um sucesso. Organizada pela Secretaria Municipal de Esportes (SEME), a prova\",\"inLanguage\":\"pt-BR\",\"isPartOf\":{\"@id\":\"https:\\\/\\\/www.encontrasantana.com.br\\\/sobre\\\/#website\"},\"breadcrumb\":{\"@id\":\"https:\\\/\\\/www.encontrasantana.com.br\\\/sobre\\\/corrida-de-rua-agitou-santana-neste-final-de-semana\\\/#breadcrumblist\"},\"author\":{\"@id\":\"https:\\\/\\\/www.encontrasantana.com.br\\\/sobre\\\/author\\\/esantana\\\/#author\"},\"creator\":{\"@id\":\"https:\\\/\\\/www.encontrasantana.com.br\\\/sobre\\\/author\\\/esantana\\\/#author\"},\"datePublished\":\"2012-04-02T19:17:47-03:00\",\"dateModified\":\"2019-04-15T10:00:22-03:00\"},{\"@type\":\"WebSite\",\"@id\":\"https:\\\/\\\/www.encontrasantana.com.br\\\/sobre\\\/#website\",\"url\":\"https:\\\/\\\/www.encontrasantana.com.br\\\/sobre\\\/\",\"name\":\"Encontra Santana\",\"description\":\"Not\\u00edcias, eventos, informa\\u00e7\\u00f5es e dicas no bairro de Santana e regi\\u00e3o.\",\"inLanguage\":\"pt-BR\",\"publisher\":{\"@id\":\"https:\\\/\\\/www.encontrasantana.com.br\\\/sobre\\\/#organization\"}}]}\n\t\t<\/script>\n\t\t<!-- All in One SEO -->\n\n","aioseo_head_json":{"title":"Corrida de rua agitou Santana neste final de semana \u00bb Encontra Santana","description":"Neste domingo (1\u00ba\/4) foi realizada a segunda etapa do Circuito Popular de Corrida de Rua da Cidade de S\u00e3o Paulo 2012. Desta vez, os participantes tomaram as ruas e avenidas do bairro de Santana e, com muita descontra\u00e7\u00e3o e bom humor, tornaram o evento um sucesso. Organizada pela Secretaria Municipal de Esportes (SEME), a prova","canonical_url":"https:\/\/www.encontrasantana.com.br\/sobre\/corrida-de-rua-agitou-santana-neste-final-de-semana\/","robots":"max-image-preview:large","keywords":"","webmasterTools":{"miscellaneous":""},"schema":{"@context":"https:\/\/schema.org","@graph":[{"@type":"Article","@id":"https:\/\/www.encontrasantana.com.br\/sobre\/corrida-de-rua-agitou-santana-neste-final-de-semana\/#article","name":"Corrida de rua agitou Santana neste final de semana \u00bb Encontra Santana","headline":"Corrida de rua agitou Santana neste final de semana","author":{"@id":"https:\/\/www.encontrasantana.com.br\/sobre\/author\/esantana\/#author"},"publisher":{"@id":"https:\/\/www.encontrasantana.com.br\/sobre\/#organization"},"datePublished":"2012-04-02T19:17:47-03:00","dateModified":"2019-04-15T10:00:22-03:00","inLanguage":"pt-BR","mainEntityOfPage":{"@id":"https:\/\/www.encontrasantana.com.br\/sobre\/corrida-de-rua-agitou-santana-neste-final-de-semana\/#webpage"},"isPartOf":{"@id":"https:\/\/www.encontrasantana.com.br\/sobre\/corrida-de-rua-agitou-santana-neste-final-de-semana\/#webpage"},"articleSection":"Not\u00edcias Santana, Santana"},{"@type":"BreadcrumbList","@id":"https:\/\/www.encontrasantana.com.br\/sobre\/corrida-de-rua-agitou-santana-neste-final-de-semana\/#breadcrumblist","itemListElement":[{"@type":"ListItem","@id":"https:\/\/www.encontrasantana.com.br\/sobre#listItem","position":1,"name":"In\u00edcio","item":"https:\/\/www.encontrasantana.com.br\/sobre","nextItem":{"@type":"ListItem","@id":"https:\/\/www.encontrasantana.com.br\/sobre\/noticias-em-santana\/#listItem","name":"Not\u00edcias Santana"}},{"@type":"ListItem","@id":"https:\/\/www.encontrasantana.com.br\/sobre\/noticias-em-santana\/#listItem","position":2,"name":"Not\u00edcias Santana","item":"https:\/\/www.encontrasantana.com.br\/sobre\/noticias-em-santana\/","nextItem":{"@type":"ListItem","@id":"https:\/\/www.encontrasantana.com.br\/sobre\/corrida-de-rua-agitou-santana-neste-final-de-semana\/#listItem","name":"Corrida de rua agitou Santana neste final de semana"},"previousItem":{"@type":"ListItem","@id":"https:\/\/www.encontrasantana.com.br\/sobre#listItem","name":"In\u00edcio"}},{"@type":"ListItem","@id":"https:\/\/www.encontrasantana.com.br\/sobre\/corrida-de-rua-agitou-santana-neste-final-de-semana\/#listItem","position":3,"name":"Corrida de rua agitou Santana neste final de semana","previousItem":{"@type":"ListItem","@id":"https:\/\/www.encontrasantana.com.br\/sobre\/noticias-em-santana\/#listItem","name":"Not\u00edcias Santana"}}]},{"@type":"Organization","@id":"https:\/\/www.encontrasantana.com.br\/sobre\/#organization","name":"Encontra Santana","description":"Not\u00edcias, eventos, informa\u00e7\u00f5es e dicas no bairro de Santana e regi\u00e3o.","url":"https:\/\/www.encontrasantana.com.br\/sobre\/"},{"@type":"Person","@id":"https:\/\/www.encontrasantana.com.br\/sobre\/author\/esantana\/#author","url":"https:\/\/www.encontrasantana.com.br\/sobre\/author\/esantana\/","name":"Encontra Santana","image":{"@type":"ImageObject","@id":"https:\/\/www.encontrasantana.com.br\/sobre\/corrida-de-rua-agitou-santana-neste-final-de-semana\/#authorImage","url":"https:\/\/secure.gravatar.com\/avatar\/0fbed662e37531ae23e68f85f9517b2454e50c1dfebf80eb9b721449ac95e0b9?s=96&d=mm&r=g","width":96,"height":96,"caption":"Encontra Santana"}},{"@type":"WebPage","@id":"https:\/\/www.encontrasantana.com.br\/sobre\/corrida-de-rua-agitou-santana-neste-final-de-semana\/#webpage","url":"https:\/\/www.encontrasantana.com.br\/sobre\/corrida-de-rua-agitou-santana-neste-final-de-semana\/","name":"Corrida de rua agitou Santana neste final de semana \u00bb Encontra Santana","description":"Neste domingo (1\u00ba\/4) foi realizada a segunda etapa do Circuito Popular de Corrida de Rua da Cidade de S\u00e3o Paulo 2012. Desta vez, os participantes tomaram as ruas e avenidas do bairro de Santana e, com muita descontra\u00e7\u00e3o e bom humor, tornaram o evento um sucesso. Organizada pela Secretaria Municipal de Esportes (SEME), a prova","inLanguage":"pt-BR","isPartOf":{"@id":"https:\/\/www.encontrasantana.com.br\/sobre\/#website"},"breadcrumb":{"@id":"https:\/\/www.encontrasantana.com.br\/sobre\/corrida-de-rua-agitou-santana-neste-final-de-semana\/#breadcrumblist"},"author":{"@id":"https:\/\/www.encontrasantana.com.br\/sobre\/author\/esantana\/#author"},"creator":{"@id":"https:\/\/www.encontrasantana.com.br\/sobre\/author\/esantana\/#author"},"datePublished":"2012-04-02T19:17:47-03:00","dateModified":"2019-04-15T10:00:22-03:00"},{"@type":"WebSite","@id":"https:\/\/www.encontrasantana.com.br\/sobre\/#website","url":"https:\/\/www.encontrasantana.com.br\/sobre\/","name":"Encontra Santana","description":"Not\u00edcias, eventos, informa\u00e7\u00f5es e dicas no bairro de Santana e regi\u00e3o.","inLanguage":"pt-BR","publisher":{"@id":"https:\/\/www.encontrasantana.com.br\/sobre\/#organization"}}]},"og:locale":"pt_BR","og:site_name":"Encontra Santana | Not\u00edcias, eventos, informa\u00e7\u00f5es e dicas no bairro de Santana e regi\u00e3o.","og:type":"article","og:title":"Corrida de rua agitou Santana neste final de semana \u00bb Encontra Santana","og:description":"Neste domingo (1\u00ba\/4) foi realizada a segunda etapa do Circuito Popular de Corrida de Rua da Cidade de S\u00e3o Paulo 2012. Desta vez, os participantes tomaram as ruas e avenidas do bairro de Santana e, com muita descontra\u00e7\u00e3o e bom humor, tornaram o evento um sucesso. Organizada pela Secretaria Municipal de Esportes (SEME), a prova","og:url":"https:\/\/www.encontrasantana.com.br\/sobre\/corrida-de-rua-agitou-santana-neste-final-de-semana\/","article:published_time":"2012-04-02T22:17:47+00:00","article:modified_time":"2019-04-15T13:00:22+00:00","twitter:card":"summary","twitter:title":"Corrida de rua agitou Santana neste final de semana \u00bb Encontra Santana","twitter:description":"Neste domingo (1\u00ba\/4) foi realizada a segunda etapa do Circuito Popular de Corrida de Rua da Cidade de S\u00e3o Paulo 2012. Desta vez, os participantes tomaram as ruas e avenidas do bairro de Santana e, com muita descontra\u00e7\u00e3o e bom humor, tornaram o evento um sucesso. Organizada pela Secretaria Municipal de Esportes (SEME), a prova"},"aioseo_meta_data":{"post_id":"16540","title":null,"description":null,"keywords":null,"keyphrases":null,"primary_term":null,"canonical_url":null,"og_title":null,"og_description":null,"og_object_type":"default","og_image_type":"default","og_image_url":null,"og_image_width":null,"og_image_height":null,"og_image_custom_url":null,"og_image_custom_fields":null,"og_video":null,"og_custom_url":null,"og_article_section":null,"og_article_tags":null,"twitter_use_og":false,"twitter_card":"default","twitter_image_type":"default","twitter_image_url":null,"twitter_image_custom_url":null,"twitter_image_custom_fields":null,"twitter_title":null,"twitter_description":null,"schema":{"blockGraphs":[],"customGraphs":[],"default":{"data":{"Article":[],"Course":[],"Dataset":[],"FAQPage":[],"Movie":[],"Person":[],"Product":[],"ProductReview":[],"Car":[],"Recipe":[],"Service":[],"SoftwareApplication":[],"WebPage":[]},"graphName":"Article","isEnabled":true},"graphs":[]},"schema_type":null,"schema_type_options":null,"pillar_content":false,"robots_default":true,"robots_noindex":false,"robots_noarchive":false,"robots_nosnippet":false,"robots_nofollow":false,"robots_noimageindex":false,"robots_noodp":false,"robots_notranslate":false,"robots_max_snippet":null,"robots_max_videopreview":null,"robots_max_imagepreview":"large","priority":null,"frequency":null,"local_seo":null,"limit_modified_date":false,"created":"2021-04-20 21:26:10","updated":"2026-08-06 16:24:42","focus_keyword":null,"additional_keywords":null,"truseo_locale":null,"ai":null,"breadcrumb_settings":null,"seo_analyzer_scan_date":null},"aioseo_breadcrumb":"<div class=\"aioseo-breadcrumbs\"><span class=\"aioseo-breadcrumb\">\n\t\t\t<a href=\"https:\/\/www.encontrasantana.com.br\/sobre\" title=\"In\u00edcio\">In\u00edcio<\/a>\n\t\t<\/span><span class=\"aioseo-breadcrumb-separator\">&raquo;<\/span><span class=\"aioseo-breadcrumb\">\n\t\t\t<a href=\"https:\/\/www.encontrasantana.com.br\/sobre\/noticias-em-santana\/\" title=\"Not\u00edcias Santana\">Not\u00edcias Santana<\/a>\n\t\t<\/span><span class=\"aioseo-breadcrumb-separator\">&raquo;<\/span><span class=\"aioseo-breadcrumb\">\n\t\t\tCorrida de rua agitou Santana neste final de semana\n\t\t<\/span><\/div>","aioseo_breadcrumb_json":[{"label":"In\u00edcio","link":"https:\/\/www.encontrasantana.com.br\/sobre"},{"label":"Not\u00edcias Santana","link":"https:\/\/www.encontrasantana.com.br\/sobre\/noticias-em-santana\/"},{"label":"Corrida de rua agitou Santana neste final de semana","link":"https:\/\/www.encontrasantana.com.br\/sobre\/corrida-de-rua-agitou-santana-neste-final-de-semana\/"}],"_links":{"self":[{"href":"https:\/\/www.encontrasantana.com.br\/sobre\/wp-json\/wp\/v2\/posts\/16540","targetHints":{"allow":["GET"]}}],"collection":[{"href":"https:\/\/www.encontrasantana.com.br\/sobre\/wp-json\/wp\/v2\/posts"}],"about":[{"href":"https:\/\/www.encontrasantana.com.br\/sobre\/wp-json\/wp\/v2\/types\/post"}],"author":[{"embeddable":true,"href":"https:\/\/www.encontrasantana.com.br\/sobre\/wp-json\/wp\/v2\/users\/1"}],"replies":[{"embeddable":true,"href":"https:\/\/www.encontrasantana.com.br\/sobre\/wp-json\/wp\/v2\/comments?post=16540"}],"version-history":[{"count":0,"href":"https:\/\/www.encontrasantana.com.br\/sobre\/wp-json\/wp\/v2\/posts\/16540\/revisions"}],"wp:attachment":[{"href":"https:\/\/www.encontrasantana.com.br\/sobre\/wp-json\/wp\/v2\/media?parent=16540"}],"wp:term":[{"taxonomy":"category","embeddable":true,"href":"https:\/\/www.encontrasantana.com.br\/sobre\/wp-json\/wp\/v2\/categories?post=16540"},{"taxonomy":"post_tag","embeddable":true,"href":"https:\/\/www.encontrasantana.com.br\/sobre\/wp-json\/wp\/v2\/tags?post=16540"}],"curies":[{"name":"wp","href":"https:\/\/api.w.org\/{rel}","templated":true}]}}