{"id":16965,"date":"2012-04-09T19:08:40","date_gmt":"2012-04-09T22:08:40","guid":{"rendered":"http:\/\/www.encontrasantana.com.br\/blog\/?p=16965"},"modified":"2019-04-15T10:00:22","modified_gmt":"2019-04-15T13:00:22","slug":"exposicao-sobre-musica-com-discos-raros-e-fotos-fica-mais-tempo-em-santana","status":"publish","type":"post","link":"https:\/\/www.encontrasantana.com.br\/sobre\/exposicao-sobre-musica-com-discos-raros-e-fotos-fica-mais-tempo-em-santana\/","title":{"rendered":"Exposi\u00e7\u00e3o sobre m\u00fasica, com discos raros e fotos, fica mais tempo em Santana"},"content":{"rendered":"<div class=\"1acf8468e559fd3cbeec5aee3a269a52\" data-index=\"1\" style=\"float: none; margin:0px;\">\n<!-- Anuncio display - global -->\r\n<ins class=\"adsbygoogle\"\r\n     style=\"display:block\"\r\n     data-ad-client=\"ca-pub-8585364105181520\"\r\n     data-ad-slot=\"8789329856\"\r\n     data-ad-format=\"auto\"\r\n     data-full-width-responsive=\"true\"><\/ins>\r\n<script>\r\n     (adsbygoogle = window.adsbygoogle || []).push({});\r\n<\/script>\n<\/div>\n<p>A exposi\u00e7\u00e3o que conta a hist\u00f3ria de 100 anos da capital paulista por meio da m\u00fasica foi prorrogada. O p\u00fablico tem a oportunidade de conferir gratuitamente &#8220;Roteiro Musical da Cidade de S\u00e3o Paulo&#8221;, no <a href=\"http:\/\/www.encontrasantana.com.br\/santana\/sesc-santana.shtml\" target=\"_blank\">Sesc Santana<\/a> (zona norte de SP), at\u00e9 27 de maio.<\/p>\n<p>Discos raros, partituras, letras, fotografias, documentos e depoimentos foram reunidos pelo jornalista Assis \u00c2ngelo. Dois momentos ganham destaque: a Revolu\u00e7\u00e3o de 1932 e o anivers\u00e1rio de 400 anos da cidade, que renderam m\u00fasicas de Carlos Gomes a Ari Barroso, passando por Chiquinha Gonzaga, Lamartine Babo, Tom Z\u00e9, Luiz Gonzaga, Dominguinhos e Itamar Assump\u00e7\u00e3o.<\/p>\n<p><strong>Sesc Santana &#8211;\u00a0<\/strong>avenida Luiz Dumont Villares, 579, zona norte<\/p>\n<p><em>Fonte: Guia Folha<\/em><\/p>\n\n<div style=\"font-size: 0px; height: 0px; line-height: 0px; margin: 0; padding: 0; clear: both;\"><\/div>","protected":false},"excerpt":{"rendered":"<p>A exposi\u00e7\u00e3o que conta a hist\u00f3ria de 100 anos da capital paulista por meio da m\u00fasica foi prorrogada. O p\u00fablico tem a oportunidade de conferir gratuitamente &#8220;Roteiro Musical da Cidade de S\u00e3o Paulo&#8221;, no Sesc Santana (zona norte de SP), at\u00e9 27 de maio. Discos raros, partituras, letras, fotografias, documentos e depoimentos foram reunidos pelo jornalista Assis \u00c2ngelo. Dois momentos ganham destaque: a Revolu\u00e7\u00e3o de 1932 e o anivers\u00e1rio de 400 anos da cidade, que renderam m\u00fasicas de Carlos Gomes a Ari Barroso, passando por Chiquinha Gonzaga, Lamartine Babo, Tom Z\u00e9, Luiz Gonzaga, Dominguinhos e Itamar Assump\u00e7\u00e3o. Sesc Santana &#8211;\u00a0avenida <\/p>\n","protected":false},"author":1,"featured_media":0,"comment_status":"open","ping_status":"closed","sticky":false,"template":"","format":"standard","meta":{"footnotes":""},"categories":[20],"tags":[10],"class_list":["post-16965","post","type-post","status-publish","format-standard","hentry","category-cultura-em-santana","tag-santana"],"aioseo_notices":[],"aioseo_head":"\n\t\t<!-- All in One SEO 5.0.0.1 - aioseo.com -->\n\t<meta name=\"description\" content=\"A exposi\u00e7\u00e3o que conta a hist\u00f3ria de 100 anos da capital paulista por meio da m\u00fasica foi prorrogada. O p\u00fablico tem a oportunidade de conferir gratuitamente &quot;Roteiro Musical da Cidade de S\u00e3o Paulo&quot;, no Sesc Santana (zona norte de SP), at\u00e9 27 de maio. Discos raros, partituras, letras, fotografias, documentos e depoimentos foram reunidos pelo\" \/>\n\t<meta name=\"robots\" content=\"max-image-preview:large\" \/>\n\t<meta name=\"author\" content=\"Encontra Santana\"\/>\n\t<link rel=\"canonical\" href=\"https:\/\/www.encontrasantana.com.br\/sobre\/exposicao-sobre-musica-com-discos-raros-e-fotos-fica-mais-tempo-em-santana\/\" \/>\n\t<meta name=\"generator\" content=\"All in One SEO (AIOSEO) 5.0.0.1\" \/>\n\t\t<meta property=\"og:locale\" content=\"pt_BR\" \/>\n\t\t<meta property=\"og:site_name\" content=\"Encontra Santana | Not\u00edcias, eventos, informa\u00e7\u00f5es e dicas no bairro de Santana e regi\u00e3o.\" \/>\n\t\t<meta property=\"og:type\" content=\"article\" \/>\n\t\t<meta property=\"og:title\" content=\"Exposi\u00e7\u00e3o sobre m\u00fasica, com discos raros e fotos, fica mais tempo em Santana \u00bb Encontra Santana\" \/>\n\t\t<meta property=\"og:description\" content=\"A exposi\u00e7\u00e3o que conta a hist\u00f3ria de 100 anos da capital paulista por meio da m\u00fasica foi prorrogada. O p\u00fablico tem a oportunidade de conferir gratuitamente &quot;Roteiro Musical da Cidade de S\u00e3o Paulo&quot;, no Sesc Santana (zona norte de SP), at\u00e9 27 de maio. Discos raros, partituras, letras, fotografias, documentos e depoimentos foram reunidos pelo\" \/>\n\t\t<meta property=\"og:url\" content=\"https:\/\/www.encontrasantana.com.br\/sobre\/exposicao-sobre-musica-com-discos-raros-e-fotos-fica-mais-tempo-em-santana\/\" \/>\n\t\t<meta property=\"article:published_time\" content=\"2012-04-09T22:08:40+00:00\" \/>\n\t\t<meta property=\"article:modified_time\" content=\"2019-04-15T13:00:22+00:00\" \/>\n\t\t<meta name=\"twitter:card\" content=\"summary\" \/>\n\t\t<meta name=\"twitter:title\" content=\"Exposi\u00e7\u00e3o sobre m\u00fasica, com discos raros e fotos, fica mais tempo em Santana \u00bb Encontra Santana\" \/>\n\t\t<meta name=\"twitter:description\" content=\"A exposi\u00e7\u00e3o que conta a hist\u00f3ria de 100 anos da capital paulista por meio da m\u00fasica foi prorrogada. O p\u00fablico tem a oportunidade de conferir gratuitamente &quot;Roteiro Musical da Cidade de S\u00e3o Paulo&quot;, no Sesc Santana (zona norte de SP), at\u00e9 27 de maio. Discos raros, partituras, letras, fotografias, documentos e depoimentos foram reunidos pelo\" \/>\n\t\t<script type=\"application\/ld+json\" class=\"aioseo-schema\">\n\t\t\t{\"@context\":\"https:\\\/\\\/schema.org\",\"@graph\":[{\"@type\":\"Article\",\"@id\":\"https:\\\/\\\/www.encontrasantana.com.br\\\/sobre\\\/exposicao-sobre-musica-com-discos-raros-e-fotos-fica-mais-tempo-em-santana\\\/#article\",\"name\":\"Exposi\\u00e7\\u00e3o sobre m\\u00fasica, com discos raros e fotos, fica mais tempo em Santana \\u00bb Encontra Santana\",\"headline\":\"Exposi\\u00e7\\u00e3o sobre m\\u00fasica, com discos raros e fotos, fica mais tempo em Santana\",\"author\":{\"@id\":\"https:\\\/\\\/www.encontrasantana.com.br\\\/sobre\\\/author\\\/esantana\\\/#author\"},\"publisher\":{\"@id\":\"https:\\\/\\\/www.encontrasantana.com.br\\\/sobre\\\/#organization\"},\"datePublished\":\"2012-04-09T19:08:40-03:00\",\"dateModified\":\"2019-04-15T10:00:22-03:00\",\"inLanguage\":\"pt-BR\",\"mainEntityOfPage\":{\"@id\":\"https:\\\/\\\/www.encontrasantana.com.br\\\/sobre\\\/exposicao-sobre-musica-com-discos-raros-e-fotos-fica-mais-tempo-em-santana\\\/#webpage\"},\"isPartOf\":{\"@id\":\"https:\\\/\\\/www.encontrasantana.com.br\\\/sobre\\\/exposicao-sobre-musica-com-discos-raros-e-fotos-fica-mais-tempo-em-santana\\\/#webpage\"},\"articleSection\":\"Cultura Santana, Santana\"},{\"@type\":\"BreadcrumbList\",\"@id\":\"https:\\\/\\\/www.encontrasantana.com.br\\\/sobre\\\/exposicao-sobre-musica-com-discos-raros-e-fotos-fica-mais-tempo-em-santana\\\/#breadcrumblist\",\"itemListElement\":[{\"@type\":\"ListItem\",\"@id\":\"https:\\\/\\\/www.encontrasantana.com.br\\\/sobre#listItem\",\"position\":1,\"name\":\"In\\u00edcio\",\"item\":\"https:\\\/\\\/www.encontrasantana.com.br\\\/sobre\",\"nextItem\":{\"@type\":\"ListItem\",\"@id\":\"https:\\\/\\\/www.encontrasantana.com.br\\\/sobre\\\/cultura-em-santana\\\/#listItem\",\"name\":\"Cultura Santana\"}},{\"@type\":\"ListItem\",\"@id\":\"https:\\\/\\\/www.encontrasantana.com.br\\\/sobre\\\/cultura-em-santana\\\/#listItem\",\"position\":2,\"name\":\"Cultura Santana\",\"item\":\"https:\\\/\\\/www.encontrasantana.com.br\\\/sobre\\\/cultura-em-santana\\\/\",\"nextItem\":{\"@type\":\"ListItem\",\"@id\":\"https:\\\/\\\/www.encontrasantana.com.br\\\/sobre\\\/exposicao-sobre-musica-com-discos-raros-e-fotos-fica-mais-tempo-em-santana\\\/#listItem\",\"name\":\"Exposi\\u00e7\\u00e3o sobre m\\u00fasica, com discos raros e fotos, fica mais tempo em Santana\"},\"previousItem\":{\"@type\":\"ListItem\",\"@id\":\"https:\\\/\\\/www.encontrasantana.com.br\\\/sobre#listItem\",\"name\":\"In\\u00edcio\"}},{\"@type\":\"ListItem\",\"@id\":\"https:\\\/\\\/www.encontrasantana.com.br\\\/sobre\\\/exposicao-sobre-musica-com-discos-raros-e-fotos-fica-mais-tempo-em-santana\\\/#listItem\",\"position\":3,\"name\":\"Exposi\\u00e7\\u00e3o sobre m\\u00fasica, com discos raros e fotos, fica mais tempo em Santana\",\"previousItem\":{\"@type\":\"ListItem\",\"@id\":\"https:\\\/\\\/www.encontrasantana.com.br\\\/sobre\\\/cultura-em-santana\\\/#listItem\",\"name\":\"Cultura Santana\"}}]},{\"@type\":\"Organization\",\"@id\":\"https:\\\/\\\/www.encontrasantana.com.br\\\/sobre\\\/#organization\",\"name\":\"Encontra Santana\",\"description\":\"Not\\u00edcias, eventos, informa\\u00e7\\u00f5es e dicas no bairro de Santana e regi\\u00e3o.\",\"url\":\"https:\\\/\\\/www.encontrasantana.com.br\\\/sobre\\\/\"},{\"@type\":\"Person\",\"@id\":\"https:\\\/\\\/www.encontrasantana.com.br\\\/sobre\\\/author\\\/esantana\\\/#author\",\"url\":\"https:\\\/\\\/www.encontrasantana.com.br\\\/sobre\\\/author\\\/esantana\\\/\",\"name\":\"Encontra Santana\",\"image\":{\"@type\":\"ImageObject\",\"@id\":\"https:\\\/\\\/www.encontrasantana.com.br\\\/sobre\\\/exposicao-sobre-musica-com-discos-raros-e-fotos-fica-mais-tempo-em-santana\\\/#authorImage\",\"url\":\"https:\\\/\\\/secure.gravatar.com\\\/avatar\\\/0fbed662e37531ae23e68f85f9517b2454e50c1dfebf80eb9b721449ac95e0b9?s=96&d=mm&r=g\",\"width\":96,\"height\":96,\"caption\":\"Encontra Santana\"}},{\"@type\":\"WebPage\",\"@id\":\"https:\\\/\\\/www.encontrasantana.com.br\\\/sobre\\\/exposicao-sobre-musica-com-discos-raros-e-fotos-fica-mais-tempo-em-santana\\\/#webpage\",\"url\":\"https:\\\/\\\/www.encontrasantana.com.br\\\/sobre\\\/exposicao-sobre-musica-com-discos-raros-e-fotos-fica-mais-tempo-em-santana\\\/\",\"name\":\"Exposi\\u00e7\\u00e3o sobre m\\u00fasica, com discos raros e fotos, fica mais tempo em Santana \\u00bb Encontra Santana\",\"description\":\"A exposi\\u00e7\\u00e3o que conta a hist\\u00f3ria de 100 anos da capital paulista por meio da m\\u00fasica foi prorrogada. O p\\u00fablico tem a oportunidade de conferir gratuitamente \\\"Roteiro Musical da Cidade de S\\u00e3o Paulo\\\", no Sesc Santana (zona norte de SP), at\\u00e9 27 de maio. Discos raros, partituras, letras, fotografias, documentos e depoimentos foram reunidos pelo\",\"inLanguage\":\"pt-BR\",\"isPartOf\":{\"@id\":\"https:\\\/\\\/www.encontrasantana.com.br\\\/sobre\\\/#website\"},\"breadcrumb\":{\"@id\":\"https:\\\/\\\/www.encontrasantana.com.br\\\/sobre\\\/exposicao-sobre-musica-com-discos-raros-e-fotos-fica-mais-tempo-em-santana\\\/#breadcrumblist\"},\"author\":{\"@id\":\"https:\\\/\\\/www.encontrasantana.com.br\\\/sobre\\\/author\\\/esantana\\\/#author\"},\"creator\":{\"@id\":\"https:\\\/\\\/www.encontrasantana.com.br\\\/sobre\\\/author\\\/esantana\\\/#author\"},\"datePublished\":\"2012-04-09T19:08:40-03:00\",\"dateModified\":\"2019-04-15T10:00:22-03:00\"},{\"@type\":\"WebSite\",\"@id\":\"https:\\\/\\\/www.encontrasantana.com.br\\\/sobre\\\/#website\",\"url\":\"https:\\\/\\\/www.encontrasantana.com.br\\\/sobre\\\/\",\"name\":\"Encontra Santana\",\"description\":\"Not\\u00edcias, eventos, informa\\u00e7\\u00f5es e dicas no bairro de Santana e regi\\u00e3o.\",\"inLanguage\":\"pt-BR\",\"publisher\":{\"@id\":\"https:\\\/\\\/www.encontrasantana.com.br\\\/sobre\\\/#organization\"}}]}\n\t\t<\/script>\n\t\t<!-- All in One SEO -->\n\n","aioseo_head_json":{"title":"Exposi\u00e7\u00e3o sobre m\u00fasica, com discos raros e fotos, fica mais tempo em Santana \u00bb Encontra Santana","description":"A exposi\u00e7\u00e3o que conta a hist\u00f3ria de 100 anos da capital paulista por meio da m\u00fasica foi prorrogada. O p\u00fablico tem a oportunidade de conferir gratuitamente \"Roteiro Musical da Cidade de S\u00e3o Paulo\", no Sesc Santana (zona norte de SP), at\u00e9 27 de maio. Discos raros, partituras, letras, fotografias, documentos e depoimentos foram reunidos pelo","canonical_url":"https:\/\/www.encontrasantana.com.br\/sobre\/exposicao-sobre-musica-com-discos-raros-e-fotos-fica-mais-tempo-em-santana\/","robots":"max-image-preview:large","keywords":"","webmasterTools":{"miscellaneous":""},"schema":{"@context":"https:\/\/schema.org","@graph":[{"@type":"Article","@id":"https:\/\/www.encontrasantana.com.br\/sobre\/exposicao-sobre-musica-com-discos-raros-e-fotos-fica-mais-tempo-em-santana\/#article","name":"Exposi\u00e7\u00e3o sobre m\u00fasica, com discos raros e fotos, fica mais tempo em Santana \u00bb Encontra Santana","headline":"Exposi\u00e7\u00e3o sobre m\u00fasica, com discos raros e fotos, fica mais tempo em Santana","author":{"@id":"https:\/\/www.encontrasantana.com.br\/sobre\/author\/esantana\/#author"},"publisher":{"@id":"https:\/\/www.encontrasantana.com.br\/sobre\/#organization"},"datePublished":"2012-04-09T19:08:40-03:00","dateModified":"2019-04-15T10:00:22-03:00","inLanguage":"pt-BR","mainEntityOfPage":{"@id":"https:\/\/www.encontrasantana.com.br\/sobre\/exposicao-sobre-musica-com-discos-raros-e-fotos-fica-mais-tempo-em-santana\/#webpage"},"isPartOf":{"@id":"https:\/\/www.encontrasantana.com.br\/sobre\/exposicao-sobre-musica-com-discos-raros-e-fotos-fica-mais-tempo-em-santana\/#webpage"},"articleSection":"Cultura Santana, Santana"},{"@type":"BreadcrumbList","@id":"https:\/\/www.encontrasantana.com.br\/sobre\/exposicao-sobre-musica-com-discos-raros-e-fotos-fica-mais-tempo-em-santana\/#breadcrumblist","itemListElement":[{"@type":"ListItem","@id":"https:\/\/www.encontrasantana.com.br\/sobre#listItem","position":1,"name":"In\u00edcio","item":"https:\/\/www.encontrasantana.com.br\/sobre","nextItem":{"@type":"ListItem","@id":"https:\/\/www.encontrasantana.com.br\/sobre\/cultura-em-santana\/#listItem","name":"Cultura Santana"}},{"@type":"ListItem","@id":"https:\/\/www.encontrasantana.com.br\/sobre\/cultura-em-santana\/#listItem","position":2,"name":"Cultura Santana","item":"https:\/\/www.encontrasantana.com.br\/sobre\/cultura-em-santana\/","nextItem":{"@type":"ListItem","@id":"https:\/\/www.encontrasantana.com.br\/sobre\/exposicao-sobre-musica-com-discos-raros-e-fotos-fica-mais-tempo-em-santana\/#listItem","name":"Exposi\u00e7\u00e3o sobre m\u00fasica, com discos raros e fotos, fica mais tempo em Santana"},"previousItem":{"@type":"ListItem","@id":"https:\/\/www.encontrasantana.com.br\/sobre#listItem","name":"In\u00edcio"}},{"@type":"ListItem","@id":"https:\/\/www.encontrasantana.com.br\/sobre\/exposicao-sobre-musica-com-discos-raros-e-fotos-fica-mais-tempo-em-santana\/#listItem","position":3,"name":"Exposi\u00e7\u00e3o sobre m\u00fasica, com discos raros e fotos, fica mais tempo em Santana","previousItem":{"@type":"ListItem","@id":"https:\/\/www.encontrasantana.com.br\/sobre\/cultura-em-santana\/#listItem","name":"Cultura Santana"}}]},{"@type":"Organization","@id":"https:\/\/www.encontrasantana.com.br\/sobre\/#organization","name":"Encontra Santana","description":"Not\u00edcias, eventos, informa\u00e7\u00f5es e dicas no bairro de Santana e regi\u00e3o.","url":"https:\/\/www.encontrasantana.com.br\/sobre\/"},{"@type":"Person","@id":"https:\/\/www.encontrasantana.com.br\/sobre\/author\/esantana\/#author","url":"https:\/\/www.encontrasantana.com.br\/sobre\/author\/esantana\/","name":"Encontra Santana","image":{"@type":"ImageObject","@id":"https:\/\/www.encontrasantana.com.br\/sobre\/exposicao-sobre-musica-com-discos-raros-e-fotos-fica-mais-tempo-em-santana\/#authorImage","url":"https:\/\/secure.gravatar.com\/avatar\/0fbed662e37531ae23e68f85f9517b2454e50c1dfebf80eb9b721449ac95e0b9?s=96&d=mm&r=g","width":96,"height":96,"caption":"Encontra Santana"}},{"@type":"WebPage","@id":"https:\/\/www.encontrasantana.com.br\/sobre\/exposicao-sobre-musica-com-discos-raros-e-fotos-fica-mais-tempo-em-santana\/#webpage","url":"https:\/\/www.encontrasantana.com.br\/sobre\/exposicao-sobre-musica-com-discos-raros-e-fotos-fica-mais-tempo-em-santana\/","name":"Exposi\u00e7\u00e3o sobre m\u00fasica, com discos raros e fotos, fica mais tempo em Santana \u00bb Encontra Santana","description":"A exposi\u00e7\u00e3o que conta a hist\u00f3ria de 100 anos da capital paulista por meio da m\u00fasica foi prorrogada. O p\u00fablico tem a oportunidade de conferir gratuitamente \"Roteiro Musical da Cidade de S\u00e3o Paulo\", no Sesc Santana (zona norte de SP), at\u00e9 27 de maio. Discos raros, partituras, letras, fotografias, documentos e depoimentos foram reunidos pelo","inLanguage":"pt-BR","isPartOf":{"@id":"https:\/\/www.encontrasantana.com.br\/sobre\/#website"},"breadcrumb":{"@id":"https:\/\/www.encontrasantana.com.br\/sobre\/exposicao-sobre-musica-com-discos-raros-e-fotos-fica-mais-tempo-em-santana\/#breadcrumblist"},"author":{"@id":"https:\/\/www.encontrasantana.com.br\/sobre\/author\/esantana\/#author"},"creator":{"@id":"https:\/\/www.encontrasantana.com.br\/sobre\/author\/esantana\/#author"},"datePublished":"2012-04-09T19:08:40-03:00","dateModified":"2019-04-15T10:00:22-03:00"},{"@type":"WebSite","@id":"https:\/\/www.encontrasantana.com.br\/sobre\/#website","url":"https:\/\/www.encontrasantana.com.br\/sobre\/","name":"Encontra Santana","description":"Not\u00edcias, eventos, informa\u00e7\u00f5es e dicas no bairro de Santana e regi\u00e3o.","inLanguage":"pt-BR","publisher":{"@id":"https:\/\/www.encontrasantana.com.br\/sobre\/#organization"}}]},"og:locale":"pt_BR","og:site_name":"Encontra Santana | Not\u00edcias, eventos, informa\u00e7\u00f5es e dicas no bairro de Santana e regi\u00e3o.","og:type":"article","og:title":"Exposi\u00e7\u00e3o sobre m\u00fasica, com discos raros e fotos, fica mais tempo em Santana \u00bb Encontra Santana","og:description":"A exposi\u00e7\u00e3o que conta a hist\u00f3ria de 100 anos da capital paulista por meio da m\u00fasica foi prorrogada. O p\u00fablico tem a oportunidade de conferir gratuitamente &quot;Roteiro Musical da Cidade de S\u00e3o Paulo&quot;, no Sesc Santana (zona norte de SP), at\u00e9 27 de maio. Discos raros, partituras, letras, fotografias, documentos e depoimentos foram reunidos pelo","og:url":"https:\/\/www.encontrasantana.com.br\/sobre\/exposicao-sobre-musica-com-discos-raros-e-fotos-fica-mais-tempo-em-santana\/","article:published_time":"2012-04-09T22:08:40+00:00","article:modified_time":"2019-04-15T13:00:22+00:00","twitter:card":"summary","twitter:title":"Exposi\u00e7\u00e3o sobre m\u00fasica, com discos raros e fotos, fica mais tempo em Santana \u00bb Encontra Santana","twitter:description":"A exposi\u00e7\u00e3o que conta a hist\u00f3ria de 100 anos da capital paulista por meio da m\u00fasica foi prorrogada. O p\u00fablico tem a oportunidade de conferir gratuitamente &quot;Roteiro Musical da Cidade de S\u00e3o Paulo&quot;, no Sesc Santana (zona norte de SP), at\u00e9 27 de maio. Discos raros, partituras, letras, fotografias, documentos e depoimentos foram reunidos pelo"},"aioseo_meta_data":{"post_id":"16965","title":null,"description":null,"keywords":null,"keyphrases":null,"primary_term":null,"canonical_url":null,"og_title":null,"og_description":null,"og_object_type":"default","og_image_type":"default","og_image_url":null,"og_image_width":null,"og_image_height":null,"og_image_custom_url":null,"og_image_custom_fields":null,"og_video":null,"og_custom_url":null,"og_article_section":null,"og_article_tags":null,"twitter_use_og":false,"twitter_card":"default","twitter_image_type":"default","twitter_image_url":null,"twitter_image_custom_url":null,"twitter_image_custom_fields":null,"twitter_title":null,"twitter_description":null,"schema":{"blockGraphs":[],"customGraphs":[],"default":{"data":{"Article":[],"Course":[],"Dataset":[],"FAQPage":[],"Movie":[],"Person":[],"Product":[],"ProductReview":[],"Car":[],"Recipe":[],"Service":[],"SoftwareApplication":[],"WebPage":[]},"graphName":"Article","isEnabled":true},"graphs":[]},"schema_type":null,"schema_type_options":null,"pillar_content":false,"robots_default":true,"robots_noindex":false,"robots_noarchive":false,"robots_nosnippet":false,"robots_nofollow":false,"robots_noimageindex":false,"robots_noodp":false,"robots_notranslate":false,"robots_max_snippet":null,"robots_max_videopreview":null,"robots_max_imagepreview":"large","priority":null,"frequency":null,"local_seo":null,"limit_modified_date":false,"created":"2021-04-20 21:12:52","updated":"2026-08-06 16:24:42","focus_keyword":null,"additional_keywords":null,"truseo_locale":null,"ai":null,"breadcrumb_settings":null,"seo_analyzer_scan_date":null},"aioseo_breadcrumb":"<div class=\"aioseo-breadcrumbs\"><span class=\"aioseo-breadcrumb\">\n\t\t\t<a href=\"https:\/\/www.encontrasantana.com.br\/sobre\" title=\"In\u00edcio\">In\u00edcio<\/a>\n\t\t<\/span><span class=\"aioseo-breadcrumb-separator\">&raquo;<\/span><span class=\"aioseo-breadcrumb\">\n\t\t\t<a href=\"https:\/\/www.encontrasantana.com.br\/sobre\/cultura-em-santana\/\" title=\"Cultura Santana\">Cultura Santana<\/a>\n\t\t<\/span><span class=\"aioseo-breadcrumb-separator\">&raquo;<\/span><span class=\"aioseo-breadcrumb\">\n\t\t\tExposi\u00e7\u00e3o sobre m\u00fasica, com discos raros e fotos, fica mais tempo em Santana\n\t\t<\/span><\/div>","aioseo_breadcrumb_json":[{"label":"In\u00edcio","link":"https:\/\/www.encontrasantana.com.br\/sobre"},{"label":"Cultura Santana","link":"https:\/\/www.encontrasantana.com.br\/sobre\/cultura-em-santana\/"},{"label":"Exposi\u00e7\u00e3o sobre m\u00fasica, com discos raros e fotos, fica mais tempo em Santana","link":"https:\/\/www.encontrasantana.com.br\/sobre\/exposicao-sobre-musica-com-discos-raros-e-fotos-fica-mais-tempo-em-santana\/"}],"_links":{"self":[{"href":"https:\/\/www.encontrasantana.com.br\/sobre\/wp-json\/wp\/v2\/posts\/16965","targetHints":{"allow":["GET"]}}],"collection":[{"href":"https:\/\/www.encontrasantana.com.br\/sobre\/wp-json\/wp\/v2\/posts"}],"about":[{"href":"https:\/\/www.encontrasantana.com.br\/sobre\/wp-json\/wp\/v2\/types\/post"}],"author":[{"embeddable":true,"href":"https:\/\/www.encontrasantana.com.br\/sobre\/wp-json\/wp\/v2\/users\/1"}],"replies":[{"embeddable":true,"href":"https:\/\/www.encontrasantana.com.br\/sobre\/wp-json\/wp\/v2\/comments?post=16965"}],"version-history":[{"count":0,"href":"https:\/\/www.encontrasantana.com.br\/sobre\/wp-json\/wp\/v2\/posts\/16965\/revisions"}],"wp:attachment":[{"href":"https:\/\/www.encontrasantana.com.br\/sobre\/wp-json\/wp\/v2\/media?parent=16965"}],"wp:term":[{"taxonomy":"category","embeddable":true,"href":"https:\/\/www.encontrasantana.com.br\/sobre\/wp-json\/wp\/v2\/categories?post=16965"},{"taxonomy":"post_tag","embeddable":true,"href":"https:\/\/www.encontrasantana.com.br\/sobre\/wp-json\/wp\/v2\/tags?post=16965"}],"curies":[{"name":"wp","href":"https:\/\/api.w.org\/{rel}","templated":true}]}}