{"id":1697,"date":"2011-10-31T19:11:11","date_gmt":"2011-10-31T22:11:11","guid":{"rendered":"http:\/\/www.encontrasantana.com.br\/blog\/?p=1697"},"modified":"2019-04-15T10:01:46","modified_gmt":"2019-04-15T13:01:46","slug":"aerosmith-embala-publico-com-show-lotado-de-hits-em-santana","status":"publish","type":"post","link":"https:\/\/www.encontrasantana.com.br\/sobre\/aerosmith-embala-publico-com-show-lotado-de-hits-em-santana\/","title":{"rendered":"Aerosmith embala p\u00fablico com show lotado de hits em Santana"},"content":{"rendered":"<div class=\"1acf8468e559fd3cbeec5aee3a269a52\" data-index=\"1\" style=\"float: none; margin:0px;\">\n<!-- Anuncio display - global -->\r\n<ins class=\"adsbygoogle\"\r\n     style=\"display:block\"\r\n     data-ad-client=\"ca-pub-8585364105181520\"\r\n     data-ad-slot=\"8789329856\"\r\n     data-ad-format=\"auto\"\r\n     data-full-width-responsive=\"true\"><\/ins>\r\n<script>\r\n     (adsbygoogle = window.adsbygoogle || []).push({});\r\n<\/script>\n<\/div>\n<p>Com uma performance energ\u00e9tica e\u00a0tocando sucessos de seus primeiros anos de carreira, a banda Aerosmith embalou o p\u00fablico de 32 mil f\u00e3s na <a href=\"http:\/\/www.encontrasantana.com.br\/santana\/anhembi-em-santana.shtml\" target=\"_blank\">Arena Anhembi<\/a>, no bairro de Santana, na noite deste domingo (30).<\/p>\n<p>Debaixo de chuva, a apresenta\u00e7\u00e3o come\u00e7ou com atraso de 20 minutos e uma primeira sequ\u00eancia de m\u00fasicas dos primeiros \u00e1lbuns da discografia do grupo\u00a0&#8211; &#8216;Draw the Line&#8217;, &#8216;Same Old Song and Dance&#8217; e &#8216;Mama Kin&#8217;, que n\u00e3o eram t\u00e3o conhecidas por boa parte da plateia. A galera come\u00e7ou a curtir junto com mais empolga\u00e7\u00e3o a partir dos famosos singles &#8216;Janie&#8217;s Got a Gun&#8217; e &#8216;Livin&#8217; on the Edge&#8217;.<\/p>\n<p>A interatividade entre m\u00fasicos e seus 32 mil f\u00e3s se destacou em diversos momentos, nos solos de cada integrante e principalmente quando o vocalista\u00a0Steven Tyler\u00a0cantava muito pr\u00f3ximo ao p\u00fablico, na ponta de uma rampa que saia do palco e levava at\u00e9 a metade da Pista VIP. Destaque para o gigante e animado solo de bateria de Joey Kramer, mas bizaro mesmo foi a &#8216;intera\u00e7\u00e3o&#8217; de Steven Tyler com uma boneca\u00a0infl\u00e1vel que um f\u00e3 levou ao show.<\/p>\n<p>Mesmo com a maior parte dos caras do Aerosmith tendo mais de 60 anos, a vitalidade e energia dispensada por eles no palco mostrou o quanto ainda est\u00e3o inteiros, na ativa e com energia para tocar.\u00a0A apresenta\u00e7\u00e3o fez parte da turn\u00ea &#8216;Back on the Road&#8217;, que foca nos hits de seus primeiros 20 anos de carreira, desde seu disco de estreia &#8211; hom\u00f4nimo, de 1973, a &#8216;Get a Grip&#8217; &#8211; de 1993. A \u00fanica exce\u00e7\u00e3o \u00e9 &#8216;I Don&#8217;t Want To Miss a Thing&#8217;, trilha sonora do filme Armageddon &#8211; lan\u00e7ada em 1998.<\/p>\n<p>As m\u00fasicas do show trouxeram o esp\u00edrito rock and roll do grupo, sem deixar de lado seus hits mais rom\u00e2nticos, como a sequ\u00eancia final do set list, &#8216;I Don&#8217;t Want To Miss a Thing&#8217;, &#8216;Cryin&#8221; e &#8216;Sweet Emotion&#8217;, que conquistaram principalmente os casais mais apaixonados.\u00a0O &#8220;bis programado&#8221; teve tr\u00eas dos maiores cl\u00e1ssicos do quintento: &#8216;Dream On&#8217;, &#8216;Elevator&#8217; e &#8216;Walk This Way&#8217;.<\/p>\n<p>Depois de 17 m\u00fasicas, quando a apresenta\u00e7\u00e3o deveria ter chegado ao final, a banda resolveu tocar mais duas &#8211; uma delas por causa de pedido dos f\u00e3s. Parte de quem estava na Pista VIP pediu para Tyler tocar &#8216;Angel&#8217;, levantando cartazes com o nome da can\u00e7\u00e3o. O pedido foi atendido e o show ainda teve &#8216;Train Kept A-Rolling&#8217;, cover do jazzista Tiny Bradshaw.<\/p>\n<p><strong>Confira set list completo do show:<\/strong><\/p>\n<p>Draw the Line<br \/>\nSame Old Song and Dance<br \/>\nMama Kin<br \/>\nJanie&#8217;s Got A Gun<br \/>\nLivin&#8217; on the Edge<br \/>\nRag Doll<br \/>\nAmazing<br \/>\nWhat It Takes<br \/>\nLast Child<br \/>\nCombination<br \/>\nI Don&#8217;t Want To Miss a Thing<br \/>\nCryin&#8217;<br \/>\nSweet Emotion<\/p>\n<p><strong>Bis:<\/strong><\/p>\n<p>Dream On<br \/>\nLove in an Elevator<br \/>\nWalk This Way<\/p>\n<p><strong>Bis 2:<\/strong><\/p>\n<p>Angel<br \/>\nTrain Kept A-Rollin&#8217;<\/p>\n<p><em>Fonte: MTV<\/em><\/p>\n\n<div style=\"font-size: 0px; height: 0px; line-height: 0px; margin: 0; padding: 0; clear: both;\"><\/div>","protected":false},"excerpt":{"rendered":"<p>Com uma performance energ\u00e9tica e\u00a0tocando sucessos de seus primeiros anos de carreira, a banda Aerosmith embalou o p\u00fablico de 32 mil f\u00e3s na Arena Anhembi, no bairro de Santana, na noite deste domingo (30). Debaixo de chuva, a apresenta\u00e7\u00e3o come\u00e7ou com atraso de 20 minutos e uma primeira sequ\u00eancia de m\u00fasicas dos primeiros \u00e1lbuns da discografia do grupo\u00a0&#8211; &#8216;Draw the Line&#8217;, &#8216;Same Old Song and Dance&#8217; e &#8216;Mama Kin&#8217;, que n\u00e3o eram t\u00e3o conhecidas por boa parte da plateia. A galera come\u00e7ou a curtir junto com mais empolga\u00e7\u00e3o a partir dos famosos singles &#8216;Janie&#8217;s Got a Gun&#8217; e &#8216;Livin&#8217; on <\/p>\n","protected":false},"author":1,"featured_media":0,"comment_status":"open","ping_status":"closed","sticky":false,"template":"","format":"standard","meta":{"footnotes":""},"categories":[8],"tags":[10],"class_list":["post-1697","post","type-post","status-publish","format-standard","hentry","category-shows-em-santana","tag-santana"],"aioseo_notices":[],"aioseo_head":"\n\t\t<!-- All in One SEO 5.0.0.1 - aioseo.com -->\n\t<meta name=\"description\" content=\"Com uma performance energ\u00e9tica e tocando sucessos de seus primeiros anos de carreira, a banda Aerosmith embalou o p\u00fablico de 32 mil f\u00e3s na Arena Anhembi, no bairro de Santana, na noite deste domingo (30). Debaixo de chuva, a apresenta\u00e7\u00e3o come\u00e7ou com atraso de 20 minutos e uma primeira sequ\u00eancia de m\u00fasicas dos primeiros \u00e1lbuns da\" \/>\n\t<meta name=\"robots\" content=\"max-image-preview:large\" \/>\n\t<meta name=\"author\" content=\"Encontra Santana\"\/>\n\t<link rel=\"canonical\" href=\"https:\/\/www.encontrasantana.com.br\/sobre\/aerosmith-embala-publico-com-show-lotado-de-hits-em-santana\/\" \/>\n\t<meta name=\"generator\" content=\"All in One SEO (AIOSEO) 5.0.0.1\" \/>\n\t\t<meta property=\"og:locale\" content=\"pt_BR\" \/>\n\t\t<meta property=\"og:site_name\" content=\"Encontra Santana | Not\u00edcias, eventos, informa\u00e7\u00f5es e dicas no bairro de Santana e regi\u00e3o.\" \/>\n\t\t<meta property=\"og:type\" content=\"article\" \/>\n\t\t<meta property=\"og:title\" content=\"Aerosmith embala p\u00fablico com show lotado de hits em Santana \u00bb Encontra Santana\" \/>\n\t\t<meta property=\"og:description\" content=\"Com uma performance energ\u00e9tica e tocando sucessos de seus primeiros anos de carreira, a banda Aerosmith embalou o p\u00fablico de 32 mil f\u00e3s na Arena Anhembi, no bairro de Santana, na noite deste domingo (30). Debaixo de chuva, a apresenta\u00e7\u00e3o come\u00e7ou com atraso de 20 minutos e uma primeira sequ\u00eancia de m\u00fasicas dos primeiros \u00e1lbuns da\" \/>\n\t\t<meta property=\"og:url\" content=\"https:\/\/www.encontrasantana.com.br\/sobre\/aerosmith-embala-publico-com-show-lotado-de-hits-em-santana\/\" \/>\n\t\t<meta property=\"article:published_time\" content=\"2011-10-31T22:11:11+00:00\" \/>\n\t\t<meta property=\"article:modified_time\" content=\"2019-04-15T13:01:46+00:00\" \/>\n\t\t<meta name=\"twitter:card\" content=\"summary\" \/>\n\t\t<meta name=\"twitter:title\" content=\"Aerosmith embala p\u00fablico com show lotado de hits em Santana \u00bb Encontra Santana\" \/>\n\t\t<meta name=\"twitter:description\" content=\"Com uma performance energ\u00e9tica e tocando sucessos de seus primeiros anos de carreira, a banda Aerosmith embalou o p\u00fablico de 32 mil f\u00e3s na Arena Anhembi, no bairro de Santana, na noite deste domingo (30). Debaixo de chuva, a apresenta\u00e7\u00e3o come\u00e7ou com atraso de 20 minutos e uma primeira sequ\u00eancia de m\u00fasicas dos primeiros \u00e1lbuns da\" \/>\n\t\t<script type=\"application\/ld+json\" class=\"aioseo-schema\">\n\t\t\t{\"@context\":\"https:\\\/\\\/schema.org\",\"@graph\":[{\"@type\":\"Article\",\"@id\":\"https:\\\/\\\/www.encontrasantana.com.br\\\/sobre\\\/aerosmith-embala-publico-com-show-lotado-de-hits-em-santana\\\/#article\",\"name\":\"Aerosmith embala p\\u00fablico com show lotado de hits em Santana \\u00bb Encontra Santana\",\"headline\":\"Aerosmith embala p\\u00fablico com show lotado de hits em Santana\",\"author\":{\"@id\":\"https:\\\/\\\/www.encontrasantana.com.br\\\/sobre\\\/author\\\/esantana\\\/#author\"},\"publisher\":{\"@id\":\"https:\\\/\\\/www.encontrasantana.com.br\\\/sobre\\\/#organization\"},\"datePublished\":\"2011-10-31T19:11:11-03:00\",\"dateModified\":\"2019-04-15T10:01:46-03:00\",\"inLanguage\":\"pt-BR\",\"mainEntityOfPage\":{\"@id\":\"https:\\\/\\\/www.encontrasantana.com.br\\\/sobre\\\/aerosmith-embala-publico-com-show-lotado-de-hits-em-santana\\\/#webpage\"},\"isPartOf\":{\"@id\":\"https:\\\/\\\/www.encontrasantana.com.br\\\/sobre\\\/aerosmith-embala-publico-com-show-lotado-de-hits-em-santana\\\/#webpage\"},\"articleSection\":\"Show Santana, Santana\"},{\"@type\":\"BreadcrumbList\",\"@id\":\"https:\\\/\\\/www.encontrasantana.com.br\\\/sobre\\\/aerosmith-embala-publico-com-show-lotado-de-hits-em-santana\\\/#breadcrumblist\",\"itemListElement\":[{\"@type\":\"ListItem\",\"@id\":\"https:\\\/\\\/www.encontrasantana.com.br\\\/sobre#listItem\",\"position\":1,\"name\":\"In\\u00edcio\",\"item\":\"https:\\\/\\\/www.encontrasantana.com.br\\\/sobre\",\"nextItem\":{\"@type\":\"ListItem\",\"@id\":\"https:\\\/\\\/www.encontrasantana.com.br\\\/sobre\\\/shows-em-santana\\\/#listItem\",\"name\":\"Show Santana\"}},{\"@type\":\"ListItem\",\"@id\":\"https:\\\/\\\/www.encontrasantana.com.br\\\/sobre\\\/shows-em-santana\\\/#listItem\",\"position\":2,\"name\":\"Show Santana\",\"item\":\"https:\\\/\\\/www.encontrasantana.com.br\\\/sobre\\\/shows-em-santana\\\/\",\"nextItem\":{\"@type\":\"ListItem\",\"@id\":\"https:\\\/\\\/www.encontrasantana.com.br\\\/sobre\\\/aerosmith-embala-publico-com-show-lotado-de-hits-em-santana\\\/#listItem\",\"name\":\"Aerosmith embala p\\u00fablico com show lotado de hits em Santana\"},\"previousItem\":{\"@type\":\"ListItem\",\"@id\":\"https:\\\/\\\/www.encontrasantana.com.br\\\/sobre#listItem\",\"name\":\"In\\u00edcio\"}},{\"@type\":\"ListItem\",\"@id\":\"https:\\\/\\\/www.encontrasantana.com.br\\\/sobre\\\/aerosmith-embala-publico-com-show-lotado-de-hits-em-santana\\\/#listItem\",\"position\":3,\"name\":\"Aerosmith embala p\\u00fablico com show lotado de hits em Santana\",\"previousItem\":{\"@type\":\"ListItem\",\"@id\":\"https:\\\/\\\/www.encontrasantana.com.br\\\/sobre\\\/shows-em-santana\\\/#listItem\",\"name\":\"Show Santana\"}}]},{\"@type\":\"Organization\",\"@id\":\"https:\\\/\\\/www.encontrasantana.com.br\\\/sobre\\\/#organization\",\"name\":\"Encontra Santana\",\"description\":\"Not\\u00edcias, eventos, informa\\u00e7\\u00f5es e dicas no bairro de Santana e regi\\u00e3o.\",\"url\":\"https:\\\/\\\/www.encontrasantana.com.br\\\/sobre\\\/\"},{\"@type\":\"Person\",\"@id\":\"https:\\\/\\\/www.encontrasantana.com.br\\\/sobre\\\/author\\\/esantana\\\/#author\",\"url\":\"https:\\\/\\\/www.encontrasantana.com.br\\\/sobre\\\/author\\\/esantana\\\/\",\"name\":\"Encontra Santana\",\"image\":{\"@type\":\"ImageObject\",\"@id\":\"https:\\\/\\\/www.encontrasantana.com.br\\\/sobre\\\/aerosmith-embala-publico-com-show-lotado-de-hits-em-santana\\\/#authorImage\",\"url\":\"https:\\\/\\\/secure.gravatar.com\\\/avatar\\\/0fbed662e37531ae23e68f85f9517b2454e50c1dfebf80eb9b721449ac95e0b9?s=96&d=mm&r=g\",\"width\":96,\"height\":96,\"caption\":\"Encontra Santana\"}},{\"@type\":\"WebPage\",\"@id\":\"https:\\\/\\\/www.encontrasantana.com.br\\\/sobre\\\/aerosmith-embala-publico-com-show-lotado-de-hits-em-santana\\\/#webpage\",\"url\":\"https:\\\/\\\/www.encontrasantana.com.br\\\/sobre\\\/aerosmith-embala-publico-com-show-lotado-de-hits-em-santana\\\/\",\"name\":\"Aerosmith embala p\\u00fablico com show lotado de hits em Santana \\u00bb Encontra Santana\",\"description\":\"Com uma performance energ\\u00e9tica e tocando sucessos de seus primeiros anos de carreira, a banda Aerosmith embalou o p\\u00fablico de 32 mil f\\u00e3s na Arena Anhembi, no bairro de Santana, na noite deste domingo (30). Debaixo de chuva, a apresenta\\u00e7\\u00e3o come\\u00e7ou com atraso de 20 minutos e uma primeira sequ\\u00eancia de m\\u00fasicas dos primeiros \\u00e1lbuns da\",\"inLanguage\":\"pt-BR\",\"isPartOf\":{\"@id\":\"https:\\\/\\\/www.encontrasantana.com.br\\\/sobre\\\/#website\"},\"breadcrumb\":{\"@id\":\"https:\\\/\\\/www.encontrasantana.com.br\\\/sobre\\\/aerosmith-embala-publico-com-show-lotado-de-hits-em-santana\\\/#breadcrumblist\"},\"author\":{\"@id\":\"https:\\\/\\\/www.encontrasantana.com.br\\\/sobre\\\/author\\\/esantana\\\/#author\"},\"creator\":{\"@id\":\"https:\\\/\\\/www.encontrasantana.com.br\\\/sobre\\\/author\\\/esantana\\\/#author\"},\"datePublished\":\"2011-10-31T19:11:11-03:00\",\"dateModified\":\"2019-04-15T10:01:46-03:00\"},{\"@type\":\"WebSite\",\"@id\":\"https:\\\/\\\/www.encontrasantana.com.br\\\/sobre\\\/#website\",\"url\":\"https:\\\/\\\/www.encontrasantana.com.br\\\/sobre\\\/\",\"name\":\"Encontra Santana\",\"description\":\"Not\\u00edcias, eventos, informa\\u00e7\\u00f5es e dicas no bairro de Santana e regi\\u00e3o.\",\"inLanguage\":\"pt-BR\",\"publisher\":{\"@id\":\"https:\\\/\\\/www.encontrasantana.com.br\\\/sobre\\\/#organization\"}}]}\n\t\t<\/script>\n\t\t<!-- All in One SEO -->\n\n","aioseo_head_json":{"title":"Aerosmith embala p\u00fablico com show lotado de hits em Santana \u00bb Encontra Santana","description":"Com uma performance energ\u00e9tica e tocando sucessos de seus primeiros anos de carreira, a banda Aerosmith embalou o p\u00fablico de 32 mil f\u00e3s na Arena Anhembi, no bairro de Santana, na noite deste domingo (30). Debaixo de chuva, a apresenta\u00e7\u00e3o come\u00e7ou com atraso de 20 minutos e uma primeira sequ\u00eancia de m\u00fasicas dos primeiros \u00e1lbuns da","canonical_url":"https:\/\/www.encontrasantana.com.br\/sobre\/aerosmith-embala-publico-com-show-lotado-de-hits-em-santana\/","robots":"max-image-preview:large","keywords":"","webmasterTools":{"miscellaneous":""},"schema":{"@context":"https:\/\/schema.org","@graph":[{"@type":"Article","@id":"https:\/\/www.encontrasantana.com.br\/sobre\/aerosmith-embala-publico-com-show-lotado-de-hits-em-santana\/#article","name":"Aerosmith embala p\u00fablico com show lotado de hits em Santana \u00bb Encontra Santana","headline":"Aerosmith embala p\u00fablico com show lotado de hits em Santana","author":{"@id":"https:\/\/www.encontrasantana.com.br\/sobre\/author\/esantana\/#author"},"publisher":{"@id":"https:\/\/www.encontrasantana.com.br\/sobre\/#organization"},"datePublished":"2011-10-31T19:11:11-03:00","dateModified":"2019-04-15T10:01:46-03:00","inLanguage":"pt-BR","mainEntityOfPage":{"@id":"https:\/\/www.encontrasantana.com.br\/sobre\/aerosmith-embala-publico-com-show-lotado-de-hits-em-santana\/#webpage"},"isPartOf":{"@id":"https:\/\/www.encontrasantana.com.br\/sobre\/aerosmith-embala-publico-com-show-lotado-de-hits-em-santana\/#webpage"},"articleSection":"Show Santana, Santana"},{"@type":"BreadcrumbList","@id":"https:\/\/www.encontrasantana.com.br\/sobre\/aerosmith-embala-publico-com-show-lotado-de-hits-em-santana\/#breadcrumblist","itemListElement":[{"@type":"ListItem","@id":"https:\/\/www.encontrasantana.com.br\/sobre#listItem","position":1,"name":"In\u00edcio","item":"https:\/\/www.encontrasantana.com.br\/sobre","nextItem":{"@type":"ListItem","@id":"https:\/\/www.encontrasantana.com.br\/sobre\/shows-em-santana\/#listItem","name":"Show Santana"}},{"@type":"ListItem","@id":"https:\/\/www.encontrasantana.com.br\/sobre\/shows-em-santana\/#listItem","position":2,"name":"Show Santana","item":"https:\/\/www.encontrasantana.com.br\/sobre\/shows-em-santana\/","nextItem":{"@type":"ListItem","@id":"https:\/\/www.encontrasantana.com.br\/sobre\/aerosmith-embala-publico-com-show-lotado-de-hits-em-santana\/#listItem","name":"Aerosmith embala p\u00fablico com show lotado de hits em Santana"},"previousItem":{"@type":"ListItem","@id":"https:\/\/www.encontrasantana.com.br\/sobre#listItem","name":"In\u00edcio"}},{"@type":"ListItem","@id":"https:\/\/www.encontrasantana.com.br\/sobre\/aerosmith-embala-publico-com-show-lotado-de-hits-em-santana\/#listItem","position":3,"name":"Aerosmith embala p\u00fablico com show lotado de hits em Santana","previousItem":{"@type":"ListItem","@id":"https:\/\/www.encontrasantana.com.br\/sobre\/shows-em-santana\/#listItem","name":"Show Santana"}}]},{"@type":"Organization","@id":"https:\/\/www.encontrasantana.com.br\/sobre\/#organization","name":"Encontra Santana","description":"Not\u00edcias, eventos, informa\u00e7\u00f5es e dicas no bairro de Santana e regi\u00e3o.","url":"https:\/\/www.encontrasantana.com.br\/sobre\/"},{"@type":"Person","@id":"https:\/\/www.encontrasantana.com.br\/sobre\/author\/esantana\/#author","url":"https:\/\/www.encontrasantana.com.br\/sobre\/author\/esantana\/","name":"Encontra Santana","image":{"@type":"ImageObject","@id":"https:\/\/www.encontrasantana.com.br\/sobre\/aerosmith-embala-publico-com-show-lotado-de-hits-em-santana\/#authorImage","url":"https:\/\/secure.gravatar.com\/avatar\/0fbed662e37531ae23e68f85f9517b2454e50c1dfebf80eb9b721449ac95e0b9?s=96&d=mm&r=g","width":96,"height":96,"caption":"Encontra Santana"}},{"@type":"WebPage","@id":"https:\/\/www.encontrasantana.com.br\/sobre\/aerosmith-embala-publico-com-show-lotado-de-hits-em-santana\/#webpage","url":"https:\/\/www.encontrasantana.com.br\/sobre\/aerosmith-embala-publico-com-show-lotado-de-hits-em-santana\/","name":"Aerosmith embala p\u00fablico com show lotado de hits em Santana \u00bb Encontra Santana","description":"Com uma performance energ\u00e9tica e tocando sucessos de seus primeiros anos de carreira, a banda Aerosmith embalou o p\u00fablico de 32 mil f\u00e3s na Arena Anhembi, no bairro de Santana, na noite deste domingo (30). Debaixo de chuva, a apresenta\u00e7\u00e3o come\u00e7ou com atraso de 20 minutos e uma primeira sequ\u00eancia de m\u00fasicas dos primeiros \u00e1lbuns da","inLanguage":"pt-BR","isPartOf":{"@id":"https:\/\/www.encontrasantana.com.br\/sobre\/#website"},"breadcrumb":{"@id":"https:\/\/www.encontrasantana.com.br\/sobre\/aerosmith-embala-publico-com-show-lotado-de-hits-em-santana\/#breadcrumblist"},"author":{"@id":"https:\/\/www.encontrasantana.com.br\/sobre\/author\/esantana\/#author"},"creator":{"@id":"https:\/\/www.encontrasantana.com.br\/sobre\/author\/esantana\/#author"},"datePublished":"2011-10-31T19:11:11-03:00","dateModified":"2019-04-15T10:01:46-03:00"},{"@type":"WebSite","@id":"https:\/\/www.encontrasantana.com.br\/sobre\/#website","url":"https:\/\/www.encontrasantana.com.br\/sobre\/","name":"Encontra Santana","description":"Not\u00edcias, eventos, informa\u00e7\u00f5es e dicas no bairro de Santana e regi\u00e3o.","inLanguage":"pt-BR","publisher":{"@id":"https:\/\/www.encontrasantana.com.br\/sobre\/#organization"}}]},"og:locale":"pt_BR","og:site_name":"Encontra Santana | Not\u00edcias, eventos, informa\u00e7\u00f5es e dicas no bairro de Santana e regi\u00e3o.","og:type":"article","og:title":"Aerosmith embala p\u00fablico com show lotado de hits em Santana \u00bb Encontra Santana","og:description":"Com uma performance energ\u00e9tica e tocando sucessos de seus primeiros anos de carreira, a banda Aerosmith embalou o p\u00fablico de 32 mil f\u00e3s na Arena Anhembi, no bairro de Santana, na noite deste domingo (30). Debaixo de chuva, a apresenta\u00e7\u00e3o come\u00e7ou com atraso de 20 minutos e uma primeira sequ\u00eancia de m\u00fasicas dos primeiros \u00e1lbuns da","og:url":"https:\/\/www.encontrasantana.com.br\/sobre\/aerosmith-embala-publico-com-show-lotado-de-hits-em-santana\/","article:published_time":"2011-10-31T22:11:11+00:00","article:modified_time":"2019-04-15T13:01:46+00:00","twitter:card":"summary","twitter:title":"Aerosmith embala p\u00fablico com show lotado de hits em Santana \u00bb Encontra Santana","twitter:description":"Com uma performance energ\u00e9tica e tocando sucessos de seus primeiros anos de carreira, a banda Aerosmith embalou o p\u00fablico de 32 mil f\u00e3s na Arena Anhembi, no bairro de Santana, na noite deste domingo (30). Debaixo de chuva, a apresenta\u00e7\u00e3o come\u00e7ou com atraso de 20 minutos e uma primeira sequ\u00eancia de m\u00fasicas dos primeiros \u00e1lbuns da"},"aioseo_meta_data":{"post_id":"1697","title":null,"description":null,"keywords":null,"keyphrases":null,"primary_term":null,"canonical_url":null,"og_title":null,"og_description":null,"og_object_type":"default","og_image_type":"default","og_image_url":null,"og_image_width":null,"og_image_height":null,"og_image_custom_url":null,"og_image_custom_fields":null,"og_video":null,"og_custom_url":null,"og_article_section":null,"og_article_tags":null,"twitter_use_og":false,"twitter_card":"default","twitter_image_type":"default","twitter_image_url":null,"twitter_image_custom_url":null,"twitter_image_custom_fields":null,"twitter_title":null,"twitter_description":null,"schema":{"blockGraphs":[],"customGraphs":[],"default":{"data":{"Article":[],"Course":[],"Dataset":[],"FAQPage":[],"Movie":[],"Person":[],"Product":[],"ProductReview":[],"Car":[],"Recipe":[],"Service":[],"SoftwareApplication":[],"WebPage":[]},"graphName":"Article","isEnabled":true},"graphs":[]},"schema_type":null,"schema_type_options":null,"pillar_content":false,"robots_default":true,"robots_noindex":false,"robots_noarchive":false,"robots_nosnippet":false,"robots_nofollow":false,"robots_noimageindex":false,"robots_noodp":false,"robots_notranslate":false,"robots_max_snippet":null,"robots_max_videopreview":null,"robots_max_imagepreview":"large","priority":null,"frequency":null,"local_seo":null,"limit_modified_date":false,"created":"2021-04-21 00:18:32","updated":"2026-08-06 10:09:48","focus_keyword":null,"additional_keywords":null,"truseo_locale":null,"ai":null,"breadcrumb_settings":null,"seo_analyzer_scan_date":null},"aioseo_breadcrumb":"<div class=\"aioseo-breadcrumbs\"><span class=\"aioseo-breadcrumb\">\n\t\t\t<a href=\"https:\/\/www.encontrasantana.com.br\/sobre\" title=\"In\u00edcio\">In\u00edcio<\/a>\n\t\t<\/span><span class=\"aioseo-breadcrumb-separator\">&raquo;<\/span><span class=\"aioseo-breadcrumb\">\n\t\t\t<a href=\"https:\/\/www.encontrasantana.com.br\/sobre\/shows-em-santana\/\" title=\"Show Santana\">Show Santana<\/a>\n\t\t<\/span><span class=\"aioseo-breadcrumb-separator\">&raquo;<\/span><span class=\"aioseo-breadcrumb\">\n\t\t\tAerosmith embala p\u00fablico com show lotado de hits em Santana\n\t\t<\/span><\/div>","aioseo_breadcrumb_json":[{"label":"In\u00edcio","link":"https:\/\/www.encontrasantana.com.br\/sobre"},{"label":"Show Santana","link":"https:\/\/www.encontrasantana.com.br\/sobre\/shows-em-santana\/"},{"label":"Aerosmith embala p\u00fablico com show lotado de hits em Santana","link":"https:\/\/www.encontrasantana.com.br\/sobre\/aerosmith-embala-publico-com-show-lotado-de-hits-em-santana\/"}],"_links":{"self":[{"href":"https:\/\/www.encontrasantana.com.br\/sobre\/wp-json\/wp\/v2\/posts\/1697","targetHints":{"allow":["GET"]}}],"collection":[{"href":"https:\/\/www.encontrasantana.com.br\/sobre\/wp-json\/wp\/v2\/posts"}],"about":[{"href":"https:\/\/www.encontrasantana.com.br\/sobre\/wp-json\/wp\/v2\/types\/post"}],"author":[{"embeddable":true,"href":"https:\/\/www.encontrasantana.com.br\/sobre\/wp-json\/wp\/v2\/users\/1"}],"replies":[{"embeddable":true,"href":"https:\/\/www.encontrasantana.com.br\/sobre\/wp-json\/wp\/v2\/comments?post=1697"}],"version-history":[{"count":0,"href":"https:\/\/www.encontrasantana.com.br\/sobre\/wp-json\/wp\/v2\/posts\/1697\/revisions"}],"wp:attachment":[{"href":"https:\/\/www.encontrasantana.com.br\/sobre\/wp-json\/wp\/v2\/media?parent=1697"}],"wp:term":[{"taxonomy":"category","embeddable":true,"href":"https:\/\/www.encontrasantana.com.br\/sobre\/wp-json\/wp\/v2\/categories?post=1697"},{"taxonomy":"post_tag","embeddable":true,"href":"https:\/\/www.encontrasantana.com.br\/sobre\/wp-json\/wp\/v2\/tags?post=1697"}],"curies":[{"name":"wp","href":"https:\/\/api.w.org\/{rel}","templated":true}]}}