{"id":1709,"date":"2011-11-04T14:29:01","date_gmt":"2011-11-04T17:29:01","guid":{"rendered":"http:\/\/www.encontrasantana.com.br\/blog\/?p=1709"},"modified":"2019-04-15T10:01:46","modified_gmt":"2019-04-15T13:01:46","slug":"cat-santana-oferece-vagas-na-area-comercial-com-70-de-contratacoes-efetivas","status":"publish","type":"post","link":"https:\/\/www.encontrasantana.com.br\/sobre\/cat-santana-oferece-vagas-na-area-comercial-com-70-de-contratacoes-efetivas\/","title":{"rendered":"CAT Santana oferece vagas na \u00e1rea comercial com 70% de contrata\u00e7\u00f5es efetivas"},"content":{"rendered":"<div class=\"1acf8468e559fd3cbeec5aee3a269a52\" data-index=\"1\" style=\"float: none; margin:0px;\">\n<!-- Anuncio display - global -->\r\n<ins class=\"adsbygoogle\"\r\n     style=\"display:block\"\r\n     data-ad-client=\"ca-pub-8585364105181520\"\r\n     data-ad-slot=\"8789329856\"\r\n     data-ad-format=\"auto\"\r\n     data-full-width-responsive=\"true\"><\/ins>\r\n<script>\r\n     (adsbygoogle = window.adsbygoogle || []).push({});\r\n<\/script>\n<\/div>\n<p>As unidades do CAT \u2013 Centro de Apoio ao Trabalho, da Secretaria Municipal de Desenvolvimento Econ\u00f4mico e do Trabalho, destacam nesta semana a exist\u00eancia de 1.421 vagas no setor comercial, sendo que 70% delas (996), n\u00e3o s\u00e3o tempor\u00e1rias, mas sim efetivas. No cargo de vendedor interno, por exemplo, fun\u00e7\u00e3o que oferece maior quantidade de vagas \u2013 530, 330 s\u00e3o fixas e apenas 200 s\u00e3o tempor\u00e1rias. Para essa fun\u00e7\u00e3o, o candidato deve ter pelo menos o ensino fundamental completo, Os sal\u00e1rios variam de R$ 600 a R$ 850.<\/p>\n<p>J\u00e1 na fun\u00e7\u00e3o de promotor de vendas s\u00e3o 234 vagas no total, sendo 204 permanentes e apenas 30 tempor\u00e1rias. Os interessados devem ter a partir do ensino fundamental incompleto. Na fun\u00e7\u00e3o de fiscal de loja, a diferen\u00e7a tamb\u00e9m \u00e9 grande: s\u00e3o 143 oportunidades, sendo 110 efetivas e 33 tempor\u00e1rias. Para o cargo, o interessado deve ter a partir do fundamental completo e os recebimentos s\u00e3o de at\u00e9 R$ 1 mil.<\/p>\n<p>O n\u00edvel fica mais equilibrado na oferta para atendente de balc\u00e3o: s\u00e3o 161 vagas sendo 80 fixas e 81 tempor\u00e1rias. O interessado deve ter a partir do fundamental completo, sendo que os sal\u00e1rios chegam a R$ 900. Tamb\u00e9m h\u00e1 equil\u00edbrio nos n\u00fameros para repositor de mercadorias. S\u00e3o 99 vagas no total, sendo 54 permanentes e 45 tempor\u00e1rias. Os sal\u00e1rios variam de R$ 645 a R$ 800.<\/p>\n<p>Al\u00e9m destas, h\u00e1 oportunidades tamb\u00e9m para conferente de mercadorias (102), embalador\/empacotador (40), operador de caixa (39), auxiliar de estoque (31), balconista de loja (18), demonstrador de mercadorias (11), operador de vendas (7), gerente de balconista (4), caixa de loja e cartazeiro.<\/p>\n<p>Para se candidatar a uma dessas vagas, o interessado dever\u00e1 comparecer a uma das unidades fixas do CAT, CAT M\u00f3vel ou Tenda do Trabalhador, munido de RG, CPF e, caso possua, carteira de trabalho e n\u00ba do PIS.<\/p>\n<p><strong>Endere\u00e7os<\/strong><\/p>\n<p>CAT Luz<br \/>\nAv. Prestes Maia, 913 \/ 919<br \/>\nSegunda a sexta-feira: 7h \u00e0s 18h<br \/>\nS\u00e1bado: 7h \u00e0s 13h<\/p>\n<p>CAT Itaquera<br \/>\nRua Greg\u00f3rio Ramalho, 12<br \/>\nSegunda a sexta-feira: 7h \u00e0s 18h<br \/>\nS\u00e1bado: 7h \u00e0s 13h<\/p>\n<p>CAT\u00a0Penha<br \/>\nRua Candapu\u00ed, 492 (dentro da Subprefeitura da Penha)<br \/>\nSegunda a sexta-feira: 8h \u00e0s 17h<br \/>\nS\u00e1bado: 7h \u00e0s 13h<\/p>\n<p>CAT Itaim Paulista<br \/>\nAv. Marechal Tito, 3.012<br \/>\nSegunda a sexta-feira: 8h \u00e0s 17h<br \/>\nS\u00e1bado: 7h \u00e0s 13h<\/p>\n<p>CAT S\u00e3o Mateus I<br \/>\nAv. Mateo Bei, 1.641<br \/>\nSegunda a sexta-feira: 7h \u00e0s 18h<br \/>\nS\u00e1bado: 7h \u00e0s 13h<\/p>\n<p>CAT S\u00e3o Mateus II<br \/>\nRagueb Chohfi, 1.400<br \/>\nSegunda a sexta-feira: 8h \u00e0s 17h<br \/>\nS\u00e1bado: 7h \u00e0s 13h<\/p>\n<p><a href=\"http:\/\/www.encontrasantana.com.br\/santana\/cat-em-santana.shtml\" target=\"_blank\"><strong>CAT Santana<\/strong><\/a><br \/>\nRua Volunt\u00e1rios da P\u00e1tria, 1.553<br \/>\nSegunda a sexta-feira: 7h \u00e1s 18h<br \/>\nS\u00e1bado: 7h \u00e0s 13h<\/p>\n<p>CAT Casa Verde<br \/>\nAv. Ordem e Progresso, 1.001<br \/>\nSegunda a sexta-feira: 8h \u00e0s 17h<br \/>\nS\u00e1bado: 7h \u00e0s 13h<\/p>\n<p>CAT\u00a0Perus<br \/>\nRua Yl\u00eddio Figueiredo, 349<br \/>\nSegunda a sexta-feira: 8h \u00e0s 17h<br \/>\nS\u00e1bado: 7h \u00e0s 13h<\/p>\n<p>CAT Lapa<br \/>\nRua Monteiro de Melo, 342<br \/>\nSegunda a sexta-feira: 7h \u00e0s 18h<br \/>\nS\u00e1bado: 7h \u00e0s 13h<\/p>\n<p>CAT Interlagos<br \/>\nAv. Interlagos, 6.122<br \/>\nSegunda a sexta-feira: 7h \u00e0s 18h<br \/>\nS\u00e1bado: 7h \u00e0s 13h<\/p>\n<p>CAT Tucuruvi<br \/>\nAv. General Ataliba Leonel, 2.764<br \/>\nSegunda a sexta-feira: 7h \u00e0s 18h<br \/>\nS\u00e1bado: 7h \u00e0s 13h<\/p>\n<p>CAT Jabaquara<br \/>\nAv. Eng. Armando de Arruda Pereira, 2.314<br \/>\nSegunda a sexta-feira: 8h \u00e0s 17h<br \/>\nS\u00e1bado: 7h \u00e0s 13h<\/p>\n<p>CAT Cidade Ademar<br \/>\nAv. Yervant Kissajikian, 416<br \/>\nSegunda a sexta-feira: 8h \u00e0s 17h<br \/>\nS\u00e1bado: 7h \u00e0s 13h<\/p>\n<p>CAT Parelheiros<br \/>\nAv. Sadamu Inoue, 5.252<br \/>\nSegunda a sexta-feira: 8h \u00e0s 17h<br \/>\nS\u00e1bado: 7h \u00e0s 13h<br \/>\n<em><br \/>\nFonte: Prefeitura de S. Paulo<\/em><\/p>\n\n<div style=\"font-size: 0px; height: 0px; line-height: 0px; margin: 0; padding: 0; clear: both;\"><\/div>","protected":false},"excerpt":{"rendered":"<p>As unidades do CAT \u2013 Centro de Apoio ao Trabalho, da Secretaria Municipal de Desenvolvimento Econ\u00f4mico e do Trabalho, destacam nesta semana a exist\u00eancia de 1.421 vagas no setor comercial, sendo que 70% delas (996), n\u00e3o s\u00e3o tempor\u00e1rias, mas sim efetivas. No cargo de vendedor interno, por exemplo, fun\u00e7\u00e3o que oferece maior quantidade de vagas \u2013 530, 330 s\u00e3o fixas e apenas 200 s\u00e3o tempor\u00e1rias. Para essa fun\u00e7\u00e3o, o candidato deve ter pelo menos o ensino fundamental completo, Os sal\u00e1rios variam de R$ 600 a R$ 850. J\u00e1 na fun\u00e7\u00e3o de promotor de vendas s\u00e3o 234 vagas no total, sendo <\/p>\n","protected":false},"author":1,"featured_media":0,"comment_status":"open","ping_status":"closed","sticky":false,"template":"","format":"standard","meta":{"footnotes":""},"categories":[7],"tags":[10],"class_list":["post-1709","post","type-post","status-publish","format-standard","hentry","category-empregos-em-santana","tag-santana"],"aioseo_notices":[],"aioseo_head":"\n\t\t<!-- All in One SEO 5.0.0.1 - aioseo.com -->\n\t<meta name=\"description\" content=\"As unidades do CAT \u2013 Centro de Apoio ao Trabalho, da Secretaria Municipal de Desenvolvimento Econ\u00f4mico e do Trabalho, destacam nesta semana a exist\u00eancia de 1.421 vagas no setor comercial, sendo que 70% delas (996), n\u00e3o s\u00e3o tempor\u00e1rias, mas sim efetivas. No cargo de vendedor interno, por exemplo, fun\u00e7\u00e3o que oferece maior quantidade de vagas\" \/>\n\t<meta name=\"robots\" content=\"max-image-preview:large\" \/>\n\t<meta name=\"author\" content=\"Encontra Santana\"\/>\n\t<link rel=\"canonical\" href=\"https:\/\/www.encontrasantana.com.br\/sobre\/cat-santana-oferece-vagas-na-area-comercial-com-70-de-contratacoes-efetivas\/\" \/>\n\t<meta name=\"generator\" content=\"All in One SEO (AIOSEO) 5.0.0.1\" \/>\n\t\t<meta property=\"og:locale\" content=\"pt_BR\" \/>\n\t\t<meta property=\"og:site_name\" content=\"Encontra Santana | Not\u00edcias, eventos, informa\u00e7\u00f5es e dicas no bairro de Santana e regi\u00e3o.\" \/>\n\t\t<meta property=\"og:type\" content=\"article\" \/>\n\t\t<meta property=\"og:title\" content=\"CAT Santana oferece vagas na \u00e1rea comercial com 70% de contrata\u00e7\u00f5es efetivas \u00bb Encontra Santana\" \/>\n\t\t<meta property=\"og:description\" content=\"As unidades do CAT \u2013 Centro de Apoio ao Trabalho, da Secretaria Municipal de Desenvolvimento Econ\u00f4mico e do Trabalho, destacam nesta semana a exist\u00eancia de 1.421 vagas no setor comercial, sendo que 70% delas (996), n\u00e3o s\u00e3o tempor\u00e1rias, mas sim efetivas. No cargo de vendedor interno, por exemplo, fun\u00e7\u00e3o que oferece maior quantidade de vagas\" \/>\n\t\t<meta property=\"og:url\" content=\"https:\/\/www.encontrasantana.com.br\/sobre\/cat-santana-oferece-vagas-na-area-comercial-com-70-de-contratacoes-efetivas\/\" \/>\n\t\t<meta property=\"article:published_time\" content=\"2011-11-04T17:29:01+00:00\" \/>\n\t\t<meta property=\"article:modified_time\" content=\"2019-04-15T13:01:46+00:00\" \/>\n\t\t<meta name=\"twitter:card\" content=\"summary\" \/>\n\t\t<meta name=\"twitter:title\" content=\"CAT Santana oferece vagas na \u00e1rea comercial com 70% de contrata\u00e7\u00f5es efetivas \u00bb Encontra Santana\" \/>\n\t\t<meta name=\"twitter:description\" content=\"As unidades do CAT \u2013 Centro de Apoio ao Trabalho, da Secretaria Municipal de Desenvolvimento Econ\u00f4mico e do Trabalho, destacam nesta semana a exist\u00eancia de 1.421 vagas no setor comercial, sendo que 70% delas (996), n\u00e3o s\u00e3o tempor\u00e1rias, mas sim efetivas. No cargo de vendedor interno, por exemplo, fun\u00e7\u00e3o que oferece maior quantidade de vagas\" \/>\n\t\t<script type=\"application\/ld+json\" class=\"aioseo-schema\">\n\t\t\t{\"@context\":\"https:\\\/\\\/schema.org\",\"@graph\":[{\"@type\":\"Article\",\"@id\":\"https:\\\/\\\/www.encontrasantana.com.br\\\/sobre\\\/cat-santana-oferece-vagas-na-area-comercial-com-70-de-contratacoes-efetivas\\\/#article\",\"name\":\"CAT Santana oferece vagas na \\u00e1rea comercial com 70% de contrata\\u00e7\\u00f5es efetivas \\u00bb Encontra Santana\",\"headline\":\"CAT Santana oferece vagas na \\u00e1rea comercial com 70% de contrata\\u00e7\\u00f5es efetivas\",\"author\":{\"@id\":\"https:\\\/\\\/www.encontrasantana.com.br\\\/sobre\\\/author\\\/esantana\\\/#author\"},\"publisher\":{\"@id\":\"https:\\\/\\\/www.encontrasantana.com.br\\\/sobre\\\/#organization\"},\"datePublished\":\"2011-11-04T14:29:01-03:00\",\"dateModified\":\"2019-04-15T10:01:46-03:00\",\"inLanguage\":\"pt-BR\",\"mainEntityOfPage\":{\"@id\":\"https:\\\/\\\/www.encontrasantana.com.br\\\/sobre\\\/cat-santana-oferece-vagas-na-area-comercial-com-70-de-contratacoes-efetivas\\\/#webpage\"},\"isPartOf\":{\"@id\":\"https:\\\/\\\/www.encontrasantana.com.br\\\/sobre\\\/cat-santana-oferece-vagas-na-area-comercial-com-70-de-contratacoes-efetivas\\\/#webpage\"},\"articleSection\":\"Empregos Santana, Santana\"},{\"@type\":\"BreadcrumbList\",\"@id\":\"https:\\\/\\\/www.encontrasantana.com.br\\\/sobre\\\/cat-santana-oferece-vagas-na-area-comercial-com-70-de-contratacoes-efetivas\\\/#breadcrumblist\",\"itemListElement\":[{\"@type\":\"ListItem\",\"@id\":\"https:\\\/\\\/www.encontrasantana.com.br\\\/sobre#listItem\",\"position\":1,\"name\":\"In\\u00edcio\",\"item\":\"https:\\\/\\\/www.encontrasantana.com.br\\\/sobre\",\"nextItem\":{\"@type\":\"ListItem\",\"@id\":\"https:\\\/\\\/www.encontrasantana.com.br\\\/sobre\\\/empregos-em-santana\\\/#listItem\",\"name\":\"Empregos Santana\"}},{\"@type\":\"ListItem\",\"@id\":\"https:\\\/\\\/www.encontrasantana.com.br\\\/sobre\\\/empregos-em-santana\\\/#listItem\",\"position\":2,\"name\":\"Empregos Santana\",\"item\":\"https:\\\/\\\/www.encontrasantana.com.br\\\/sobre\\\/empregos-em-santana\\\/\",\"nextItem\":{\"@type\":\"ListItem\",\"@id\":\"https:\\\/\\\/www.encontrasantana.com.br\\\/sobre\\\/cat-santana-oferece-vagas-na-area-comercial-com-70-de-contratacoes-efetivas\\\/#listItem\",\"name\":\"CAT Santana oferece vagas na \\u00e1rea comercial com 70% de contrata\\u00e7\\u00f5es efetivas\"},\"previousItem\":{\"@type\":\"ListItem\",\"@id\":\"https:\\\/\\\/www.encontrasantana.com.br\\\/sobre#listItem\",\"name\":\"In\\u00edcio\"}},{\"@type\":\"ListItem\",\"@id\":\"https:\\\/\\\/www.encontrasantana.com.br\\\/sobre\\\/cat-santana-oferece-vagas-na-area-comercial-com-70-de-contratacoes-efetivas\\\/#listItem\",\"position\":3,\"name\":\"CAT Santana oferece vagas na \\u00e1rea comercial com 70% de contrata\\u00e7\\u00f5es efetivas\",\"previousItem\":{\"@type\":\"ListItem\",\"@id\":\"https:\\\/\\\/www.encontrasantana.com.br\\\/sobre\\\/empregos-em-santana\\\/#listItem\",\"name\":\"Empregos Santana\"}}]},{\"@type\":\"Organization\",\"@id\":\"https:\\\/\\\/www.encontrasantana.com.br\\\/sobre\\\/#organization\",\"name\":\"Encontra Santana\",\"description\":\"Not\\u00edcias, eventos, informa\\u00e7\\u00f5es e dicas no bairro de Santana e regi\\u00e3o.\",\"url\":\"https:\\\/\\\/www.encontrasantana.com.br\\\/sobre\\\/\"},{\"@type\":\"Person\",\"@id\":\"https:\\\/\\\/www.encontrasantana.com.br\\\/sobre\\\/author\\\/esantana\\\/#author\",\"url\":\"https:\\\/\\\/www.encontrasantana.com.br\\\/sobre\\\/author\\\/esantana\\\/\",\"name\":\"Encontra Santana\",\"image\":{\"@type\":\"ImageObject\",\"@id\":\"https:\\\/\\\/www.encontrasantana.com.br\\\/sobre\\\/cat-santana-oferece-vagas-na-area-comercial-com-70-de-contratacoes-efetivas\\\/#authorImage\",\"url\":\"https:\\\/\\\/secure.gravatar.com\\\/avatar\\\/0fbed662e37531ae23e68f85f9517b2454e50c1dfebf80eb9b721449ac95e0b9?s=96&d=mm&r=g\",\"width\":96,\"height\":96,\"caption\":\"Encontra Santana\"}},{\"@type\":\"WebPage\",\"@id\":\"https:\\\/\\\/www.encontrasantana.com.br\\\/sobre\\\/cat-santana-oferece-vagas-na-area-comercial-com-70-de-contratacoes-efetivas\\\/#webpage\",\"url\":\"https:\\\/\\\/www.encontrasantana.com.br\\\/sobre\\\/cat-santana-oferece-vagas-na-area-comercial-com-70-de-contratacoes-efetivas\\\/\",\"name\":\"CAT Santana oferece vagas na \\u00e1rea comercial com 70% de contrata\\u00e7\\u00f5es efetivas \\u00bb Encontra Santana\",\"description\":\"As unidades do CAT \\u2013 Centro de Apoio ao Trabalho, da Secretaria Municipal de Desenvolvimento Econ\\u00f4mico e do Trabalho, destacam nesta semana a exist\\u00eancia de 1.421 vagas no setor comercial, sendo que 70% delas (996), n\\u00e3o s\\u00e3o tempor\\u00e1rias, mas sim efetivas. No cargo de vendedor interno, por exemplo, fun\\u00e7\\u00e3o que oferece maior quantidade de vagas\",\"inLanguage\":\"pt-BR\",\"isPartOf\":{\"@id\":\"https:\\\/\\\/www.encontrasantana.com.br\\\/sobre\\\/#website\"},\"breadcrumb\":{\"@id\":\"https:\\\/\\\/www.encontrasantana.com.br\\\/sobre\\\/cat-santana-oferece-vagas-na-area-comercial-com-70-de-contratacoes-efetivas\\\/#breadcrumblist\"},\"author\":{\"@id\":\"https:\\\/\\\/www.encontrasantana.com.br\\\/sobre\\\/author\\\/esantana\\\/#author\"},\"creator\":{\"@id\":\"https:\\\/\\\/www.encontrasantana.com.br\\\/sobre\\\/author\\\/esantana\\\/#author\"},\"datePublished\":\"2011-11-04T14:29:01-03:00\",\"dateModified\":\"2019-04-15T10:01:46-03:00\"},{\"@type\":\"WebSite\",\"@id\":\"https:\\\/\\\/www.encontrasantana.com.br\\\/sobre\\\/#website\",\"url\":\"https:\\\/\\\/www.encontrasantana.com.br\\\/sobre\\\/\",\"name\":\"Encontra Santana\",\"description\":\"Not\\u00edcias, eventos, informa\\u00e7\\u00f5es e dicas no bairro de Santana e regi\\u00e3o.\",\"inLanguage\":\"pt-BR\",\"publisher\":{\"@id\":\"https:\\\/\\\/www.encontrasantana.com.br\\\/sobre\\\/#organization\"}}]}\n\t\t<\/script>\n\t\t<!-- All in One SEO -->\n\n","aioseo_head_json":{"title":"CAT Santana oferece vagas na \u00e1rea comercial com 70% de contrata\u00e7\u00f5es efetivas \u00bb Encontra Santana","description":"As unidades do CAT \u2013 Centro de Apoio ao Trabalho, da Secretaria Municipal de Desenvolvimento Econ\u00f4mico e do Trabalho, destacam nesta semana a exist\u00eancia de 1.421 vagas no setor comercial, sendo que 70% delas (996), n\u00e3o s\u00e3o tempor\u00e1rias, mas sim efetivas. No cargo de vendedor interno, por exemplo, fun\u00e7\u00e3o que oferece maior quantidade de vagas","canonical_url":"https:\/\/www.encontrasantana.com.br\/sobre\/cat-santana-oferece-vagas-na-area-comercial-com-70-de-contratacoes-efetivas\/","robots":"max-image-preview:large","keywords":"","webmasterTools":{"miscellaneous":""},"schema":{"@context":"https:\/\/schema.org","@graph":[{"@type":"Article","@id":"https:\/\/www.encontrasantana.com.br\/sobre\/cat-santana-oferece-vagas-na-area-comercial-com-70-de-contratacoes-efetivas\/#article","name":"CAT Santana oferece vagas na \u00e1rea comercial com 70% de contrata\u00e7\u00f5es efetivas \u00bb Encontra Santana","headline":"CAT Santana oferece vagas na \u00e1rea comercial com 70% de contrata\u00e7\u00f5es efetivas","author":{"@id":"https:\/\/www.encontrasantana.com.br\/sobre\/author\/esantana\/#author"},"publisher":{"@id":"https:\/\/www.encontrasantana.com.br\/sobre\/#organization"},"datePublished":"2011-11-04T14:29:01-03:00","dateModified":"2019-04-15T10:01:46-03:00","inLanguage":"pt-BR","mainEntityOfPage":{"@id":"https:\/\/www.encontrasantana.com.br\/sobre\/cat-santana-oferece-vagas-na-area-comercial-com-70-de-contratacoes-efetivas\/#webpage"},"isPartOf":{"@id":"https:\/\/www.encontrasantana.com.br\/sobre\/cat-santana-oferece-vagas-na-area-comercial-com-70-de-contratacoes-efetivas\/#webpage"},"articleSection":"Empregos Santana, Santana"},{"@type":"BreadcrumbList","@id":"https:\/\/www.encontrasantana.com.br\/sobre\/cat-santana-oferece-vagas-na-area-comercial-com-70-de-contratacoes-efetivas\/#breadcrumblist","itemListElement":[{"@type":"ListItem","@id":"https:\/\/www.encontrasantana.com.br\/sobre#listItem","position":1,"name":"In\u00edcio","item":"https:\/\/www.encontrasantana.com.br\/sobre","nextItem":{"@type":"ListItem","@id":"https:\/\/www.encontrasantana.com.br\/sobre\/empregos-em-santana\/#listItem","name":"Empregos Santana"}},{"@type":"ListItem","@id":"https:\/\/www.encontrasantana.com.br\/sobre\/empregos-em-santana\/#listItem","position":2,"name":"Empregos Santana","item":"https:\/\/www.encontrasantana.com.br\/sobre\/empregos-em-santana\/","nextItem":{"@type":"ListItem","@id":"https:\/\/www.encontrasantana.com.br\/sobre\/cat-santana-oferece-vagas-na-area-comercial-com-70-de-contratacoes-efetivas\/#listItem","name":"CAT Santana oferece vagas na \u00e1rea comercial com 70% de contrata\u00e7\u00f5es efetivas"},"previousItem":{"@type":"ListItem","@id":"https:\/\/www.encontrasantana.com.br\/sobre#listItem","name":"In\u00edcio"}},{"@type":"ListItem","@id":"https:\/\/www.encontrasantana.com.br\/sobre\/cat-santana-oferece-vagas-na-area-comercial-com-70-de-contratacoes-efetivas\/#listItem","position":3,"name":"CAT Santana oferece vagas na \u00e1rea comercial com 70% de contrata\u00e7\u00f5es efetivas","previousItem":{"@type":"ListItem","@id":"https:\/\/www.encontrasantana.com.br\/sobre\/empregos-em-santana\/#listItem","name":"Empregos Santana"}}]},{"@type":"Organization","@id":"https:\/\/www.encontrasantana.com.br\/sobre\/#organization","name":"Encontra Santana","description":"Not\u00edcias, eventos, informa\u00e7\u00f5es e dicas no bairro de Santana e regi\u00e3o.","url":"https:\/\/www.encontrasantana.com.br\/sobre\/"},{"@type":"Person","@id":"https:\/\/www.encontrasantana.com.br\/sobre\/author\/esantana\/#author","url":"https:\/\/www.encontrasantana.com.br\/sobre\/author\/esantana\/","name":"Encontra Santana","image":{"@type":"ImageObject","@id":"https:\/\/www.encontrasantana.com.br\/sobre\/cat-santana-oferece-vagas-na-area-comercial-com-70-de-contratacoes-efetivas\/#authorImage","url":"https:\/\/secure.gravatar.com\/avatar\/0fbed662e37531ae23e68f85f9517b2454e50c1dfebf80eb9b721449ac95e0b9?s=96&d=mm&r=g","width":96,"height":96,"caption":"Encontra Santana"}},{"@type":"WebPage","@id":"https:\/\/www.encontrasantana.com.br\/sobre\/cat-santana-oferece-vagas-na-area-comercial-com-70-de-contratacoes-efetivas\/#webpage","url":"https:\/\/www.encontrasantana.com.br\/sobre\/cat-santana-oferece-vagas-na-area-comercial-com-70-de-contratacoes-efetivas\/","name":"CAT Santana oferece vagas na \u00e1rea comercial com 70% de contrata\u00e7\u00f5es efetivas \u00bb Encontra Santana","description":"As unidades do CAT \u2013 Centro de Apoio ao Trabalho, da Secretaria Municipal de Desenvolvimento Econ\u00f4mico e do Trabalho, destacam nesta semana a exist\u00eancia de 1.421 vagas no setor comercial, sendo que 70% delas (996), n\u00e3o s\u00e3o tempor\u00e1rias, mas sim efetivas. No cargo de vendedor interno, por exemplo, fun\u00e7\u00e3o que oferece maior quantidade de vagas","inLanguage":"pt-BR","isPartOf":{"@id":"https:\/\/www.encontrasantana.com.br\/sobre\/#website"},"breadcrumb":{"@id":"https:\/\/www.encontrasantana.com.br\/sobre\/cat-santana-oferece-vagas-na-area-comercial-com-70-de-contratacoes-efetivas\/#breadcrumblist"},"author":{"@id":"https:\/\/www.encontrasantana.com.br\/sobre\/author\/esantana\/#author"},"creator":{"@id":"https:\/\/www.encontrasantana.com.br\/sobre\/author\/esantana\/#author"},"datePublished":"2011-11-04T14:29:01-03:00","dateModified":"2019-04-15T10:01:46-03:00"},{"@type":"WebSite","@id":"https:\/\/www.encontrasantana.com.br\/sobre\/#website","url":"https:\/\/www.encontrasantana.com.br\/sobre\/","name":"Encontra Santana","description":"Not\u00edcias, eventos, informa\u00e7\u00f5es e dicas no bairro de Santana e regi\u00e3o.","inLanguage":"pt-BR","publisher":{"@id":"https:\/\/www.encontrasantana.com.br\/sobre\/#organization"}}]},"og:locale":"pt_BR","og:site_name":"Encontra Santana | Not\u00edcias, eventos, informa\u00e7\u00f5es e dicas no bairro de Santana e regi\u00e3o.","og:type":"article","og:title":"CAT Santana oferece vagas na \u00e1rea comercial com 70% de contrata\u00e7\u00f5es efetivas \u00bb Encontra Santana","og:description":"As unidades do CAT \u2013 Centro de Apoio ao Trabalho, da Secretaria Municipal de Desenvolvimento Econ\u00f4mico e do Trabalho, destacam nesta semana a exist\u00eancia de 1.421 vagas no setor comercial, sendo que 70% delas (996), n\u00e3o s\u00e3o tempor\u00e1rias, mas sim efetivas. No cargo de vendedor interno, por exemplo, fun\u00e7\u00e3o que oferece maior quantidade de vagas","og:url":"https:\/\/www.encontrasantana.com.br\/sobre\/cat-santana-oferece-vagas-na-area-comercial-com-70-de-contratacoes-efetivas\/","article:published_time":"2011-11-04T17:29:01+00:00","article:modified_time":"2019-04-15T13:01:46+00:00","twitter:card":"summary","twitter:title":"CAT Santana oferece vagas na \u00e1rea comercial com 70% de contrata\u00e7\u00f5es efetivas \u00bb Encontra Santana","twitter:description":"As unidades do CAT \u2013 Centro de Apoio ao Trabalho, da Secretaria Municipal de Desenvolvimento Econ\u00f4mico e do Trabalho, destacam nesta semana a exist\u00eancia de 1.421 vagas no setor comercial, sendo que 70% delas (996), n\u00e3o s\u00e3o tempor\u00e1rias, mas sim efetivas. No cargo de vendedor interno, por exemplo, fun\u00e7\u00e3o que oferece maior quantidade de vagas"},"aioseo_meta_data":{"post_id":"1709","title":null,"description":null,"keywords":null,"keyphrases":null,"primary_term":null,"canonical_url":null,"og_title":null,"og_description":null,"og_object_type":"default","og_image_type":"default","og_image_url":null,"og_image_width":null,"og_image_height":null,"og_image_custom_url":null,"og_image_custom_fields":null,"og_video":null,"og_custom_url":null,"og_article_section":null,"og_article_tags":null,"twitter_use_og":false,"twitter_card":"default","twitter_image_type":"default","twitter_image_url":null,"twitter_image_custom_url":null,"twitter_image_custom_fields":null,"twitter_title":null,"twitter_description":null,"schema":{"blockGraphs":[],"customGraphs":[],"default":{"data":{"Article":[],"Course":[],"Dataset":[],"FAQPage":[],"Movie":[],"Person":[],"Product":[],"ProductReview":[],"Car":[],"Recipe":[],"Service":[],"SoftwareApplication":[],"WebPage":[]},"graphName":"Article","isEnabled":true},"graphs":[]},"schema_type":null,"schema_type_options":null,"pillar_content":false,"robots_default":true,"robots_noindex":false,"robots_noarchive":false,"robots_nosnippet":false,"robots_nofollow":false,"robots_noimageindex":false,"robots_noodp":false,"robots_notranslate":false,"robots_max_snippet":null,"robots_max_videopreview":null,"robots_max_imagepreview":"large","priority":null,"frequency":null,"local_seo":null,"limit_modified_date":false,"created":"2021-04-21 00:20:40","updated":"2026-08-06 10:09:48","focus_keyword":null,"additional_keywords":null,"truseo_locale":null,"ai":null,"breadcrumb_settings":null,"seo_analyzer_scan_date":null},"aioseo_breadcrumb":"<div class=\"aioseo-breadcrumbs\"><span class=\"aioseo-breadcrumb\">\n\t\t\t<a href=\"https:\/\/www.encontrasantana.com.br\/sobre\" title=\"In\u00edcio\">In\u00edcio<\/a>\n\t\t<\/span><span class=\"aioseo-breadcrumb-separator\">&raquo;<\/span><span class=\"aioseo-breadcrumb\">\n\t\t\t<a href=\"https:\/\/www.encontrasantana.com.br\/sobre\/empregos-em-santana\/\" title=\"Empregos Santana\">Empregos Santana<\/a>\n\t\t<\/span><span class=\"aioseo-breadcrumb-separator\">&raquo;<\/span><span class=\"aioseo-breadcrumb\">\n\t\t\tCAT Santana oferece vagas na \u00e1rea comercial com 70% de contrata\u00e7\u00f5es efetivas\n\t\t<\/span><\/div>","aioseo_breadcrumb_json":[{"label":"In\u00edcio","link":"https:\/\/www.encontrasantana.com.br\/sobre"},{"label":"Empregos Santana","link":"https:\/\/www.encontrasantana.com.br\/sobre\/empregos-em-santana\/"},{"label":"CAT Santana oferece vagas na \u00e1rea comercial com 70% de contrata\u00e7\u00f5es efetivas","link":"https:\/\/www.encontrasantana.com.br\/sobre\/cat-santana-oferece-vagas-na-area-comercial-com-70-de-contratacoes-efetivas\/"}],"_links":{"self":[{"href":"https:\/\/www.encontrasantana.com.br\/sobre\/wp-json\/wp\/v2\/posts\/1709","targetHints":{"allow":["GET"]}}],"collection":[{"href":"https:\/\/www.encontrasantana.com.br\/sobre\/wp-json\/wp\/v2\/posts"}],"about":[{"href":"https:\/\/www.encontrasantana.com.br\/sobre\/wp-json\/wp\/v2\/types\/post"}],"author":[{"embeddable":true,"href":"https:\/\/www.encontrasantana.com.br\/sobre\/wp-json\/wp\/v2\/users\/1"}],"replies":[{"embeddable":true,"href":"https:\/\/www.encontrasantana.com.br\/sobre\/wp-json\/wp\/v2\/comments?post=1709"}],"version-history":[{"count":0,"href":"https:\/\/www.encontrasantana.com.br\/sobre\/wp-json\/wp\/v2\/posts\/1709\/revisions"}],"wp:attachment":[{"href":"https:\/\/www.encontrasantana.com.br\/sobre\/wp-json\/wp\/v2\/media?parent=1709"}],"wp:term":[{"taxonomy":"category","embeddable":true,"href":"https:\/\/www.encontrasantana.com.br\/sobre\/wp-json\/wp\/v2\/categories?post=1709"},{"taxonomy":"post_tag","embeddable":true,"href":"https:\/\/www.encontrasantana.com.br\/sobre\/wp-json\/wp\/v2\/tags?post=1709"}],"curies":[{"name":"wp","href":"https:\/\/api.w.org\/{rel}","templated":true}]}}