{"id":171,"date":"2010-01-26T15:48:19","date_gmt":"2010-01-26T18:48:19","guid":{"rendered":"http:\/\/www.encontrasantana.com.br\/blog\/?p=171"},"modified":"2019-04-15T10:06:06","modified_gmt":"2019-04-15T13:06:06","slug":"chuvas-santana-esta-entre-as-regioes-em-estado-de-alerta","status":"publish","type":"post","link":"https:\/\/www.encontrasantana.com.br\/sobre\/chuvas-santana-esta-entre-as-regioes-em-estado-de-alerta\/","title":{"rendered":"Chuvas: Santana est\u00e1 entre as regi\u00f5es em estado de alerta"},"content":{"rendered":"<div class=\"1acf8468e559fd3cbeec5aee3a269a52\" data-index=\"1\" style=\"float: none; margin:0px;\">\n<!-- Anuncio display - global -->\r\n<ins class=\"adsbygoogle\"\r\n     style=\"display:block\"\r\n     data-ad-client=\"ca-pub-8585364105181520\"\r\n     data-ad-slot=\"8789329856\"\r\n     data-ad-format=\"auto\"\r\n     data-full-width-responsive=\"true\"><\/ins>\r\n<script>\r\n     (adsbygoogle = window.adsbygoogle || []).push({});\r\n<\/script>\n<\/div>\n<p>A Defesa Civil da cidade de S\u00e3o Paulo informou que decretou estado de alerta para deslizamento nas regi\u00f5es de Perus, Pirituba, Freguesia, Casa Verde, <span style=\"color: #466edb;\">Santana<\/span>, Ja\u00e7an\u00e3, <span style=\"color: #466edb;\">Butant\u00e3<\/span>, <span style=\"color: #466edb;\">Lapa<\/span>, <span style=\"color: #466edb;\">Campo Limpo<\/span>, M\u00b4Boi Mirim, Capela do Socorro, Parelheiros, Cidade Ademar, <span style=\"color: #466edb;\">Santo Amaro<\/span>, <span style=\"color: #466edb;\">Jabaquara<\/span>, <span style=\"color: #466edb;\">Ipiranga<\/span>, <span style=\"color: #466edb;\">Penha<\/span>, Ermelino Matarazzo, S\u00e3o Miguel Paulista, Itaim Paulista, <span style=\"color: #466edb;\">Itaquera<\/span>, Cidade Tiradentes, S\u00e3o Mateus, Guaianases, Vila Prudente e Aricanduva.<\/p>\n<p>J\u00e1 as regi\u00f5es de Capela do Socorro, Aricanduva \/ Formosa, <span style=\"color: #466edb;\">Campo Limpo<\/span>, <span style=\"color: #466edb;\">Butant\u00e3<\/span>, Vila Prudente, M\u00b4Boi Mirim, S\u00e3o Mateus, Parelheiros e <span style=\"color: #466edb;\">Ipiranga<\/span> est\u00e3o em estado de aten\u00e7\u00e3o para enchente.<\/p>\n<p><em>Fonte: O Globo<\/em><\/p>\n\n<div style=\"font-size: 0px; height: 0px; line-height: 0px; margin: 0; padding: 0; clear: both;\"><\/div>","protected":false},"excerpt":{"rendered":"<p>A Defesa Civil da cidade de S\u00e3o Paulo informou que decretou estado de alerta para deslizamento nas regi\u00f5es de Perus, Pirituba, Freguesia, Casa Verde, Santana, Ja\u00e7an\u00e3, Butant\u00e3, Lapa, Campo Limpo, M\u00b4Boi Mirim, Capela do Socorro, Parelheiros, Cidade Ademar, Santo Amaro, Jabaquara, Ipiranga, Penha, Ermelino Matarazzo, S\u00e3o Miguel Paulista, Itaim Paulista, Itaquera, Cidade Tiradentes, S\u00e3o Mateus, Guaianases, Vila Prudente e Aricanduva. J\u00e1 as regi\u00f5es de Capela do Socorro, Aricanduva \/ Formosa, Campo Limpo, Butant\u00e3, Vila Prudente, M\u00b4Boi Mirim, S\u00e3o Mateus, Parelheiros e Ipiranga est\u00e3o em estado de aten\u00e7\u00e3o para enchente. Fonte: O Globo<\/p>\n","protected":false},"author":1,"featured_media":0,"comment_status":"open","ping_status":"closed","sticky":false,"template":"","format":"standard","meta":{"footnotes":""},"categories":[3],"tags":[10],"class_list":["post-171","post","type-post","status-publish","format-standard","hentry","category-noticias-em-santana","tag-santana"],"aioseo_notices":[],"aioseo_head":"\n\t\t<!-- All in One SEO 5.0.0.1 - aioseo.com -->\n\t<meta name=\"description\" content=\"A Defesa Civil da cidade de S\u00e3o Paulo informou que decretou estado de alerta para deslizamento nas regi\u00f5es de Perus, Pirituba, Freguesia, Casa Verde, Santana, Ja\u00e7an\u00e3, Butant\u00e3, Lapa, Campo Limpo, M\u00b4Boi Mirim, Capela do Socorro, Parelheiros, Cidade Ademar, Santo Amaro, Jabaquara, Ipiranga, Penha, Ermelino Matarazzo, S\u00e3o Miguel Paulista, Itaim Paulista, Itaquera, Cidade Tiradentes, S\u00e3o Mateus,\" \/>\n\t<meta name=\"robots\" content=\"max-image-preview:large\" \/>\n\t<meta name=\"author\" content=\"Encontra Santana\"\/>\n\t<link rel=\"canonical\" href=\"https:\/\/www.encontrasantana.com.br\/sobre\/chuvas-santana-esta-entre-as-regioes-em-estado-de-alerta\/\" \/>\n\t<meta name=\"generator\" content=\"All in One SEO (AIOSEO) 5.0.0.1\" \/>\n\t\t<meta property=\"og:locale\" content=\"pt_BR\" \/>\n\t\t<meta property=\"og:site_name\" content=\"Encontra Santana | Not\u00edcias, eventos, informa\u00e7\u00f5es e dicas no bairro de Santana e regi\u00e3o.\" \/>\n\t\t<meta property=\"og:type\" content=\"article\" \/>\n\t\t<meta property=\"og:title\" content=\"Chuvas: Santana est\u00e1 entre as regi\u00f5es em estado de alerta \u00bb Encontra Santana\" \/>\n\t\t<meta property=\"og:description\" content=\"A Defesa Civil da cidade de S\u00e3o Paulo informou que decretou estado de alerta para deslizamento nas regi\u00f5es de Perus, Pirituba, Freguesia, Casa Verde, Santana, Ja\u00e7an\u00e3, Butant\u00e3, Lapa, Campo Limpo, M\u00b4Boi Mirim, Capela do Socorro, Parelheiros, Cidade Ademar, Santo Amaro, Jabaquara, Ipiranga, Penha, Ermelino Matarazzo, S\u00e3o Miguel Paulista, Itaim Paulista, Itaquera, Cidade Tiradentes, S\u00e3o Mateus,\" \/>\n\t\t<meta property=\"og:url\" content=\"https:\/\/www.encontrasantana.com.br\/sobre\/chuvas-santana-esta-entre-as-regioes-em-estado-de-alerta\/\" \/>\n\t\t<meta property=\"article:published_time\" content=\"2010-01-26T18:48:19+00:00\" \/>\n\t\t<meta property=\"article:modified_time\" content=\"2019-04-15T13:06:06+00:00\" \/>\n\t\t<meta name=\"twitter:card\" content=\"summary\" \/>\n\t\t<meta name=\"twitter:title\" content=\"Chuvas: Santana est\u00e1 entre as regi\u00f5es em estado de alerta \u00bb Encontra Santana\" \/>\n\t\t<meta name=\"twitter:description\" content=\"A Defesa Civil da cidade de S\u00e3o Paulo informou que decretou estado de alerta para deslizamento nas regi\u00f5es de Perus, Pirituba, Freguesia, Casa Verde, Santana, Ja\u00e7an\u00e3, Butant\u00e3, Lapa, Campo Limpo, M\u00b4Boi Mirim, Capela do Socorro, Parelheiros, Cidade Ademar, Santo Amaro, Jabaquara, Ipiranga, Penha, Ermelino Matarazzo, S\u00e3o Miguel Paulista, Itaim Paulista, Itaquera, Cidade Tiradentes, S\u00e3o Mateus,\" \/>\n\t\t<script type=\"application\/ld+json\" class=\"aioseo-schema\">\n\t\t\t{\"@context\":\"https:\\\/\\\/schema.org\",\"@graph\":[{\"@type\":\"Article\",\"@id\":\"https:\\\/\\\/www.encontrasantana.com.br\\\/sobre\\\/chuvas-santana-esta-entre-as-regioes-em-estado-de-alerta\\\/#article\",\"name\":\"Chuvas: Santana est\\u00e1 entre as regi\\u00f5es em estado de alerta \\u00bb Encontra Santana\",\"headline\":\"Chuvas: Santana est\\u00e1 entre as regi\\u00f5es em estado de alerta\",\"author\":{\"@id\":\"https:\\\/\\\/www.encontrasantana.com.br\\\/sobre\\\/author\\\/esantana\\\/#author\"},\"publisher\":{\"@id\":\"https:\\\/\\\/www.encontrasantana.com.br\\\/sobre\\\/#organization\"},\"datePublished\":\"2010-01-26T15:48:19-03:00\",\"dateModified\":\"2019-04-15T10:06:06-03:00\",\"inLanguage\":\"pt-BR\",\"mainEntityOfPage\":{\"@id\":\"https:\\\/\\\/www.encontrasantana.com.br\\\/sobre\\\/chuvas-santana-esta-entre-as-regioes-em-estado-de-alerta\\\/#webpage\"},\"isPartOf\":{\"@id\":\"https:\\\/\\\/www.encontrasantana.com.br\\\/sobre\\\/chuvas-santana-esta-entre-as-regioes-em-estado-de-alerta\\\/#webpage\"},\"articleSection\":\"Not\\u00edcias Santana, Santana\"},{\"@type\":\"BreadcrumbList\",\"@id\":\"https:\\\/\\\/www.encontrasantana.com.br\\\/sobre\\\/chuvas-santana-esta-entre-as-regioes-em-estado-de-alerta\\\/#breadcrumblist\",\"itemListElement\":[{\"@type\":\"ListItem\",\"@id\":\"https:\\\/\\\/www.encontrasantana.com.br\\\/sobre#listItem\",\"position\":1,\"name\":\"In\\u00edcio\",\"item\":\"https:\\\/\\\/www.encontrasantana.com.br\\\/sobre\",\"nextItem\":{\"@type\":\"ListItem\",\"@id\":\"https:\\\/\\\/www.encontrasantana.com.br\\\/sobre\\\/noticias-em-santana\\\/#listItem\",\"name\":\"Not\\u00edcias Santana\"}},{\"@type\":\"ListItem\",\"@id\":\"https:\\\/\\\/www.encontrasantana.com.br\\\/sobre\\\/noticias-em-santana\\\/#listItem\",\"position\":2,\"name\":\"Not\\u00edcias Santana\",\"item\":\"https:\\\/\\\/www.encontrasantana.com.br\\\/sobre\\\/noticias-em-santana\\\/\",\"nextItem\":{\"@type\":\"ListItem\",\"@id\":\"https:\\\/\\\/www.encontrasantana.com.br\\\/sobre\\\/chuvas-santana-esta-entre-as-regioes-em-estado-de-alerta\\\/#listItem\",\"name\":\"Chuvas: Santana est\\u00e1 entre as regi\\u00f5es em estado de alerta\"},\"previousItem\":{\"@type\":\"ListItem\",\"@id\":\"https:\\\/\\\/www.encontrasantana.com.br\\\/sobre#listItem\",\"name\":\"In\\u00edcio\"}},{\"@type\":\"ListItem\",\"@id\":\"https:\\\/\\\/www.encontrasantana.com.br\\\/sobre\\\/chuvas-santana-esta-entre-as-regioes-em-estado-de-alerta\\\/#listItem\",\"position\":3,\"name\":\"Chuvas: Santana est\\u00e1 entre as regi\\u00f5es em estado de alerta\",\"previousItem\":{\"@type\":\"ListItem\",\"@id\":\"https:\\\/\\\/www.encontrasantana.com.br\\\/sobre\\\/noticias-em-santana\\\/#listItem\",\"name\":\"Not\\u00edcias Santana\"}}]},{\"@type\":\"Organization\",\"@id\":\"https:\\\/\\\/www.encontrasantana.com.br\\\/sobre\\\/#organization\",\"name\":\"Encontra Santana\",\"description\":\"Not\\u00edcias, eventos, informa\\u00e7\\u00f5es e dicas no bairro de Santana e regi\\u00e3o.\",\"url\":\"https:\\\/\\\/www.encontrasantana.com.br\\\/sobre\\\/\"},{\"@type\":\"Person\",\"@id\":\"https:\\\/\\\/www.encontrasantana.com.br\\\/sobre\\\/author\\\/esantana\\\/#author\",\"url\":\"https:\\\/\\\/www.encontrasantana.com.br\\\/sobre\\\/author\\\/esantana\\\/\",\"name\":\"Encontra Santana\",\"image\":{\"@type\":\"ImageObject\",\"@id\":\"https:\\\/\\\/www.encontrasantana.com.br\\\/sobre\\\/chuvas-santana-esta-entre-as-regioes-em-estado-de-alerta\\\/#authorImage\",\"url\":\"https:\\\/\\\/secure.gravatar.com\\\/avatar\\\/0fbed662e37531ae23e68f85f9517b2454e50c1dfebf80eb9b721449ac95e0b9?s=96&d=mm&r=g\",\"width\":96,\"height\":96,\"caption\":\"Encontra Santana\"}},{\"@type\":\"WebPage\",\"@id\":\"https:\\\/\\\/www.encontrasantana.com.br\\\/sobre\\\/chuvas-santana-esta-entre-as-regioes-em-estado-de-alerta\\\/#webpage\",\"url\":\"https:\\\/\\\/www.encontrasantana.com.br\\\/sobre\\\/chuvas-santana-esta-entre-as-regioes-em-estado-de-alerta\\\/\",\"name\":\"Chuvas: Santana est\\u00e1 entre as regi\\u00f5es em estado de alerta \\u00bb Encontra Santana\",\"description\":\"A Defesa Civil da cidade de S\\u00e3o Paulo informou que decretou estado de alerta para deslizamento nas regi\\u00f5es de Perus, Pirituba, Freguesia, Casa Verde, Santana, Ja\\u00e7an\\u00e3, Butant\\u00e3, Lapa, Campo Limpo, M\\u00b4Boi Mirim, Capela do Socorro, Parelheiros, Cidade Ademar, Santo Amaro, Jabaquara, Ipiranga, Penha, Ermelino Matarazzo, S\\u00e3o Miguel Paulista, Itaim Paulista, Itaquera, Cidade Tiradentes, S\\u00e3o Mateus,\",\"inLanguage\":\"pt-BR\",\"isPartOf\":{\"@id\":\"https:\\\/\\\/www.encontrasantana.com.br\\\/sobre\\\/#website\"},\"breadcrumb\":{\"@id\":\"https:\\\/\\\/www.encontrasantana.com.br\\\/sobre\\\/chuvas-santana-esta-entre-as-regioes-em-estado-de-alerta\\\/#breadcrumblist\"},\"author\":{\"@id\":\"https:\\\/\\\/www.encontrasantana.com.br\\\/sobre\\\/author\\\/esantana\\\/#author\"},\"creator\":{\"@id\":\"https:\\\/\\\/www.encontrasantana.com.br\\\/sobre\\\/author\\\/esantana\\\/#author\"},\"datePublished\":\"2010-01-26T15:48:19-03:00\",\"dateModified\":\"2019-04-15T10:06:06-03:00\"},{\"@type\":\"WebSite\",\"@id\":\"https:\\\/\\\/www.encontrasantana.com.br\\\/sobre\\\/#website\",\"url\":\"https:\\\/\\\/www.encontrasantana.com.br\\\/sobre\\\/\",\"name\":\"Encontra Santana\",\"description\":\"Not\\u00edcias, eventos, informa\\u00e7\\u00f5es e dicas no bairro de Santana e regi\\u00e3o.\",\"inLanguage\":\"pt-BR\",\"publisher\":{\"@id\":\"https:\\\/\\\/www.encontrasantana.com.br\\\/sobre\\\/#organization\"}}]}\n\t\t<\/script>\n\t\t<!-- All in One SEO -->\n\n","aioseo_head_json":{"title":"Chuvas: Santana est\u00e1 entre as regi\u00f5es em estado de alerta \u00bb Encontra Santana","description":"A Defesa Civil da cidade de S\u00e3o Paulo informou que decretou estado de alerta para deslizamento nas regi\u00f5es de Perus, Pirituba, Freguesia, Casa Verde, Santana, Ja\u00e7an\u00e3, Butant\u00e3, Lapa, Campo Limpo, M\u00b4Boi Mirim, Capela do Socorro, Parelheiros, Cidade Ademar, Santo Amaro, Jabaquara, Ipiranga, Penha, Ermelino Matarazzo, S\u00e3o Miguel Paulista, Itaim Paulista, Itaquera, Cidade Tiradentes, S\u00e3o Mateus,","canonical_url":"https:\/\/www.encontrasantana.com.br\/sobre\/chuvas-santana-esta-entre-as-regioes-em-estado-de-alerta\/","robots":"max-image-preview:large","keywords":"","webmasterTools":{"miscellaneous":""},"schema":{"@context":"https:\/\/schema.org","@graph":[{"@type":"Article","@id":"https:\/\/www.encontrasantana.com.br\/sobre\/chuvas-santana-esta-entre-as-regioes-em-estado-de-alerta\/#article","name":"Chuvas: Santana est\u00e1 entre as regi\u00f5es em estado de alerta \u00bb Encontra Santana","headline":"Chuvas: Santana est\u00e1 entre as regi\u00f5es em estado de alerta","author":{"@id":"https:\/\/www.encontrasantana.com.br\/sobre\/author\/esantana\/#author"},"publisher":{"@id":"https:\/\/www.encontrasantana.com.br\/sobre\/#organization"},"datePublished":"2010-01-26T15:48:19-03:00","dateModified":"2019-04-15T10:06:06-03:00","inLanguage":"pt-BR","mainEntityOfPage":{"@id":"https:\/\/www.encontrasantana.com.br\/sobre\/chuvas-santana-esta-entre-as-regioes-em-estado-de-alerta\/#webpage"},"isPartOf":{"@id":"https:\/\/www.encontrasantana.com.br\/sobre\/chuvas-santana-esta-entre-as-regioes-em-estado-de-alerta\/#webpage"},"articleSection":"Not\u00edcias Santana, Santana"},{"@type":"BreadcrumbList","@id":"https:\/\/www.encontrasantana.com.br\/sobre\/chuvas-santana-esta-entre-as-regioes-em-estado-de-alerta\/#breadcrumblist","itemListElement":[{"@type":"ListItem","@id":"https:\/\/www.encontrasantana.com.br\/sobre#listItem","position":1,"name":"In\u00edcio","item":"https:\/\/www.encontrasantana.com.br\/sobre","nextItem":{"@type":"ListItem","@id":"https:\/\/www.encontrasantana.com.br\/sobre\/noticias-em-santana\/#listItem","name":"Not\u00edcias Santana"}},{"@type":"ListItem","@id":"https:\/\/www.encontrasantana.com.br\/sobre\/noticias-em-santana\/#listItem","position":2,"name":"Not\u00edcias Santana","item":"https:\/\/www.encontrasantana.com.br\/sobre\/noticias-em-santana\/","nextItem":{"@type":"ListItem","@id":"https:\/\/www.encontrasantana.com.br\/sobre\/chuvas-santana-esta-entre-as-regioes-em-estado-de-alerta\/#listItem","name":"Chuvas: Santana est\u00e1 entre as regi\u00f5es em estado de alerta"},"previousItem":{"@type":"ListItem","@id":"https:\/\/www.encontrasantana.com.br\/sobre#listItem","name":"In\u00edcio"}},{"@type":"ListItem","@id":"https:\/\/www.encontrasantana.com.br\/sobre\/chuvas-santana-esta-entre-as-regioes-em-estado-de-alerta\/#listItem","position":3,"name":"Chuvas: Santana est\u00e1 entre as regi\u00f5es em estado de alerta","previousItem":{"@type":"ListItem","@id":"https:\/\/www.encontrasantana.com.br\/sobre\/noticias-em-santana\/#listItem","name":"Not\u00edcias Santana"}}]},{"@type":"Organization","@id":"https:\/\/www.encontrasantana.com.br\/sobre\/#organization","name":"Encontra Santana","description":"Not\u00edcias, eventos, informa\u00e7\u00f5es e dicas no bairro de Santana e regi\u00e3o.","url":"https:\/\/www.encontrasantana.com.br\/sobre\/"},{"@type":"Person","@id":"https:\/\/www.encontrasantana.com.br\/sobre\/author\/esantana\/#author","url":"https:\/\/www.encontrasantana.com.br\/sobre\/author\/esantana\/","name":"Encontra Santana","image":{"@type":"ImageObject","@id":"https:\/\/www.encontrasantana.com.br\/sobre\/chuvas-santana-esta-entre-as-regioes-em-estado-de-alerta\/#authorImage","url":"https:\/\/secure.gravatar.com\/avatar\/0fbed662e37531ae23e68f85f9517b2454e50c1dfebf80eb9b721449ac95e0b9?s=96&d=mm&r=g","width":96,"height":96,"caption":"Encontra Santana"}},{"@type":"WebPage","@id":"https:\/\/www.encontrasantana.com.br\/sobre\/chuvas-santana-esta-entre-as-regioes-em-estado-de-alerta\/#webpage","url":"https:\/\/www.encontrasantana.com.br\/sobre\/chuvas-santana-esta-entre-as-regioes-em-estado-de-alerta\/","name":"Chuvas: Santana est\u00e1 entre as regi\u00f5es em estado de alerta \u00bb Encontra Santana","description":"A Defesa Civil da cidade de S\u00e3o Paulo informou que decretou estado de alerta para deslizamento nas regi\u00f5es de Perus, Pirituba, Freguesia, Casa Verde, Santana, Ja\u00e7an\u00e3, Butant\u00e3, Lapa, Campo Limpo, M\u00b4Boi Mirim, Capela do Socorro, Parelheiros, Cidade Ademar, Santo Amaro, Jabaquara, Ipiranga, Penha, Ermelino Matarazzo, S\u00e3o Miguel Paulista, Itaim Paulista, Itaquera, Cidade Tiradentes, S\u00e3o Mateus,","inLanguage":"pt-BR","isPartOf":{"@id":"https:\/\/www.encontrasantana.com.br\/sobre\/#website"},"breadcrumb":{"@id":"https:\/\/www.encontrasantana.com.br\/sobre\/chuvas-santana-esta-entre-as-regioes-em-estado-de-alerta\/#breadcrumblist"},"author":{"@id":"https:\/\/www.encontrasantana.com.br\/sobre\/author\/esantana\/#author"},"creator":{"@id":"https:\/\/www.encontrasantana.com.br\/sobre\/author\/esantana\/#author"},"datePublished":"2010-01-26T15:48:19-03:00","dateModified":"2019-04-15T10:06:06-03:00"},{"@type":"WebSite","@id":"https:\/\/www.encontrasantana.com.br\/sobre\/#website","url":"https:\/\/www.encontrasantana.com.br\/sobre\/","name":"Encontra Santana","description":"Not\u00edcias, eventos, informa\u00e7\u00f5es e dicas no bairro de Santana e regi\u00e3o.","inLanguage":"pt-BR","publisher":{"@id":"https:\/\/www.encontrasantana.com.br\/sobre\/#organization"}}]},"og:locale":"pt_BR","og:site_name":"Encontra Santana | Not\u00edcias, eventos, informa\u00e7\u00f5es e dicas no bairro de Santana e regi\u00e3o.","og:type":"article","og:title":"Chuvas: Santana est\u00e1 entre as regi\u00f5es em estado de alerta \u00bb Encontra Santana","og:description":"A Defesa Civil da cidade de S\u00e3o Paulo informou que decretou estado de alerta para deslizamento nas regi\u00f5es de Perus, Pirituba, Freguesia, Casa Verde, Santana, Ja\u00e7an\u00e3, Butant\u00e3, Lapa, Campo Limpo, M\u00b4Boi Mirim, Capela do Socorro, Parelheiros, Cidade Ademar, Santo Amaro, Jabaquara, Ipiranga, Penha, Ermelino Matarazzo, S\u00e3o Miguel Paulista, Itaim Paulista, Itaquera, Cidade Tiradentes, S\u00e3o Mateus,","og:url":"https:\/\/www.encontrasantana.com.br\/sobre\/chuvas-santana-esta-entre-as-regioes-em-estado-de-alerta\/","article:published_time":"2010-01-26T18:48:19+00:00","article:modified_time":"2019-04-15T13:06:06+00:00","twitter:card":"summary","twitter:title":"Chuvas: Santana est\u00e1 entre as regi\u00f5es em estado de alerta \u00bb Encontra Santana","twitter:description":"A Defesa Civil da cidade de S\u00e3o Paulo informou que decretou estado de alerta para deslizamento nas regi\u00f5es de Perus, Pirituba, Freguesia, Casa Verde, Santana, Ja\u00e7an\u00e3, Butant\u00e3, Lapa, Campo Limpo, M\u00b4Boi Mirim, Capela do Socorro, Parelheiros, Cidade Ademar, Santo Amaro, Jabaquara, Ipiranga, Penha, Ermelino Matarazzo, S\u00e3o Miguel Paulista, Itaim Paulista, Itaquera, Cidade Tiradentes, S\u00e3o Mateus,"},"aioseo_meta_data":{"post_id":"171","title":null,"description":null,"keywords":null,"keyphrases":null,"primary_term":null,"canonical_url":null,"og_title":null,"og_description":null,"og_object_type":"default","og_image_type":"default","og_image_url":null,"og_image_width":null,"og_image_height":null,"og_image_custom_url":null,"og_image_custom_fields":null,"og_video":null,"og_custom_url":null,"og_article_section":null,"og_article_tags":null,"twitter_use_og":false,"twitter_card":"default","twitter_image_type":"default","twitter_image_url":null,"twitter_image_custom_url":null,"twitter_image_custom_fields":null,"twitter_title":null,"twitter_description":null,"schema":{"blockGraphs":[],"customGraphs":[],"default":{"data":{"Article":[],"Course":[],"Dataset":[],"FAQPage":[],"Movie":[],"Person":[],"Product":[],"ProductReview":[],"Car":[],"Recipe":[],"Service":[],"SoftwareApplication":[],"WebPage":[]},"graphName":"Article","isEnabled":true},"graphs":[]},"schema_type":null,"schema_type_options":null,"pillar_content":false,"robots_default":true,"robots_noindex":false,"robots_noarchive":false,"robots_nosnippet":false,"robots_nofollow":false,"robots_noimageindex":false,"robots_noodp":false,"robots_notranslate":false,"robots_max_snippet":null,"robots_max_videopreview":null,"robots_max_imagepreview":"large","priority":null,"frequency":null,"local_seo":null,"limit_modified_date":false,"created":"2021-04-20 18:27:30","updated":"2026-08-06 02:35:43","focus_keyword":null,"additional_keywords":null,"truseo_locale":null,"ai":null,"breadcrumb_settings":null,"seo_analyzer_scan_date":null},"aioseo_breadcrumb":"<div class=\"aioseo-breadcrumbs\"><span class=\"aioseo-breadcrumb\">\n\t\t\t<a href=\"https:\/\/www.encontrasantana.com.br\/sobre\" title=\"In\u00edcio\">In\u00edcio<\/a>\n\t\t<\/span><span class=\"aioseo-breadcrumb-separator\">&raquo;<\/span><span class=\"aioseo-breadcrumb\">\n\t\t\t<a href=\"https:\/\/www.encontrasantana.com.br\/sobre\/noticias-em-santana\/\" title=\"Not\u00edcias Santana\">Not\u00edcias Santana<\/a>\n\t\t<\/span><span class=\"aioseo-breadcrumb-separator\">&raquo;<\/span><span class=\"aioseo-breadcrumb\">\n\t\t\tChuvas: Santana est\u00e1 entre as regi\u00f5es em estado de alerta\n\t\t<\/span><\/div>","aioseo_breadcrumb_json":[{"label":"In\u00edcio","link":"https:\/\/www.encontrasantana.com.br\/sobre"},{"label":"Not\u00edcias Santana","link":"https:\/\/www.encontrasantana.com.br\/sobre\/noticias-em-santana\/"},{"label":"Chuvas: Santana est\u00e1 entre as regi\u00f5es em estado de alerta","link":"https:\/\/www.encontrasantana.com.br\/sobre\/chuvas-santana-esta-entre-as-regioes-em-estado-de-alerta\/"}],"_links":{"self":[{"href":"https:\/\/www.encontrasantana.com.br\/sobre\/wp-json\/wp\/v2\/posts\/171","targetHints":{"allow":["GET"]}}],"collection":[{"href":"https:\/\/www.encontrasantana.com.br\/sobre\/wp-json\/wp\/v2\/posts"}],"about":[{"href":"https:\/\/www.encontrasantana.com.br\/sobre\/wp-json\/wp\/v2\/types\/post"}],"author":[{"embeddable":true,"href":"https:\/\/www.encontrasantana.com.br\/sobre\/wp-json\/wp\/v2\/users\/1"}],"replies":[{"embeddable":true,"href":"https:\/\/www.encontrasantana.com.br\/sobre\/wp-json\/wp\/v2\/comments?post=171"}],"version-history":[{"count":0,"href":"https:\/\/www.encontrasantana.com.br\/sobre\/wp-json\/wp\/v2\/posts\/171\/revisions"}],"wp:attachment":[{"href":"https:\/\/www.encontrasantana.com.br\/sobre\/wp-json\/wp\/v2\/media?parent=171"}],"wp:term":[{"taxonomy":"category","embeddable":true,"href":"https:\/\/www.encontrasantana.com.br\/sobre\/wp-json\/wp\/v2\/categories?post=171"},{"taxonomy":"post_tag","embeddable":true,"href":"https:\/\/www.encontrasantana.com.br\/sobre\/wp-json\/wp\/v2\/tags?post=171"}],"curies":[{"name":"wp","href":"https:\/\/api.w.org\/{rel}","templated":true}]}}