{"id":17353,"date":"2012-04-18T17:10:46","date_gmt":"2012-04-18T20:10:46","guid":{"rendered":"http:\/\/www.encontrasantana.com.br\/blog\/?p=17353"},"modified":"2019-04-15T10:00:21","modified_gmt":"2019-04-15T13:00:21","slug":"maria-rita-canta-elis-regina-em-santana","status":"publish","type":"post","link":"https:\/\/www.encontrasantana.com.br\/sobre\/maria-rita-canta-elis-regina-em-santana\/","title":{"rendered":"Maria Rita canta Elis Regina em Santana"},"content":{"rendered":"<div class=\"1acf8468e559fd3cbeec5aee3a269a52\" data-index=\"1\" style=\"float: none; margin:0px;\">\n<!-- Anuncio display - global -->\r\n<ins class=\"adsbygoogle\"\r\n     style=\"display:block\"\r\n     data-ad-client=\"ca-pub-8585364105181520\"\r\n     data-ad-slot=\"8789329856\"\r\n     data-ad-format=\"auto\"\r\n     data-full-width-responsive=\"true\"><\/ins>\r\n<script>\r\n     (adsbygoogle = window.adsbygoogle || []).push({});\r\n<\/script>\n<\/div>\n<p>Ap\u00f3s se apresentar no Recife e no\u00a0Rio de Janeiro, a cantora Maria Rita estreia em S\u00e3o Paulo o show do projeto Viva Elis, que lembra os 30 anos da morte da cantora.<\/p>\n<p>O concerto, que \u00e9 gratuito, acontece no s\u00e1bado (05\/05), \u00e0s 15h, no Parque da Juventude, localizado em Santana (zona norte de SP).<\/p>\n<p>Maria Rita deveria ter cantado no Parque do Ibirapuera no dia 22 de abril, mas a performance foi adiada.<\/p>\n<p>Al\u00e9m dos shows de Maria Rita, o projeto conta com uma mostra multim\u00eddia, um document\u00e1rio sobre sua vida e obra e um livro baseado em sua trajet\u00f3ria.<\/p>\n<p>A exposi\u00e7\u00e3o ser\u00e1 organizada pelo m\u00fasico e produtor Jo\u00e3o Marcello B\u00f4scoli, irm\u00e3o de Maria Rita.<\/p>\n<p>A trajet\u00f3ria de Elis ser\u00e1 apresentada por meio de fotografias, v\u00eddeos (depoimentos, trechos de shows e entrevistas), m\u00fasicas e documentos. Um document\u00e1rio especial far\u00e1 parte da exposi\u00e7\u00e3o.<\/p>\n<p><strong>Maria Rita canta Elis Regina em S\u00e3o Paulo<\/strong><br \/>\nLocal: Parque da Juventude (pr\u00f3ximo \u00e0 <a href=\"http:\/\/www.encontrasantana.com.br\/santana\/estacao-carandiru-metro.shtml\" target=\"_blank\">Esta\u00e7\u00e3o Carandiru do Metr\u00f4<\/a>)<br \/>\nAcessos: Avenida Zaki Narchi, 1309; Avenida General Ataliba Leonel, 500; e Av. Cruzeiro do Sul, 2.630<br \/>\nData: s\u00e1bado &#8211; 5 de maio<br \/>\nHor\u00e1rio: 15h<br \/>\nEntrada gratuita<br \/>\nTelefone (11) 2251-2706<\/p>\n<p><em>Fonte: iG<\/em><\/p>\n\n<div style=\"font-size: 0px; height: 0px; line-height: 0px; margin: 0; padding: 0; clear: both;\"><\/div>","protected":false},"excerpt":{"rendered":"<p>Ap\u00f3s se apresentar no Recife e no\u00a0Rio de Janeiro, a cantora Maria Rita estreia em S\u00e3o Paulo o show do projeto Viva Elis, que lembra os 30 anos da morte da cantora. O concerto, que \u00e9 gratuito, acontece no s\u00e1bado (05\/05), \u00e0s 15h, no Parque da Juventude, localizado em Santana (zona norte de SP). Maria Rita deveria ter cantado no Parque do Ibirapuera no dia 22 de abril, mas a performance foi adiada. Al\u00e9m dos shows de Maria Rita, o projeto conta com uma mostra multim\u00eddia, um document\u00e1rio sobre sua vida e obra e um livro baseado em sua trajet\u00f3ria. <\/p>\n","protected":false},"author":1,"featured_media":0,"comment_status":"open","ping_status":"closed","sticky":false,"template":"","format":"standard","meta":{"footnotes":""},"categories":[8],"tags":[10],"class_list":["post-17353","post","type-post","status-publish","format-standard","hentry","category-shows-em-santana","tag-santana"],"aioseo_notices":[],"aioseo_head":"\n\t\t<!-- All in One SEO 5.0.0.1 - aioseo.com -->\n\t<meta name=\"description\" content=\"Ap\u00f3s se apresentar no Recife e no Rio de Janeiro, a cantora Maria Rita estreia em S\u00e3o Paulo o show do projeto Viva Elis, que lembra os 30 anos da morte da cantora. O concerto, que \u00e9 gratuito, acontece no s\u00e1bado (05\/05), \u00e0s 15h, no Parque da Juventude, localizado em Santana (zona norte de SP). Maria\" \/>\n\t<meta name=\"robots\" content=\"max-image-preview:large\" \/>\n\t<meta name=\"author\" content=\"Encontra Santana\"\/>\n\t<link rel=\"canonical\" href=\"https:\/\/www.encontrasantana.com.br\/sobre\/maria-rita-canta-elis-regina-em-santana\/\" \/>\n\t<meta name=\"generator\" content=\"All in One SEO (AIOSEO) 5.0.0.1\" \/>\n\t\t<meta property=\"og:locale\" content=\"pt_BR\" \/>\n\t\t<meta property=\"og:site_name\" content=\"Encontra Santana | Not\u00edcias, eventos, informa\u00e7\u00f5es e dicas no bairro de Santana e regi\u00e3o.\" \/>\n\t\t<meta property=\"og:type\" content=\"article\" \/>\n\t\t<meta property=\"og:title\" content=\"Maria Rita canta Elis Regina em Santana \u00bb Encontra Santana\" \/>\n\t\t<meta property=\"og:description\" content=\"Ap\u00f3s se apresentar no Recife e no Rio de Janeiro, a cantora Maria Rita estreia em S\u00e3o Paulo o show do projeto Viva Elis, que lembra os 30 anos da morte da cantora. O concerto, que \u00e9 gratuito, acontece no s\u00e1bado (05\/05), \u00e0s 15h, no Parque da Juventude, localizado em Santana (zona norte de SP). Maria\" \/>\n\t\t<meta property=\"og:url\" content=\"https:\/\/www.encontrasantana.com.br\/sobre\/maria-rita-canta-elis-regina-em-santana\/\" \/>\n\t\t<meta property=\"article:published_time\" content=\"2012-04-18T20:10:46+00:00\" \/>\n\t\t<meta property=\"article:modified_time\" content=\"2019-04-15T13:00:21+00:00\" \/>\n\t\t<meta name=\"twitter:card\" content=\"summary\" \/>\n\t\t<meta name=\"twitter:title\" content=\"Maria Rita canta Elis Regina em Santana \u00bb Encontra Santana\" \/>\n\t\t<meta name=\"twitter:description\" content=\"Ap\u00f3s se apresentar no Recife e no Rio de Janeiro, a cantora Maria Rita estreia em S\u00e3o Paulo o show do projeto Viva Elis, que lembra os 30 anos da morte da cantora. O concerto, que \u00e9 gratuito, acontece no s\u00e1bado (05\/05), \u00e0s 15h, no Parque da Juventude, localizado em Santana (zona norte de SP). Maria\" \/>\n\t\t<script type=\"application\/ld+json\" class=\"aioseo-schema\">\n\t\t\t{\"@context\":\"https:\\\/\\\/schema.org\",\"@graph\":[{\"@type\":\"Article\",\"@id\":\"https:\\\/\\\/www.encontrasantana.com.br\\\/sobre\\\/maria-rita-canta-elis-regina-em-santana\\\/#article\",\"name\":\"Maria Rita canta Elis Regina em Santana \\u00bb Encontra Santana\",\"headline\":\"Maria Rita canta Elis Regina em Santana\",\"author\":{\"@id\":\"https:\\\/\\\/www.encontrasantana.com.br\\\/sobre\\\/author\\\/esantana\\\/#author\"},\"publisher\":{\"@id\":\"https:\\\/\\\/www.encontrasantana.com.br\\\/sobre\\\/#organization\"},\"datePublished\":\"2012-04-18T17:10:46-03:00\",\"dateModified\":\"2019-04-15T10:00:21-03:00\",\"inLanguage\":\"pt-BR\",\"mainEntityOfPage\":{\"@id\":\"https:\\\/\\\/www.encontrasantana.com.br\\\/sobre\\\/maria-rita-canta-elis-regina-em-santana\\\/#webpage\"},\"isPartOf\":{\"@id\":\"https:\\\/\\\/www.encontrasantana.com.br\\\/sobre\\\/maria-rita-canta-elis-regina-em-santana\\\/#webpage\"},\"articleSection\":\"Show Santana, Santana\"},{\"@type\":\"BreadcrumbList\",\"@id\":\"https:\\\/\\\/www.encontrasantana.com.br\\\/sobre\\\/maria-rita-canta-elis-regina-em-santana\\\/#breadcrumblist\",\"itemListElement\":[{\"@type\":\"ListItem\",\"@id\":\"https:\\\/\\\/www.encontrasantana.com.br\\\/sobre#listItem\",\"position\":1,\"name\":\"In\\u00edcio\",\"item\":\"https:\\\/\\\/www.encontrasantana.com.br\\\/sobre\",\"nextItem\":{\"@type\":\"ListItem\",\"@id\":\"https:\\\/\\\/www.encontrasantana.com.br\\\/sobre\\\/shows-em-santana\\\/#listItem\",\"name\":\"Show Santana\"}},{\"@type\":\"ListItem\",\"@id\":\"https:\\\/\\\/www.encontrasantana.com.br\\\/sobre\\\/shows-em-santana\\\/#listItem\",\"position\":2,\"name\":\"Show Santana\",\"item\":\"https:\\\/\\\/www.encontrasantana.com.br\\\/sobre\\\/shows-em-santana\\\/\",\"nextItem\":{\"@type\":\"ListItem\",\"@id\":\"https:\\\/\\\/www.encontrasantana.com.br\\\/sobre\\\/maria-rita-canta-elis-regina-em-santana\\\/#listItem\",\"name\":\"Maria Rita canta Elis Regina em Santana\"},\"previousItem\":{\"@type\":\"ListItem\",\"@id\":\"https:\\\/\\\/www.encontrasantana.com.br\\\/sobre#listItem\",\"name\":\"In\\u00edcio\"}},{\"@type\":\"ListItem\",\"@id\":\"https:\\\/\\\/www.encontrasantana.com.br\\\/sobre\\\/maria-rita-canta-elis-regina-em-santana\\\/#listItem\",\"position\":3,\"name\":\"Maria Rita canta Elis Regina em Santana\",\"previousItem\":{\"@type\":\"ListItem\",\"@id\":\"https:\\\/\\\/www.encontrasantana.com.br\\\/sobre\\\/shows-em-santana\\\/#listItem\",\"name\":\"Show Santana\"}}]},{\"@type\":\"Organization\",\"@id\":\"https:\\\/\\\/www.encontrasantana.com.br\\\/sobre\\\/#organization\",\"name\":\"Encontra Santana\",\"description\":\"Not\\u00edcias, eventos, informa\\u00e7\\u00f5es e dicas no bairro de Santana e regi\\u00e3o.\",\"url\":\"https:\\\/\\\/www.encontrasantana.com.br\\\/sobre\\\/\"},{\"@type\":\"Person\",\"@id\":\"https:\\\/\\\/www.encontrasantana.com.br\\\/sobre\\\/author\\\/esantana\\\/#author\",\"url\":\"https:\\\/\\\/www.encontrasantana.com.br\\\/sobre\\\/author\\\/esantana\\\/\",\"name\":\"Encontra Santana\",\"image\":{\"@type\":\"ImageObject\",\"@id\":\"https:\\\/\\\/www.encontrasantana.com.br\\\/sobre\\\/maria-rita-canta-elis-regina-em-santana\\\/#authorImage\",\"url\":\"https:\\\/\\\/secure.gravatar.com\\\/avatar\\\/0fbed662e37531ae23e68f85f9517b2454e50c1dfebf80eb9b721449ac95e0b9?s=96&d=mm&r=g\",\"width\":96,\"height\":96,\"caption\":\"Encontra Santana\"}},{\"@type\":\"WebPage\",\"@id\":\"https:\\\/\\\/www.encontrasantana.com.br\\\/sobre\\\/maria-rita-canta-elis-regina-em-santana\\\/#webpage\",\"url\":\"https:\\\/\\\/www.encontrasantana.com.br\\\/sobre\\\/maria-rita-canta-elis-regina-em-santana\\\/\",\"name\":\"Maria Rita canta Elis Regina em Santana \\u00bb Encontra Santana\",\"description\":\"Ap\\u00f3s se apresentar no Recife e no Rio de Janeiro, a cantora Maria Rita estreia em S\\u00e3o Paulo o show do projeto Viva Elis, que lembra os 30 anos da morte da cantora. O concerto, que \\u00e9 gratuito, acontece no s\\u00e1bado (05\\\/05), \\u00e0s 15h, no Parque da Juventude, localizado em Santana (zona norte de SP). Maria\",\"inLanguage\":\"pt-BR\",\"isPartOf\":{\"@id\":\"https:\\\/\\\/www.encontrasantana.com.br\\\/sobre\\\/#website\"},\"breadcrumb\":{\"@id\":\"https:\\\/\\\/www.encontrasantana.com.br\\\/sobre\\\/maria-rita-canta-elis-regina-em-santana\\\/#breadcrumblist\"},\"author\":{\"@id\":\"https:\\\/\\\/www.encontrasantana.com.br\\\/sobre\\\/author\\\/esantana\\\/#author\"},\"creator\":{\"@id\":\"https:\\\/\\\/www.encontrasantana.com.br\\\/sobre\\\/author\\\/esantana\\\/#author\"},\"datePublished\":\"2012-04-18T17:10:46-03:00\",\"dateModified\":\"2019-04-15T10:00:21-03:00\"},{\"@type\":\"WebSite\",\"@id\":\"https:\\\/\\\/www.encontrasantana.com.br\\\/sobre\\\/#website\",\"url\":\"https:\\\/\\\/www.encontrasantana.com.br\\\/sobre\\\/\",\"name\":\"Encontra Santana\",\"description\":\"Not\\u00edcias, eventos, informa\\u00e7\\u00f5es e dicas no bairro de Santana e regi\\u00e3o.\",\"inLanguage\":\"pt-BR\",\"publisher\":{\"@id\":\"https:\\\/\\\/www.encontrasantana.com.br\\\/sobre\\\/#organization\"}}]}\n\t\t<\/script>\n\t\t<!-- All in One SEO -->\n\n","aioseo_head_json":{"title":"Maria Rita canta Elis Regina em Santana \u00bb Encontra Santana","description":"Ap\u00f3s se apresentar no Recife e no Rio de Janeiro, a cantora Maria Rita estreia em S\u00e3o Paulo o show do projeto Viva Elis, que lembra os 30 anos da morte da cantora. O concerto, que \u00e9 gratuito, acontece no s\u00e1bado (05\/05), \u00e0s 15h, no Parque da Juventude, localizado em Santana (zona norte de SP). Maria","canonical_url":"https:\/\/www.encontrasantana.com.br\/sobre\/maria-rita-canta-elis-regina-em-santana\/","robots":"max-image-preview:large","keywords":"","webmasterTools":{"miscellaneous":""},"schema":{"@context":"https:\/\/schema.org","@graph":[{"@type":"Article","@id":"https:\/\/www.encontrasantana.com.br\/sobre\/maria-rita-canta-elis-regina-em-santana\/#article","name":"Maria Rita canta Elis Regina em Santana \u00bb Encontra Santana","headline":"Maria Rita canta Elis Regina em Santana","author":{"@id":"https:\/\/www.encontrasantana.com.br\/sobre\/author\/esantana\/#author"},"publisher":{"@id":"https:\/\/www.encontrasantana.com.br\/sobre\/#organization"},"datePublished":"2012-04-18T17:10:46-03:00","dateModified":"2019-04-15T10:00:21-03:00","inLanguage":"pt-BR","mainEntityOfPage":{"@id":"https:\/\/www.encontrasantana.com.br\/sobre\/maria-rita-canta-elis-regina-em-santana\/#webpage"},"isPartOf":{"@id":"https:\/\/www.encontrasantana.com.br\/sobre\/maria-rita-canta-elis-regina-em-santana\/#webpage"},"articleSection":"Show Santana, Santana"},{"@type":"BreadcrumbList","@id":"https:\/\/www.encontrasantana.com.br\/sobre\/maria-rita-canta-elis-regina-em-santana\/#breadcrumblist","itemListElement":[{"@type":"ListItem","@id":"https:\/\/www.encontrasantana.com.br\/sobre#listItem","position":1,"name":"In\u00edcio","item":"https:\/\/www.encontrasantana.com.br\/sobre","nextItem":{"@type":"ListItem","@id":"https:\/\/www.encontrasantana.com.br\/sobre\/shows-em-santana\/#listItem","name":"Show Santana"}},{"@type":"ListItem","@id":"https:\/\/www.encontrasantana.com.br\/sobre\/shows-em-santana\/#listItem","position":2,"name":"Show Santana","item":"https:\/\/www.encontrasantana.com.br\/sobre\/shows-em-santana\/","nextItem":{"@type":"ListItem","@id":"https:\/\/www.encontrasantana.com.br\/sobre\/maria-rita-canta-elis-regina-em-santana\/#listItem","name":"Maria Rita canta Elis Regina em Santana"},"previousItem":{"@type":"ListItem","@id":"https:\/\/www.encontrasantana.com.br\/sobre#listItem","name":"In\u00edcio"}},{"@type":"ListItem","@id":"https:\/\/www.encontrasantana.com.br\/sobre\/maria-rita-canta-elis-regina-em-santana\/#listItem","position":3,"name":"Maria Rita canta Elis Regina em Santana","previousItem":{"@type":"ListItem","@id":"https:\/\/www.encontrasantana.com.br\/sobre\/shows-em-santana\/#listItem","name":"Show Santana"}}]},{"@type":"Organization","@id":"https:\/\/www.encontrasantana.com.br\/sobre\/#organization","name":"Encontra Santana","description":"Not\u00edcias, eventos, informa\u00e7\u00f5es e dicas no bairro de Santana e regi\u00e3o.","url":"https:\/\/www.encontrasantana.com.br\/sobre\/"},{"@type":"Person","@id":"https:\/\/www.encontrasantana.com.br\/sobre\/author\/esantana\/#author","url":"https:\/\/www.encontrasantana.com.br\/sobre\/author\/esantana\/","name":"Encontra Santana","image":{"@type":"ImageObject","@id":"https:\/\/www.encontrasantana.com.br\/sobre\/maria-rita-canta-elis-regina-em-santana\/#authorImage","url":"https:\/\/secure.gravatar.com\/avatar\/0fbed662e37531ae23e68f85f9517b2454e50c1dfebf80eb9b721449ac95e0b9?s=96&d=mm&r=g","width":96,"height":96,"caption":"Encontra Santana"}},{"@type":"WebPage","@id":"https:\/\/www.encontrasantana.com.br\/sobre\/maria-rita-canta-elis-regina-em-santana\/#webpage","url":"https:\/\/www.encontrasantana.com.br\/sobre\/maria-rita-canta-elis-regina-em-santana\/","name":"Maria Rita canta Elis Regina em Santana \u00bb Encontra Santana","description":"Ap\u00f3s se apresentar no Recife e no Rio de Janeiro, a cantora Maria Rita estreia em S\u00e3o Paulo o show do projeto Viva Elis, que lembra os 30 anos da morte da cantora. O concerto, que \u00e9 gratuito, acontece no s\u00e1bado (05\/05), \u00e0s 15h, no Parque da Juventude, localizado em Santana (zona norte de SP). Maria","inLanguage":"pt-BR","isPartOf":{"@id":"https:\/\/www.encontrasantana.com.br\/sobre\/#website"},"breadcrumb":{"@id":"https:\/\/www.encontrasantana.com.br\/sobre\/maria-rita-canta-elis-regina-em-santana\/#breadcrumblist"},"author":{"@id":"https:\/\/www.encontrasantana.com.br\/sobre\/author\/esantana\/#author"},"creator":{"@id":"https:\/\/www.encontrasantana.com.br\/sobre\/author\/esantana\/#author"},"datePublished":"2012-04-18T17:10:46-03:00","dateModified":"2019-04-15T10:00:21-03:00"},{"@type":"WebSite","@id":"https:\/\/www.encontrasantana.com.br\/sobre\/#website","url":"https:\/\/www.encontrasantana.com.br\/sobre\/","name":"Encontra Santana","description":"Not\u00edcias, eventos, informa\u00e7\u00f5es e dicas no bairro de Santana e regi\u00e3o.","inLanguage":"pt-BR","publisher":{"@id":"https:\/\/www.encontrasantana.com.br\/sobre\/#organization"}}]},"og:locale":"pt_BR","og:site_name":"Encontra Santana | Not\u00edcias, eventos, informa\u00e7\u00f5es e dicas no bairro de Santana e regi\u00e3o.","og:type":"article","og:title":"Maria Rita canta Elis Regina em Santana \u00bb Encontra Santana","og:description":"Ap\u00f3s se apresentar no Recife e no Rio de Janeiro, a cantora Maria Rita estreia em S\u00e3o Paulo o show do projeto Viva Elis, que lembra os 30 anos da morte da cantora. O concerto, que \u00e9 gratuito, acontece no s\u00e1bado (05\/05), \u00e0s 15h, no Parque da Juventude, localizado em Santana (zona norte de SP). Maria","og:url":"https:\/\/www.encontrasantana.com.br\/sobre\/maria-rita-canta-elis-regina-em-santana\/","article:published_time":"2012-04-18T20:10:46+00:00","article:modified_time":"2019-04-15T13:00:21+00:00","twitter:card":"summary","twitter:title":"Maria Rita canta Elis Regina em Santana \u00bb Encontra Santana","twitter:description":"Ap\u00f3s se apresentar no Recife e no Rio de Janeiro, a cantora Maria Rita estreia em S\u00e3o Paulo o show do projeto Viva Elis, que lembra os 30 anos da morte da cantora. O concerto, que \u00e9 gratuito, acontece no s\u00e1bado (05\/05), \u00e0s 15h, no Parque da Juventude, localizado em Santana (zona norte de SP). Maria"},"aioseo_meta_data":{"post_id":"17353","title":null,"description":null,"keywords":null,"keyphrases":null,"primary_term":null,"canonical_url":null,"og_title":null,"og_description":null,"og_object_type":"default","og_image_type":"default","og_image_url":null,"og_image_width":null,"og_image_height":null,"og_image_custom_url":null,"og_image_custom_fields":null,"og_video":null,"og_custom_url":null,"og_article_section":null,"og_article_tags":null,"twitter_use_og":false,"twitter_card":"default","twitter_image_type":"default","twitter_image_url":null,"twitter_image_custom_url":null,"twitter_image_custom_fields":null,"twitter_title":null,"twitter_description":null,"schema":{"blockGraphs":[],"customGraphs":[],"default":{"data":{"Article":[],"Course":[],"Dataset":[],"FAQPage":[],"Movie":[],"Person":[],"Product":[],"ProductReview":[],"Car":[],"Recipe":[],"Service":[],"SoftwareApplication":[],"WebPage":[]},"graphName":"Article","isEnabled":true},"graphs":[]},"schema_type":null,"schema_type_options":null,"pillar_content":false,"robots_default":true,"robots_noindex":false,"robots_noarchive":false,"robots_nosnippet":false,"robots_nofollow":false,"robots_noimageindex":false,"robots_noodp":false,"robots_notranslate":false,"robots_max_snippet":null,"robots_max_videopreview":null,"robots_max_imagepreview":"large","priority":null,"frequency":null,"local_seo":null,"limit_modified_date":false,"created":"2021-04-20 21:08:13","updated":"2026-08-06 16:35:27","focus_keyword":null,"additional_keywords":null,"truseo_locale":null,"ai":null,"breadcrumb_settings":null,"seo_analyzer_scan_date":null},"aioseo_breadcrumb":"<div class=\"aioseo-breadcrumbs\"><span class=\"aioseo-breadcrumb\">\n\t\t\t<a href=\"https:\/\/www.encontrasantana.com.br\/sobre\" title=\"In\u00edcio\">In\u00edcio<\/a>\n\t\t<\/span><span class=\"aioseo-breadcrumb-separator\">&raquo;<\/span><span class=\"aioseo-breadcrumb\">\n\t\t\t<a href=\"https:\/\/www.encontrasantana.com.br\/sobre\/shows-em-santana\/\" title=\"Show Santana\">Show Santana<\/a>\n\t\t<\/span><span class=\"aioseo-breadcrumb-separator\">&raquo;<\/span><span class=\"aioseo-breadcrumb\">\n\t\t\tMaria Rita canta Elis Regina em Santana\n\t\t<\/span><\/div>","aioseo_breadcrumb_json":[{"label":"In\u00edcio","link":"https:\/\/www.encontrasantana.com.br\/sobre"},{"label":"Show Santana","link":"https:\/\/www.encontrasantana.com.br\/sobre\/shows-em-santana\/"},{"label":"Maria Rita canta Elis Regina em Santana","link":"https:\/\/www.encontrasantana.com.br\/sobre\/maria-rita-canta-elis-regina-em-santana\/"}],"_links":{"self":[{"href":"https:\/\/www.encontrasantana.com.br\/sobre\/wp-json\/wp\/v2\/posts\/17353","targetHints":{"allow":["GET"]}}],"collection":[{"href":"https:\/\/www.encontrasantana.com.br\/sobre\/wp-json\/wp\/v2\/posts"}],"about":[{"href":"https:\/\/www.encontrasantana.com.br\/sobre\/wp-json\/wp\/v2\/types\/post"}],"author":[{"embeddable":true,"href":"https:\/\/www.encontrasantana.com.br\/sobre\/wp-json\/wp\/v2\/users\/1"}],"replies":[{"embeddable":true,"href":"https:\/\/www.encontrasantana.com.br\/sobre\/wp-json\/wp\/v2\/comments?post=17353"}],"version-history":[{"count":0,"href":"https:\/\/www.encontrasantana.com.br\/sobre\/wp-json\/wp\/v2\/posts\/17353\/revisions"}],"wp:attachment":[{"href":"https:\/\/www.encontrasantana.com.br\/sobre\/wp-json\/wp\/v2\/media?parent=17353"}],"wp:term":[{"taxonomy":"category","embeddable":true,"href":"https:\/\/www.encontrasantana.com.br\/sobre\/wp-json\/wp\/v2\/categories?post=17353"},{"taxonomy":"post_tag","embeddable":true,"href":"https:\/\/www.encontrasantana.com.br\/sobre\/wp-json\/wp\/v2\/tags?post=17353"}],"curies":[{"name":"wp","href":"https:\/\/api.w.org\/{rel}","templated":true}]}}